{"id":4579,"date":"2023-06-19T12:04:06","date_gmt":"2023-06-19T10:04:06","guid":{"rendered":"https:\/\/ibiworld.eu\/fr\/?p=4579"},"modified":"2023-07-05T15:19:57","modified_gmt":"2023-07-05T13:19:57","slug":"licio-gelli-lhomme-qui-a-le-pouvoir-de-tuer-un-pape","status":"publish","type":"post","link":"https:\/\/ibiworld.eu\/fr\/2023\/06\/19\/licio-gelli-lhomme-qui-a-le-pouvoir-de-tuer-un-pape\/","title":{"rendered":"LICIO GELLI, L&rsquo;HOMME QUI A LE POUVOIR DE TUER UN PAPE"},"content":{"rendered":"<p><img loading=\"lazy\" class=\"aligncenter size-full wp-image-4580\" src=\"https:\/\/ibiworld.eu\/fr\/wp-content\/uploads\/2023\/06\/ITA024-01.jpg\" alt=\"\" width=\"1200\" height=\"800\" srcset=\"https:\/\/ibiworld.eu\/fr\/wp-content\/uploads\/2023\/06\/ITA024-01.jpg 1200w, https:\/\/ibiworld.eu\/fr\/wp-content\/uploads\/2023\/06\/ITA024-01-300x200.jpg 300w, https:\/\/ibiworld.eu\/fr\/wp-content\/uploads\/2023\/06\/ITA024-01-1024x683.jpg 1024w, https:\/\/ibiworld.eu\/fr\/wp-content\/uploads\/2023\/06\/ITA024-01-768x512.jpg 768w, https:\/\/ibiworld.eu\/fr\/wp-content\/uploads\/2023\/06\/ITA024-01-600x400.jpg 600w\" sizes=\"(max-width: 1200px) 100vw, 1200px\" \/><\/p>\n<p>Quarante et un ans se sont \u00e9coul\u00e9s depuis le matin o\u00f9 le corps du banquier Roberto Calvi a \u00e9t\u00e9 retrouv\u00e9 pendu au pont Black Friars \u00e0 Londres. Il a fallu des d\u00e9cennies pour prouver qu&rsquo;il s&rsquo;agissait d&rsquo;un meurtre et non d&rsquo;un suicide. Il s&rsquo;agit certainement d&rsquo;une nouvelle mort tragique dans un groupe de personnes qui, par ambition et sous la pression du gouvernement f\u00e9d\u00e9ral am\u00e9ricain, qui a tent\u00e9 par tous les moyens de contr\u00f4ler la vie d\u00e9mocratique de l&rsquo;Italie, ont \u00e9t\u00e9 d\u00e9truites par la meule m\u00eame qu&rsquo;elles avaient huil\u00e9e.<\/p>\n<p>Cela a commenc\u00e9 avec Enrico Mattei, le r\u00eaveur qui avait fait de l&rsquo;ENI l&rsquo;une des plus grandes puissances p\u00e9troli\u00e8res de la plan\u00e8te. Puis ce fut le massacre des serviteurs de l&rsquo;\u00c9tat (en premier lieu Giovanni Falcone, Paolo Borsellino, le g\u00e9n\u00e9ral Dalla Chiesa) qui s&rsquo;\u00e9taient oppos\u00e9s \u00e0 l&rsquo;accord entre Washington et la mafia sicilienne, mais aussi l&rsquo;assassinat de nombreux mafiosi, et m\u00eame du banquier des gangs, Michele Sindona, tu\u00e9 en prison avec un caf\u00e9 empoisonn\u00e9, et de certains politiciens d\u00e9mocrates-chr\u00e9tiens qui avaient fait partie de ces accords interlopes.<\/p>\n<p>Des journalistes sont morts &#8211; certains en h\u00e9ros, comme Peppino Impastato et Giuseppe Fava, d&rsquo;autres faisant partie int\u00e9grante de l&rsquo;accord, comme Mino Pecorelli &#8211; et aussi des gens ordinaires, d\u00e9chir\u00e9s par les bombes \u00e0 Brescia, Milan, Bologne, le train Italicus, le vol au-dessus d&rsquo;Ustica. La victime probablement la plus importante, m\u00eame si cela ne sera jamais prouv\u00e9, fut le pape Jean-Paul Ier, impliqu\u00e9 malgr\u00e9 lui dans la guerre des gangs qui se mesurait \u00e0 la conqu\u00eate et \u00e0 la destruction du syst\u00e8me bancaire italien. Derri\u00e8re tout cela, pendant tr\u00e8s longtemps, il n&rsquo;y avait qu&rsquo;un seul homme, le franc-ma\u00e7on Licio Gelli. Un homme qui a surv\u00e9cu au massacre, mais qui a fini ses jours dans la solitude et l&rsquo;angoisse. Un homme qui a utilis\u00e9 la force militaire de l&rsquo;Allemagne nazie, puis des \u00c9tats-Unis ; un homme qui a fait le tour de tous les partis, devenant lui-m\u00eame un parti occulte, avec un projet de \u00ab\u00a0red\u00e9finition de la d\u00e9mocratie\u00a0\u00bb qui sera plus tard largement transform\u00e9 en r\u00e9alit\u00e9 par l&rsquo;un de ses disciples, le promoteur immobilier milanais Silvio Berlusconi.<\/p>\n<p>Raconter en quelques pages ce que nous savons aujourd&rsquo;hui sur Gelli, et qui \u00e9tait encore secret il y a seulement dix ans, est une t\u00e2che difficile, notamment parce qu&rsquo;elle implique l&rsquo;analyse de milliers de transactions bancaires du Banco Ambrosiano, l&rsquo;institution dirig\u00e9e par Roberto Calvi, qui a maintenu sur pied l&rsquo;immense machine de pouvoir de Gelli, financ\u00e9 son alliance avec le Vatican, l&rsquo;Opus Dei, la Mafia et certains politiciens de premier plan, et qui a implos\u00e9 \u00e9galement \u00e0 cause de la cupidit\u00e9 de Gelli et de personnes proches de lui. Ce que nous faisons dans ces pages est une tentative, qui doit n\u00e9cessairement passer par la franc-ma\u00e7onnerie et la vie du jeune Gelli.<\/p>\n<p><strong>Franc-ma\u00e7onnerie<\/strong><\/p>\n<p><img loading=\"lazy\" class=\"aligncenter size-full wp-image-4581\" src=\"https:\/\/ibiworld.eu\/fr\/wp-content\/uploads\/2023\/06\/ITA024-02.jpg\" alt=\"\" width=\"1271\" height=\"840\" srcset=\"https:\/\/ibiworld.eu\/fr\/wp-content\/uploads\/2023\/06\/ITA024-02.jpg 1271w, https:\/\/ibiworld.eu\/fr\/wp-content\/uploads\/2023\/06\/ITA024-02-300x198.jpg 300w, https:\/\/ibiworld.eu\/fr\/wp-content\/uploads\/2023\/06\/ITA024-02-1024x677.jpg 1024w, https:\/\/ibiworld.eu\/fr\/wp-content\/uploads\/2023\/06\/ITA024-02-768x508.jpg 768w, https:\/\/ibiworld.eu\/fr\/wp-content\/uploads\/2023\/06\/ITA024-02-600x397.jpg 600w\" sizes=\"(max-width: 1271px) 100vw, 1271px\" \/><\/p>\n<p><strong>Mars 1888 : les chefs de la franc-ma\u00e7onnerie de ce qui \u00e9tait jusqu&rsquo;\u00e0 quelques ann\u00e9es auparavant l&rsquo;\u00c9tat de l&rsquo;\u00c9glise, qui avait d\u00e9clar\u00e9 une guerre totale aux loges, se r\u00e9unissent dans un sous-sol de Rome.<a href=\"#_ftn1\" name=\"_ftnref1\">[1]<\/a><\/strong><\/p>\n<p>\u00ab\u00a0Plus d&rsquo;un si\u00e8cle d&rsquo;exp\u00e9rience d\u00e9montre et confirme la validit\u00e9 et la justesse de l&rsquo;ancienne maxime : \u00ab\u00a0Le silence est d&rsquo;or\u00a0\u00bb, une maxime qui prend une valeur particuli\u00e8re lorsqu&rsquo;elle se r\u00e9f\u00e8re \u00e0 un organisme &#8211; auquel, dans le respect de r\u00e8gles essentielles bien d\u00e9finies, on a un acc\u00e8s libre et spontan\u00e9 &#8211; caract\u00e9ris\u00e9 par une confidentialit\u00e9 absolue\u00a0\u00bb. (Normes de la Loge Ma\u00e7onnique Propaganda 2 : extrait).<\/p>\n<p>Le 17 mars 1981, jour de la perquisition qui a r\u00e9v\u00e9l\u00e9 au monde l&rsquo;existence de la loge P2 et les noms de certains de ses membres, son omnipr\u00e9sence \u00e9tait d\u00e9j\u00e0 connue dans les milieux de l&rsquo;investigation. De hauts repr\u00e9sentants des corps de police, des forces arm\u00e9es et de la magistrature sont soup\u00e7onn\u00e9s de servir d&rsquo;autres sujets que l&rsquo;\u00c9tat<a href=\"#_ftn2\" name=\"_ftnref2\">[2]<\/a> . Ce jour-l\u00e0, les magistrats Giuliano Turone et Gherardo Colombo, engag\u00e9s dans une enqu\u00eate sur les affaires et le faux enl\u00e8vement de Michele Sindona, ordonnent \u00e0 la Guardia di Finanza d&rsquo;effectuer des perquisitions simultan\u00e9es dans une villa d&rsquo;Arezzo et dans les bureaux d&rsquo;une usine textile de Castiglion Fibocchi, une commune situ\u00e9e \u00e0 15 kilom\u00e8tres de la capitale toscane.<\/p>\n<p>Ils s&rsquo;arrangent pour que l&rsquo;op\u00e9ration soit r\u00e9alis\u00e9e dans le plus grand secret par des hommes des forces arm\u00e9es italiennes avec lesquels ils ont travaill\u00e9 dans le pass\u00e9 et dont la foi en la R\u00e9publique n&rsquo;est plus \u00e0 d\u00e9montrer, sans donc en informer au pr\u00e9alable les commandements locaux. Les documents saisis lors des perquisitions r\u00e9v\u00e8lent, entre autres, une liste de 962 personnes appartenant \u00e0 la loge ma\u00e7onnique P2, parmi lesquelles des militaires, des hommes politiques, des journalistes, des entrepreneurs, des magistrats et des pr\u00e9fets. La villa d&rsquo;Arezzo porte le nom d&rsquo;une femme, Wanda, l&rsquo;entreprise de Castiglion Fibocchi est Giole. Toutes deux sont li\u00e9es \u00e0 une personne : Licio Gelli, le Grand Ma\u00eetre de la loge<a href=\"#_ftn3\" name=\"_ftnref3\">[3]<\/a> . \u00c2g\u00e9 de 62 ans, il est l&rsquo;un des hommes les plus puissants d&rsquo;Italie, bien qu&rsquo;il soit pratiquement inconnu de la majorit\u00e9 de la population. Il a derri\u00e8re lui une histoire aventureuse et trouble, caract\u00e9ris\u00e9e par d&rsquo;excellentes capacit\u00e9s organisationnelles et interpersonnelles ainsi que par une grande facilit\u00e9 \u00e0 changer de camp et \u00e0 mener ou favoriser des actions odieuses.<\/p>\n<p><strong>Les ann\u00e9es du fascisme<\/strong><\/p>\n<p><img loading=\"lazy\" class=\"aligncenter size-full wp-image-4582\" src=\"https:\/\/ibiworld.eu\/fr\/wp-content\/uploads\/2023\/06\/ITA024-03.jpg\" alt=\"\" width=\"1000\" height=\"598\" srcset=\"https:\/\/ibiworld.eu\/fr\/wp-content\/uploads\/2023\/06\/ITA024-03.jpg 1000w, https:\/\/ibiworld.eu\/fr\/wp-content\/uploads\/2023\/06\/ITA024-03-300x179.jpg 300w, https:\/\/ibiworld.eu\/fr\/wp-content\/uploads\/2023\/06\/ITA024-03-768x459.jpg 768w, https:\/\/ibiworld.eu\/fr\/wp-content\/uploads\/2023\/06\/ITA024-03-600x359.jpg 600w\" sizes=\"(max-width: 1000px) 100vw, 1000px\" \/><\/p>\n<p><strong>Novembre 1920 : premi\u00e8res manifestations fascistes \u00e0 Pistoia. Gelli a un peu plus d&rsquo;un an<a href=\"#_ftn4\" name=\"_ftnref4\">[4]<\/a><\/strong><\/p>\n<p>Licio Gelli est n\u00e9 \u00e0 Pistoia le 21 avril 1919 ; fasciste convaincu, il s&rsquo;engage \u00e0 dix-sept ans comme volontaire &#8211; bien qu&rsquo;il n&rsquo;ait pas atteint l&rsquo;\u00e2ge minimum requis &#8211; pour participer \u00e0 la guerre civile espagnole avec son fr\u00e8re a\u00een\u00e9 Raffaello ; lorsque ce dernier meurt au combat, Gelli est rapatri\u00e9 et, quelques mois plus tard, est d\u00e9cor\u00e9 par Benito Mussolini comme le plus jeune l\u00e9gionnaire employ\u00e9 dans la campagne d&rsquo;Espagne<a href=\"#_ftn5\" name=\"_ftnref5\">[5]<\/a> . Son accueil triomphal \u00e0 Pistoia lui vaut un poste d&rsquo;aide-soignant au si\u00e8ge local de la GUF (Giovent\u00f9 Universitaria Fascista), dont il devient bient\u00f4t le coordinateur &#8211; bien qu&rsquo;il n&rsquo;ait qu&rsquo;un certificat de fin d&rsquo;\u00e9tudes primaires<a href=\"#_ftn6\" name=\"_ftnref6\">[6]<\/a> .<\/p>\n<p>En 1940, il publie le m\u00e9moire \u00ab\u00a0Fuoco !\u00a0\u00bb, consacr\u00e9 aux exploits de la guerre civile espagnole ; une copie du livre, envoy\u00e9e au Duce, lui vaut d&rsquo;\u00eatre nomm\u00e9 &#8211; le 23 avril 1941 &#8211; inspecteur de l&rsquo;Organisation des Fasci di Combattimento \u00e0 l&rsquo;\u00e9tranger, avec pour destination les Bocche di Cattaro<a href=\"#_ftn7\" name=\"_ftnref7\">[7]<\/a> . Apr\u00e8s avoir \u00e9chou\u00e9 au baccalaur\u00e9at en comptabilit\u00e9, o\u00f9 il \u00e9tait entr\u00e9 comme \u00e9tudiant priv\u00e9<a href=\"#_ftn8\" name=\"_ftnref8\">[8]<\/a> , Gelli partit pour Cattaro, une petite ville c\u00f4ti\u00e8re du sud de la Yougoslavie, o\u00f9 il arriva en 1942, appel\u00e9 par Luigi Alzona, le pr\u00e9fet local et ancien f\u00e9d\u00e9ral de Pistoia. L&rsquo;Italie est en guerre depuis juin 1940 aux c\u00f4t\u00e9s de l&rsquo;Allemagne qui, en avril 1941, commence \u00e0 bombarder Belgrade, obligeant la famille royale yougoslave \u00e0 transf\u00e9rer \u00e0 Kotor les r\u00e9serves d&rsquo;or de la banque nationale, le tr\u00e9sor de la couronne et les biens des ministres et des g\u00e9n\u00e9raux.<\/p>\n<p>Alors que l&rsquo;Italie est sur le point d&rsquo;occuper le Mont\u00e9n\u00e9gro, les Yougoslaves cachent la majeure partie des 60 tonnes de lingots d&rsquo;or de la Banque nationale, deux tonnes de pi\u00e8ces de monnaie anciennes et des millions de dollars et de livres sterling dans une grotte pr\u00e8s de la ville<a href=\"#_ftn9\" name=\"_ftnref9\">[9]<\/a> . Les Italiens parviennent \u00e0 s&rsquo;en emparer, mais ils sont bloqu\u00e9s par les Britanniques, qui gardent les Bouches de l&rsquo;Inlet, soup\u00e7onnant que le tr\u00e9sor est entre les mains de l&rsquo;ennemi. Selon d&rsquo;autres sources, l&rsquo;or aurait \u00e9t\u00e9 vol\u00e9 par des agents du Service d&rsquo;information militaire (SIM) directement \u00e0 la Banque nationale yougoslave \u00e0 Belgrade, puis transf\u00e9r\u00e9 \u00e0 Cattaro<a href=\"#_ftn10\" name=\"_ftnref10\">[10]<\/a> . Quoi qu&rsquo;il en soit, Gelli, alors factotum de Piero Parini, secr\u00e9taire g\u00e9n\u00e9ral des fasci italiens \u00e0 l&rsquo;\u00e9tranger, aurait \u00e9t\u00e9 parmi les inventeurs d&rsquo;un ing\u00e9nieux stratag\u00e8me pour transporter le butin en Italie : le cacher \u00e0 l&rsquo;int\u00e9rieur d&rsquo;un train-h\u00f4pital transportant des patients infect\u00e9s<a href=\"#_ftn11\" name=\"_ftnref11\">[11]<\/a> .<\/p>\n<p>Le convoi arrive \u00e0 Trieste. Mais en 1947, lorsque, \u00e0 la demande du gouvernement yougoslave, la Banque d&rsquo;Italie restitue le tr\u00e9sor \u00e0 Belgrade, il manque vingt tonnes de lingots d&rsquo;or ; il est possible que Gelli, l&rsquo;un des cr\u00e9ateurs et ex\u00e9cutants du plan, ait d\u00e9tourn\u00e9 ce capital, qui constituera la base du d\u00e9veloppement des activit\u00e9s futures de Gelli. A l&rsquo;appui de cette hypoth\u00e8se, plusieurs saisies d&rsquo;or lui sont oppos\u00e9es : dix lingots \u00e0 Buenos Aires en 1983, 250 kilos dans certaines banques genevoises, 164 kilos trouv\u00e9s \u00e0 Villa Wanda en septembre 1998, portant des cachets qui attesteraient de leur provenance des pays de l&rsquo;Europe de l&rsquo;Est<a href=\"#_ftn12\" name=\"_ftnref12\">[12]<\/a> . Une grande partie du tr\u00e9sor vol\u00e9 aurait \u00e9t\u00e9 transf\u00e9r\u00e9e en Argentine peu apr\u00e8s la fin de la guerre<a href=\"#_ftn13\" name=\"_ftnref13\">[13]<\/a> .<\/p>\n<p>De retour chez lui, Gelli assiste \u00e0 la chute du gouvernement fasciste et \u00e0 la naissance de la R\u00e9publique de Sal\u00f2, \u00e0 laquelle il adh\u00e8re. Il retourne \u00e0 Pistoia en tant qu&rsquo;\u00e9missaire des Allemands, initiant de mani\u00e8re informelle le processus de r\u00e9conciliation entre fascistes et antifascistes : entre septembre et octobre 1943, il organise plusieurs rencontres avec des repr\u00e9sentants communistes. La tentative de dialogue avec le Comit\u00e9 de lib\u00e9ration nationale de Pistoia \u00e9choue en raison de l&rsquo;intervention de Rome, mais permet \u00e0 Gelli de nouer des relations avec certains partisans et avec l&rsquo;anarchiste Silvano Fedi. D\u00e8s lors, et jusqu&rsquo;au printemps 1944, il agit en parfait agent double : \u00e0 plusieurs reprises, d\u00e9guis\u00e9 en soldat fugitif, il parcourt les montagnes entourant Pistoia, allant de ferme en ferme \u00e0 la recherche d&rsquo;informations sur les cachettes des partisans. Il retourne ensuite dans la vall\u00e9e, en direction de la maison de sa s\u0153ur, \u00e9pouse du communiste Gino Fedi, qui fera alors un rapport au communiste Giuseppe Corsini, l&rsquo;avertissant que les Allemands s&rsquo;appr\u00eatent \u00e0 rafler une formation de partisans rep\u00e9r\u00e9e dans les montagnes<a href=\"#_ftn14\" name=\"_ftnref14\">[14]<\/a> .<\/p>\n<p><img loading=\"lazy\" class=\"aligncenter size-full wp-image-4583\" src=\"https:\/\/ibiworld.eu\/fr\/wp-content\/uploads\/2023\/06\/ITA024-04.jpg\" alt=\"\" width=\"780\" height=\"575\" srcset=\"https:\/\/ibiworld.eu\/fr\/wp-content\/uploads\/2023\/06\/ITA024-04.jpg 780w, https:\/\/ibiworld.eu\/fr\/wp-content\/uploads\/2023\/06\/ITA024-04-300x221.jpg 300w, https:\/\/ibiworld.eu\/fr\/wp-content\/uploads\/2023\/06\/ITA024-04-768x566.jpg 768w, https:\/\/ibiworld.eu\/fr\/wp-content\/uploads\/2023\/06\/ITA024-04-600x442.jpg 600w\" sizes=\"(max-width: 780px) 100vw, 780px\" \/><\/p>\n<p><strong>La carte fasciste de Licio Gelli <a href=\"#_ftn15\" name=\"_ftnref15\">[15]<\/a><\/strong><\/p>\n<p>Apr\u00e8s avoir regagn\u00e9 la caserne et s&rsquo;\u00eatre rhabill\u00e9, Gelli signale aux Allemands qu&rsquo;il a rep\u00e9r\u00e9 une cachette de partisans dans les montagnes : \u00e0 deux reprises, Gelli participe lui-m\u00eame aux raids qui s&rsquo;ensuivent et qui se terminent, bien entendu, dans l&rsquo;impasse. Apr\u00e8s quatre raids infructueux, c&rsquo;est Gelli lui-m\u00eame qui organise une r\u00e9union extraordinaire pour tenter de localiser l&rsquo;espion partisan (c&rsquo;est-\u00e0-dire lui-m\u00eame)<a href=\"#_ftn16\" name=\"_ftnref16\">[16]<\/a> . Gelli parvient ensuite \u00e0 tromper nazis, fascistes et partisans (en \u00e9pargnant plus d&rsquo;un de ces derniers) jusqu&rsquo;\u00e0 l&rsquo;op\u00e9ration Villa Sbertoli : au matin du 26 juin 1944, Gelli et quelques partisans, d\u00e9guis\u00e9s en soldats fascistes, lib\u00e8rent cinquante-quatre prisonniers politiques de l&rsquo;institut d&rsquo;hygi\u00e8ne mentale, transform\u00e9 en prison apr\u00e8s le bombardement alli\u00e9 d&rsquo;Arezzo entre octobre 43 et janvier 44<a href=\"#_ftn17\" name=\"_ftnref17\">[17]<\/a> .<\/p>\n<p>Apr\u00e8s cette action, Gelli entre dans la clandestinit\u00e9 avec quelques provisions, des cigarettes et 40 000 lires en poche. Il r\u00e9appara\u00eet \u00e0 Pistoia, chez lui, Via Erbosa 7, apr\u00e8s la lib\u00e9ration de la ville en septembre 1944. Ayant \u00e9chapp\u00e9 \u00e0 la mort aux mains de certains partisans gr\u00e2ce aux exploits susmentionn\u00e9s, Gelli est convoqu\u00e9 par le commandement de la cinqui\u00e8me arm\u00e9e du CIC (Counter Intelligence Corps), l&rsquo;agence militaire am\u00e9ricaine de contre-espionnage, dirig\u00e9e par le chef de l&rsquo;Office of Strategic Services (OSS) en Italie, James Jesus Angleton<a href=\"#_ftn18\" name=\"_ftnref18\">[18]<\/a> . Philofasciste, Angleton est l&rsquo;un des architectes de la politique italienne de l&rsquo;apr\u00e8s-guerre. Comme beaucoup de ses contemporains, il craint plus que tout l&rsquo;avanc\u00e9e possible du PCI ; afin d&rsquo;\u00e9touffer dans l&rsquo;\u0153uf la possibilit\u00e9 d&rsquo;un consensus de plus en plus large pour les communistes et les socialistes en Italie, Angleton n&rsquo;a cess\u00e9, depuis 1944, de rechercher des fascistes capables de diriger ou de participer \u00e0 des campagnes militaires ou d&rsquo;\u00eatre enr\u00f4l\u00e9s dans le contre-espionnage.<\/p>\n<p>Dans ce but, il sauve en mai 1945 l&rsquo;officier pro-fasciste Junio Valerio Borghese, d\u00e9j\u00e0 aux mains des partisans milanais, en le faisant fuir \u00e0 Rome d\u00e9guis\u00e9 en officier am\u00e9ricain. Borghese fait alors partie d&rsquo;un r\u00e9seau qui b\u00e9n\u00e9ficie de l&rsquo;immunit\u00e9 pour les crimes commis ant\u00e9rieurement, se mettant au service de l&rsquo;OSS et, plus tard, de la CIA, et formant l&rsquo;ossature d&rsquo;une v\u00e9ritable milice dormante mais pr\u00eate \u00e0 l&rsquo;action : le r\u00e9seau Stay Behind, dont Gladio est la d\u00e9clinaison italienne<a href=\"#_ftn19\" name=\"_ftnref19\">[19]<\/a> . Angleton est l&rsquo;homme de la situation, parle couramment la langue et devient le chef de la CIA italienne, avant de retourner aux \u00c9tats-Unis, o\u00f9 il dirige le contre-espionnage sous la houlette des directeurs Allen Dulles et Richard Helms<a href=\"#_ftn20\" name=\"_ftnref20\">[20]<\/a> , qui coordonnent \u00e9galement les activit\u00e9s d&rsquo;espionnage d&rsquo;Henry Kissinger en Allemagne et en Suisse<a href=\"#_ftn21\" name=\"_ftnref21\">[21]<\/a> . La mission de Gelli, en tant que membre du CIC, est d&rsquo;identifier d&rsquo;anciens camarades, dont Guido Checcoli<a href=\"#_ftn22\" name=\"_ftnref22\">[22]<\/a> ; il sert \u00e9galement la cause du renseignement am\u00e9ricain en tant que d\u00e9nonciateur, en d\u00e9non\u00e7ant des membres de la L\u00e9gion \u00ab\u00a0Ettore Muti\u00a0\u00bb<a href=\"#_ftn23\" name=\"_ftnref23\">[23]<\/a> .<\/p>\n<p>Suite aux actions en faveur des partisans, le pr\u00e9sident du CLN de Pistoia, Italo Carobbi, signe un sauf-conduit pour Gelli qui lui permet de circuler en toute tranquillit\u00e9 sur le territoire national. Nous sommes le 2 octobre 1944<a href=\"#_ftn24\" name=\"_ftnref24\">[24]<\/a> . Le CIC lui permet de s&rsquo;enfuir en Sardaigne &#8211; o\u00f9 vit une s\u0153ur &#8211; qu&rsquo;il peut rejoindre gr\u00e2ce \u00e0 un permis de voyage d\u00e9livr\u00e9 par les carabiniers<a href=\"#_ftn25\" name=\"_ftnref25\">[25]<\/a> . A La Maddalena, Gelli est arr\u00eat\u00e9 en juin 1945, fournissant lors de l&rsquo;interrogatoire une liste de 56 personnes ayant collabor\u00e9 avec les nazis (dont Giorgio Pisan\u00f2, alors \u00e9tudiant universitaire, plus tard s\u00e9nateur du MSI et membre de la Commission parlementaire d&rsquo;enqu\u00eate sur la loge P2), d\u00e9clarant sa volont\u00e9 de continuer \u00e0 collaborer avec les services secrets italiens<a href=\"#_ftn26\" name=\"_ftnref26\">[26]<\/a> . Gr\u00e2ce \u00e0 une nouvelle d\u00e9nonciation, Gelli est lib\u00e9r\u00e9 le m\u00eame jour, malgr\u00e9 une condamnation de deux ans et six mois pour enl\u00e8vement et vol, prononc\u00e9e par le tribunal de Pistoia en avril de la m\u00eame ann\u00e9e<a href=\"#_ftn27\" name=\"_ftnref27\">[27]<\/a> .<\/p>\n<p><img loading=\"lazy\" class=\"aligncenter size-full wp-image-4584\" src=\"https:\/\/ibiworld.eu\/fr\/wp-content\/uploads\/2023\/06\/ITA024-05.jpg\" alt=\"\" width=\"834\" height=\"604\" srcset=\"https:\/\/ibiworld.eu\/fr\/wp-content\/uploads\/2023\/06\/ITA024-05.jpg 834w, https:\/\/ibiworld.eu\/fr\/wp-content\/uploads\/2023\/06\/ITA024-05-300x217.jpg 300w, https:\/\/ibiworld.eu\/fr\/wp-content\/uploads\/2023\/06\/ITA024-05-768x556.jpg 768w, https:\/\/ibiworld.eu\/fr\/wp-content\/uploads\/2023\/06\/ITA024-05-600x435.jpg 600w\" sizes=\"(max-width: 834px) 100vw, 834px\" \/><\/p>\n<p><strong>8 septembre 1944 : les partisans des Comit\u00e9s de lib\u00e9ration nationale entrent \u00e0 Pistoia<a href=\"#_ftn28\" name=\"_ftnref28\">[28]<\/a><\/strong><\/p>\n<p>Le 9 juillet suivant, il est \u00e0 nouveau interrog\u00e9 par le contre-espionnage italien, auquel il fournit de nouvelles informations sur son pass\u00e9, notamment pour \u00e9valuer son emploi dans le r\u00e9seau national d&rsquo;espionnage<a href=\"#_ftn29\" name=\"_ftnref29\">[29]<\/a> . \u00c0 l&rsquo;automne 1945, il est \u00e0 nouveau conduit dans diverses prisons, qui servent de stations de transfert avant d&rsquo;entrer dans son centre de destination : Pistoia. Lors d&rsquo;un de ces s\u00e9jours temporaires, \u00e0 Rome, Gelli est le compagnon de cellule de Junio Valerio Borghese pendant quinze jours<a href=\"#_ftn30\" name=\"_ftnref30\">[30]<\/a> . En mars 1946, il est lib\u00e9r\u00e9 sous caution dans l&rsquo;attente de son acquittement dans le proc\u00e8s de Pistoia, qui intervient six mois plus tard. Une autre affaire reste en suspens : sa d\u00e9nonciation aux Allemands aurait provoqu\u00e9 la d\u00e9portation d&rsquo;un lieutenant-colonel de l&rsquo;arm\u00e9e de l&rsquo;air italienne, accus\u00e9 par Gelli de cacher du mat\u00e9riel aux nazis. L&rsquo;affaire se poursuit jusqu&rsquo;\u00e0 l&rsquo;amnistie de Togliatti de juin 1946, qui lave le casier judiciaire de Gelli et le d\u00e9gage de toute responsabilit\u00e9 vis-\u00e0-vis de son accusateur<a href=\"#_ftn31\" name=\"_ftnref31\">[31]<\/a> .<\/p>\n<p>Dans l&rsquo;apr\u00e8s-guerre, Gelli, mari\u00e9 et p\u00e8re d&rsquo;un enfant \u00e0 charge, tient l&rsquo;\u00e9choppe de son beau-p\u00e8re au march\u00e9 de Pistoia, mais il est condamn\u00e9 en 1949 \u00e0 payer une amende pour contrebande de cigarettes et fraude \u00e0 l&rsquo;imp\u00f4t g\u00e9n\u00e9ral sur le revenu<a href=\"#_ftn32\" name=\"_ftnref32\">[32]<\/a> . Quittant l&rsquo;\u00e9choppe pour ouvrir d&rsquo;abord une entreprise de production de fonte, puis une librairie, Gelli tente d&rsquo;obtenir un passeport : un rapport de police pour le SIFAR de 1950 d\u00e9crit les activit\u00e9s d&rsquo;espionnage de Gelli au service des communistes &#8211; ses activit\u00e9s d&rsquo;industriel d&rsquo;abord, de libraire ensuite, ne seront que des couvertures. Le rapport d\u00e9crit comment, ne pouvant obtenir un passeport parce qu&rsquo;il \u00e9tait consid\u00e9r\u00e9 comme un dangereux fasciste, il aurait cr\u00e9\u00e9 la soci\u00e9t\u00e9 afin de demander le document \u00e0 des fins commerciales<a href=\"#_ftn33\" name=\"_ftnref33\">[33]<\/a> .<\/p>\n<p>Apr\u00e8s avoir \u00e9t\u00e9 refus\u00e9 par la pr\u00e9fecture de police de Pistoia, Gelli tente d&rsquo;obtenir l&rsquo;intercession de la DC et du Parti monarchiste, avant de s&rsquo;inscrire au MSI, \u00e0 la direction duquel travaillait Orfeo Sellani, l&rsquo;ancien directeur de Gelli \u00e0 l&rsquo;\u00e9poque du fascisme : le passeport arrive, enfin<a href=\"#_ftn34\" name=\"_ftnref34\">[34]<\/a> , permettant au futur V\u00e9n\u00e9rable de circuler en Europe (Espagne, France, Belgique, Suisse) et en Argentine, o\u00f9 il s&rsquo;appr\u00eate \u00e0 investir l&rsquo;\u00e9norme fortune d\u00e9tourn\u00e9e de la couronne yougoslave quelques ann\u00e9es plus t\u00f4t, avec l&rsquo;accord des Etats-Unis, dont il est encore un informateur. Les protagonistes des sp\u00e9culations de Gelli sont, \u00e0 l&rsquo;avenir, Umberto Ortolani et Giampietro Pellegrini, ancien ministre des finances de la R\u00e9publique sociale. D&rsquo;autres fascistes, outre Pellegrini, d\u00e9barquent sur le sol argentin entre 1947 et 1948 : Eduardo Moroni (ministre de l&rsquo;Agriculture et des For\u00eats) ; Giuseppe Spinelli (ministre du Travail) ; Vittorio Mussolini, fils du Duce, qui fonde la revue \u00ab\u00a0Risorgimento\u00a0\u00bb avec Gaio Gradenigo, ancien officier de la GNR (Garde nationale r\u00e9publicaine) et dirigeant de la R\u00e9publique de Sal\u00f2 &#8211; d\u00e9j\u00e0 en Am\u00e9rique du Sud depuis deux ans<a href=\"#_ftn35\" name=\"_ftnref35\">[35]<\/a> .<\/p>\n<p>Moroni, Mussolini, l&rsquo;ancien quadrumvir Cesare Maria De Vecchi, Carlo Sforza et d&rsquo;autres figuraient sur la liste des financiers du jeune Mouvement social italien selon un dossier publi\u00e9 en 1949 par le Parti socialiste argentin<a href=\"#_ftn36\" name=\"_ftnref36\">[36]<\/a> . Deux agents du SOE (Special Operation Service), les services secrets britanniques, arrivent \u00e0 Buenos Aires pour arr\u00eater Gelli et l&rsquo;interroger sur les \u00e9v\u00e9nements de Cattaro, le for\u00e7ant \u00e0 rentrer pr\u00e9cipitamment en Italie. La pr\u00e9f\u00e9rence argentine de Gelli s&rsquo;explique par ses relations avec le pr\u00e9sident de l&rsquo;\u00e9poque, Juan Domingo Per\u00f3n, un sympathisant fasciste ; les deux hommes se sont rencontr\u00e9s en 1939, lors d&rsquo;une visite du dirigeant argentin \u00e0 Rome<a href=\"#_ftn37\" name=\"_ftnref37\">[37]<\/a> .<\/p>\n<p>Un autre personnage relierait Peron \u00e0 Gelli : Otto Skorzeny, ancien hi\u00e9rarque et espion nazi, protagoniste de la lib\u00e9ration de Mussolini \u00e0 Campo Imperatore, dans les Apennins des Abruzzes, apr\u00e8s la chute du r\u00e9gime fasciste et l&rsquo;arrestation du Duce. Skorzeny et Gelli seront tous deux employ\u00e9s dans l&rsquo;op\u00e9ration Oak (12 septembre 1943), premier acte du d\u00e9veloppement d&rsquo;un r\u00e9seau au service des Am\u00e9ricains impliquant l&rsquo;OSS (et donc le CIC, premier organisme am\u00e9ricain auquel Skorzeny a collabor\u00e9), en m\u00eame temps que Henry Kissinger, en poste en Allemagne<a href=\"#_ftn38\" name=\"_ftnref38\">[38]<\/a> ), et le SIS (Special Intelligence Service)<a href=\"#_ftn39\" name=\"_ftnref39\">[39]<\/a> , d\u00e9partement de contre-espionnage du FBI op\u00e9rant en Europe et en Am\u00e9rique du Sud avec pour mission de surveiller surtout les activit\u00e9s nazies ou pro-nazies en Am\u00e9rique centrale et du Sud<a href=\"#_ftn40\" name=\"_ftnref40\">[40]<\/a> .<\/p>\n<p>Skorzeny, recrut\u00e9 par le CIC, entre en contact avec James Angleton, chef de l&rsquo;OSS et charg\u00e9 d&rsquo;un plan d&rsquo;\u00e9radication des \u00e9l\u00e9ments appartenant ou ayant appartenu au r\u00e9gime moribond<a href=\"#_ftn41\" name=\"_ftnref41\">[41]<\/a> . Angleton supervise la naissance de nombreuses organisations n\u00e9o-fascistes, confiant parfois au X Mas de Borghese le soin de former leurs membres \u00e0 l&rsquo;action militaire ; Nino Buttazzoni (chef des Nageurs parachutistes de la RSI) est recrut\u00e9 par Angleton comme agent secret charg\u00e9 de fonder l&rsquo;une de ces organisations, appel\u00e9e Arm\u00e9e clandestine anticommuniste, tandis que Pino Romualdi (secr\u00e9taire adjoint du Parti fasciste r\u00e9publicain et fondateur du MSI<a href=\"#_ftn42\" name=\"_ftnref42\">[42]<\/a> ) travaille \u00e0 la naissance du Front antibolchevique italien.<\/p>\n<p><strong>Se r\u00e9inventer apr\u00e8s la guerre<\/strong><\/p>\n<p><img loading=\"lazy\" class=\"aligncenter size-full wp-image-4585\" src=\"https:\/\/ibiworld.eu\/fr\/wp-content\/uploads\/2023\/06\/ITA024-06.jpg\" alt=\"\" width=\"1280\" height=\"720\" srcset=\"https:\/\/ibiworld.eu\/fr\/wp-content\/uploads\/2023\/06\/ITA024-06.jpg 1280w, https:\/\/ibiworld.eu\/fr\/wp-content\/uploads\/2023\/06\/ITA024-06-300x169.jpg 300w, https:\/\/ibiworld.eu\/fr\/wp-content\/uploads\/2023\/06\/ITA024-06-1024x576.jpg 1024w, https:\/\/ibiworld.eu\/fr\/wp-content\/uploads\/2023\/06\/ITA024-06-768x432.jpg 768w, https:\/\/ibiworld.eu\/fr\/wp-content\/uploads\/2023\/06\/ITA024-06-600x338.jpg 600w\" sizes=\"(max-width: 1280px) 100vw, 1280px\" \/><\/p>\n<p><strong>Mars 1943 : Otto Skorzeny (\u00e0 gauche) devient l&rsquo;un des hommes les plus proches d&rsquo;Adolf Hitler (\u00e0 droite).<a href=\"#_ftn43\" name=\"_ftnref43\">[43]<\/a><\/strong><\/p>\n<p>Dans le programme-manifeste de l&rsquo;organisation, Romualdi fait explicitement r\u00e9f\u00e9rence \u00e0 la communion d&rsquo;intention strat\u00e9gique entre les n\u00e9o-fascistes et les \u00c9tats-Unis contre l&rsquo;ennemi rouge commun, d\u00e9l\u00e9guant aux \u00c9tats-Unis la t\u00e2che de traiter la question politique<a href=\"#_ftn44\" name=\"_ftnref44\">[44]<\/a> . D&rsquo;autres groupes, comme les Fasci d&rsquo;azione rivoluzionaria &#8211; fond\u00e9s par Romualdi &#8211; sont n\u00e9s avec des intentions squadristes, li\u00e9s &#8211; comme quarante autres organisations en Italie &#8211; au r\u00e9seau n\u00e9o-fasciste international de Skorzeny, qui op\u00e9rait en Europe et en Argentine pour le compte des services secrets am\u00e9ricains apr\u00e8s la fin de la Seconde Guerre mondiale<a href=\"#_ftn45\" name=\"_ftnref45\">[45]<\/a> . L&rsquo;une des principales op\u00e9rations men\u00e9es par ce groupe d&rsquo;organisations a \u00e9t\u00e9 l&rsquo;ex\u00e9cution de l&rsquo;op\u00e9ration Odessa, c&rsquo;est-\u00e0-dire le plan, pr\u00e9par\u00e9 par Heinrich Himmler, visant \u00e0 permettre au plus grand nombre possible de hi\u00e9rarques nazis de s&rsquo;enfuir en Am\u00e9rique latine<a href=\"#_ftn46\" name=\"_ftnref46\">[46]<\/a> .<\/p>\n<p>En ce qui concerne le projet Odessa, le r\u00f4le jou\u00e9 par le banquier suisse Fran\u00e7ois Genoud, un adepte de la premi\u00e8re heure d&rsquo;Hitler, est fondamental<a href=\"#_ftn47\" name=\"_ftnref47\">[47]<\/a> . D\u00e8s la seconde moiti\u00e9 des ann\u00e9es 1930, Genoud a \u00e9tabli des relations internationales qui se sont av\u00e9r\u00e9es strat\u00e9giques au cours de la seconde moiti\u00e9 du 20e si\u00e8cle dans les domaines du n\u00e9ofascisme international et du terrorisme arabe, par exemple lors de sa rencontre avec le Grand Mufti de J\u00e9rusalem Al-Husseini en 1936, au cours d&rsquo;un long voyage diplomatique au Moyen-Orient<a href=\"#_ftn48\" name=\"_ftnref48\">[48]<\/a> . Gr\u00e2ce \u00e0 ses contacts dans le monde bancaire suisse, Genoud r\u00e9ussit \u00e0 faciliter la fuite des nazis vers l&rsquo;Am\u00e9rique du Sud mais aussi vers le monde arabe<a href=\"#_ftn49\" name=\"_ftnref49\">[49]<\/a> . Apr\u00e8s la guerre, Genoud pr\u00e9sente le mufti au parlementaire suisse Albert \u00ab\u00a0Ahmed\u00a0\u00bb Huber qui, jusqu&rsquo;\u00e0 la fin du si\u00e8cle, sera l&rsquo;homme de Genoud du c\u00f4t\u00e9 de la Palestine et de la banque des Fr\u00e8res musulmans, la Banque Al-Taqwa \u00e0 Lugano, fond\u00e9e par Youssef Nada<a href=\"#_ftn50\" name=\"_ftnref50\">[50]<\/a> .<\/p>\n<p>En 1974, le lieutenant-colonel de la Guardia di Finanza Luciano Rossi (le service de renseignement des Fiamme Gialle) r\u00e9dige un rapport d&rsquo;information sur la pr\u00e9sence de Gelli au sein du comit\u00e9 communiste provincial de Pistoia jusqu&rsquo;en 1956, date \u00e0 laquelle il passe au Parti d\u00e9mocrate-chr\u00e9tien<a href=\"#_ftn51\" name=\"_ftnref51\">[51]<\/a> . Avant la fermeture de la librairie en 1953 (activit\u00e9 supervis\u00e9e par le SIFAR depuis 1950 comme lieu d&rsquo;\u00e9change d&rsquo;informations entre espions), il r\u00e9ussit \u00e0 devenir le secr\u00e9taire et factotum du d\u00e9put\u00e9 DC Romolo Diecidue, lui apportant en dot l&rsquo;usage de sa FIAT millecento (avec laquelle il \u00e9tait v\u00e9hicul\u00e9), les votes des anciens camarades mod\u00e9r\u00e9s et, surtout, son z\u00e8le sans pareil. En contrepartie, Gelli est introduit dans le milieu romain &#8211; connaissant des hommes de pouvoir d\u00e9mocrates-chr\u00e9tiens, en premier lieu Giulio Andreotti &#8211; et dans le monde des organisations religieuses, base \u00e9lectorale de Diecidue<a href=\"#_ftn52\" name=\"_ftnref52\">[52]<\/a> .<\/p>\n<p>Apr\u00e8s quelques ann\u00e9es, un autre d\u00e9put\u00e9 de la DC, Gerardo Bianchi, le recommande au cavalier Giovanni Pofferi, fondateur et propri\u00e9taire de la premi\u00e8re usine italienne de matelas \u00e0 ressorts, Permaflex ; Gelli r\u00e9sout les probl\u00e8mes de vente que conna\u00eet l&rsquo;entreprise innovante, en r\u00e9ussissant \u00e0 passer d&rsquo;importantes commandes de matelas aupr\u00e8s des organisations religieuses qu&rsquo;il avait connues \u00e0 l&rsquo;\u00e9poque o\u00f9 il \u00e9tait secr\u00e9taire de la Diecidue. L&rsquo;entreprise d\u00e9colle et Pofferi d\u00e9cide d&rsquo;ouvrir une nouvelle usine ; Gelli sugg\u00e8re de s&rsquo;\u00e9loigner de la Toscane, pour \u00e9viter d&rsquo;avoir \u00e0 embaucher d&rsquo;autres communistes comme ouvriers, et de se concentrer sur Frosinone, une circonscription andr\u00e9ottienne docile qui offre la possibilit\u00e9 de pr\u00eats bonifi\u00e9s de la Cassa per il Mezzogiorno (Caisse pour le Mezzogiorno)<a href=\"#_ftn53\" name=\"_ftnref53\">[53]<\/a> .<\/p>\n<p>C&rsquo;est ainsi qu&rsquo;en 1965, en pr\u00e9sence du cardinal Ottaviani, du ministre de la d\u00e9fense Giulio Andreotti et du ministre du Mezzogiorno Edgardo Lami Starnuti, la nouvelle usine Permaflex<a href=\"#_ftn54\" name=\"_ftnref54\">[54]<\/a> est inaugur\u00e9e. Fin 1967, Gelli se brouille avec Pofferi et quitte son poste de directeur de l&rsquo;usine de Frosinone ; il fonde la soci\u00e9t\u00e9 concurrente \u00ab\u00a0Dormire\u00a0\u00bb, qui \u00e9choue mais lui permet d&rsquo;entrer en contact avec deux importants industriels du textile d&rsquo;Arezzo : les fr\u00e8res Lebole. Gr\u00e2ce \u00e0 cette relation, Gelli d\u00e9place sa base toscane de Pistoia \u00e0 Arezzo, o\u00f9 il vivra jusqu&rsquo;\u00e0 la fin de ses jours<a href=\"#_ftn55\" name=\"_ftnref55\">[55]<\/a> . Gelli a \u00e9t\u00e9 le m\u00e9diateur pour l&rsquo;achat de Lebole par ENI, devenant partenaire de la nouvelle soci\u00e9t\u00e9 \u00ab\u00a0Gio-Le\u00a0\u00bb (Giovanni Lebole, le fondateur), qui a absorb\u00e9 \u00ab\u00a0Dormire\u00a0\u00bb<a href=\"#_ftn56\" name=\"_ftnref56\">[56]<\/a> . En outre, pour son activit\u00e9 de m\u00e9diation, la famille Lebole offre \u00e0 Gelli une grande villa sur la colline de Santa Maria delle Grazie, \u00e0 quelques kilom\u00e8tres du centre d&rsquo;Arezzo : il change le nom de la r\u00e9sidence de villa Carla, comme elle s&rsquo;appelait au moment de la cession, en villa Wanda, en l&rsquo;honneur de sa femme. Il s&rsquo;agit aujourd&rsquo;hui de 1968<a href=\"#_ftn57\" name=\"_ftnref57\">[57]<\/a> .<\/p>\n<p>Le 6 novembre 1963, alors qu&rsquo;il s&rsquo;occupe toujours des int\u00e9r\u00eats du Cavalier Pofferi, Gelli s&rsquo;inscrit \u00e0 la loge ma\u00e7onnique Gian Domenico Romagnosi, pr\u00e9sid\u00e9e par le V\u00e9n\u00e9rable Ma\u00eetre Bruzio Pirrongelli, avocat<a href=\"#_ftn58\" name=\"_ftnref58\">[58]<\/a> . Apr\u00e8s plus d&rsquo;un an d&rsquo;attente (peut-\u00eatre pour approfondir son pass\u00e9 fasciste), il re\u00e7oit l&rsquo;initiation ma\u00e7onnique<a href=\"#_ftn59\" name=\"_ftnref59\">[59]<\/a> en janvier 1965. Gelli est entr\u00e9 dans la franc-ma\u00e7onnerie \u00e0 un moment de transformation significative, l&rsquo;\u0153uvre d&rsquo;un homme puissant inconnu de la plupart : Frank Gigliotti. Calabrais \u00e9migr\u00e9 aux Etats-Unis en 1928, ancien pasteur \u00e9vang\u00e9lique, il fut de 1941 \u00e0 1945 un agent de l&rsquo;OSS en Italie<a href=\"#_ftn60\" name=\"_ftnref60\">[60]<\/a> . Durant cette p\u00e9riode, Gigliotti dirige le \u00ab\u00a0Comit\u00e9 am\u00e9ricain pour la d\u00e9mocratie italienne\u00a0\u00bb, une organisation li\u00e9e \u00e0 l&rsquo;Ordre des fils d&rsquo;Italie en Am\u00e9rique, le plus ancien et le plus important coven italo-am\u00e9ricain des \u00c9tats-Unis, accus\u00e9 d&rsquo;avoir ouvertement soutenu le fascisme dans les ann\u00e9es 1920 et 1930<a href=\"#_ftn61\" name=\"_ftnref61\">[61]<\/a> .<\/p>\n<p><strong>Gigliotti et la franc-ma\u00e7onnerie<\/strong><\/p>\n<p><img loading=\"lazy\" class=\"aligncenter size-full wp-image-4586\" src=\"https:\/\/ibiworld.eu\/fr\/wp-content\/uploads\/2023\/06\/ITA024-07.jpg\" alt=\"\" width=\"1280\" height=\"720\" srcset=\"https:\/\/ibiworld.eu\/fr\/wp-content\/uploads\/2023\/06\/ITA024-07.jpg 1280w, https:\/\/ibiworld.eu\/fr\/wp-content\/uploads\/2023\/06\/ITA024-07-300x169.jpg 300w, https:\/\/ibiworld.eu\/fr\/wp-content\/uploads\/2023\/06\/ITA024-07-1024x576.jpg 1024w, https:\/\/ibiworld.eu\/fr\/wp-content\/uploads\/2023\/06\/ITA024-07-768x432.jpg 768w, https:\/\/ibiworld.eu\/fr\/wp-content\/uploads\/2023\/06\/ITA024-07-600x338.jpg 600w\" sizes=\"(max-width: 1280px) 100vw, 1280px\" \/><\/p>\n<p><strong>La chanson th\u00e8me du documentaire Italia Mistero sur Frank B. Gigliotti<a href=\"#_ftn62\" name=\"_ftnref62\">[62]<\/a><\/strong><\/p>\n<p>Les associations appartenant \u00e0 l&rsquo;Ordre, qui comptait dans ses rangs des mafieux, des francs-ma\u00e7ons et des agents secrets, ont \u00e9t\u00e9 utilis\u00e9es pour pr\u00e9parer le d\u00e9barquement am\u00e9ricain en Italie ; John Bowden Connally Jr, nomm\u00e9 ministre du Tr\u00e9sor en 1971 par le pr\u00e9sident am\u00e9ricain Richard Nixon, partenaire de Sindona et associ\u00e9 de Licio Gelli, a particip\u00e9 \u00e0 l&rsquo;op\u00e9ration<a href=\"#_ftn63\" name=\"_ftnref63\">[63]<\/a> . Fort de son exp\u00e9rience, le franc-ma\u00e7on Gigliotti devient agent de la CIA apr\u00e8s la guerre. En 1947, il reconna\u00eet le Grand Orient d&rsquo;Italie (GOI) et travaille \u00e0 l&rsquo;unification des familles italiennes, faisant la connaissance du prince sicilien Giovanni Alliata di Montereale, franc-ma\u00e7on, dont le nom appara\u00eet dans la liste des participants au coup d&rsquo;\u00c9tat des Borgh\u00e8se et dans celle de la Rose des Vents<a href=\"#_ftn64\" name=\"_ftnref64\">[64]<\/a> .<\/p>\n<p>Mandat\u00e9 par une puissante loge ma\u00e7onnique californienne, Gigliotti a \u00e9galement \u0153uvr\u00e9 pour obtenir la restitution aux fr\u00e8res italiens du Palazzo Giustiniani, si\u00e8ge historique de la franc-ma\u00e7onnerie, confisqu\u00e9 par le gouvernement fasciste \u00e0 la suite de la dissolution forc\u00e9e de l&rsquo;organisation ; le 7 juillet 1960, le ministre des finances Giuseppe Trabucchi a sign\u00e9 l&rsquo;accord sur la restitution du b\u00e2timent au Grand Orient d&rsquo;Italie devant Publio Cortini (Grand Ma\u00eetre du GOI de 1953 \u00e0 1957<a href=\"#_ftn65\" name=\"_ftnref65\">[65]<\/a> ), en pr\u00e9sence de Frank Gigliotti et de l&rsquo;ambassadeur am\u00e9ricain John Zellerbach<a href=\"#_ftn66\" name=\"_ftnref66\">[66]<\/a> ; en contrepartie de son r\u00f4le dans l&rsquo;op\u00e9ration et de la reconnaissance de la franc-ma\u00e7onnerie italienne, Gigliotti a obtenu, au nom de la franc-ma\u00e7onnerie am\u00e9ricaine, l&rsquo;autorisation de fonder des loges am\u00e9ricaines en Italie, obligeant les loges italiennes \u00e0 se conformer aux directives g\u00e9n\u00e9rales \u00e9manant de l&rsquo;\u00e9tranger.<\/p>\n<p>Par respect pour la n\u00e9cessit\u00e9 de parvenir \u00e0 un accord avec l&rsquo;\u00c9glise et la d\u00e9mocratie chr\u00e9tienne dans une fonction anticommuniste, le Grand Ma\u00eetre Giordano Gamberini (qui succ\u00e8de \u00e0 Cortini en 1961<a href=\"#_ftn67\" name=\"_ftnref67\">[67]<\/a> ) interdit l&rsquo;anticl\u00e9ricalisme, un trait distinctif de la franc-ma\u00e7onnerie italienne ; au fil des ans, de nombreuses loges ma\u00e7onniques form\u00e9es par le personnel civil et militaire am\u00e9ricain s&rsquo;\u00e9tablissent du nord au sud<a href=\"#_ftn68\" name=\"_ftnref68\">[68]<\/a> . Lorsque, au milieu des ann\u00e9es 1960, Gigliotti quitte la sc\u00e8ne, Gelli entame sa propre ascension au sein des hi\u00e9rarchies ma\u00e7onniques. En 1966, le V\u00e9n\u00e9rable Ma\u00eetre des \u00ab\u00a0Romagnosi\u00a0\u00bb Pirrongelli pr\u00e9sente Gelli au Grand Ma\u00eetre du Grand Orient, Roberto Ascarelli, qui, en ao\u00fbt, rend compte avec enthousiasme au Grand Ma\u00eetre Gamberini des fructueuses activit\u00e9s de pros\u00e9lytisme men\u00e9es par le nouveau membre affili\u00e9, ajoutant qu&rsquo;il souhaite le promouvoir au rang de Ma\u00eetre et l&rsquo;introduire dans la Loge Hod &#8211; un c\u00e9nacle \u00ab\u00a0intime\u00a0\u00bb o\u00f9 l&rsquo;on discute de culture ma\u00e7onnique &#8211; en lui confiant le Secr\u00e9tariat<a href=\"#_ftn69\" name=\"_ftnref69\">[69]<\/a> .<\/p>\n<p>A la fin de l&rsquo;ann\u00e9e 1966, Gelli est \u00e9lev\u00e9 au rang de Ma\u00eetre et son dossier est transf\u00e9r\u00e9 du secr\u00e9tariat des \u00ab\u00a0Romagnosi\u00a0\u00bb \u00e0 celui du Grand Orient<a href=\"#_ftn70\" name=\"_ftnref70\">[70]<\/a> . Dans le bureau d&rsquo;Ascarelli, Piazza di Spagna, o\u00f9 se tenaient les r\u00e9unions du Hod, apr\u00e8s l&rsquo;arriv\u00e9e de Gelli, d&rsquo;autres personnes, non ma\u00e7onnes, s\u00e9lectionn\u00e9es par lui selon des crit\u00e8res stricts d&rsquo;\u00e2ge et de situation professionnelle, commenc\u00e8rent \u00e0 se r\u00e9unir. Cette organisation, appel\u00e9e Groupement P2 Gelli, est parall\u00e8le au Grand Orient et est parfois utilis\u00e9e par Gamberini pour initier certains \u00e9l\u00e9ments et les ins\u00e9rer dans la loge r\u00e9serv\u00e9e, la P2<a href=\"#_ftn71\" name=\"_ftnref71\">[71]<\/a> , qu&rsquo;Ascarelli supervise au nom du Grand Ma\u00eetre. En 1967, Gelli lui-m\u00eame est affili\u00e9 \u00e0 la P2 et charg\u00e9 par Ascarelli et Gamberini de d\u00e9velopper la loge, dont le contr\u00f4le reste toutefois entre les mains du Grand Ma\u00eetre adjoint<a href=\"#_ftn72\" name=\"_ftnref72\">[72]<\/a> .<\/p>\n<p>L&rsquo;inscription se fait selon la pratique, m\u00eame si les initiations des nouveaux \u00ab\u00a0fr\u00e8res\u00a0\u00bb se font selon un rite sommaire, c&rsquo;est-\u00e0-dire \u00e0 l&rsquo;initiative du Grand Ma\u00eetre, en contravention avec la pratique ma\u00e7onnique, sans enfreindre aucune r\u00e8gle. En 1970, Roberto Ascarelli d\u00e9c\u00e8de et Giordano Gamberini est remplac\u00e9 dans le r\u00f4le de Grand Ma\u00eetre par le m\u00e9decin florentin Lino Salvini, nouvellement \u00e9lu : Gelli se retrouve soudain \u00e0 la t\u00eate de toute la P2. Salvini a l&rsquo;intention d&rsquo;\u00e9tendre l&rsquo;influence de la franc-ma\u00e7onnerie dans le monde \u00ab\u00a0profane\u00a0\u00bb, poussant ainsi \u00e0 une augmentation du nombre de membres et cherchant \u00e0 se r\u00e9unir avec l&rsquo;ob\u00e9dience ma\u00e7onnique \u00ab\u00a0schismatique\u00a0\u00bb de la Grande Loge d&rsquo;Italie<a href=\"#_ftn73\" name=\"_ftnref73\">[73]<\/a> . Des frictions entre Salvini et Gelli surgissent \u00e0 propos de la gestion de la P2, que le Grand Ma\u00eetre ne voit pas d&rsquo;un bon \u0153il parce qu&rsquo;elle est fermement entre les mains de Gelli, qu&rsquo;il nomme secr\u00e9taire \u00e0 l&rsquo;organisation de la loge en 1971 ; ce dernier r\u00e9ussit \u00e0 faire approuver par Salvini quelques changements dans les crit\u00e8res d&rsquo;admission et de gestion, de sorte qu&rsquo;apr\u00e8s peu de temps, il peut introduire des fr\u00e8res de toute l&rsquo;Italie, percevoir les frais de capitation (cartes d&rsquo;adh\u00e9sion et de renouvellement) et coordonner le travail ; n\u00e9anmoins, \u00e0 l&rsquo;insu du Grand Ma\u00eetre et en dehors de toute r\u00e8gle, il initie de nouveaux fr\u00e8res<a href=\"#_ftn74\" name=\"_ftnref74\">[74]<\/a> .<\/p>\n<p><img loading=\"lazy\" class=\"aligncenter size-full wp-image-4587\" src=\"https:\/\/ibiworld.eu\/fr\/wp-content\/uploads\/2023\/06\/ITA024-08.jpg\" alt=\"\" width=\"381\" height=\"250\" srcset=\"https:\/\/ibiworld.eu\/fr\/wp-content\/uploads\/2023\/06\/ITA024-08.jpg 381w, https:\/\/ibiworld.eu\/fr\/wp-content\/uploads\/2023\/06\/ITA024-08-300x197.jpg 300w\" sizes=\"(max-width: 381px) 100vw, 381px\" \/><\/p>\n<p><strong>Janvier 1973 : Lino Salvini, fondateur et Grand Ma\u00eetre de la Loge P2, opposant \u00e0 Licio Gelli dans la franc-ma\u00e7onnerie.<a href=\"#_ftn75\" name=\"_ftnref75\">[75]<\/a><\/strong><\/p>\n<p>Salvini accorde \u00e0 Gelli, en attendant de d\u00e9molir la P2, un nouveau si\u00e8ge \u00e0 Via Condotti, au centre de Rome, \u00a0\u00bb couvert \u00a0\u00bb par un Centre d&rsquo;\u00e9tude de l&rsquo;histoire contemporaine<a href=\"#_ftn76\" name=\"_ftnref76\">[76]<\/a> ; \u00e0 partir de 1973, Salvini commence lui-m\u00eame de nouveaux fr\u00e8res motu proprio, en tenant un compte en dehors de celui du Grand Orient, pensant avoir trouv\u00e9 un \u00e9quilibre entre le z\u00e8le hyperbolique de Gelli et son propre d\u00e9sir de garder le contr\u00f4le sur la P2<a href=\"#_ftn77\" name=\"_ftnref77\">[77]<\/a> , qui continue \u00e0 cro\u00eetre \u00e0 un rythme sans pr\u00e9c\u00e9dent, y compris avec des militaires de haut rang. D&rsquo;un c\u00f4t\u00e9, Salvini est attir\u00e9 par les perspectives qu&rsquo;une telle concentration de pouvoir peut ouvrir, de l&rsquo;autre, il craint Gelli et sa loge, \u00e9galement \u00e0 titre subversif<a href=\"#_ftn78\" name=\"_ftnref78\">[78]<\/a> .<\/p>\n<p>En 1974, le Grand Ma\u00eetre se rend compte qu&rsquo;il a perdu le contr\u00f4le de la P2 et propose donc sa d\u00e9molition et sa transformation en loge ouverte. Le vote sur la proposition de Salvini a lieu en d\u00e9cembre 1974 \u00e0 Naples, \u00e0 l&rsquo;occasion de la Grande Loge Festiva : les participants se prononcent clairement en faveur du Grand Ma\u00eetre. Pour proc\u00e9der \u00e0 la d\u00e9molition &#8211; \u00e9galement ratifi\u00e9e par le Conseil ex\u00e9cutif &#8211; il est n\u00e9cessaire d&rsquo;acqu\u00e9rir les registres et les dossiers personnels des membres. Apr\u00e8s de nombreuses r\u00e9sistances, Gelli accepte de remettre le mat\u00e9riel \u00e0 la Grande Loge suivante, en mars 1975. Salvini accepte, donnant \u00e0 Gelli l&rsquo;occasion de pr\u00e9parer un dossier contenant de graves accusations contre lui, qui est expos\u00e9 au public des participants \u00e0 la Grande Loge<a href=\"#_ftn79\" name=\"_ftnref79\">[79]<\/a> .<\/p>\n<p>Salvini, pour que les charges soient abandonn\u00e9es, doit accorder une nouvelle bulle constitutive \u00e0 la P2 en tant que loge non couverte, donc r\u00e9guli\u00e8re, en installant Licio Gelli comme V\u00e9n\u00e9rable Ma\u00eetre. De cette mani\u00e8re, Gelli est reconnu dans tout le monde ma\u00e7onnique comme un fr\u00e8re de haut rang, avec tout le prestige et l&rsquo;autorit\u00e9 que cela implique, tout en continuant \u00e0 g\u00e9rer de mani\u00e8re totalement autonome le groupement P2, qui s&rsquo;apparente plus \u00e0 un cercle priv\u00e9 qu&rsquo;\u00e0 une loge. Ce groupement comprend de nombreux initi\u00e9s \u00ab\u00a0sur l&rsquo;\u00e9p\u00e9e\u00a0\u00bb avant 1974 et d&rsquo;autres totalement ext\u00e9rieurs au milieu ma\u00e7onnique, dont les noms ne sont connus que de Gelli<a href=\"#_ftn80\" name=\"_ftnref80\">[80]<\/a> .<\/p>\n<p>Avant m\u00eame ce tournant, Gelli semble s\u00fbr du contr\u00f4le qu&rsquo;il exerce sur le groupe P2 : lors d&rsquo;une r\u00e9union de la direction de la loge, tenue \u00e0 l&rsquo;h\u00f4tel Baglioni de Florence le 29 d\u00e9cembre 1972, il propose d&rsquo;utiliser les membres de la P2 pour recueillir des informations et des nouvelles, \u00e0 transmettre \u00e0 l&rsquo;agence de presse Osservatore Politico<a href=\"#_ftn81\" name=\"_ftnref81\">[81]<\/a> , alors dirig\u00e9e par le g\u00e9n\u00e9ral Nicola Falde<a href=\"#_ftn82\" name=\"_ftnref82\">[82]<\/a> , de 1967 \u00e0 1969 chef du bureau de recherche \u00e9conomique et industrielle de la SID<a href=\"#_ftn83\" name=\"_ftnref83\">[83]<\/a> , membre de la P2 de 1971 \u00e0 1975 (Rome, 119, \u00e0 partir de 1975 en sommeil)<a href=\"#_ftn84\" name=\"_ftnref84\">[84]<\/a> . Giordano Gamberini, l&rsquo;ancien Grand Ma\u00eetre, continue d&rsquo;\u00eatre le conseiller secret et l&rsquo;inspirateur de Gelli, ainsi que d&rsquo;exercer son pouvoir au sein du GOI m\u00eame apr\u00e8s que Salvini lui ait succ\u00e9d\u00e9<a href=\"#_ftn85\" name=\"_ftnref85\">[85]<\/a> ; ceci gr\u00e2ce \u00e0 ses liens de longue date avec la CIA et Gigliotti, dont Gelli semble avoir pris \u00e0 t\u00e9moin les relations de la CIA avec l&rsquo;utilisation de la franc-ma\u00e7onnerie pour des strat\u00e9gies subversives, dont la fonction est de d\u00e9t\u00e9riorer la relation de confiance entre les institutions et les citoyens, rendant ces derniers plus enclins \u00e0 accepter un virage politique dans une direction autoritaire.<\/p>\n<p>Gelli est impliqu\u00e9 \u00e0 diff\u00e9rents niveaux dans la strat\u00e9gie de la tension en Italie : son r\u00e9seau de relations (qui a toujours \u00e9t\u00e9 le plus grand pouvoir de Gelli) le place dans les op\u00e9rations de la CIA et du gouvernement am\u00e9ricain &#8211; avec une r\u00e9f\u00e9rence particuli\u00e8re au secr\u00e9taire d&rsquo;\u00c9tat Henry Kissinger &#8211; pour b\u00e9nir et financer les op\u00e9rations de la droite subversive italienne : le r\u00f4le cl\u00e9 jou\u00e9 par Gelli et plusieurs membres de la P2 (le directeur du SID Vito Miceli, le g\u00e9n\u00e9ral de l&rsquo;arm\u00e9e de l&rsquo;air Giuseppe Casero, le colonel Giuseppe Lo Vecchio, l&rsquo;avocat et d\u00e9put\u00e9 d\u00e9mocrate-chr\u00e9tien Filippo De Jorio) dans la tentative de coup d&rsquo;\u00c9tat Borghese du 8 d\u00e9cembre 1970 est bien connu, m\u00eame s&rsquo;il n&rsquo;a pas \u00e9t\u00e9 confirm\u00e9 par les tribunaux<a href=\"#_ftn86\" name=\"_ftnref86\">[86]<\/a> . Gelli \u00e9tait \u00e9galement en contact avec l&rsquo;Ordine Nuovo de Pino Rauti, Vincenzo Vinciguerra et Pierluigi Concutelli, une relation au sujet de laquelle il a \u00e9t\u00e9 interrog\u00e9 par le juge Vittorio Occorsio quelques jours avant que Concutelli lui-m\u00eame ne le tue avec une mitrailleuse sous sa maison (Rome, 10 juillet 1976)<a href=\"#_ftn87\" name=\"_ftnref87\">[87]<\/a> .<\/p>\n<p><strong>Massacres d&rsquo;\u00c9tat<\/strong><\/p>\n<p><img loading=\"lazy\" class=\"aligncenter size-full wp-image-4588\" src=\"https:\/\/ibiworld.eu\/fr\/wp-content\/uploads\/2023\/06\/ITA024-09.jpg\" alt=\"\" width=\"500\" height=\"365\" srcset=\"https:\/\/ibiworld.eu\/fr\/wp-content\/uploads\/2023\/06\/ITA024-09.jpg 500w, https:\/\/ibiworld.eu\/fr\/wp-content\/uploads\/2023\/06\/ITA024-09-300x219.jpg 300w\" sizes=\"(max-width: 500px) 100vw, 500px\" \/><\/p>\n<p><strong>28 mai 1974 : le groupe n\u00e9o-fasciste Ordine Nuovo, dans le cadre de la strat\u00e9gie de retraite d\u00e9cid\u00e9e par les Am\u00e9ricains et la P2, tue huit manifestants avec une bombe sur la Piazza della Loggia, \u00e0 Brescia.<a href=\"#_ftn88\" name=\"_ftnref88\">[88]<\/a><\/strong><\/p>\n<p>Giovanni Falcone a d\u00e9couvert, plusieurs ann\u00e9es apr\u00e8s ces \u00e9v\u00e9nements, que Concutelli \u00e9tait membre de la loge ma\u00e7onnique palermitaine Camea (carte de membre n\u00b0 11.070), qui comptait \u00e9galement parmi ses membres des hommes de Cosa Nostra<a href=\"#_ftn89\" name=\"_ftnref89\">[89]<\/a> . Tous les affili\u00e9s ont fait l&rsquo;objet d&rsquo;une enqu\u00eate en 1979 pour leur r\u00f4le dans le faux enl\u00e8vement du financier piduiste Michele Sindona<a href=\"#_ftn90\" name=\"_ftnref90\">[90]<\/a> . Un autre \u00e9l\u00e9ment important de la strat\u00e9gie de tension dans une cl\u00e9 gellienne et piduiste est Federico Umberto D&rsquo;Amato : n\u00e9 en 1919, il est pendant la Seconde Guerre mondiale commissaire adjoint \u00e0 la s\u00e9curit\u00e9 publique \u00e0 Rome ; apr\u00e8s le 8 septembre, il devient un agent actif dans les op\u00e9rations de contre-espionnage employ\u00e9es par l&rsquo;OSS de James Angleton, avec lequel il a une relation personnelle. Apr\u00e8s la guerre, il est affect\u00e9 au bureau politique de la Questura \u00e0 Rome, puis au bureau des affaires r\u00e9serv\u00e9es du minist\u00e8re de l&rsquo;int\u00e9rieur<a href=\"#_ftn91\" name=\"_ftnref91\">[91]<\/a> , dont il devient le directeur en 1971.<\/p>\n<p>D&rsquo;Amato entre en contact avec Stefano Delle Chiaie et l&rsquo;Avanguardia Nazionale par l&rsquo;interm\u00e9diaire de Mario Tedeschi, journaliste de la revue \u00ab\u00a0Il Borghese\u00a0\u00bb<a href=\"#_ftn92\" name=\"_ftnref92\">[92]<\/a> . En 1974, apr\u00e8s le massacre de la Piazza della Loggia \u00e0 Brescia, il est \u00e9cart\u00e9 du bureau des affaires confidentielles et envoy\u00e9 \u00e0 la t\u00eate de la police des fronti\u00e8res<a href=\"#_ftn93\" name=\"_ftnref93\">[93]<\/a> . Les archives du proc\u00e8s de la faillite du Banco Ambrosiano font \u00e9tat de plusieurs transferts effectu\u00e9s par Gelli \u00e0 D&rsquo;Amato pour l&rsquo;achat d&rsquo;un appartement \u00e0 Paris<a href=\"#_ftn94\" name=\"_ftnref94\">[94]<\/a> . Il est \u00e9vident que D&rsquo;Amato a utilis\u00e9 son r\u00f4le au sein du minist\u00e8re de l&rsquo;Int\u00e9rieur, en plus de l&rsquo;exp\u00e9rience et des contacts acquis gr\u00e2ce \u00e0 ses activit\u00e9s d&rsquo;espionnage, d&rsquo;une part pour d\u00e9tourner les enqu\u00eates et couvrir les auteurs des atrocit\u00e9s commises par le terrorisme n\u00e9o et post-fasciste \u00e0 partir du massacre de Piazza Fontana<a href=\"#_ftn95\" name=\"_ftnref95\">[95]<\/a> , et d&rsquo;autre part pour fournir des informations \u00e0 Licio Gelli.<\/p>\n<p>Parall\u00e8lement \u00e0 la chute de D&rsquo;Amato, en 1974, Ordine Nuovo et Avanguardia Nazionale font l&rsquo;objet d&rsquo;enqu\u00eates judiciaires, et les piduistes Maletti et Miceli voient leur position au sein du Service d&rsquo;information de la d\u00e9fense compromise. Le nom de Gelli n&rsquo;est pas encore connu des milieux judiciaires et encore moins du public. Des ann\u00e9es plus tard, la Commission P2 r\u00e9v\u00e8le le r\u00f4le d\u00e9cisif de la P2 dans la mise en \u0153uvre, la dissimulation des responsables et la tromperie des enqu\u00eates sur l&rsquo;attentat de la Piazza della Loggia (28 mai 1974)<a href=\"#_ftn96\" name=\"_ftnref96\">[96]<\/a> .<\/p>\n<p>La direction de la SID, en la personne de Gianadelio Maletti, responsable du contre-espionnage, a reconnu avoir dissimul\u00e9 les informations concernant des \u00e9l\u00e9ments de l&rsquo;ordinovismo v\u00e9nitien \u00e0 un agent infiltr\u00e9 nomm\u00e9 Maurizio Tramonte, qui a \u00e9t\u00e9 acquitt\u00e9 avec les ordinovisti Delfo Zorzi et Carlo Maria Maggi dans le proc\u00e8s pour le massacre de<a href=\"#_ftn97\" name=\"_ftnref97\">[97]<\/a> . Les informations de Tramonte, qui faisaient \u00e9tat de la planification d&rsquo;un attentat de grande envergure quelques jours avant le massacre, ont \u00e9t\u00e9 retrouv\u00e9es en 1991 par le juge Guido Salvini dans les bureaux du SISMI de Padoue, tandis que les carabiniers de Padoue ont d\u00e9truit les copies de documents similaires en leur possession, en violation de l&rsquo;obligation de les conserver<a href=\"#_ftn98\" name=\"_ftnref98\">[98]<\/a> . Le commandant des carabiniers de Padoue de 1970 \u00e0 1976, ann\u00e9es au cours desquelles la ville a \u00e9t\u00e9 un centre n\u00e9vralgique de la subversion noire, \u00e9tait Manlio Del Gaudio, piduista<a href=\"#_ftn99\" name=\"_ftnref99\">[99]<\/a> .<\/p>\n<p><strong>Terrorisme financier<\/strong><\/p>\n<p><img loading=\"lazy\" class=\"aligncenter size-full wp-image-4589\" src=\"https:\/\/ibiworld.eu\/fr\/wp-content\/uploads\/2023\/06\/ITA024-10.jpg\" alt=\"\" width=\"600\" height=\"705\" srcset=\"https:\/\/ibiworld.eu\/fr\/wp-content\/uploads\/2023\/06\/ITA024-10.jpg 600w, https:\/\/ibiworld.eu\/fr\/wp-content\/uploads\/2023\/06\/ITA024-10-255x300.jpg 255w\" sizes=\"(max-width: 600px) 100vw, 600px\" \/><\/p>\n<p><strong>Umberto Ortolani, le franc-ma\u00e7on qui a coordonn\u00e9 les d\u00e9penses du syst\u00e8me terroriste et corrompu am\u00e9ricain en Italie &#8211; l&rsquo;homme que Licio Gelli, pour en pr\u00e9ciser l&rsquo;importance et le caract\u00e8re secret, a appel\u00e9 Doctor Nobody.<a href=\"#_ftn100\" name=\"_ftnref100\">[100]<\/a><\/strong><\/p>\n<p>Les attentats, la dissimulation des terroristes n\u00e9o-fascistes en fuite, le r\u00e9seau de corrompus et de collaborateurs des services secrets italiens et am\u00e9ricains, n\u00e9cessitent des sommes d&rsquo;argent de plus en plus importantes. Et Gelli s&rsquo;en occupe personnellement, gr\u00e2ce \u00e0 sa loge et gr\u00e2ce \u00e0 Ruggero Firrao qui, au milieu des ann\u00e9es 70, est directeur g\u00e9n\u00e9ral de la monnaie au minist\u00e8re du Commerce ext\u00e9rieur, en plus d&rsquo;\u00eatre membre de la P2. Sa fonction est de s&rsquo;assurer que Gelli autorise le minist\u00e8re \u00e0 ouvrir d&rsquo;importantes lignes de cr\u00e9dit pour soutenir les op\u00e9rations financi\u00e8res imprudentes coordonn\u00e9es par deux affili\u00e9s de la P2 : Umberto Ortolani et Roberto Calvi<a href=\"#_ftn101\" name=\"_ftnref101\">[101]<\/a> .<\/p>\n<p>Entrepreneur et financier, Ortolani a un pass\u00e9 d&rsquo;agent du SIM (Service d&rsquo;information militaire) pendant les ann\u00e9es de la dictature fasciste. Toujours en contact \u00e9troit avec le monde de la presse et de l&rsquo;\u00e9dition, il est \u00e9diteur, \u00e0 diff\u00e9rentes \u00e9poques, de deux agences de presse la Stefani et, plus tard, l&rsquo;Agenzia Italia (qu&rsquo;il a fond\u00e9e avec des fonds am\u00e9ricains provenant du Programme europ\u00e9en de reconstruction<a href=\"#_ftn102\" name=\"_ftnref102\">[102]<\/a> , puis vendue \u00e0 l&rsquo;ENI)<a href=\"#_ftn103\" name=\"_ftnref103\">[103]<\/a> ; en Am\u00e9rique du Sud, il est actif depuis l&rsquo;apr\u00e8s-guerre, devenant dans les ann\u00e9es 1960 propri\u00e9taire du Banco Financero Sudamericano (Bafisud) en Uruguay, de la Banca Continental et de la Banca del Plata<a href=\"#_ftn104\" name=\"_ftnref104\">[104]<\/a> en Argentine ; parall\u00e8lement \u00e0 ses activit\u00e9s bancaires, il a \u00e9galement travaill\u00e9 en tant qu&rsquo;\u00e9diteur, prenant le contr\u00f4le de trois journaux quotidiens : \u00ab\u00a0Il Corriere degli Italiani (Argentine), La Hora de Italia (Uruguay) et Il Giornale d&rsquo;Italia (Br\u00e9sil)<a href=\"#_ftn105\" name=\"_ftnref105\">[105]<\/a> , et devient pr\u00e9sident de l&rsquo;Association de la presse italienne \u00e0 l&rsquo;\u00e9tranger.<\/p>\n<p>Connaissant tr\u00e8s t\u00f4t des repr\u00e9sentants de la DC comme Amintore Fanfani et Giulio Andreotti, Ortolani r\u00e9ussit \u00e0 entrer dans le cercle du cardinal Giacomo Lercaro, qui \u00e9tait en poste \u00e0 Bologne, o\u00f9 on le retrouvait souvent en tant qu&rsquo;administrateur d\u00e9l\u00e9gu\u00e9 de Ducati<a href=\"#_ftn106\" name=\"_ftnref106\">[106]<\/a> . Dans la seconde moiti\u00e9 des ann\u00e9es 1950, il devient un collaborateur du d\u00e9mocrate-chr\u00e9tien Fernando Tambroni, jusqu&rsquo;\u00e0 la chute du gouvernement qu&rsquo;il dirige (avec le soutien du MSI) en 1960, devenant l&rsquo;un des acteurs cl\u00e9s de la gigantesque entreprise de sp\u00e9culation immobili\u00e8re \u00e0 Rome &#8211; en mettant la main, en tant que pr\u00e9sident de l&rsquo;Institut national des fonctionnaires, \u00e0 la construction du village des athl\u00e8tes pour les Jeux olympiques de Rome<a href=\"#_ftn107\" name=\"_ftnref107\">[107]<\/a> .<\/p>\n<p>Ses fils sont \u00e9galement impliqu\u00e9s : Mario et Piero s&rsquo;installent en Uruguay pour g\u00e9rer l&rsquo;expansion au Br\u00e9sil et en Argentine de Bafisud \u00e0 Montevideo, tandis que son fils a\u00een\u00e9 Amedeo, \u00e0 partir de 1975, dirige Voxson, un fabricant de radios appartenant \u00e0 EMI<a href=\"#_ftn108\" name=\"_ftnref108\">[108]<\/a> . Homme tenu en haute estime dans les hautes sph\u00e8res de la politique italienne et du Vatican, Ortolani s&rsquo;est vu d\u00e9cerner \u00e0 plusieurs reprises des titres honorifiques : Grande Ufficiale Ordine al Merito della Repubblica Italiana<a href=\"#_ftn109\" name=\"_ftnref109\">[109]<\/a> , Cavaliere di Gran Croce, Gentiluomo d&rsquo;Onore di Sua Santit\u00e0<a href=\"#_ftn110\" name=\"_ftnref110\">[110]<\/a> , Ambassadeur de l&rsquo;Ordre Souverain de Malte. \u00c0 l&rsquo;occasion de la mort du cardinal Lercaro, il commande \u00e0 Giacomo Manz\u00f9 une statue d\u00e9di\u00e9e au cardinal dans la basilique San Petronio de Bologne<a href=\"#_ftn111\" name=\"_ftnref111\">[111]<\/a> .<\/p>\n<p>C&rsquo;est cet homme qui, en 1972, est entr\u00e9 en contact avec Licio Gelli : le magazine O.P. de Mino Pecorelli publie un article dans lequel il impute les probl\u00e8mes de l&rsquo;Argentine \u00e0 trois Italiens importants travaillant \u00e0 Buenos Aires \u00e0 cette \u00e9poque : Oberdan Sallustro &#8211; directeur de la FIAT Concord argentine, peu apr\u00e8s enlev\u00e9 et tu\u00e9 par l&rsquo;ERP (Ejercito Revolucionario del Pueblo)<a href=\"#_ftn112\" name=\"_ftnref112\">[112]<\/a> , Aurelio Peccei &#8211; fondateur de la FIAT Concord, qui est retourn\u00e9 \u00e0 Buenos Aires pour essayer de lib\u00e9rer Sallustro et est ensuite rentr\u00e9 pr\u00e9cipitamment en Italie &#8211; et Umberto Ortolani. Ce dernier, soucieux de sa s\u00e9curit\u00e9 et de celle de ses enfants, trouve en Gelli le bon interlocuteur, qui lui offre sa protection en \u00e9change de son adh\u00e9sion \u00e0 la P2. Compte tenu des liens entre Mino Pecorelli (directeur de l&rsquo;O.P.), les services secrets et la P2, il est possible que le chantage mis en place par Pecorelli ait \u00e9t\u00e9 favoris\u00e9 par Gelli lui-m\u00eame afin d&rsquo;encourager la d\u00e9marche d&rsquo;Ortolani.<\/p>\n<p><img loading=\"lazy\" class=\"aligncenter size-full wp-image-4590\" src=\"https:\/\/ibiworld.eu\/fr\/wp-content\/uploads\/2023\/06\/ITA024-11.jpg\" alt=\"\" width=\"1178\" height=\"760\" srcset=\"https:\/\/ibiworld.eu\/fr\/wp-content\/uploads\/2023\/06\/ITA024-11.jpg 1178w, https:\/\/ibiworld.eu\/fr\/wp-content\/uploads\/2023\/06\/ITA024-11-300x194.jpg 300w, https:\/\/ibiworld.eu\/fr\/wp-content\/uploads\/2023\/06\/ITA024-11-1024x661.jpg 1024w, https:\/\/ibiworld.eu\/fr\/wp-content\/uploads\/2023\/06\/ITA024-11-768x495.jpg 768w, https:\/\/ibiworld.eu\/fr\/wp-content\/uploads\/2023\/06\/ITA024-11-600x387.jpg 600w\" sizes=\"(max-width: 1178px) 100vw, 1178px\" \/><\/p>\n<p><strong>Mars 1972 : Oberdan Sallustro, directeur de FIAT, est enlev\u00e9 puis tu\u00e9 par des terroristes de l&rsquo;ERP <a href=\"#_ftn113\" name=\"_ftnref113\">[113]<\/a><\/strong><\/p>\n<p>En juin 1975, Amedeo Ortolani, alors administrateur d\u00e9l\u00e9gu\u00e9 de Delfino Immobiliare, est enlev\u00e9 par le clan marseillais puis lib\u00e9r\u00e9 au bout de onze jours apr\u00e8s le versement d&rsquo;une importante ran\u00e7on (un milliard de lires<a href=\"#_ftn114\" name=\"_ftnref114\">[114]<\/a> ) ; en 1994, Antonio Mancini (transfuge, ancien membre de la Banda della Magliana) affirme qu&rsquo;il s&rsquo;agit d&rsquo;un faux enl\u00e8vement, organis\u00e9 par les Marseillais pour permettre \u00e0 Umberto Ortolani de dissiper les doutes sur ses relations avec l&rsquo;organisation criminelle<a href=\"#_ftn115\" name=\"_ftnref115\">[115]<\/a> . En mars 1976, Albert Bergamelli est arr\u00eat\u00e9 gr\u00e2ce aux investigations du juge Occorsio, se disant prot\u00e9g\u00e9 par une grande famille. L&rsquo;arrestation, deux jours plus tard, de son avocat, Gian Antonio Minghelli, fils du g\u00e9n\u00e9ral de police Osvaldo et secr\u00e9taire \u00e0 l&rsquo;organisation de la P2<a href=\"#_ftn116\" name=\"_ftnref116\">[116]<\/a> , permet de deviner de quelle famille il s&rsquo;agit. Interrog\u00e9 par les juges Occorsio et Ferdinando Imposimato, Bergamelli reconna\u00eet lui-m\u00eame son appartenance \u00e0 la franc-ma\u00e7onnerie, sans toutefois nommer la P2<a href=\"#_ftn117\" name=\"_ftnref117\">[117]<\/a> .<\/p>\n<p>Le m\u00eame Grand Ma\u00eetre Salvini, en mars 1975, a \u00e9t\u00e9 interrog\u00e9 \u00e0 cinq reprises par le juge d&rsquo;instruction Francesco Fiore au sujet du coup d&rsquo;\u00c9tat Borgh\u00e8se (1970), du coup d&rsquo;\u00c9tat manqu\u00e9 de l&rsquo;\u00e9t\u00e9 1974 (le soi-disant \u00ab\u00a0coup d&rsquo;\u00c9tat blanc\u00a0\u00bb d&rsquo;Edgardo Sogno)<a href=\"#_ftn118\" name=\"_ftnref118\">[118]<\/a> , et de ses contacts avec les subversifs v\u00e9nitiens du groupe \u00ab\u00a0Rosa dei Venti\u00a0\u00bb<a href=\"#_ftn119\" name=\"_ftnref119\">[119]<\/a> . Sur ces m\u00eames sujets, Fiore interrogea \u00e0 plusieurs reprises Vito Miceli et Gianadelio Maletti (piduistes charg\u00e9s respectivement du SID et du contre-espionnage du SID), qui furent ensuite \u00e9galement entendus par le juge Giovanni Tamburrino &#8211; qui enqu\u00eatait sur les Rosa dei Venti \u00e0 Padoue &#8211; ainsi que par le colonel de l&rsquo;arm\u00e9e Amos Spiazzi et Giulio Andreotti<a href=\"#_ftn120\" name=\"_ftnref120\">[120]<\/a> . Le pouvoir de Gelli s&rsquo;est tellement d\u00e9velopp\u00e9 qu&rsquo;il ne peut plus \u00eatre dissimul\u00e9 longtemps. Dans toute l&rsquo;Italie, il y a des magistrats qui, en enqu\u00eatant sur les actes terroristes de droite de ces derni\u00e8res ann\u00e9es, arrivent t\u00f4t ou tard \u00e0 son nom ou \u00e0 celui de la P2.<\/p>\n<p>En octobre 1974, Emilio Santillo, directeur de l&rsquo;Inspection antiterroriste du minist\u00e8re de l&rsquo;Int\u00e9rieur, adresse \u00e0 Tamburrino un rapport sur les liens entre Gelli, la P2 (initialement identifi\u00e9e comme le \u00ab\u00a0groupe Gelli\u00a0\u00bb) et les projets de coup d&rsquo;\u00c9tat de Borghese. Un deuxi\u00e8me rapport de Santillo est envoy\u00e9 au juge d&rsquo;instruction de Bologne, Vito Zincani, le 27 d\u00e9cembre 1975 : les soup\u00e7ons sur Gelli, son pass\u00e9 fasciste et les activit\u00e9s de la P2 sont renforc\u00e9s. Le troisi\u00e8me rapport est envoy\u00e9 par Santillo \u00e0 Pier Luigi Vigna et Luigi Pappalardo, magistrats du parquet de Florence, le 9 octobre 1976, dans le cadre de l&rsquo;enqu\u00eate sur l&rsquo;assassinat du juge Vittorio Occorsio<a href=\"#_ftn121\" name=\"_ftnref121\">[121]<\/a> .<\/p>\n<p>On y parle beaucoup de la franc-ma\u00e7onnerie italienne, de la P2, de son si\u00e8ge, du passeport argentin de Gelli, d\u00e9livr\u00e9 sur ordre de Per\u00f3n, des affaires de Lebole avec la Roumanie, de l&rsquo;h\u00f4tel Excelsior \u00e0 Rome &#8211; utilis\u00e9 par Gelli comme base romaine pour des r\u00e9unions et des rencontres priv\u00e9es ; Santillo fait \u00e9galement r\u00e9f\u00e9rence au document que Gelli aurait fait circuler parmi les \u00ab\u00a0fr\u00e8res\u00a0\u00bb sur les mesures \u00e0 prendre par la DC au gouvernement pour sortir de la crise : contr\u00f4le de la radio et de la t\u00e9l\u00e9vision, r\u00e9vision de la Constitution, abolition de l&rsquo;immunit\u00e9 parlementaire, r\u00e9forme du syst\u00e8me judiciaire, r\u00e9vision des pouvoirs des forces de police, suspension pour deux ans des activit\u00e9s syndicales et gel des contrats de travail<a href=\"#_ftn122\" name=\"_ftnref122\">[122]<\/a> .<\/p>\n<p>Le rapport contient \u00e9galement les noms de nombreux membres de la P2 alors pr\u00e9sum\u00e9s (car apparus dans la presse), tels que Miceli et Maletti, le capitaine des carabiniers Antonio Labruna, un agent de la DGSI, l&rsquo;amiral Gino Birindelli, Remo Orlandini, un constructeur proche de Borghese et impliqu\u00e9 dans le Golpe, Michele Sindona, Umberto Ortolani et Gian Antonio Minghelli<a href=\"#_ftn123\" name=\"_ftnref123\">[123]<\/a> . Les organes minist\u00e9riels et les enqu\u00eateurs connaissaient, \u00e0 l&rsquo;\u00e9poque, des informations indirectes mais circonstancielles sur les activit\u00e9s de Gelli. L&rsquo;arrestation de Minghelli, en raison de son r\u00f4le dans la P2, risquait d&rsquo;attirer l&rsquo;attention des journaux sur le pass\u00e9 du V\u00e9n\u00e9rable et sur les noms de certains francs-ma\u00e7ons impliqu\u00e9s dans des enqu\u00eates judiciaires ; une v\u00e9ritable guigne pour Gelli, qui risquait de perdre le pouvoir qu&rsquo;il avait laborieusement conquis. Convaincu du jeu de l&rsquo;anticipation, Gelli propose\/impose \u00e0 Salvini la suspension pr\u00e9ventive des travaux de la P2, afin de permettre aux &lsquo;fr\u00e8res&rsquo; de retrouver la s\u00e9r\u00e9nit\u00e9 loin des scandales<a href=\"#_ftn124\" name=\"_ftnref124\">[124]<\/a> .<\/p>\n<p><img loading=\"lazy\" class=\"aligncenter size-full wp-image-4591\" src=\"https:\/\/ibiworld.eu\/fr\/wp-content\/uploads\/2023\/06\/ITA024-12.jpg\" alt=\"\" width=\"620\" height=\"458\" srcset=\"https:\/\/ibiworld.eu\/fr\/wp-content\/uploads\/2023\/06\/ITA024-12.jpg 620w, https:\/\/ibiworld.eu\/fr\/wp-content\/uploads\/2023\/06\/ITA024-12-300x222.jpg 300w, https:\/\/ibiworld.eu\/fr\/wp-content\/uploads\/2023\/06\/ITA024-12-600x443.jpg 600w\" sizes=\"(max-width: 620px) 100vw, 620px\" \/><\/p>\n<p><strong>Le pr\u00e9fet Emilio Santillo &#8211; le premier \u00e0 r\u00e9diger un rapport sur les activit\u00e9s ill\u00e9gales de la loge P2<a href=\"#_ftn125\" name=\"_ftnref125\">[125]<\/a><\/strong><\/p>\n<p>Cela ne rend toutefois pas la loge inop\u00e9rante ; Gelli continue \u00e0 rechercher de nouveaux affili\u00e9s \u00e0 initier officieusement dans la P2, qui est actuellement ferm\u00e9e, confiant les t\u00e2ches d&rsquo;initiation \u00e0 Gamberini, d\u00e9pla\u00e7ant le lieu du rituel dans la suite Excelsior qu&rsquo;il a lou\u00e9e il y a quelque temps. En ce qui concerne l&rsquo;adh\u00e9sion, Gelli a re\u00e7u de Salvini, victime de chantage ou de peur, des cartes de membre vierges sign\u00e9es par lui, que Gelli pouvait ensuite distribuer \u00e0 volont\u00e9 \u00e0 des personnes sur lesquelles aucun organe de la franc-ma\u00e7onnerie ne pouvait effectuer une v\u00e9rification pr\u00e9alable de l&rsquo;aptitude<a href=\"#_ftn126\" name=\"_ftnref126\">[126]<\/a> . D&rsquo;un coup de main habile, Gelli r\u00e9ussit \u00e0 surmonter le moment difficile, transformant P2 en une organisation ext\u00e9rieure, en fait, au Grand Orient. Gel\u00e9e, la loge ne peut plus \u00eatre soustraite \u00e0 son contr\u00f4le.<\/p>\n<p>La presse, en revanche, commence \u00e0 lier les actions de l&rsquo;Anonima Sequestri et du Clan dei Marsigliesi \u00e0 la subversion noire, pla\u00e7ant au sommet de la pyramide une organisation ma\u00e7onnique dirig\u00e9e par un homme puissant d&rsquo;Arezzo&#8230; Le nom de Gelli appara\u00eet pour la premi\u00e8re fois dans le Messaggero, sous la signature de Mario Caffaro, le 9 mai 1976. Pour tenir la presse \u00e0 distance et repousser les attaques du PCI, seul \u00e9l\u00e9ment \u00e9chappant \u00e0 son contr\u00f4le, Gelli recourt \u00e0 un stratag\u00e8me singulier : il obtient de l&rsquo;ancien chef du CLN de Pistoia, Italo Carobbi, une copie de l&rsquo;ancien laissez-passer de 1944 certifiant ses activit\u00e9s en faveur des partisans, et le fait circuler dans le milieu ma\u00e7onnique et dans les r\u00e9dactions des journaux. Les rumeurs sur un Gelli tortionnaire de partisans se sont imm\u00e9diatement tues, la presse a \u00e9t\u00e9 plus g\u00e9n\u00e9ralement d\u00e9concert\u00e9e par les r\u00e9v\u00e9lations contenues dans le document, qui ont jet\u00e9 une lumi\u00e8re totalement nouvelle sur un personnage extr\u00eamement insaisissable<a href=\"#_ftn127\" name=\"_ftnref127\">[127]<\/a> .<\/p>\n<p>Peu avant sa mort, le juge Occorsio confie au journaliste de l&rsquo;Unit\u00e0 Franco Scottoni son intention d&rsquo;enqu\u00eater sur l&rsquo;ONPAM (Organisation mondiale d&rsquo;assistance ma\u00e7onnique), avec des pros\u00e9lytes surtout en Am\u00e9rique du Sud, d\u00e9nonc\u00e9e comme ill\u00e9gale par la franc-ma\u00e7onnerie officielle, \u00e0 laquelle se joint pourtant la P2. L&rsquo;ONPAM, derri\u00e8re laquelle Gelli semble \u00eatre<a href=\"#_ftn128\" name=\"_ftnref128\">[128]<\/a> , a annonc\u00e9 son intention d&rsquo;acheter un immeuble \u00e0 Rome d&rsquo;une valeur de huit millions de dollars. Le juge aurait \u00e9mis l&rsquo;hypoth\u00e8se que l&rsquo;activit\u00e9 de saisie Anonima de Bergamelli pourrait servir \u00e0 financer des op\u00e9rations telles que celle-ci<a href=\"#_ftn129\" name=\"_ftnref129\">[129]<\/a> . Salvini (15\/08\/1976) et Gelli (18\/05\/1977) ont \u00e9t\u00e9 interrog\u00e9s, dans le cadre de l&rsquo;enqu\u00eate sur l&rsquo;assassinat d&rsquo;Occorsio, pr\u00e9cis\u00e9ment sur la P2, l&rsquo;ONPAM et les relations entre Gelli et Minghelli<a href=\"#_ftn130\" name=\"_ftnref130\">[130]<\/a> .<\/p>\n<p>Le 22 mai 1981, deux mois apr\u00e8s l&rsquo;enl\u00e8vement de Castiglion Fibocchi, un mandat d&rsquo;arr\u00eat est lanc\u00e9 contre le V\u00e9n\u00e9rable, mais il est port\u00e9 disparu. Il reste en fuite en France puis en Am\u00e9rique du Sud jusqu&rsquo;\u00e0 son arrestation \u00e0 Gen\u00e8ve le 13 septembre 1982. Il est enferm\u00e9 \u00e0 la prison de Champ Dollon, dont il s&rsquo;\u00e9vade le 10 ao\u00fbt 1983. Gelli vit en cavale jusqu&rsquo;au 21 septembre 1987, date \u00e0 laquelle il se rend \u00e0 Gen\u00e8ve. Il est extrad\u00e9 vers l&rsquo;Italie au mois de f\u00e9vrier suivant, obtenant une lib\u00e9ration conditionnelle pour raisons de sant\u00e9. Toujours en 1998, apr\u00e8s avoir \u00e9t\u00e9 d\u00e9finitivement condamn\u00e9 \u00e0 12 ans de prison pour l&rsquo;effondrement du Banco Ambrosiano, Gelli se cache pendant quatre mois, avant d&rsquo;\u00eatre rattrap\u00e9 et de purger sa peine en r\u00e9sidence surveill\u00e9e \u00e0 la villa Wanda<a href=\"#_ftn131\" name=\"_ftnref131\">[131]<\/a> .<\/p>\n<p>En juillet 1982, lors de son s\u00e9jour secret \u00e0 Nice, Maria Grazia Calvi est arr\u00eat\u00e9e \u00e0 son arriv\u00e9e \u00e0 l&rsquo;a\u00e9roport de Fiumicino ; dans le faux fond d&rsquo;une des valises de la fille du V\u00e9n\u00e9rable, des documents sont trouv\u00e9s, dont le Plan de relance d\u00e9mocratique<a href=\"#_ftn132\" name=\"_ftnref132\">[132]<\/a> . Tr\u00e8s probablement r\u00e9dig\u00e9 en 1976 par un groupe d&rsquo;experts li\u00e9s \u00e0 Gelli, le Plan est un programme de \u00ab\u00a0revitalisation\u00a0\u00bb non conspirationniste des institutions d\u00e9mocratiques par la restriction des libert\u00e9s civiles, politiques et associatives en g\u00e9n\u00e9ral, la s\u00e9lection par le haut des personnes en charge des fonctions gouvernementales, le contr\u00f4le de l&rsquo;information, le d\u00e9sinvestissement de l&rsquo;autorit\u00e9 publique, la mise en place d&rsquo;un syst\u00e8me d&rsquo;information et d&rsquo;un syst\u00e8me de gestion des ressources humaines. le contr\u00f4le de l&rsquo;information, la cession de la RAI, la cr\u00e9ation de r\u00e9seaux de t\u00e9l\u00e9vision priv\u00e9s, l&rsquo;interdiction des partis, des syndicats, des institutions, des journaux qui peuvent \u00eatre rattach\u00e9s \u00e0 la zone communiste ou m\u00eame seulement progressiste, la limitation du pouvoir judiciaire et, \u00e0 moyen terme, par le biais d&rsquo;amendements \u00e0 la Constitution<a href=\"#_ftn133\" name=\"_ftnref133\">[133]<\/a> .<\/p>\n<p>Il est surprenant de constater combien de ces intentions ont trouv\u00e9 \u00e0 s&rsquo;appliquer dans les d\u00e9cennies suivantes, notamment dans le cadre de la carri\u00e8re, d&rsquo;abord entrepreneuriale puis politique, du piduista Silvio Berlusconi. Fininvest, Forza Italia, la d\u00e9cadence de la RAI, la propri\u00e9t\u00e9 de nombreux journaux, les luttes contre le pouvoir judiciaire et les tentatives parlementaires de soumettre le pouvoir des juges \u00e0 celui des politiques, la scission du front syndical en 2002, la CGIL restant seule \u00e0 contester la modification de l&rsquo;article 18 du Statut des travailleurs, sont quelques-uns des h\u00e9ritages que le V\u00e9n\u00e9rable Ma\u00eetre, par l&rsquo;interm\u00e9diaire d&rsquo;un de ses anciens prot\u00e9g\u00e9s et associ\u00e9s, a gracieusement impos\u00e9s \u00e0 notre existence<a href=\"#_ftn134\" name=\"_ftnref134\">[134]<\/a> .<\/p>\n<p><strong>Le Banco Ambrosiano &#8211; un \u00e9cheveau immat\u00e9riel<\/strong><\/p>\n<p><img loading=\"lazy\" class=\"aligncenter size-full wp-image-4592\" src=\"https:\/\/ibiworld.eu\/fr\/wp-content\/uploads\/2023\/06\/ITA024-13.jpg\" alt=\"\" width=\"1200\" height=\"606\" srcset=\"https:\/\/ibiworld.eu\/fr\/wp-content\/uploads\/2023\/06\/ITA024-13.jpg 1200w, https:\/\/ibiworld.eu\/fr\/wp-content\/uploads\/2023\/06\/ITA024-13-300x152.jpg 300w, https:\/\/ibiworld.eu\/fr\/wp-content\/uploads\/2023\/06\/ITA024-13-1024x517.jpg 1024w, https:\/\/ibiworld.eu\/fr\/wp-content\/uploads\/2023\/06\/ITA024-13-768x388.jpg 768w, https:\/\/ibiworld.eu\/fr\/wp-content\/uploads\/2023\/06\/ITA024-13-600x303.jpg 600w\" sizes=\"(max-width: 1200px) 100vw, 1200px\" \/><\/p>\n<p><strong>Le pr\u00e9sident du Banco Ambrosiano, Roberto Calvi<a href=\"#_ftn135\" name=\"_ftnref135\">[135]<\/a><\/strong><\/p>\n<p>Le besoin d&rsquo;argent augmente, et l&rsquo;urgence avec laquelle il doit \u00eatre mis \u00e0 disposition s&rsquo;accro\u00eet, de sorte que Gelli, au milieu des ann\u00e9es 1970, prend progressivement le contr\u00f4le occulte de la Banco Ambrosiano. N\u00e9 en 1920, Roberto Calvi commence \u00e0 travailler \u00e0 la Banco Ambrosiano en tant qu&#8217;employ\u00e9 de bureau en 1947, sous l&rsquo;aile du directeur Alessandro Canesi, le futur pr\u00e9sident de l&rsquo;Institut<a href=\"#_ftn136\" name=\"_ftnref136\">[136]<\/a> . En 1971, Calvi devient directeur g\u00e9n\u00e9ral, en 1974 vice-pr\u00e9sident et en 1975 pr\u00e9sident du Banco<a href=\"#_ftn137\" name=\"_ftnref137\">[137]<\/a> . L&rsquo;histoire de l&rsquo;Ambrosiano, bien avant d&rsquo;\u00eatre li\u00e9e \u00e0 celle de la P2, est proche de celle de l&rsquo;Istituto per le Opere di Religione (IOR), la banque du Vatican. Fond\u00e9e en 1896 par l&rsquo;avocat (et tertiaire franciscain) Giuseppe Tovini pour financer des institutions pieuses<a href=\"#_ftn138\" name=\"_ftnref138\">[138]<\/a> , l&rsquo;Ambrosiano avait des relations av\u00e9r\u00e9es avec l&rsquo;IOR d\u00e8s le 30 octobre 1967, date de la signature d&rsquo;un contrat sign\u00e9 par le comptable du Vatican Pellegrino de Strobel et Monseigneur Donato de Bonis (futur secr\u00e9taire de l&rsquo;IOR) par lequel l&rsquo;IOR autorisait la Banca del Gottardo \u00e0 g\u00e9rer une soci\u00e9t\u00e9 d\u00e9nomm\u00e9e Intermax<a href=\"#_ftn139\" name=\"_ftnref139\">[139]<\/a> .<\/p>\n<p>Ce lien a \u00e9t\u00e9 h\u00e9rit\u00e9 par le cardinal Paul Marcinkus lorsqu&rsquo;il a pris la direction de l&rsquo;Institut du Vatican, ainsi que par Calvi lorsqu&rsquo;il a acc\u00e9d\u00e9 aux plus hautes fonctions de l&rsquo;Ambrosiano. En 1956, alors qu&rsquo;Alessandro Canesi est directeur g\u00e9n\u00e9ral, les dirigeants du Banco donnent mandat \u00e0 l&rsquo;avocat Walter Keicher (un homme au service d&rsquo;hommes d&rsquo;affaires puissants et discrets de toute la plan\u00e8te) d&rsquo;enregistrer au Liechtenstein une soci\u00e9t\u00e9 appel\u00e9e Lovelok ; c&rsquo;est Keicher qui, pour le compte de l&rsquo;IOR, cr\u00e9e Intermax. Intermax est utilis\u00e9e un an plus tard pour cr\u00e9er la Gotthard Bank<a href=\"#_ftn140\" name=\"_ftnref140\">[140]<\/a> .<\/p>\n<p>En 1960, l&rsquo;Ambrosiano acquiert 40% du capital de cet institut suisse, vraisemblablement aupr\u00e8s de Lovelok lui-m\u00eame. En 1963, Lovelok ouvre au Luxembourg sa filiale Compendium, rebaptis\u00e9e par la suite BA Holding : 80 % du capital n\u00e9cessaire \u00e0 l&rsquo;op\u00e9ration est vers\u00e9 par Lovelok, le reste par l'\u00a0\u00bbEtablissement pour les Participations Internationales\u00a0\u00bb, une soci\u00e9t\u00e9 fiduciaire du Liechtenstein appartenant \u00e0 la Banca del Gottardo. L&rsquo;objectif de Compendium \u00e9tait d&rsquo;acheter des actions de l&rsquo;Ambrosiano destin\u00e9es \u00e0 l&rsquo;origine aux petits actionnaires, mais qui devaient en r\u00e9alit\u00e9 rester sous le contr\u00f4le de la banque elle-m\u00eame et de ceux qui la g\u00e9raient ; en l&rsquo;espace de trois ans, la soci\u00e9t\u00e9 a d\u00e9tenu 8 % du capital de l&rsquo;Ambrosiano. L&rsquo;op\u00e9ration a \u00e9t\u00e9 financ\u00e9e par Lovelok, avec des fonds provenant de l&rsquo;Ambrosiano ou de la Banca del Gottardo ; Compendium a \u00e9t\u00e9 g\u00e9r\u00e9e, d\u00e8s sa cr\u00e9ation, par Calvi pour le compte de Canesi<a href=\"#_ftn141\" name=\"_ftnref141\">[141]<\/a> . La direction de l&rsquo;Ambrosiano d\u00e9tient ainsi une participation secr\u00e8te dans le capital de l&rsquo;institut, qui sera d\u00e9plac\u00e9e et cach\u00e9e \u00e0 plusieurs reprises et sera retrouv\u00e9e, bien des ann\u00e9es plus tard, dans la comptabilit\u00e9 de United Trading, soci\u00e9t\u00e9 pivot du syst\u00e8me off-shore mis en place par Calvi<a href=\"#_ftn142\" name=\"_ftnref142\">[142]<\/a> .<\/p>\n<p>En 1965, Canesi est devenu pr\u00e9sident de l&rsquo;Ambrosiano ; en 1968, le Compendium de Calvi a commenc\u00e9 \u00e0 revendre des actions de l&rsquo;Ambrosiano, dont la plupart ont \u00e9t\u00e9 achet\u00e9es par la Banca del Gottardo par l&rsquo;interm\u00e9diaire de la soci\u00e9t\u00e9 fiduciaire Locafid. Calvi rejoint le conseil d&rsquo;administration d&rsquo;Ultrafin, une banque d&rsquo;affaires bas\u00e9e \u00e0 Lugano et cr\u00e9\u00e9e par Lovelok<a href=\"#_ftn143\" name=\"_ftnref143\">[143]<\/a> . C&rsquo;est toujours le m\u00eame argent, mais il est d\u00e9plac\u00e9 si souvent qu&rsquo;il semble beaucoup plus. En 1970, Calvi est d\u00e9j\u00e0 en contact \u00e9troit avec Luigi Mennini, administrateur d\u00e9l\u00e9gu\u00e9 de l&rsquo;IOR, ancien directeur de la Banca Unione et conseiller de la Banca Privata Finanziaria de Michele Sindona (dont l&rsquo;IOR est actionnaire minoritaire )<a href=\"#_ftn144\" name=\"_ftnref144\">[144]<\/a><a href=\"#_ftn145\" name=\"_ftnref145\">[145]<\/a> . Le fils de Mennini, Alessandro, est engag\u00e9 en 1969 dans le bureau \u00e9tranger de l&rsquo;Ambrosiano, aux c\u00f4t\u00e9s de Giacomo Botta et Filippo Leoni, qui deviendront des collaborateurs proches de Calvi et seront plus tard accus\u00e9s de la faillite frauduleuse de la banque<a href=\"#_ftn146\" name=\"_ftnref146\">[146]<\/a> .<\/p>\n<p>Comme si cela ne suffisait pas, le banquier sicilien Michele Sindona est arriv\u00e9 parmi les prot\u00e9g\u00e9s. Calvi a rencontr\u00e9 Sindona en 1968 : un de ses anciens condisciples \u00e9tait le beau-p\u00e8re du banquier ; le 11 mai 1970, les relations se sont transform\u00e9es en relations d&rsquo;affaires avec l&rsquo;achat par Compendium d&rsquo;un paquet d&rsquo;actions de la Banca Unione de Sindona. Quelques jours plus tard, l&rsquo;IOR ach\u00e8te 10 000 actions de l&rsquo;Ambrosiano. En juillet, Compendium acquiert d&rsquo;autres actions de la Banca Unione, atteignant 7 % du capital ; Sindona, par l&rsquo;interm\u00e9diaire de la soci\u00e9t\u00e9 suisse Valiana, ach\u00e8te des actions de l&rsquo;Ambrosiano. L&rsquo;IOR continue \u00e0 faire de m\u00eame, pour atteindre 1,14 % de l&rsquo;institut.<\/p>\n<p><img loading=\"lazy\" class=\"aligncenter size-full wp-image-4593\" src=\"https:\/\/ibiworld.eu\/fr\/wp-content\/uploads\/2023\/06\/ITA024-14.jpg\" alt=\"\" width=\"604\" height=\"423\" srcset=\"https:\/\/ibiworld.eu\/fr\/wp-content\/uploads\/2023\/06\/ITA024-14.jpg 604w, https:\/\/ibiworld.eu\/fr\/wp-content\/uploads\/2023\/06\/ITA024-14-300x210.jpg 300w, https:\/\/ibiworld.eu\/fr\/wp-content\/uploads\/2023\/06\/ITA024-14-600x420.jpg 600w\" sizes=\"(max-width: 604px) 100vw, 604px\" \/><\/p>\n<p><strong>Fernando Garzoni (\u00e0 gauche), l&rsquo;un des rares \u00e0 savoir r\u00e9ellement combien d&rsquo;argent circulait sur les comptes de la Banca del Gottardo, du Banco Ambrosiano, de l&rsquo;IOR et de la Banca Privata Italiana.<a href=\"#_ftn147\" name=\"_ftnref147\">[147]<\/a><\/strong><\/p>\n<p>En juin 1970, Compendium a cr\u00e9\u00e9 une deuxi\u00e8me soci\u00e9t\u00e9, Ultrafin, bas\u00e9e \u00e0 New York, d\u00e9pla\u00e7ant la premi\u00e8re Ultrafin (cr\u00e9\u00e9e par Lovelok) de Lugano \u00e0 Zurich. A la fin de l&rsquo;ann\u00e9e, l&rsquo;Ambrosiano et la Banca del Gottardo ach\u00e8tent 60% (40 pour la premi\u00e8re et 20 pour la seconde) de Compendium \u00e0 Lovelok<a href=\"#_ftn148\" name=\"_ftnref148\">[148]<\/a> . Toujours le m\u00eame argent, qui est d\u00e9plac\u00e9 de plus en plus vite, pour faire croire qu&rsquo;il est plus important qu&rsquo;il ne l&rsquo;est en r\u00e9alit\u00e9. Pour g\u00e9rer en parall\u00e8le leur existence et leur apparence, Ultrafin a cr\u00e9\u00e9 toute une structure de comptables, d&rsquo;agents comptables et d&rsquo;avocats, qui sera coordonn\u00e9e, m\u00eame apr\u00e8s la mort de Calvi, par la fiduciaire tessinoise Helios Jermini<a href=\"#_ftn149\" name=\"_ftnref149\">[149]<\/a> .<\/p>\n<p>L&rsquo;ann\u00e9e 1971 s&rsquo;ouvre avec la promotion de Paul Marcinkus de directeur g\u00e9n\u00e9ral \u00e0 pr\u00e9sident de l&rsquo;IOR<a href=\"#_ftn150\" name=\"_ftnref150\">[150]<\/a> et se poursuit avec le voyage de Roberto Calvi et Fernando Garzoni &#8211; pr\u00e9sident de la Banca del Gottardo<a href=\"#_ftn151\" name=\"_ftnref151\">[151]<\/a> &#8211; \u00e0 Nassau, aux Bahamas. Plus que le climat splendide et la p\u00eache au gros, l&rsquo;int\u00e9r\u00eat des deux hommes est de cr\u00e9er une nouvelle filiale de Compendium dans un paradis fiscal : le 23 mars, la Cisalpine Overseas Nassau Bank voit le jour. Calvi, Garzoni et Ned Feldman &#8211; directeur d&rsquo;Ultrafin New York &#8211; si\u00e8gent au conseil d&rsquo;administration. Calvi, qui dispose d&rsquo;un pouvoir de signature, est \u00e9galement directeur g\u00e9n\u00e9ral de l&rsquo;Ambrosiano. La premi\u00e8re op\u00e9ration de son nouveau poste a \u00e9t\u00e9 de s&rsquo;allier avec Jocelyn Hambro<a href=\"#_ftn152\" name=\"_ftnref152\">[152]<\/a> , le financier de Sindona \u00e0 travers la participation de sa banque Hambros dans la Banca Privata Finanziaria<a href=\"#_ftn153\" name=\"_ftnref153\">[153]<\/a> . Ultrafin et Hambros, ainsi que Colias, prennent le contr\u00f4le de la soci\u00e9t\u00e9 financi\u00e8re milanaise Bastogi, qui est au bord de la faillite. Colias est une soci\u00e9t\u00e9 cr\u00e9\u00e9e au Luxembourg par Michele Sindona, \u00e0 qui l&rsquo;Ambrosiano a fourni les plus de 15 millions de dollars n\u00e9cessaires \u00e0 sa participation \u00e0 l&rsquo;op\u00e9ration<a href=\"#_ftn154\" name=\"_ftnref154\">[154]<\/a> .<\/p>\n<p>Dans le tourbillon de l&rsquo;argent, les chiffres de sortie sont de plus en plus importants. Comme dans le cas de l&rsquo;acquisition de la Banque Catholique, dont 50 % sont pay\u00e9s \u00e0 un prix disproportionn\u00e9 par rapport \u00e0 la r\u00e9mun\u00e9ration des d\u00e9p\u00f4ts : 46,5 millions de dollars. Mais ce prix a \u00e9t\u00e9 \u00e9miett\u00e9 entre les mille filiales d&rsquo;Ambrosiano, si bien qu&rsquo;au final le prix r\u00e9el, avec l&rsquo;addition des cadeaux et des pots-de-vin, serait de 73,5 millions de dollars<a href=\"#_ftn155\" name=\"_ftnref155\">[155]<\/a> . En 1972, Calvi prend le contr\u00f4le du Credito Varesino appartenant \u00e0 Anna Bonomi et \u00e0 son fils Carlo. Ayant accumul\u00e9 une lourde dette pour s&rsquo;approprier les actions de Varesino \u00e0 la fin de 1971, Bonomi entre en relation avec l&rsquo;Ambrosiano de Calvi en f\u00e9vrier 1972.<\/p>\n<p>Officiellement, Ambrosiano a pr\u00eat\u00e9 \u00e0 Bonomi 8,9 milliards de lires, obtenant 2,1 millions d&rsquo;actions du Credito Varesino \u00e0 un prix inf\u00e9rieur de 20 % au prix du march\u00e9. Toutefois, les parties ont sign\u00e9 un autre accord : la famille Bonomi a vendu les actions \u00e0 Calvi \u00e0 un prix beaucoup plus \u00e9lev\u00e9 que le prix du march\u00e9 ; la diff\u00e9rence de prix a \u00e9t\u00e9 vers\u00e9e en francs \u00e0 une banque suisse (une op\u00e9ration ill\u00e9gale qui, en 1981, figurait parmi les faits reproch\u00e9s \u00e0 Calvi dans le cadre du proc\u00e8s pour exportation de devises<a href=\"#_ftn156\" name=\"_ftnref156\">[156]<\/a> ). Calvi a re\u00e7u des Bonomis 1,1 million d&rsquo;actions \u00e9trang\u00e8res suppl\u00e9mentaires de Varesino, ce qui lui a permis d&rsquo;en contr\u00f4ler 53 %. La soci\u00e9t\u00e9 qui ach\u00e8te Credito Varesino est Cimafin, financ\u00e9e par Cisalpine pour 90 millions de francs suisses<a href=\"#_ftn157\" name=\"_ftnref157\">[157]<\/a> .<\/p>\n<p>C&rsquo;est alors que survient un probl\u00e8me qui oblige les protagonistes de ces \u00e9v\u00e9nements \u00e0 modifier leur plan d&rsquo;action : au cours du premier semestre de 1972, Price Waterhouse est charg\u00e9 de v\u00e9rifier les comptes de Cisalpine et de Compendium. Au cours du processus d&rsquo;approbation des comptes, les auditeurs de Price Waterhouse n&rsquo;ont pu \u00e9viter de constater l&rsquo;\u00e9norme exposition de Cisapline \u00e0 Compendium (43 millions de dollars), Radowal, Vertlac (59 millions de dollars), Lovelok (12,5 millions de dollars) et Cimafin (23 millions de dollars). Face \u00e0 un tel montant de pr\u00eats, aucune garantie ad\u00e9quate n&rsquo;a \u00e9t\u00e9 trouv\u00e9e. Malgr\u00e9 cela, Price Waterhouse a sign\u00e9 les bilans de Cisalpine sans notes importantes<a href=\"#_ftn158\" name=\"_ftnref158\">[158]<\/a> .<\/p>\n<p><img loading=\"lazy\" class=\"aligncenter size-full wp-image-4594\" src=\"https:\/\/ibiworld.eu\/fr\/wp-content\/uploads\/2023\/06\/ITA024-15.jpg\" alt=\"\" width=\"800\" height=\"600\" srcset=\"https:\/\/ibiworld.eu\/fr\/wp-content\/uploads\/2023\/06\/ITA024-15.jpg 800w, https:\/\/ibiworld.eu\/fr\/wp-content\/uploads\/2023\/06\/ITA024-15-300x225.jpg 300w, https:\/\/ibiworld.eu\/fr\/wp-content\/uploads\/2023\/06\/ITA024-15-768x576.jpg 768w, https:\/\/ibiworld.eu\/fr\/wp-content\/uploads\/2023\/06\/ITA024-15-600x450.jpg 600w\" sizes=\"(max-width: 800px) 100vw, 800px\" \/><\/p>\n<p><strong>De gauche \u00e0 droite : Jospeh Ratzinger (le futur pape Beno\u00eet XVI), Giulio Andreotti, le cardinal Paul Marcinkus.<a href=\"#_ftn159\" name=\"_ftnref159\">[159]<\/a><\/strong><\/p>\n<p>Peu apr\u00e8s, \u00e0 la fin du mois d&rsquo;avril, Calvi a annul\u00e9 les dettes de toutes les soci\u00e9t\u00e9s enregistr\u00e9es au Liechtenstein, \u00e0 l&rsquo;exception de Vertlac et de Compendium. En cas de nouveaux probl\u00e8mes avec les soci\u00e9t\u00e9s d&rsquo;audit, mais aussi avec les membres du conseil d&rsquo;administration, il risquait de ne plus pouvoir utiliser Cisalpine pour accorder des pr\u00eats non garantis \u00e0 des soci\u00e9t\u00e9s du Liechtenstein, ce qui rendrait inutile le r\u00e9seau de soci\u00e9t\u00e9s secr\u00e8tes qui avait \u00e9t\u00e9 laborieusement mis en place. La strat\u00e9gie mise au point par Calvi et Marcinkus pour \u00e9chapper aux contr\u00f4les a consist\u00e9 en un accord sur les transactions de compte, connues en anglais sous le nom de back-to-back transactions : d\u00e9sormais, la Cisalpine, pour financer l&rsquo;une des soci\u00e9t\u00e9s du r\u00e9seau &#8211; tr\u00e8s souvent Radowal -, verse l&rsquo;argent \u00e0 l&rsquo;IOR, qui se charge ensuite de transf\u00e9rer secr\u00e8tement la somme \u00e0 la soci\u00e9t\u00e9 b\u00e9n\u00e9ficiaire. Ce jeu est rendu possible par la position unique de l&rsquo;IOR, qui n&rsquo;est en pratique soumis \u00e0 aucun contr\u00f4le sur ses propres transactions, tout en constituant une garantie pour les d\u00e9p\u00f4ts de la Cisalpine. Gr\u00e2ce au cycle Cisalpine-IOR-Radowal, aucun pr\u00eat aux entreprises du r\u00e9seau n&rsquo;appara\u00eet dans les bilans de la banque bas\u00e9e \u00e0 Nassau, invisible pour les auditeurs et les membres du conseil d&rsquo;administration. M\u00eame le directeur, Pierre Siegenthaler, affirme ne pas avoir \u00e9t\u00e9 mis au courant des man\u0153uvres de Calvi ou de Marcinkus<a href=\"#_ftn160\" name=\"_ftnref160\">[160]<\/a> .<\/p>\n<p>Walther Pierre Siegenthaler, ancien directeur de la banque Deltec, a \u00e9t\u00e9 engag\u00e9 par Calvi comme directeur de la Cisalpine \u00e0 la fin de 1970, mais il mentait en disant qu&rsquo;il ne savait rien : il \u00e9tait l&rsquo;un des caissiers de l&rsquo;Opus Dei, une organisation extr\u00eamement puissante et extr\u00eamement conservatrice, form\u00e9e comme un dioc\u00e8se sans territoire<a href=\"#_ftn161\" name=\"_ftnref161\">[161]<\/a> , qui s&rsquo;est r\u00e9pandue \u00e0 partir de l&rsquo;Espagne dans le monde entier<a href=\"#_ftn162\" name=\"_ftnref162\">[162]<\/a> et qui \u00e9tait d\u00e9j\u00e0 extr\u00eamement puissante \u00e0 l&rsquo;\u00e9poque de Calvi. L&rsquo;Opus Dei cherche \u00e0 contr\u00f4ler l&rsquo;IOR, c&rsquo;est pourquoi Siegenthaler surveille les mouvements de Marcinkus depuis une position privil\u00e9gi\u00e9e. Apr\u00e8s la transformation de la Cisalpine en Banco Ambrosiano Overseas Ltd (Baol) le 1er juillet 1980, Siegenthaler transf\u00e8re d&rsquo;\u00e9normes sommes d&rsquo;argent de Baol \u00e0 des soci\u00e9t\u00e9s panam\u00e9ennes contr\u00f4l\u00e9es par l&rsquo;IOR, contribuant ainsi largement \u00e0 la crise du syst\u00e8me mis en place par Calvi. Siegenthaler est, par exemple, pr\u00e9sident d&rsquo;Astolfine, une soci\u00e9t\u00e9 panam\u00e9enne li\u00e9e \u00e0 l&rsquo;IOR, qui a une dette envers le Banco Ambrosiano Andino de Lima (une autre institution fond\u00e9e par Calvi) d&rsquo;environ 500 millions de dollars<a href=\"#_ftn163\" name=\"_ftnref163\">[163]<\/a> . Astolfine, ainsi que Bellatrix, Belrosa, Erin, Laramie et Starfield constituaient le groupe de soci\u00e9t\u00e9s enregistr\u00e9es au Panama et g\u00e9r\u00e9es par les hommes de Siegenthaler dans le but de d\u00e9tourner l&rsquo;argent de l&rsquo;Ambrosiano<a href=\"#_ftn164\" name=\"_ftnref164\">[164]<\/a> .<\/p>\n<p>Au printemps 1973, Anli est devenue une filiale de Radowal, qui en a pris le contr\u00f4le et a augment\u00e9 son capital de un \u00e0 dix millions de francs suisses. Anli a utilis\u00e9 cet argent pour augmenter le capital de sa filiale Suprafin, qui \u00e9tait en n\u00e9gociation pour des actions de l&rsquo;Ambrosiano sur la Piazza Affari, et pour financer Banca del Gottardo et Compendium-Ba Holding, ainsi que pour acheter des actions B suppl\u00e9mentaires de Cisalpine. Calvi a utilis\u00e9 des pr\u00eats \u00e0 court terme sur d\u00e9p\u00f4t (back-to-back) pour financer des investissements \u00e0 long terme, probablement parce que l&rsquo;IOR s&rsquo;\u00e9tait engag\u00e9 d\u00e8s le d\u00e9part \u00e0 renouveler les d\u00e9p\u00f4ts sans faute, masquant ainsi l&rsquo;instabilit\u00e9 du syst\u00e8me mis en place<a href=\"#_ftn165\" name=\"_ftnref165\">[165]<\/a> .<\/p>\n<p>L&rsquo;acquisition par Calvi de la soci\u00e9t\u00e9 Pacchetti a caus\u00e9 de telles pertes qu&rsquo;elle peut \u00eatre consid\u00e9r\u00e9e comme l&rsquo;un des \u00e9l\u00e9ments centraux de l&rsquo;\u00e9norme passif contract\u00e9 par l&rsquo;Ambrosiano au moment de la mort du banquier. En 1972, Sindona est sur le point de conclure l&rsquo;achat de la v\u00e9tuste Franklin National Bank of New York en acqu\u00e9rant 22% du paquet d&rsquo;actions pour un montant de 40 millions de dollars. Pour ce faire, il doit non seulement r\u00e9cup\u00e9rer les 138 millions de francs suisses avec lesquels il a financ\u00e9, peu de temps auparavant, l&rsquo;acquisition du Credito Varesino, mais aussi trouver d&rsquo;autres<a href=\"#_ftn166\" name=\"_ftnref166\">[166]<\/a> .<\/p>\n<p><img loading=\"lazy\" class=\"aligncenter size-full wp-image-4595\" src=\"https:\/\/ibiworld.eu\/fr\/wp-content\/uploads\/2023\/06\/ITA024-16.jpg\" alt=\"\" width=\"680\" height=\"451\" srcset=\"https:\/\/ibiworld.eu\/fr\/wp-content\/uploads\/2023\/06\/ITA024-16.jpg 680w, https:\/\/ibiworld.eu\/fr\/wp-content\/uploads\/2023\/06\/ITA024-16-300x199.jpg 300w, https:\/\/ibiworld.eu\/fr\/wp-content\/uploads\/2023\/06\/ITA024-16-600x398.jpg 600w\" sizes=\"(max-width: 680px) 100vw, 680px\" \/><\/p>\n<p><strong>11 juillet 1979 : l&rsquo;ambulance vient d&#8217;emporter le corps cribl\u00e9 de balles de l&rsquo;avocat Giorgio Ambrosoli, qui enqu\u00eate sur les liens entre Calvi, Gelli, le Vatican et l&rsquo;Opus Dei.<a href=\"#_ftn167\" name=\"_ftnref167\">[167]<\/a><\/strong><\/p>\n<p>Calvi et Sindona montent une op\u00e9ration qui apporte de l&rsquo;argent frais \u00e0 Sindona et permet \u00e0 Calvi de sp\u00e9culer sur les actions du Credito Varesino, toujours avec la collaboration de l&rsquo;IOR. Tout tourne autour de la soci\u00e9t\u00e9 luxembourgeoise Zitropo, cr\u00e9\u00e9e par Sindona en juin 1972 ; Zitropo prend le contr\u00f4le de Pacchetti, utilis\u00e9 par Sindona, par l&rsquo;interm\u00e9diaire de son pr\u00e9sident Massimo Spada, pour prendre le contr\u00f4le d&rsquo;entreprises de machines \u00e9lectriques et agricoles. Pacchetti se d\u00e9veloppe sur la place Affari. L&rsquo;IOR, cependant, ouvre un nouveau contrat avec le m\u00eame argent, expirant en mars 1973, fixant un prix de 10 000 lires par action. Cela signifie un pr\u00eat de 9870 milliards de lires (17 millions de dollars) au taux de 9% contre la vente d&rsquo;actions \u00e0 un prix sup\u00e9rieur de 20% \u00e0 la cotation officielle. Liquidateur des entreprises de Sindona en Italie, Giorgio Ambrosoli enqu\u00eate sur les chiffres manipul\u00e9s par Calvi, Sindona et Marcinkus<a href=\"#_ftn168\" name=\"_ftnref168\">[168]<\/a> . Avant qu&rsquo;il ne puisse r\u00e9v\u00e9ler d&rsquo;autres d\u00e9tails de l&rsquo;affaire, Ambrosoli est assassin\u00e9 sous son propre toit le 11 juillet 1979 par William Joseph Aric\u00f2, engag\u00e9 pour l&rsquo;op\u00e9ration par Michele Sindona<a href=\"#_ftn169\" name=\"_ftnref169\">[169]<\/a> .<\/p>\n<p>Interrog\u00e9 par le FBI en avril 1973 dans le cadre d&rsquo;un trafic de titres am\u00e9ricains faux ou vol\u00e9s, Marcinkus a reconnu conna\u00eetre Mario Foligni, qui aurait tent\u00e9 de persuader le pr\u00e9sident de l&rsquo;IOR de pr\u00eater 300 millions de dollars \u00e0 Pesenti, avant de se heurter \u00e0 un refus cat\u00e9gorique. Foligni a fait la une des journaux lorsque son nom a \u00e9t\u00e9 impliqu\u00e9 dans l&rsquo;enqu\u00eate connue sous le nom de \u00ab\u00a0scandale du p\u00e9trole\u00a0\u00bb : dans le proc\u00e8s correspondant, les g\u00e9n\u00e9raux de la Guardia di Finanza Raffaele Giudice (homme d&rsquo;Andreotti, membre de la P2) et Donato Lo Prete (membre de la P2, tr\u00e8s proche de Sereno Freato, secr\u00e9taire d&rsquo;Aldo Moro) ont \u00e9t\u00e9 reconnus coupables, avec plusieurs complices, d&rsquo;avoir escroqu\u00e9 l&rsquo;\u00c9tat de 300 milliards de lires sous le couvert de soci\u00e9t\u00e9s de contrebande de p\u00e9trole et de d\u00e9riv\u00e9s de carburant<a href=\"#_ftn170\" name=\"_ftnref170\">[170]<\/a> .<\/p>\n<p>Cherchant d\u00e9sesp\u00e9r\u00e9ment de l&rsquo;argent pour couvrir les gigantesques d\u00e9ficits, Marcinkus se tourne vers ses nouveaux amis : les mafiosi Gaetano Badalamenti, Giuseppe Cal\u00f2, Stefano Bontate et les fr\u00e8res Antonio et Ignazio Salvo : dans la demande d&rsquo;autorisation de proc\u00e9der, il appara\u00eet un lien corporatif et financier av\u00e9r\u00e9, qui a commenc\u00e9 en 1975, entre Fiorenzo Ley-Ravello et Domenico Balducci. Ce dernier et Flavio Carboni &#8211; dont il sera question plus loin &#8211; semblent \u00eatre les m\u00e9diateurs des relations \u00e9conomiques av\u00e9r\u00e9es entre la soci\u00e9t\u00e9 Flaminia Nuova de Ley-Ravello et Giuseppe \u00ab\u00a0Pippo\u00a0\u00bb Cal\u00f2<a href=\"#_ftn171\" name=\"_ftnref171\">[171]<\/a> . Les participations officielles de Calvi, en revanche, \u00e9taient bonnes : Banca Cattolica, Credito Varesino, Toro. Le groupe Ambrosiano \u00e9tait, \u00e0 cette \u00e9poque, l&rsquo;un des plus puissants d&rsquo;Italie, gr\u00e2ce au soutien d\u00e9cisif de l&rsquo;IOR<a href=\"#_ftn172\" name=\"_ftnref172\">[172]<\/a> .<\/p>\n<p>Ou plut\u00f4t, tout irait bien si Calvi n&rsquo;\u00e9tait pas oblig\u00e9 de venir au secours de Michele Sindona, qui a d\u00fb fusionner ses soci\u00e9t\u00e9s immobili\u00e8res avec la soci\u00e9t\u00e9 financi\u00e8re Finambro, afin de dissimuler ses pertes ; la fusion et l&rsquo;augmentation de capital de 160 millions de lires n&rsquo;ont pas \u00e9t\u00e9 autoris\u00e9es par la Banque d&rsquo;Italie, mais les autorit\u00e9s am\u00e9ricaines ont donn\u00e9 \u00e0 Sindona l&rsquo;autorisation d&rsquo;acheter la Franklin Bank et d&rsquo;utiliser ses actifs pour rembourser ses autres dettes. En septembre 1973, lors d&rsquo;un discours public \u00e0 New York, Andreotti qualifie Sindona de sauveur de la lire, mais la Franklin Bank navigue d\u00e9j\u00e0 en eaux troubles. En juillet, Jack Begon, le journaliste am\u00e9ricain qui avait \u00e9crit sur les relations entre Sindona, la CIA et la Mafia, est enlev\u00e9 \u00e0 Rome et retenu prisonnier pendant quatre semaines. Les soup\u00e7ons sur Sindona deviennent de plus en plus circonstanciels. Pourtant, en janvier 1974, l&rsquo;ambassadeur am\u00e9ricain \u00e0 Rome, John Volpe, lui d\u00e9cerne le titre d'\u00a0\u00bbHomme de l&rsquo;ann\u00e9e 1973&Prime;<a href=\"#_ftn173\" name=\"_ftnref173\">[173]<\/a> .<\/p>\n<p>Quelques jours plus t\u00f4t, l&rsquo;officier de police Angelo Sorino, que la mafia tenait pour responsable de la transmission d&rsquo;informations \u00e0 Begon<a href=\"#_ftn174\" name=\"_ftnref174\">[174]<\/a> , avait \u00e9t\u00e9 assassin\u00e9 \u00e0 Palerme. En f\u00e9vrier 1974, La Malfa d\u00e9missionne de son poste de ministre du Tr\u00e9sor<a href=\"#_ftn175\" name=\"_ftnref175\">[175]<\/a> et est remplac\u00e9 par le d\u00e9mocrate-chr\u00e9tien Emilio Colombo<a href=\"#_ftn176\" name=\"_ftnref176\">[176]<\/a> . En avril, malgr\u00e9 les difficult\u00e9s croissantes de la Franklin National Bank, Sindona proc\u00e8de \u00e0 une augmentation de capital de sa Finabank \u00e0 Gen\u00e8ve, dans laquelle l&rsquo;IOR d\u00e9tient une participation de 29 % : Marcinkus se montre prudent, n&rsquo;achetant que la moiti\u00e9 des actions et vendant les droits restants pour couvrir les frais de l&rsquo;op\u00e9ration de prise ferme, r\u00e9duisant ainsi sa propre participation \u00e0 22 %. Dans le m\u00eame temps, Calvi place (vend) ses 18 % de Finabank. Calvi annule la dette l&rsquo;ann\u00e9e suivante, perdant ainsi l&rsquo;argent pour toujours. En mai, la R\u00e9serve f\u00e9d\u00e9rale bloque une tentative de Sindona de faire acheter par Franklin National ses propres actions dans une soci\u00e9t\u00e9 financi\u00e8re qu&rsquo;elle avait achet\u00e9e l&rsquo;ann\u00e9e pr\u00e9c\u00e9dente \u00e0 un prix exag\u00e9r\u00e9 ; d&rsquo;importants clients retirent leurs d\u00e9p\u00f4ts de l&rsquo;institution. La nouvelle se r\u00e9pand en Italie et les actions en bourse s&rsquo;effondrent<a href=\"#_ftn177\" name=\"_ftnref177\">[177]<\/a> .<\/p>\n<p><img loading=\"lazy\" class=\"aligncenter size-full wp-image-4596\" src=\"https:\/\/ibiworld.eu\/fr\/wp-content\/uploads\/2023\/06\/ITA024-17.jpg\" alt=\"\" width=\"921\" height=\"678\" srcset=\"https:\/\/ibiworld.eu\/fr\/wp-content\/uploads\/2023\/06\/ITA024-17.jpg 921w, https:\/\/ibiworld.eu\/fr\/wp-content\/uploads\/2023\/06\/ITA024-17-300x221.jpg 300w, https:\/\/ibiworld.eu\/fr\/wp-content\/uploads\/2023\/06\/ITA024-17-768x565.jpg 768w, https:\/\/ibiworld.eu\/fr\/wp-content\/uploads\/2023\/06\/ITA024-17-600x442.jpg 600w\" sizes=\"(max-width: 921px) 100vw, 921px\" \/><\/p>\n<p><strong>8 octobre 1974 : arrestation de Michele Sindona<a href=\"#_ftn178\" name=\"_ftnref178\">[178]<\/a><\/strong><\/p>\n<p>Apr\u00e8s les premi\u00e8res inspections de la Banque d&rsquo;Italie, les magistrats milanais Guido Viola et Ovilio Urbisci d\u00e9couvrent que les institutions de Sindona ont \u00e9t\u00e9 litt\u00e9ralement pill\u00e9es, laissant un trou de 386 millions de dollars. Le 27 septembre 1974, la Banque d&rsquo;Italie nomme l&rsquo;avocat Giorgio Ambrosoli liquidateur des \u00e9tablissements de Sindona. Le 8 octobre, la Franklin National Bank fait faillite, obligeant les contribuables am\u00e9ricains \u00e0 combler un trou de 2 milliards de dollars : \u00e0 l&rsquo;\u00e9poque, il s&rsquo;agit du plus grand d\u00e9sastre financier de l&rsquo;histoire des \u00c9tats-Unis. Michele Sindona, averti par Licio Gelli du mandat d&rsquo;arr\u00eat lanc\u00e9 contre lui par la police suisse, se r\u00e9fugie \u00e0 Ta\u00efwan ; Carlo Bordoni, son plus proche collaborateur, choisit le Venezuela, o\u00f9 il est arr\u00eat\u00e9 en 1978 et extrad\u00e9 vers l&rsquo;Italie.<\/p>\n<p>Apr\u00e8s avoir fait des d\u00e9clarations utiles dans les affaires de son ancien patron, il est lib\u00e9r\u00e9 sous caution et dispara\u00eet, pour r\u00e9appara\u00eetre aux \u00c9tats-Unis, o\u00f9 il devient un collaborateur de la justice en tant que t\u00e9moin cl\u00e9 contre Sindona dans le proc\u00e8s de la faillite de la Franklin National Bank<a href=\"#_ftn179\" name=\"_ftnref179\">[179]<\/a> . L&rsquo;IOR et Calvi, qui sortent presque indemnes de la faillite, sont cependant contraints de verser de l&rsquo;argent dans la myriade de soci\u00e9t\u00e9s offshore li\u00e9es \u00e0 Sindona et de tout liquider afin d&rsquo;effacer les traces de leur relation avec le banquier sicilien<a href=\"#_ftn180\" name=\"_ftnref180\">[180]<\/a> .<\/p>\n<p>En novembre 1974, Calvi entame la cession de toutes les soci\u00e9t\u00e9s du r\u00e9seau secret dont Sindona a connaissance : Radowal dispara\u00eet, remplac\u00e9e par la soci\u00e9t\u00e9 panam\u00e9enne United Trading, cr\u00e9\u00e9e en f\u00e9vrier pr\u00e9c\u00e9dent par Arthur Wiederkher, consul du Panama \u00e0 Zurich, dans le cadre d&rsquo;un projet visant \u00e0 faire conna\u00eetre le pays am\u00e9ricain comme un paradis fiscal. En novembre, United Trading est vendue \u00e0 la Banca del Gottardo, avec Garzoni comme pr\u00e9sident et Francesco Bolgiani, directeur de la banque suisse, comme adjoint. Les actifs de Radowal sont alors transf\u00e9r\u00e9s \u00e0 United Trading. Cette derni\u00e8re a ensuite \u00e9t\u00e9 mise en liquidation avec Cimafin, Lovelok, Vertlac, Tunfell et Fabiar. United Trading, d\u00e9sormais \u00e0 la t\u00eate du r\u00e9seau secret, h\u00e9rite des actions de Banco Ambrosiano et du reste du r\u00e9seau offshore<a href=\"#_ftn181\" name=\"_ftnref181\">[181]<\/a> .<\/p>\n<p>\u00c0 cette \u00e9poque, Gelli devient Ma\u00eetre V\u00e9n\u00e9rable de la P2, tandis qu&rsquo;Ortolani doit faire face \u00e0 l&rsquo;enl\u00e8vement de son fils a\u00een\u00e9 Amedeo. Andrea Rizzoli pr\u00e9sente Ortolani \u00e0 son fils Angelo, directeur g\u00e9n\u00e9ral de la maison d&rsquo;\u00e9dition du m\u00eame nom, et \u00e0 Bruno Tassan Din, directeur financier du groupe. Ce dernier a besoin de lever des fonds pour financer le groupe. Calvi et Ortolani se rencontrent \u00e0 la mi-1975. Par la suite, Calvi est pr\u00e9sent\u00e9 \u00e0 Gelli et rejoint P2. L&rsquo;association entre les trois a eu des r\u00e9sultats positifs imm\u00e9diats pour Calvi, qui a obtenu du piduiste Ruggero Firrao, directeur des devises au minist\u00e8re du Commerce ext\u00e9rieur, l&rsquo;autorisation dont le groupe ambrosien avait besoin pour pouvoir continuer \u00e0 op\u00e9rer avec la Cisalpine. Quelques mois plus tard, la Banca Cattolica et le Credito Varesino obtiennent les m\u00eames autorisations. Entre 1976 et 1978, Calvi a plac\u00e9 cinq millions de dollars sur les comptes courants de Firrao<a href=\"#_ftn182\" name=\"_ftnref182\">[182]<\/a> .<\/p>\n<p>Pour Gelli et Ortolani, bien s\u00fbr, les avantages ne manquent pas : les deux ont r\u00e9ussi \u00e0 recevoir de Calvi, entre 1975 et 1981, environ 250 millions de dollars. Ortolani a convaincu Calvi de la n\u00e9cessit\u00e9 d&rsquo;\u00e9largir son cercle d&rsquo;amis et d&rsquo;affaires ; entre-temps, il a commenc\u00e9 \u00e0 recevoir de l&rsquo;argent : il est possible que ce soit Calvi lui-m\u00eame qui ait pay\u00e9 la ran\u00e7on pour la lib\u00e9ration d&rsquo;Amedeo Ortolani. En octobre 1975, Gelli et Calvi ouvrent deux comptes \u00e0 l&rsquo;UBS de Gen\u00e8ve : l&rsquo;argent que Calvi a vers\u00e9 aux proches d&rsquo;Ortolani est transf\u00e9r\u00e9 sur ces comptes, ainsi que sur des comptes au nom d&rsquo;Ortolani ; en incluant le banquier parmi les destinataires de l&rsquo;argent, Gelli s&rsquo;assure de l&rsquo;avoir entre les mains et de pouvoir le faire chanter \u00e0 tout moment. C&rsquo;est \u00e0 cette \u00e9poque que Calvi a succ\u00e9d\u00e9 \u00e0 Mozzana en tant que pr\u00e9sident de l&rsquo;Ambrosiano, tout en conservant le poste d&rsquo;administrateur d\u00e9l\u00e9gu\u00e9<a href=\"#_ftn183\" name=\"_ftnref183\">[183]<\/a> .<\/p>\n<p><img loading=\"lazy\" class=\"aligncenter size-full wp-image-4597\" src=\"https:\/\/ibiworld.eu\/fr\/wp-content\/uploads\/2023\/06\/ITA024-18.jpg\" alt=\"\" width=\"801\" height=\"650\" srcset=\"https:\/\/ibiworld.eu\/fr\/wp-content\/uploads\/2023\/06\/ITA024-18.jpg 801w, https:\/\/ibiworld.eu\/fr\/wp-content\/uploads\/2023\/06\/ITA024-18-300x243.jpg 300w, https:\/\/ibiworld.eu\/fr\/wp-content\/uploads\/2023\/06\/ITA024-18-768x623.jpg 768w, https:\/\/ibiworld.eu\/fr\/wp-content\/uploads\/2023\/06\/ITA024-18-600x487.jpg 600w\" sizes=\"(max-width: 801px) 100vw, 801px\" \/><\/p>\n<p><strong>Angelo Rizzoli et son \u00e9pouse de l&rsquo;\u00e9poque, l&rsquo;actrice Eleonora Giorgi<a href=\"#_ftn184\" name=\"_ftnref184\">[184]<\/a><\/strong><\/p>\n<p>Apr\u00e8s avoir r\u00e9solu un probl\u00e8me, en voici un autre : Calvi, qui doit pr\u00e9senter des comptes \u00e9quilibr\u00e9s, doit vendre \u00e0 son r\u00e9seau secret une partie des actions Ambrosiano qu&rsquo;il a en portefeuille. A l&rsquo;\u00e9poque, Ortolani avait pr\u00e9sent\u00e9 Angelo Rizzoli et Tassan Din \u00e0 Gelli pour leur parler de la nouvelle maison d&rsquo;\u00e9dition qu&rsquo;ils avaient achet\u00e9e en Argentine ; Gelli les avait convaincus d&rsquo;adh\u00e9rer \u00e0 la P2 et les avait pr\u00e9sent\u00e9s \u00e0 quelques amis banquiers. Parmi eux, outre Alberto Ferrari de la Banca Nazionale del Lavoro<a href=\"#_ftn185\" name=\"_ftnref185\">[185]<\/a> et Giovanni Cresti de Monte dei Paschi di Siena<a href=\"#_ftn186\" name=\"_ftnref186\">[186]<\/a> , se trouve Roberto Calvi. Rizzoli \u00e9tait \u00e0 la t\u00eate de l&rsquo;entreprise familiale depuis 1971, nomm\u00e9 administrateur d\u00e9l\u00e9gu\u00e9 par son p\u00e8re Andrea, tandis que Bruno Tassan Din avait \u00e9t\u00e9 engag\u00e9 en 1973.<\/p>\n<p>En 1974, Eugenio Cefis, directeur de Montedison (d&rsquo;o\u00f9 vient Tassan Din), a jou\u00e9 un r\u00f4le crucial dans l&rsquo;achat du Corriere della Sera par Rizzoli. Au moment de la transaction, le journal \u00e9tait d\u00e9tenu par les familles Crespi, Agnelli, Moratti et d&rsquo;autres, et avait perdu beaucoup d&rsquo;argent. Les 49,5 milliards de lires n\u00e9cessaires \u00e0 l&rsquo;achat sont parvenus \u00e0 Andrea Rizzoli &#8211; l&rsquo;actionnaire principal &#8211; pour moiti\u00e9 gr\u00e2ce \u00e0 Montedison et pour moiti\u00e9 gr\u00e2ce \u00e0 un pr\u00eat bancaire. Voulant \u00e9galement racheter la part des Agnelli, Rizzoli s&rsquo;est heurt\u00e9 \u00e0 sa s\u0153ur Giuseppina, dont il a repris les 30 % de parts de l&rsquo;entreprise familiale. Ce faisant, les finances de Rizzoli sont an\u00e9anties<a href=\"#_ftn187\" name=\"_ftnref187\">[187]<\/a> .<\/p>\n<p>C&rsquo;est dans ce contexte qu&rsquo;Angelo et Tassan Din rencontrent Ortolani ; tous deux concluent un accord secret avec Montedison, qui leur fournit des milliards de financement en \u00e9change d&rsquo;un soutien journalistique aux strat\u00e9gies de l&rsquo;entreprise. Fin 1975, Calvi ouvre une ligne de cr\u00e9dit de 3 milliards de lires aupr\u00e8s de l&rsquo;Ambrosiano en faveur de Rizzoli. En \u00e9change, Rizzoli ach\u00e8te 510 000 actions de l&rsquo;Ambrosiano par le biais du r\u00e9seau offshore : les \u00e9tapes interm\u00e9diaires ont \u00e9t\u00e9 utilis\u00e9es pour gonfler le prix et permettre aux soci\u00e9t\u00e9s de Calvi de r\u00e9aliser un profit substantiel. La transaction inclut les somptueuses commissions de Gelli et Ortolani<a href=\"#_ftn188\" name=\"_ftnref188\">[188]<\/a> . Mais \u00e0 ce moment-l\u00e0, Marcinkus et l&rsquo;IOR ont entrepris d&rsquo;\u00e9vincer Angelo Rizzoli et de prendre eux-m\u00eames le contr\u00f4le du Corriere della Sera<a href=\"#_ftn189\" name=\"_ftnref189\">[189]<\/a> . L&rsquo;op\u00e9ration est r\u00e9alis\u00e9e avec le tourbillon habituel de transferts en partie r\u00e9els, en partie apparents, vers un r\u00e9seau non tangible de soci\u00e9t\u00e9s offshore, ce qui rend la soci\u00e9t\u00e9 holding luxembourgeoise de la famille Rizzoli insolvable. Le holding des Rizzoli est mis en liquidation et la dette n&rsquo;est jamais pay\u00e9e<a href=\"#_ftn190\" name=\"_ftnref190\">[190]<\/a> .<\/p>\n<p>Pour ne rien arranger, Michele Sindona revient sur le devant de la sc\u00e8ne en 1977. Depuis d\u00e9cembre 1974 aux Etats-Unis, suite au scandale du Watergate, le banquier sicilien a perdu la protection de Nixon et d\u00e9cide de rentrer en Italie, o\u00f9 il doit rembourser 386 millions de dollars pour att\u00e9nuer le poids des charges qui p\u00e8sent sur lui. Pour trouver l&rsquo;argent, la P2 propose une intervention de la Banque d&rsquo;Italie, \u00e9galement pr\u00e9conis\u00e9e par Andreotti. Cependant, le liquidateur des actifs italiens de Sindona, Giorgio Ambrosoli, ainsi que le gouverneur de la Banque d&rsquo;Italie, Paolo Baffi, et le chef de l&rsquo;inspection, Mario Sarcinelli, s&rsquo;y opposent fermement. Calvi a tent\u00e9 en vain de faire changer d&rsquo;avis ces deux derniers. Sindona, nerveux face \u00e0 la situation, demande au pr\u00e9sident de l&rsquo;Ambrosiano de l&rsquo;aider d&rsquo;une autre mani\u00e8re : son avocat milanais Rodolfo Guzzi demande \u00e0 Calvi d&rsquo;acheter fictivement une villa que Sindona poss\u00e8de pr\u00e8s de C\u00f4me pour le prix de 500 000 dollars. Devant le refus de Calvi, un d\u00e9nomm\u00e9 Luigi Cavallo \u00ab\u00a0le provocateur\u00a0\u00bb, directeur de l&rsquo;Agenzia A, lance une campagne de pression sur le banquier milanais, notamment par le biais d&rsquo;affiches placard\u00e9es \u00e0 Milan dans la nuit du 12 au 13 novembre 1977, dans lesquelles Calvi est accus\u00e9 d&rsquo;escroquerie, de fausse comptabilit\u00e9, d&rsquo;exportation de devises et d&rsquo;autres d\u00e9lits, dont beaucoup ont \u00e9t\u00e9 commis en relation avec Sindona<a href=\"#_ftn191\" name=\"_ftnref191\">[191]<\/a> .<\/p>\n<p>Sindona affirme avoir re\u00e7u 5 millions de dollars de Calvi. La situation financi\u00e8re du r\u00e9seau de Calvi \u00e0 l&rsquo;\u00e9tranger est de plus en plus critique : le peu d&rsquo;argent qui reste dans le r\u00e9seau secret suffit \u00e0 peine \u00e0 payer les 15 millions de dollars d&rsquo;int\u00e9r\u00eats. Les banques du groupe Ambrosiano d\u00e9passent \u00e9galement leurs limites d&rsquo;endettement, mais elles sont pour l&rsquo;instant couvertes par Firrao au minist\u00e8re. La situation se pr\u00e9cipite lorsque, gr\u00e2ce \u00e0 une lettre de Cavallo \u00e0 la Banque d&rsquo;Italie, Mario Sarcinelli envoie, le 17 avril 1978, l&rsquo;inspecteur Giulio Padalino \u00e0 Ambrosiano \u00e0 la t\u00eate de cinquante fonctionnaires, qui proc\u00e8dent \u00e0 une inspection minutieuse des documents des institutions du groupe, dont la Banca Cattolica et le Credito Varesino. La marge de man\u0153uvre de Calvi est nulle : avec la hausse continue des int\u00e9r\u00eats sur les op\u00e9rations de compte de d\u00e9p\u00f4t et l&rsquo;endettement de United Trading, c&rsquo;est tout le r\u00e9seau qui est au bord de l&rsquo;effondrement<a href=\"#_ftn192\" name=\"_ftnref192\">[192]<\/a> .<\/p>\n<p><img loading=\"lazy\" class=\"aligncenter size-full wp-image-4598\" src=\"https:\/\/ibiworld.eu\/fr\/wp-content\/uploads\/2023\/06\/ITA024-19.jpg\" alt=\"\" width=\"487\" height=\"743\" srcset=\"https:\/\/ibiworld.eu\/fr\/wp-content\/uploads\/2023\/06\/ITA024-19.jpg 487w, https:\/\/ibiworld.eu\/fr\/wp-content\/uploads\/2023\/06\/ITA024-19-197x300.jpg 197w\" sizes=\"(max-width: 487px) 100vw, 487px\" \/><\/p>\n<p><strong>\u00a0\u00a0\u00a0\u00a0 Florio Fiorini<a href=\"#_ftn193\" name=\"_ftnref193\">[193]<\/a><\/strong><\/p>\n<p>Providentielle, pour Calvi, est l&rsquo;intervention de l&rsquo;ENI par Giorgio Mazzanti et Leonardo Di Donna et de la Banca Nazionale del Lavoro par Alberto Ferrari. Trois piduistes. Tradinvest, banque cr\u00e9\u00e9e par ENI \u00e0 Nassau en m\u00eame temps que Cisalpine, a pr\u00eat\u00e9 10 millions de dollars \u00e0 BA Holding. La BNL a fourni 20 millions \u00e0 court terme. L&rsquo;argent a \u00e9t\u00e9 utilis\u00e9 par Calvi pour restructurer les dettes du r\u00e9seau et pour couvrir l&rsquo;investissement sanglant dans Capitalfin, une entreprise dans laquelle ENI et BNL, les deux \u00ab\u00a0sauveurs\u00a0\u00bb, \u00e9taient impliqu\u00e9s. Cependant, les soci\u00e9t\u00e9s de r\u00e9seau ne sont plus en mesure de g\u00e9n\u00e9rer des b\u00e9n\u00e9fices : avec la restructuration, le montant des pr\u00eats back-to-back en dollars augmente encore de 53 millions. Le tr\u00e9sorier de l&rsquo;ENI, Florio Fiorini<a href=\"#_ftn194\" name=\"_ftnref194\">[194]<\/a> , est en charge de ces pr\u00eats. En m\u00eame temps, il est charg\u00e9 par l&rsquo;IOR de liquider l&rsquo;une des plus anciennes entreprises du Vatican, la SASEA, qui finira par une faillite judiciaire sanglante, pour laquelle seul Fiorini paiera, et non les cardinaux fautifs<a href=\"#_ftn195\" name=\"_ftnref195\">[195]<\/a> .<\/p>\n<p>Ortolani est \u00e0 l&rsquo;origine de l&rsquo;accord sign\u00e9 \u00e0 l&rsquo;\u00e9t\u00e9 1979 entre Calvi et Carlo Pesenti. Son Italmobiliare contr\u00f4lait trois \u00e9tablissements de cr\u00e9dit : la Banca Provinciale Lombarda, l&rsquo;Istituto Bancario Italiano et le Credito Commerciale. Ces \u00e9tablissements font partie des banques utilis\u00e9es par l&rsquo;IOR. La compagnie d&rsquo;assurance RAS est \u00e9galement entre ses mains. En pr\u00e9sence de Gelli et d&rsquo;Ortolani, les deux banquiers signent un accord de soutien mutuel, \u00e0 un moment difficile. Pesenti entre au conseil d&rsquo;administration de la Centrale ; au mois de novembre suivant, ses difficult\u00e9s atteignent leur paroxysme. Incapable de rembourser \u00e0 l&rsquo;IOR un pr\u00eat de 50 milliards de lires datant de 1972, dont le montant est pass\u00e9 \u00e0 200 milliards, Pesenti doit vendre le Credito Commerciale<a href=\"#_ftn196\" name=\"_ftnref196\">[196]<\/a> et Calvi perd pr\u00e8s de 50 millions de dollars dans l&rsquo;une de ses soci\u00e9t\u00e9s, United Trading<a href=\"#_ftn197\" name=\"_ftnref197\">[197]<\/a> .<\/p>\n<p>Les pertes sont cach\u00e9es dans la banque contr\u00f4l\u00e9e par Calvi au Nicaragua, mais \u00e0 Managua, le dictateur Somoza est renvers\u00e9 par le Front sandiniste<a href=\"#_ftn198\" name=\"_ftnref198\">[198]<\/a> , et Cavi, en qu\u00eate de stabilit\u00e9, ouvre une nouvelle banque au P\u00e9rou, le Banco Ambrosiano Andino, dont la premi\u00e8re op\u00e9ration est d&rsquo;accorder un pr\u00eat au gouvernement de Lima pour l&rsquo;achat d&rsquo;un navire de guerre italien<a href=\"#_ftn199\" name=\"_ftnref199\">[199]<\/a> . En plus d&rsquo;agrandir le r\u00e9seau d&rsquo;argent du r\u00e9seau secret de Calvi, le Banco Andino a \u00e9t\u00e9 utilis\u00e9 pour des op\u00e9rations de trafic d&rsquo;armes avec le Chili, le Nicaragua, l&rsquo;Argentine, le Br\u00e9sil et le Nigeria, ainsi que pour un pr\u00eat de 21 millions de dollars accord\u00e9 par Calvi au Parti socialiste italien. Lorsque, fin 1981, les commissaires aux comptes de la Banque d&rsquo;Italie ont examin\u00e9 les comptes du Banco Andino, ils ont d\u00e9couvert un passif de 1 000 milliards de lires, d\u00e9cr\u00e9tant la fin de la carri\u00e8re de Calvi &#8211; et pas seulement &#8211;<a href=\"#_ftn200\" name=\"_ftnref200\">[200]<\/a> .<\/p>\n<p>Plus g\u00e9n\u00e9ralement, \u00e0 partir de 1976, Ambrosiano a financ\u00e9 le Venezuela, l&rsquo;Equateur, le P\u00e9rou et l&rsquo;Argentine pour l&rsquo;achat de navires militaires et d&rsquo;h\u00e9licopt\u00e8res produits par Fincantieri. Outre les instituts d\u00e9j\u00e0 cit\u00e9s &#8211; ainsi que Cisalpine de Nassau et Ultrafin de New York &#8211; Calvi a ouvert Ambrosiano Representa\u00e7\u00e3o y Servicios au Br\u00e9sil, Ambrosiano Group Promotion au Panama, et a \u00e9galement particip\u00e9 \u00e0 Banco Hypotecario, le groupe financier soutenant le dictateur chilien Pinochet<a href=\"#_ftn201\" name=\"_ftnref201\">[201]<\/a> . Le pays avec lequel Gelli entretient les liens les plus \u00e9troits est l&rsquo;Argentine, o\u00f9 des membres de la junte militaire de Videla, au pouvoir dans ces ann\u00e9es-l\u00e0, sont membres de la P2. Le g\u00e9n\u00e9ral argentin Emiliano Massera a fait du trafic d&rsquo;armes pour le compte de son gouvernement et pour son propre compte, en accord avec l&rsquo;amiral italien Giovanni Torrisi, apportant aux industries italiennes une grande partie des centaines de millions de dollars d\u00e9pens\u00e9s par Videla pour armer son pays<a href=\"#_ftn202\" name=\"_ftnref202\">[202]<\/a> .<\/p>\n<p><img loading=\"lazy\" class=\"aligncenter size-full wp-image-4599\" src=\"https:\/\/ibiworld.eu\/fr\/wp-content\/uploads\/2023\/06\/ITA024-20.jpg\" alt=\"\" width=\"1200\" height=\"832\" srcset=\"https:\/\/ibiworld.eu\/fr\/wp-content\/uploads\/2023\/06\/ITA024-20.jpg 1200w, https:\/\/ibiworld.eu\/fr\/wp-content\/uploads\/2023\/06\/ITA024-20-300x208.jpg 300w, https:\/\/ibiworld.eu\/fr\/wp-content\/uploads\/2023\/06\/ITA024-20-1024x710.jpg 1024w, https:\/\/ibiworld.eu\/fr\/wp-content\/uploads\/2023\/06\/ITA024-20-768x532.jpg 768w, https:\/\/ibiworld.eu\/fr\/wp-content\/uploads\/2023\/06\/ITA024-20-600x416.jpg 600w\" sizes=\"(max-width: 1200px) 100vw, 1200px\" \/><\/p>\n<p><strong>24 mars 1976 : le g\u00e9n\u00e9ral Jorge Rafael Videla (au centre) annonce \u00e0 la nation que l&rsquo;arm\u00e9e argentine a pris le pouvoir et d\u00e9cid\u00e9 la loi martiale. Le v\u00e9ritable organisateur du coup d&rsquo;\u00c9tat est le g\u00e9n\u00e9ral Emilio Eduardo Massera (deuxi\u00e8me en partant de la gauche), qui a financ\u00e9, de concert avec Calvi et Gelli, les achats d&rsquo;armes italiennes qui ont servi \u00e0 la prise du pouvoir.<a href=\"#_ftn203\" name=\"_ftnref203\">[203]<\/a><\/strong><\/p>\n<p>Massera<a href=\"#_ftn204\" name=\"_ftnref204\">[204]<\/a> et Torrisi<a href=\"#_ftn205\" name=\"_ftnref205\">[205]<\/a> sont membres de la P2. Les ambitions personnelles se m\u00ealent \u00e0 un projet initialement purement politique, cher \u00e0 Gelli et au secr\u00e9taire d&rsquo;\u00c9tat am\u00e9ricain Henry Kissinger, de financement de la lutte contre le communisme sous toutes ses formes<a href=\"#_ftn206\" name=\"_ftnref206\">[206]<\/a> . En Europe, entre 1980 et 1981, Calvi finance le syndicat catholique polonais Solidarno\u015b\u0107, dirig\u00e9 par Lech Wa\u0142\u0119sa ; la pression du pape Jean-Paul II pour aider le mouvement, important dans le processus de d\u00e9mocratisation en Pologne, est d\u00e9cisive<a href=\"#_ftn207\" name=\"_ftnref207\">[207]<\/a> . Par ailleurs, \u00e0 la main de Gelli, Calvi succ\u00e8de \u00e0 Sindona dans le blanchiment de l&rsquo;argent issu des activit\u00e9s de Cosa Nostra : Pippo Cal\u00f2, Salvatore Riina, Francesco Madonia et Vito Ciancimino<a href=\"#_ftn208\" name=\"_ftnref208\">[208]<\/a> ont des sommes plac\u00e9es aupr\u00e8s de l&rsquo;IOR, ce qui les alimente dans le r\u00e9seau de Calvi<a href=\"#_ftn209\" name=\"_ftnref209\">[209]<\/a> ; il est probable que le mobile de l&rsquo;assassinat du banquier doive \u00eatre recherch\u00e9 dans ces connaissances.<\/p>\n<p>Et puis il y a les milliards vers\u00e9s aux partis. Calvi soutient les socialistes, les sociaux-d\u00e9mocrates, les r\u00e9publicains et, \u00e0 partir de juillet 1980, les communistes. Le PSI a accumul\u00e9 une dette importante envers l&rsquo;Ambrosiano, qui en demande la restitution. Le d\u00e9put\u00e9 Claudio Martelli, nouvellement \u00e9lu, demande \u00e0 Gelli d&rsquo;intervenir aupr\u00e8s de Calvi. Le banquier est favorable \u00e0 un nouveau soutien au parti, en \u00e9change d&rsquo;un nouveau financement \u00e9tranger de la part d&rsquo;ENI<a href=\"#_ftn210\" name=\"_ftnref210\">[210]<\/a> . La direction du parti socialiste approuve la proposition ; Calvi re\u00e7oit l&rsquo;instruction de transf\u00e9rer l&rsquo;argent &#8211; deux versements de 3,5 millions de dollars &#8211; sur le compte UBS 633369 \u00e0 Lugano. Malgr\u00e9 leurs engagements envers Calvi, les socialistes n&rsquo;ont pas utilis\u00e9 une partie de l&rsquo;argent re\u00e7u pour r\u00e9gler leurs dettes ant\u00e9rieures envers l&rsquo;Ambrosiano, qui se sont ajout\u00e9es \u00e0 la longue liste d&rsquo;argent perdu \u00e0 jamais<a href=\"#_ftn211\" name=\"_ftnref211\">[211]<\/a> .<\/p>\n<p>L&rsquo;existence de ce compte a \u00e9t\u00e9 d\u00e9couverte lors de la saisie des papiers de Gelli \u00e0 Castiglion Fibocchi. Ici, le compte \u00ab\u00a0Protection\u00a0\u00bb (appel\u00e9 ainsi par Gelli lui-m\u00eame) est consid\u00e9r\u00e9 comme \u00e9tant en possession de Martelli pour le compte du secr\u00e9taire du PSI Bettino Craxi ; le document trouv\u00e9 parmi les papiers du V\u00e9n\u00e9rable mentionne \u00e9galement un pacte pour le financement futur de l&rsquo;ENI en nommant Florio Fiorini et Leonardo Di Donna<a href=\"#_ftn212\" name=\"_ftnref212\">[212]<\/a> . En mai 1981, Roberto Calvi est arr\u00eat\u00e9 pour exportation ill\u00e9gale de capitaux \u00e0 l&rsquo;\u00e9tranger &#8211; un simulacre de destin : lors de la perquisition des maisons de Licio Gelli, la police cherchait la liste de ceux qui avaient ill\u00e9galement fait passer de l&rsquo;argent \u00e0 l&rsquo;Est, et a d\u00e9couvert \u00e0 la place la liste des membres de la Loge P2<a href=\"#_ftn213\" name=\"_ftnref213\">[213]<\/a> .<\/p>\n<p>En juillet 1981, Calvi est condamn\u00e9 \u00e0 quatre ans et seize milliards d&rsquo;amende pour des d\u00e9lits de change et lib\u00e9r\u00e9 sous caution. Marcinkus refuse de t\u00e9moigner en faveur du banquier, reconnaissant sa propre responsabilit\u00e9. Le 2 juillet 1981, Calvi r\u00e9v\u00e8le aux juges Dell&rsquo;Osso, Fenizia et Volpe des informations sur les relations financi\u00e8res entre l&rsquo;Ambrosiano et les partis socialiste et communiste, dont le financement de 21 millions de dollars au PSI, mais aussi sur le trafic d&rsquo;armes et les commandes sud-am\u00e9ricaines et les pots-de-vin p\u00e9troliers. Ces d\u00e9clarations r\u00e9v\u00e8lent la dangerosit\u00e9 de Calvi, sur lequel s&rsquo;accumulait un nuage de pression de plus en plus important, aggrav\u00e9 par le fait qu&rsquo;\u00e0 cette \u00e9poque, il n&rsquo;avait plus le contr\u00f4le effectif du r\u00e9seau secret et de l&rsquo;Ambrosiano, dont les parts \u00e9taient de plus en plus entre les mains de l&rsquo;IOR (\u00e0 la mort de Calvi, l&rsquo;institution vaticane en d\u00e9tenait 80 %)<a href=\"#_ftn214\" name=\"_ftnref214\">[214]<\/a> .<\/p>\n<p>En mars 1981, Calvi engage Francesco Pazienza, 35 ans, comme assistant personnel. Dipl\u00f4m\u00e9 en m\u00e9decine, il a d&rsquo;abord travaill\u00e9 chez Cocean, la soci\u00e9t\u00e9 de l&rsquo;oc\u00e9anologue Jacques Cousteau, avant de devenir consultant international pour des projets maritimes. Dans la seconde moiti\u00e9 des ann\u00e9es 1970, il fonde sa propre soci\u00e9t\u00e9, Tecfin, qui op\u00e8re \u00e0 Paris mais est bas\u00e9e au Luxembourg. Dans la capitale fran\u00e7aise, il rencontre l&rsquo;ancien commandant de l&rsquo;OTAN, le g\u00e9n\u00e9ral Alexander Haig<a href=\"#_ftn215\" name=\"_ftnref215\">[215]<\/a> , assistant personnel d&rsquo;Henry Kissinger au Conseil national de s\u00e9curit\u00e9<a href=\"#_ftn216\" name=\"_ftnref216\">[216]<\/a> . Sp\u00e9cialis\u00e9 dans l&rsquo;obtention d&rsquo;informations confidentielles, il est appel\u00e9 d\u00e9but 1980 \u00e0 Rome par le g\u00e9n\u00e9ral piduiste Giuseppe Santovito &#8211; directeur des services secrets militaires (SISMI) &#8211; en tant qu&rsquo;expert consultant sur la France<a href=\"#_ftn217\" name=\"_ftnref217\">[217]<\/a> .<\/p>\n<p><img loading=\"lazy\" class=\"aligncenter size-full wp-image-4600\" src=\"https:\/\/ibiworld.eu\/fr\/wp-content\/uploads\/2023\/06\/ITA024-21.jpg\" alt=\"\" width=\"819\" height=\"504\" srcset=\"https:\/\/ibiworld.eu\/fr\/wp-content\/uploads\/2023\/06\/ITA024-21.jpg 819w, https:\/\/ibiworld.eu\/fr\/wp-content\/uploads\/2023\/06\/ITA024-21-300x185.jpg 300w, https:\/\/ibiworld.eu\/fr\/wp-content\/uploads\/2023\/06\/ITA024-21-768x473.jpg 768w, https:\/\/ibiworld.eu\/fr\/wp-content\/uploads\/2023\/06\/ITA024-21-600x369.jpg 600w\" sizes=\"(max-width: 819px) 100vw, 819px\" \/><\/p>\n<p><strong>Claudio Martelli et Bettino Craxi<a href=\"#_ftn218\" name=\"_ftnref218\">[218]<\/a><\/strong><\/p>\n<p>Selon ses propres d\u00e9clarations, Pazienza a rencontr\u00e9 Calvi \u00e0 la fin des ann\u00e9es 1970 \u00e0 Washington lors d&rsquo;une r\u00e9union du Fonds mon\u00e9taire international, tandis que la collaboration a commenc\u00e9 lors d&rsquo;une r\u00e9union que Pazienza a organis\u00e9e pour le d\u00e9mocrate-chr\u00e9tien Flaminio Piccoli aux \u00c9tats-Unis avec Haig. Pazienza a trouv\u00e9 une copie du dossier secret que le cardinal Egidio Vagnozzi a pr\u00e9par\u00e9 en 1978 sur l&rsquo;IOR, sur le membre du conseil d&rsquo;administration de la Banca Cattolica del Veneto (qui a \u00e9t\u00e9 \u00e9lu \u00e0 l&rsquo;\u00e9poque pour \u00eatre le pape Jean-Paul I) et sur la vente ill\u00e9gale de la banque \u00e0 Calvi<a href=\"#_ftn219\" name=\"_ftnref219\">[219]<\/a> . Ce dernier a d\u00e9clar\u00e9, dans une lettre au Grand Ma\u00eetre du Grand Orient d&rsquo;Italie, Armando Corona, que Pazienza lui avait \u00e9t\u00e9 impos\u00e9 par M. Piccoli et qu&rsquo;il ne cherchait qu&rsquo;\u00e0 lui extorquer de l&rsquo;argent<a href=\"#_ftn220\" name=\"_ftnref220\">[220]<\/a> .<\/p>\n<p>Dans le rapport d&rsquo;interrogatoire du 2 avril 1985, Nara Lazzerini (secr\u00e9taire de Gelli de 1976 \u00e0 1981) d\u00e9clare que Francesco Pazienza rencontre Gelli au moins deux fois \u00e0 l&rsquo;h\u00f4tel Excelsior \u00e0 Rome. Elle est pr\u00e9sente \u00e0 presque toutes les r\u00e9unions importantes<a href=\"#_ftn221\" name=\"_ftnref221\">[221]<\/a> et est au courant des activit\u00e9s d&rsquo;Ezio Giunchiglia, le coursier de Gelli, apr\u00e8s l&rsquo;\u00e9vasion duquel il s&rsquo;efforce de transf\u00e9rer des capitaux \u00e0 la loge de Monte Carlo, qu&rsquo;il a l&rsquo;intention de reconstruire avec William Rosati apr\u00e8s le d\u00e9but de la fuite du v\u00e9n\u00e9rable homme. Les deux hommes demandent aux membres des honoraires de l&rsquo;ordre de un \u00e0 vingt millions de lires. Lazzerini a d\u00e9j\u00e0 accompagn\u00e9 Gelli au si\u00e8ge de la loge mon\u00e9gasque en 1978, au dernier \u00e9tage d&rsquo;un des quatre gratte-ciel construits \u00e0 l&rsquo;\u00e9poque dans la principaut\u00e9. Vittorio Emanuele de Savoie et Rainier de Monaco \u00e9taient alors membres de la loge de Monte-Carlo<a href=\"#_ftn222\" name=\"_ftnref222\">[222]<\/a> . Selon le t\u00e9moignage de Giuliano Di Bernardo, Grand Ma\u00eetre du Grand Orient d&rsquo;Italie de 1990 \u00e0 1993, le Grand Ma\u00eetre de l&rsquo;\u00e9poque, Armando Corona, a cr\u00e9\u00e9 de nouvelles loges couvertes (sur le mod\u00e8le de la P2)<a href=\"#_ftn223\" name=\"_ftnref223\">[223]<\/a> au m\u00e9pris de la loi Spadolini-Anselmi de 1982<a href=\"#_ftn224\" name=\"_ftnref224\">[224]<\/a> et a menac\u00e9 Lazzerini si elle continuait \u00e0 parler aux magistrats<a href=\"#_ftn225\" name=\"_ftnref225\">[225]<\/a> .<\/p>\n<p>Calvi d\u00e9cide de sortir du bourbier Rizzoli-Corriere della Sera. En octobre 1981, le banquier entre en contact avec l&rsquo;homme d&rsquo;affaires Carlo De Benedetti, figure de proue de la finance s\u00e9culaire, pour qui l&rsquo;achat de la maison d&rsquo;\u00e9dition \u00e9tait alors une hypoth\u00e8se. Calvi propose \u00e0 De Benedetti d&rsquo;entrer au conseil d&rsquo;administration de l&rsquo;Ambrosiano dans le but de lui succ\u00e9der \u00e0 la pr\u00e9sidence. Calvi est pr\u00eat \u00e0 partir, tandis que De Benedetti a l&rsquo;opportunit\u00e9 d&rsquo;acqu\u00e9rir le plus grand groupe financier italien, une position privil\u00e9gi\u00e9e pour parvenir \u00e0 l&rsquo;achat de RCS. En novembre 1981, De Benedetti devient vice-pr\u00e9sident du Banco Ambrosiano, apr\u00e8s avoir achet\u00e9 2 % des actions de la banque pour 52 milliards de lires<a href=\"#_ftn226\" name=\"_ftnref226\">[226]<\/a> .<\/p>\n<p>Un mois \u00e0 peine apr\u00e8s le d\u00e9but du partenariat, Angelo Rizzoli alerte De Benedetti sur les pertes potentielles de Banco Ambrosiano Andino. Inquiet, l&rsquo;entrepreneur trouve confirmation dans une enqu\u00eate men\u00e9e par le pr\u00e9sident de l&rsquo;Olivetti p\u00e9ruvien, Paolo Venturini. De Benedetti re\u00e7oit une confirmation r\u00e9ticente de Calvi quant \u00e0 la nature des actifs et \u00e0 la valeur de l&rsquo;exposition de l&rsquo;institution p\u00e9ruvienne, et apprend \u00e9galement l&rsquo;implication de l&rsquo;IOR. Le 22 janvier 1982, De Benedetti d\u00e9missionne de tous ses postes au sein de l&rsquo;Ambrosiano. Le d\u00e9mant\u00e8lement a co\u00fbt\u00e9 \u00e0 Calvi 80 milliards de lires<a href=\"#_ftn227\" name=\"_ftnref227\">[227]<\/a> .<\/p>\n<p>Calvi tente d&rsquo;\u00e9tablir de nouvelles alliances pour relancer la fortune de son empire. La Banque d&rsquo;Italie s&rsquo;oppose cependant \u00e0 la fois \u00e0 la fusion de l&rsquo;Ambrosiano Overseas avec l&rsquo;Artoc Bank, institution de Nassau \u00e0 l&rsquo;origine de la combinaison des capitaux arabes et de la finance londonienne, et \u00e0 la fusion de l&rsquo;Ambrosiano avec l&rsquo;Italmobiliare de Carlo Pesenti, fortement expos\u00e9e \u00e0 l&rsquo;institution milanaise. Au printemps 1982, l&rsquo;homme d&rsquo;affaires Giuseppe Cabassi, proche de Craxi et ami de l&rsquo;homme d&rsquo;affaires piduiste Silvio Berlusconi, ach\u00e8te de nombreuses actions d&rsquo;Ambrosiano : en contribuant \u00e0 la r\u00e9organisation de la banque, il vise \u00e0 prendre le contr\u00f4le de Rizzoli. La solution de Calvi consiste \u00e0 faire acheter par La Centrale les actions du groupe \u00e9ditorial entre les mains d&rsquo;Angelo Rizzoli et de Bruno Tassan Din, puis \u00e0 les revendre \u00e0 Cabassi<a href=\"#_ftn228\" name=\"_ftnref228\">[228]<\/a> , derri\u00e8re lesquelles se cacherait Berlusconi lui-m\u00eame<a href=\"#_ftn229\" name=\"_ftnref229\">[229]<\/a> .<\/p>\n<p><strong>Voici la fin<\/strong><\/p>\n<p><img loading=\"lazy\" class=\"aligncenter size-full wp-image-4601\" src=\"https:\/\/ibiworld.eu\/fr\/wp-content\/uploads\/2023\/06\/ITA024-22.jpg\" alt=\"\" width=\"1066\" height=\"599\" srcset=\"https:\/\/ibiworld.eu\/fr\/wp-content\/uploads\/2023\/06\/ITA024-22.jpg 1066w, https:\/\/ibiworld.eu\/fr\/wp-content\/uploads\/2023\/06\/ITA024-22-300x169.jpg 300w, https:\/\/ibiworld.eu\/fr\/wp-content\/uploads\/2023\/06\/ITA024-22-1024x575.jpg 1024w, https:\/\/ibiworld.eu\/fr\/wp-content\/uploads\/2023\/06\/ITA024-22-768x432.jpg 768w, https:\/\/ibiworld.eu\/fr\/wp-content\/uploads\/2023\/06\/ITA024-22-600x337.jpg 600w\" sizes=\"(max-width: 1066px) 100vw, 1066px\" \/><\/p>\n<p><strong>\u00c9t\u00e9 1975 : Bettino Craxi et Silvio Berlusconi se baignent ensemble dans la mer au large de la Tunisie<a href=\"#_ftn230\" name=\"_ftnref230\">[230]<\/a><\/strong><\/p>\n<p>La Banque d&rsquo;Italie, une fois de plus, s&rsquo;oppose \u00e0 toute tentative de r\u00e9aliser l&rsquo;op\u00e9ration<a href=\"#_ftn231\" name=\"_ftnref231\">[231]<\/a> . Le dernier espoir de sauver l&#8217;empire est repr\u00e9sent\u00e9 par l&rsquo;Opus Dei, toujours plus proche de Jean-Paul II. D\u00e8s le d\u00e9but de 1982, Calvi envoie au cardinal Pietro Palazzini, tr\u00e8s proche de l&rsquo;Opus Dei, des propositions, des documents et des rapports sur les relations IOR-Ambroise<a href=\"#_ftn232\" name=\"_ftnref232\">[232]<\/a> . Palazzini a subi une atteinte \u00e0 son image en 1976, suite \u00e0 la fuite au Mexique du pr\u00e9sident de Finmeccanica Camillo Crociani, ami du cardinal, dans le cadre de l&rsquo;affaire Lockheed (pots-de-vin vers\u00e9s \u00e0 des hommes politiques pour que l&rsquo;arm\u00e9e de l&rsquo;air italienne ach\u00e8te des avions de cette industrie)<a href=\"#_ftn233\" name=\"_ftnref233\">[233]<\/a> . Calvi propose \u00e0 l&rsquo;Opus Dei d&rsquo;\u00e9vincer Marcinkus, de confier l&rsquo;IOR \u00e0 une personne de confiance et de faire racheter par la banque du Vatican 10 % des actions d&rsquo;Ambrosiano au prix de 1 200 millions de dollars<a href=\"#_ftn234\" name=\"_ftnref234\">[234]<\/a> .<\/p>\n<p>En f\u00e9vrier et en mai, des r\u00e9ponses n\u00e9gatives arrivent : mener \u00e0 bien une telle op\u00e9ration signifierait, pour l&rsquo;Opus Dei, se mettre \u00e0 dos le cardinal Casaroli, secr\u00e9taire d&rsquo;\u00c9tat du Vatican<a href=\"#_ftn235\" name=\"_ftnref235\">[235]<\/a> . Apr\u00e8s avoir \u00e9crit directement au pontife, Calvi s&rsquo;adresse \u00e0 Monseigneur Hilary Franco, un pr\u00e9lat am\u00e9ricain d&rsquo;origine calabraise qui a des liens avec l&rsquo;Opus Dei et le cardinal Palazzini, son directeur de th\u00e8se en th\u00e9ologie. Ernesto Pellicani, sur lequel nous reviendrons, parle \u00e9galement de ses liens avec la franc-ma\u00e7onnerie, en se r\u00e9f\u00e9rant \u00e0 Armando Corona<a href=\"#_ftn236\" name=\"_ftnref236\">[236]<\/a> . Hilary Franco est surtout l&rsquo;homme qui, des ann\u00e9es plus tard, a pr\u00e9sent\u00e9 Roberto Calvi \u00e0 Paul Marcinkus<a href=\"#_ftn237\" name=\"_ftnref237\">[237]<\/a> . En juin, Calvi \u00e9crit \u00e0 Franco, esp\u00e9rant son intercession d\u00e9cisive, qui ne se produit pas.<\/p>\n<p>Les activit\u00e9s du faccendier Flavio Carboni ont permis de relier des milieux distincts : la P2, Cosa Nostra, la Banda della Magliana et les milieux d&rsquo;affaires. Carboni est pr\u00e9sent\u00e9 \u00e0 Roberto Calvi par Francesco Pazienza au cours de l&rsquo;\u00e9t\u00e9 1981<a href=\"#_ftn238\" name=\"_ftnref238\">[238]<\/a> . L&rsquo;int\u00e9r\u00eat de Calvi pour Carboni r\u00e9side dans la possibilit\u00e9 d&rsquo;acc\u00e9der \u00e0 des fonds provenant des milieux auxquels Carboni est li\u00e9 : en effet, il contracte des pr\u00eats \u00e0 taux d&rsquo;usure aupr\u00e8s de Domenico Balducci, un entrepreneur romain li\u00e9 \u00e0 la Banda della Magliana<a href=\"#_ftn239\" name=\"_ftnref239\">[239]<\/a> , et il est en contact avec Pippo Cal\u00f2, l&rsquo;ambassadeur de Cosa Nostra dans la capitale. Li\u00e9 \u00e0 Danilo Abbruciati, Balducci combine son activit\u00e9 d&rsquo;entrepreneur et d&rsquo;usurier avec celle d&rsquo;investisseur des revenus de la bande et de la mafia gr\u00e2ce \u00e0 ses liens avec Cal\u00f2<a href=\"#_ftn240\" name=\"_ftnref240\">[240]<\/a> . Il est tu\u00e9 par la Banda della Magliana en 1981 pour avoir d\u00e9tourn\u00e9 150 millions de lires destin\u00e9s \u00e0 une sp\u00e9culation immobili\u00e8re mafieuse<a href=\"#_ftn241\" name=\"_ftnref241\">[241]<\/a> .<\/p>\n<p>Francesco Pazienza a rencontr\u00e9 Flavio Carboni dans les premiers mois de 1981 dans les bureaux du directeur du premier district de police, Francesco Pomp\u00f2<a href=\"#_ftn242\" name=\"_ftnref242\">[242]<\/a> , o\u00f9 il se rendait, apr\u00e8s l&rsquo;intercession de Federico Umberto D&rsquo;Amato &#8211; affili\u00e9 \u00e0 la P2 &#8211; pour obtenir des faveurs sur des questions personnelles sans importance. C&rsquo;est l\u00e0 qu&rsquo;il a rencontr\u00e9 Carboni, sur place, pour le renouvellement de son passeport<a href=\"#_ftn243\" name=\"_ftnref243\">[243]<\/a> . Pomp\u00f2 a fait l&rsquo;objet d&rsquo;une enqu\u00eate pour complicit\u00e9 avec Domenico Balducci apr\u00e8s la mort de ce dernier<a href=\"#_ftn244\" name=\"_ftnref244\">[244]<\/a> . Pazienza et Carboni se sont rencontr\u00e9s au cours de l&rsquo;\u00e9t\u00e9 de la m\u00eame ann\u00e9e, lorsque Carboni a fait la connaissance de Calvi<a href=\"#_ftn245\" name=\"_ftnref245\">[245]<\/a> . Entre-temps, les relations entre les deux hommes ont \u00e9t\u00e9 entretenues par un constructeur calabrais li\u00e9 \u00e0 Pazienza : Maurizio Mazzotta, l&rsquo;un des quatre condamn\u00e9s, en 1998, pour le crack du Banco Ambrosiano (avec Gelli, Ortolani et Carboni)<a href=\"#_ftn246\" name=\"_ftnref246\">[246]<\/a> . \u00c0 l&rsquo;\u00e9poque, Carboni \u00e9tait l&rsquo;associ\u00e9 de Carlo Caracciolo dans le journal La Nuova Sardegna<a href=\"#_ftn247\" name=\"_ftnref247\">[247]<\/a> . Pazienza est donc l&rsquo;interm\u00e9diaire entre Carboni et Calvi.<\/p>\n<p>A la m\u00eame \u00e9poque, Carboni pr\u00e9sente Domenico Balducci \u00e0 Pazienza pour qu&rsquo;il le favorise dans l&rsquo;achat d&rsquo;un yacht. Pazienza favorise la rencontre entre Calvi et Carboni dans le but de mettre le banquier en contact avec des repr\u00e9sentants de la gauche d\u00e9mocrate-chr\u00e9tienne et avec Caracciolo, le r\u00e9dacteur en chef de La Repubblica tr\u00e8s actif contre Calvi, alors isol\u00e9 politiquement, Gelli et Ortolani \u00e9tant hors jeu en raison du scandale cons\u00e9cutif \u00e0 la perquisition de GioLe et de la Villa Wanda au mois de mars pr\u00e9c\u00e9dent. Les contacts politiques de Carboni pourraient \u00eatre utiles \u00e0 Calvi<a href=\"#_ftn248\" name=\"_ftnref248\">[248]<\/a> . En d\u00e9cembre 1981, Carboni a pr\u00e9sent\u00e9 Calvi au Grand Ma\u00eetre de la franc-ma\u00e7onnerie italienne, Armando Corona<a href=\"#_ftn249\" name=\"_ftnref249\">[249]<\/a> (s\u00e9nateur r\u00e9publicain ). <a href=\"#_ftn250\" name=\"_ftnref250\">[250]<\/a><\/p>\n<p><img loading=\"lazy\" class=\"aligncenter size-full wp-image-4602\" src=\"https:\/\/ibiworld.eu\/fr\/wp-content\/uploads\/2023\/06\/ITA024-23.jpg\" alt=\"\" width=\"1280\" height=\"701\" srcset=\"https:\/\/ibiworld.eu\/fr\/wp-content\/uploads\/2023\/06\/ITA024-23.jpg 1280w, https:\/\/ibiworld.eu\/fr\/wp-content\/uploads\/2023\/06\/ITA024-23-300x164.jpg 300w, https:\/\/ibiworld.eu\/fr\/wp-content\/uploads\/2023\/06\/ITA024-23-1024x561.jpg 1024w, https:\/\/ibiworld.eu\/fr\/wp-content\/uploads\/2023\/06\/ITA024-23-768x421.jpg 768w, https:\/\/ibiworld.eu\/fr\/wp-content\/uploads\/2023\/06\/ITA024-23-600x329.jpg 600w\" sizes=\"(max-width: 1280px) 100vw, 1280px\" \/><\/p>\n<p><strong>Flavio Carboni, l&rsquo;homme de Gelli et de Berlusconi dans les op\u00e9rations immobili\u00e8res en Sardaigne<a href=\"#_ftn251\" name=\"_ftnref251\">[251]<\/a><\/strong><\/p>\n<p>Pazienza a pr\u00e9sent\u00e9 Calvi \u00e0 l&rsquo;\u00e9diteur romain Giuseppe Ciarrapico, l&rsquo;homme d&rsquo;Andreotti<a href=\"#_ftn252\" name=\"_ftnref252\">[252]<\/a> . Ciarrapico obtient de Calvi un pr\u00eat de 35 milliards de lires pour l&rsquo;acquisition de la soci\u00e9t\u00e9 d&#8217;embouteillage d&rsquo;eau Fiuggi<a href=\"#_ftn253\" name=\"_ftnref253\">[253]<\/a> . En raison d&rsquo;une grave crise de liquidit\u00e9s, Calvi avait besoin d&rsquo;obtenir plus d&rsquo;argent de l&rsquo;Ambrosiano sans recourir \u00e0 l&rsquo;IOR. Pour cette raison, il autorise l&rsquo;Ambrosiano \u00e0 accorder un pr\u00eat de 6 milliards de lires \u00e0 la soci\u00e9t\u00e9 \u00ab\u00a0Prato Verde\u00a0\u00bb de Carboni, qui en reversera une partie \u00e0 Calvi lui-m\u00eame ; le 1,4 milliard que le banquier aurait d\u00fb recevoir est ainsi g\u00e9r\u00e9 par Pazienza et Mazzotta : 400 millions comme \u00ab\u00a0honoraires\u00a0\u00bb \u00e0 un avocat utilis\u00e9 par Calvi et plus d&rsquo;un demi-milliard pour l&rsquo;achat d&rsquo;un yacht par Pazienza<a href=\"#_ftn254\" name=\"_ftnref254\">[254]<\/a> . L&rsquo;op\u00e9ration se serait heurt\u00e9e \u00e0 l&rsquo;opposition du directeur adjoint du Banco, Roberto Rosone<a href=\"#_ftn255\" name=\"_ftnref255\">[255]<\/a> . L&rsquo;opposition de Rosone aurait conduit \u00e0 l&rsquo;attentat contre lui en avril 1982, au cours duquel Danilo Abbruciati, membre \u00e9minent de la Banda della Magliana, a perdu la vie<a href=\"#_ftn256\" name=\"_ftnref256\">[256]<\/a> .<\/p>\n<p>Ernesto Diotallevi<a href=\"#_ftn257\" name=\"_ftnref257\">[257]<\/a> , soup\u00e7onn\u00e9 d&rsquo;\u00eatre en contact avec la Banda della Magliana et Cosa Nostra, est l&rsquo;associ\u00e9 de Carboni dans Prato Verde<a href=\"#_ftn258\" name=\"_ftnref258\">[258]<\/a> . Flavio Carboni est le protagoniste d&rsquo;une autre affaire qui le lie inextricablement \u00e0 Silvio Berlusconi. Apr\u00e8s avoir d\u00e9but\u00e9 comme collaborateur du d\u00e9put\u00e9 d\u00e9mocrate-chr\u00e9tien Giovanni Battista Pitzalis (chef de cabinet adjoint du ministre de l&rsquo;\u00e9ducation Gonella), Carboni est devenu, au d\u00e9but des ann\u00e9es 1970, propri\u00e9taire de plusieurs terrains en Gallura, enregistr\u00e9s au nom de deux soci\u00e9t\u00e9s : Isola Rossa spa et Costa dei Corsi &#8211; ainsi que d&rsquo;autres propri\u00e9t\u00e9s \u00e0 Porto Rotondo, enregistr\u00e9es au nom de Costa delle Ginestre spa<a href=\"#_ftn259\" name=\"_ftnref259\">[259]<\/a> . Les associ\u00e9s de cette derni\u00e8re sont Domenico Balducci et Danilo Abbruciati<a href=\"#_ftn260\" name=\"_ftnref260\">[260]<\/a> . En 1972, il ach\u00e8te, pour 1 100 millions de lires, les actions de Calderugia SA San Vittore, une soci\u00e9t\u00e9 suisse appartenant \u00e0 l&rsquo;Italien Francesco Cravero, \u00e0 qui appartenaient les terrains adjacents \u00e0 ceux de Carboni.<\/p>\n<p>Les difficult\u00e9s de Carboni \u00e0 trouver le capital n\u00e9cessaire pour rembourser la dette \u00e0 Cravero ont conduit l&rsquo;homme d&rsquo;affaires sarde \u00e0 n&rsquo;acqu\u00e9rir 60 % de Calderugia qu&rsquo;en 1979 ; les 40 % restants avaient \u00e9t\u00e9 vendus par Carboni \u00e0 Fiorenzo Ray-Ravello, un Italien r\u00e9sidant en Suisse, qui, gr\u00e2ce \u00e0 une s\u00e9rie impressionnante de transferts d&rsquo;actions et d&rsquo;argent entre soci\u00e9t\u00e9s offshore, a fait en sorte que ces propri\u00e9t\u00e9s sardes aboutissent sur un compte fiduciaire d&rsquo;une banque suisse. De l\u00e0, les propri\u00e9t\u00e9s sont redistribu\u00e9es par la soci\u00e9t\u00e9 fiduciaire Sofint<a href=\"#_ftn261\" name=\"_ftnref261\">[261]<\/a> , qui vend certains lots \u00e0 Romano Comincioli, l&rsquo;homme de paille du jeune Berlusconi et futur s\u00e9nateur de Forza Italia<a href=\"#_ftn262\" name=\"_ftnref262\">[262]<\/a> , qui est un membre P2 et un partenaire de Carboni<a href=\"#_ftn263\" name=\"_ftnref263\">[263]<\/a> . Emilio Pellicani, secr\u00e9taire de Carboni arr\u00eat\u00e9 en 1982, a d\u00e9clar\u00e9 que Berlusconi avait avanc\u00e9 \u00e0 Carboni l&rsquo;argent n\u00e9cessaire \u00e0 l&rsquo;achat des terrains aupr\u00e8s de soci\u00e9t\u00e9s du Liechtenstein<a href=\"#_ftn264\" name=\"_ftnref264\">[264]<\/a> . En 1991, le juge Curt\u00f2 a d\u00e9cid\u00e9 de ces transferts, apr\u00e8s une longue conversation priv\u00e9e avec Berlusconi. Quelques ann\u00e9es plus tard, le m\u00eame juge se prononce en faveur de Berlusconi dans l&rsquo;affrontement entre Fininvest et le CIR de Carlo De Benedetti pour le contr\u00f4le de Mondadori<a href=\"#_ftn265\" name=\"_ftnref265\">[265]<\/a> . En 1993, le juge Curt\u00f2 a \u00e9t\u00e9 reconnu coupable de corruption dans l&rsquo;affaire Enimont<a href=\"#_ftn266\" name=\"_ftnref266\">[266]<\/a> .<\/p>\n<p>Le 31 mai 1982, Roberto Calvi re\u00e7oit une lettre de la Banque d&rsquo;Italie accusant l&rsquo;Institut d&rsquo;un trou de 1,2 milliard de dollars dans les caisses du Banco Ambrosiano. Le 2 juin, Marcinkus fait savoir qu&rsquo;il n&rsquo;est pas possible d&rsquo;honorer les dettes de l&rsquo;IOR envers Ambrosiano. Le 7 juin, le conseil d&rsquo;administration de la banque r\u00e9voque le pr\u00e9sident. Calvi rentre chez lui avec Carboni et tous deux entament un voyage d\u00e9sesp\u00e9r\u00e9 \u00e0 travers l&rsquo;Europe \u00e0 la recherche d&rsquo;aide, mais ne re\u00e7oivent que des refus. Officiellement, Carboni est le dernier ami qui lui reste. En r\u00e9alit\u00e9, c&rsquo;est lui qui emp\u00eache Calvi de mettre la main sur les documents, cach\u00e9s \u00e0 Zurich, qui l&rsquo;innocenteraient aupr\u00e8s de la justice et lui \u00e9viteraient probablement la prison<a href=\"#_ftn267\" name=\"_ftnref267\">[267]<\/a> .<\/p>\n<p><img loading=\"lazy\" class=\"aligncenter size-full wp-image-4603\" src=\"https:\/\/ibiworld.eu\/fr\/wp-content\/uploads\/2023\/06\/ITA024-24.jpg\" alt=\"\" width=\"725\" height=\"377\" srcset=\"https:\/\/ibiworld.eu\/fr\/wp-content\/uploads\/2023\/06\/ITA024-24.jpg 725w, https:\/\/ibiworld.eu\/fr\/wp-content\/uploads\/2023\/06\/ITA024-24-300x156.jpg 300w, https:\/\/ibiworld.eu\/fr\/wp-content\/uploads\/2023\/06\/ITA024-24-600x312.jpg 600w\" sizes=\"(max-width: 725px) 100vw, 725px\" \/><\/p>\n<p><strong>18 juin 1982 : le corps de Roberto Calvi est retrouv\u00e9 pendu sous le pont Blackfriars \u00e0 Londres.<a href=\"#_ftn268\" name=\"_ftnref268\">[268]<\/a><\/strong><\/p>\n<p>La gestion de l&rsquo;Ambrosiano est confi\u00e9e \u00e0 la Banque d&rsquo;Italie. La secr\u00e9taire du banquier, Graziella Corrocher, se suicide en sautant du quatri\u00e8me \u00e9tage du si\u00e8ge de l&rsquo;institut<a href=\"#_ftn269\" name=\"_ftnref269\">[269]<\/a> . Calvi n&rsquo;est plus, d\u00e8s lors, que le t\u00e9moin g\u00eanant de secrets qui ne peuvent \u00eatre r\u00e9v\u00e9l\u00e9s : d\u00e9tails de l&rsquo;implication de l&rsquo;IOR dans des op\u00e9rations ill\u00e9gales de m\u00e8che avec la Mafia, la CIA, la P2, les r\u00e9gimes dictatoriaux sanglants d&rsquo;Am\u00e9rique du Sud, les luttes intestines au Vatican, le financement des partis, de Gelli et d&rsquo;Ortolani, le visage f\u00e9roce de l&rsquo;Opus Dei, le blanchiment de l&rsquo;argent de Cosa Nostra et de la Banda della Magliana. Ce soir-l\u00e0, laiss\u00e9 seul par Carboni, probable orchestrateur du meurtre, Roberto Calvi est sorti de son h\u00f4tel par des inconnus, emmen\u00e9 sous le pont de Blackfriars et pendu. C&rsquo;\u00e9tait dans la nuit du 16 au 17 juin 1982<a href=\"#_ftn270\" name=\"_ftnref270\">[270]<\/a> .<\/p>\n<p>Sa mort survient apr\u00e8s celle du pape Jean-Paul Ier (septembre 1978), de Mino Pecorelli (mars 1979), de Giorgio Ambrosoli (juillet 1979), et avant bien d&rsquo;autres, car le trou comptable du Banco Ambrosiano n&rsquo;est toujours pas combl\u00e9, comme le montre la mort de l&rsquo;administrateur de Lugano Helios Jermini. La guerre froide a pris fin, mais la CIA, avec son besoin inextinguible d&rsquo;argent et de pouvoir, est rest\u00e9e &#8211; et a \u00e9t\u00e9 remise sur les rails de mani\u00e8re retentissante apr\u00e8s l&rsquo;attaque des tours jumelles de New York et l&rsquo;invasion de l&rsquo;Ukraine. Des centaines d&rsquo;enqu\u00eates et de proc\u00e8s criminels ont eu lieu dans le monde entier, certains ayant abouti \u00e0 des condamnations, d&rsquo;autres n&rsquo;ayant pas abouti. Des dizaines de livres d&rsquo;histoire ont \u00e9t\u00e9 \u00e9crits, des films ont \u00e9t\u00e9 r\u00e9alis\u00e9s, mais la v\u00e9rit\u00e9 nous \u00e9chappe, parce que les protagonistes de ces \u00e9v\u00e9nements sont morts et que les nouvelles g\u00e9n\u00e9rations ont perdu la mesure de l&rsquo;importance de ces faits.<\/p>\n<p>&nbsp;<\/p>\n<p><a href=\"#_ftnref1\" name=\"_ftn1\">[1]<\/a><a href=\"https:\/\/www.sotterraneidiroma.it\/tours\/la-massoneria-a-roma\"> https:\/\/www.sotterraneidiroma.it\/tours\/la-massoneria-a-roma <\/a><\/p>\n<p><a href=\"#_ftnref2\" name=\"_ftn2\">[2]<\/a><a href=\"https:\/\/www.ilgiorno.it\/cronaca\/turone-p2-blitz-arezzo-licio-gelli-1.6121434\"> https:\/\/www.ilgiorno.it\/cronaca\/turone-p2-blitz-arezzo-licio-gelli-1.6121434<\/a><\/p>\n<p><a href=\"#_ftnref3\" name=\"_ftn3\">[3]<\/a><a href=\"https:\/\/www.repubblica.it\/commenti\/2021\/03\/17\/news\/p2_dalla_scoperta_degli_iscritti_ai_misteri_delle_stragi_la_loggia_di_licio_gelli_40_anni_dopo-301053211\/\"> https:\/\/www.repubblica.it\/commenti\/2021\/03\/17\/news\/p2_dalla_scoperta_degli_iscritti_ai_misteri_delle_stragi_la_loggia_di_licio_gelli_40_anni_dopo-301053211\/<\/a><\/p>\n<p><a href=\"#_ftnref4\" name=\"_ftn4\">[4]<\/a><a href=\"https:\/\/www.toscananovecento.it\/custom_type\/la-potenza-creativa-dellazione-violenta\/\"> https:\/\/www.toscananovecento.it\/custom_type\/la-potenza-creativa-dellazione-violenta\/ <\/a><\/p>\n<p><a href=\"#_ftnref5\" name=\"_ftn5\">[5]<\/a> Mario Guarino et Fedora Raugei, \u00ab\u00a0Licio Gelli &#8211; Life, mysteries, scandals of the head of the P2 Lodge\u00a0\u00bb, Dedalo, 2016, p.10<\/p>\n<p><a href=\"#_ftnref6\" name=\"_ftn6\">[6]<\/a><a href=\"https:\/\/www.cinquantamila.it\/storyTellerArticolo.php?storyId=4fc58a68e3205\"> https:\/\/www.cinquantamila.it\/storyTellerArticolo.php?storyId=4fc58a68e3205<\/a><\/p>\n<p><a href=\"#_ftnref7\" name=\"_ftn7\">[7]<\/a> Marco Francini, \u00ab\u00a0Il periodo pistoiese di Gelli\u00a0\u00bb, in \u00ab\u00a0Quaderni di Farestoria\u00a0\u00bb, Year IX &#8211; No. 1, January-April 2009, I.S.R.PT Editore, p. 39<\/p>\n<p><a href=\"#_ftnref8\" name=\"_ftn8\">[8]<\/a> G. Piazzesi, \u00ab\u00a0Gelli &#8211; La carri\u00e8re d&rsquo;un h\u00e9ros de cette Italie\u00a0\u00bb, Garzanti, 1983<\/p>\n<p><a href=\"#_ftnref9\" name=\"_ftn9\">[9]<\/a><a href=\"https:\/\/www.remocontro.it\/2015\/12\/19\/c-era-volta-gerarca-gelli-cattaro-jugoslavo-scomparso\/\"> https:\/\/www.remocontro.it\/2015\/12\/19\/c-era-volta-gerarca-gelli-cattaro-jugoslavo-scomparso\/<\/a><\/p>\n<p><a href=\"#_ftnref10\" name=\"_ftn10\">[10]<\/a> Mario Guarino et Fedora Raugei, \u00ab\u00a0Licio Gelli &#8211; Life, mysteries, scandals of the head of the P2 Lodge\u00a0\u00bb, Dedalo, 2016, p.14.<\/p>\n<p><a href=\"#_ftnref11\" name=\"_ftn11\">[11]<\/a> E. Cicchino et R. Olivo, \u00ab\u00a0La chasse \u00e0 l&rsquo;or nazi\u00a0\u00bb, Mursia, 2011<\/p>\n<p><a href=\"#_ftnref12\" name=\"_ftn12\">[12]<\/a><a href=\"https:\/\/ricerca.repubblica.it\/repubblica\/archivio\/repubblica\/1998\/09\/13\/gelli-lingotti-oro-nelle-fioriere.html\"> https:\/\/ricerca.repubblica.it\/repubblica\/archivio\/repubblica\/1998\/09\/13\/gelli-lingotti-oro-nelle-fioriere.html<\/a><\/p>\n<p><a href=\"#_ftnref13\" name=\"_ftn13\">[13]<\/a><a href=\"https:\/\/www.altalex.com\/documents\/news\/2015\/12\/16\/morto-licio-gelli\"> https:\/\/www.altalex.com\/documents\/news\/2015\/12\/16\/morto-licio-gelli<\/a><\/p>\n<p><a href=\"#_ftnref14\" name=\"_ftn14\">[14]<\/a> G. Piazzesi, \u00ab\u00a0Gelli &#8211; La carri\u00e8re d&rsquo;un h\u00e9ros de cette Italie\u00a0\u00bb, Garzanti, 1983<\/p>\n<p><a href=\"#_ftnref15\" name=\"_ftn15\">[15]<\/a><a href=\"https:\/\/www.lenius.it\/10-cose-da-sapere-su-licio-gelli\/\"> https:\/\/www.lenius.it\/10-cose-da-sapere-su-licio-gelli\/ <\/a><\/p>\n<p><a href=\"#_ftnref16\" name=\"_ftn16\">[16]<\/a> G. Piazzesi, \u00ab\u00a0Gelli &#8211; La carri\u00e8re d&rsquo;un h\u00e9ros de cette Italie\u00a0\u00bb, Garzanti, 1983<\/p>\n<p><a href=\"#_ftnref17\" name=\"_ftn17\">[17]<\/a><a href=\"https:\/\/www.toscananovecento.it\/custom_type\/le-ville-sbertoli-un-manicomio-durante-loccupazione-nazifascista\/\"> https:\/\/www.toscananovecento.it\/custom_type\/le-ville-sbertoli-un-manicomio-durante-loccupazione-nazifascista\/<\/a><\/p>\n<p><a href=\"#_ftnref18\" name=\"_ftn18\">[18]<\/a> Mario Guarino et Fedora Raugei, \u00ab\u00a0Licio Gelli &#8211; Life, mysteries, scandals of the head of the P2 Lodge\u00a0\u00bb, Dedalo, 2016, p.26.<\/p>\n<p><a href=\"#_ftnref19\" name=\"_ftn19\">[19]<\/a><a href=\"http:\/\/uomini-in-guerra.blogspot.com\/2019\/10\/salvate-il-principe-nero-come-loss-rapi_17.html\"> http:\/\/uomini-in-guerra.blogspot.com\/2019\/10\/salvate-il-principe-nero-come-loss-rapi_17.html<\/a><\/p>\n<p><a href=\"#_ftnref20\" name=\"_ftn20\">[20]<\/a> T. Mangold, &lsquo;Cold warrior : James Jesus Angleton : the CIA&rsquo;s master spy hunter&rsquo;, New York : Simon &amp; Schuster, 1991.<\/p>\n<p><a href=\"#_ftnref21\" name=\"_ftn21\">[21]<\/a><a href=\"https:\/\/ibiworld.eu\/en\/henry-kissinger-the-dark-soul-of-the-20th-century\/\"> https:\/\/ibiworld.eu\/en\/henry-kissinger-the-dark-soul-of-the-20th-century\/ <\/a><\/p>\n<p><a href=\"#_ftnref22\" name=\"_ftn22\">[22]<\/a> Commission d&rsquo;enqu\u00eate parlementaire sur la loge ma\u00e7onnique P2, doc. XXIII, n.2-quater\/3\/N, Commission d&rsquo;enqu\u00eate parlementaire sur la loge ma\u00e7onnique P2, doc. XXIII, n.2-quater\/3\/XI, vol. III, p. 154<\/p>\n<p><a href=\"#_ftnref23\" name=\"_ftn23\">[23]<\/a> Commission d&rsquo;enqu\u00eate parlementaire sur la loge ma\u00e7onnique P2, doc. XXIII, n.2, bis\/2<\/p>\n<p><a href=\"#_ftnref24\" name=\"_ftn24\">[24]<\/a> Commission d&rsquo;enqu\u00eate parlementaire sur la loge ma\u00e7onnique P2, doc. XXIII, no. 2-quater\/3\/XI, vol. III<\/p>\n<p><a href=\"#_ftnref25\" name=\"_ftn25\">[25]<\/a> Commission d&rsquo;enqu\u00eate parlementaire sur la loge ma\u00e7onnique P2, doc. XXIII, no. 2-quater\/3\/XI, vol. III<\/p>\n<p><a href=\"#_ftnref26\" name=\"_ftn26\">[26]<\/a> Commission d&rsquo;enqu\u00eate parlementaire sur la loge ma\u00e7onnique P2, doc. XXIII, no. 2-quater\/3\/XI, vol. III<\/p>\n<p><a href=\"#_ftnref27\" name=\"_ftn27\">[27]<\/a> Mario Guarino et Fedora Raugei, \u00ab\u00a0Licio Gelli &#8211; Life, mysteries, scandals of the head of the P2 Lodge\u00a0\u00bb, Dedalo, 2016, p.29.<\/p>\n<p><a href=\"#_ftnref28\" name=\"_ftn28\">[28]<\/a><a href=\"https:\/\/www.toscananovecento.it\/custom_type\/un-altro-8-settembre-la-liberazione-di-pistoia\/\"> https:\/\/www.toscananovecento.it\/custom_type\/un-altro-8-settembre-la-liberazione-di-pistoia\/ <\/a><\/p>\n<p><a href=\"#_ftnref29\" name=\"_ftn29\">[29]<\/a> Commission d&rsquo;enqu\u00eate parlementaire sur la loge ma\u00e7onnique P2, doc. XXIII, no. 2-quater\/3\/XI, vol. III<\/p>\n<p><a href=\"#_ftnref30\" name=\"_ftn30\">[30]<\/a> Marco Francini, \u00ab\u00a0Il periodo pistoiese di Gelli\u00a0\u00bb, in \u00ab\u00a0Quaderni di Farestoria\u00a0\u00bb, Year IX &#8211; No. 1, January-April 2009, I.S.R.PT Editore, p. 57<\/p>\n<p><a href=\"#_ftnref31\" name=\"_ftn31\">[31]<\/a> Marco Francini, \u00ab\u00a0Il periodo pistoiese di Gelli\u00a0\u00bb, in \u00ab\u00a0Quaderni di Farestoria\u00a0\u00bb, Year IX &#8211; No. 1, January-April 2009, I.S.R.PT Editore, p. 57<\/p>\n<p><a href=\"#_ftnref32\" name=\"_ftn32\">[32]<\/a> Mario Guarino et Fedora Raugei, \u00ab\u00a0Licio Gelli &#8211; Vie, myst\u00e8res, scandales du chef de la Loge P2\u00a0\u00bb, Dedalo, 2016, p.32-36.<\/p>\n<p><a href=\"#_ftnref33\" name=\"_ftn33\">[33]<\/a> Commission d&rsquo;enqu\u00eate parlementaire sur la loge ma\u00e7onnique P2, doc. XXIII, no. 2-quater\/3\/XI, vol. III<\/p>\n<p><a href=\"#_ftnref34\" name=\"_ftn34\">[34]<\/a> Commission d&rsquo;enqu\u00eate parlementaire sur la loge ma\u00e7onnique P2, doc. XXIII, no. 2-quater\/3\/XI, vol. III<\/p>\n<p><a href=\"#_ftnref35\" name=\"_ftn35\">[35]<\/a> G. Casarrubea, M. J. Cereghino, \u00ab\u00a0Tango connection : Nazi-fascist gold, Latin America and the war on communism in Italy 1943-1947\u00a0\u00bb, Bompiani, 2007 ; G. Cavalleri, \u00ab\u00a0Evita Per\u00f3n and the gold of the Nazis\u00a0\u00bb, Piemme, 1998, pp. 70-72.<\/p>\n<p><a href=\"#_ftnref36\" name=\"_ftn36\">[36]<\/a> G. Casarrubea, M. J. Cereghino, \u00ab\u00a0Tango connection : Nazi-fascist gold, Latin America and the war on communism in Italy 1943-1947\u00a0\u00bb, Bompiani, 2007 ; G. Cavalleri, \u00ab\u00a0Evita Per\u00f3n and the gold of the Nazis\u00a0\u00bb, Piemme, 1998, pp. 70-72.<\/p>\n<p><a href=\"#_ftnref37\" name=\"_ftn37\">[37]<\/a> G. Casarrubea, M. J. Cereghino, \u00ab\u00a0Tango connection : Nazi-fascist gold, Latin America and the war on communism in Italy 1943-1947\u00a0\u00bb, Bompiani, 2007, pp. 27-28.<\/p>\n<p><a href=\"#_ftnref38\" name=\"_ftn38\">[38]<\/a><a href=\"https:\/\/ibiworld.eu\/en\/henry-kissinger-the-dark-soul-of-the-20th-century\/\"> https:\/\/ibiworld.eu\/en\/henry-kissinger-the-dark-soul-of-the-20th-century\/ <\/a><\/p>\n<p><a href=\"#_ftnref39\" name=\"_ftn39\">[39]<\/a><a href=\"http:\/\/jens-kroeger.homepage.t-online.de\/page1\/vatikan.html\"> http:\/\/jens-kroeger.homepage.t-online.de\/page1\/vatikan.html<\/a><\/p>\n<p><a href=\"#_ftnref40\" name=\"_ftn40\">[40]<\/a><a href=\"https:\/\/www.fbi.gov\/news\/stories\/the-fbis-world-war-ii-era-cover-company-at-rockefeller-center\"> https:\/\/www.fbi.gov\/news\/stories\/the-fbis-world-war-ii-era-cover-company-at-rockefeller-center<\/a><\/p>\n<p><a href=\"#_ftnref41\" name=\"_ftn41\">[41]<\/a> G. Casarrubea, M. J. Cereghino, \u00ab\u00a0Tango connection : Nazi-fascist gold, Latin America and the war on communism in Italy 1943-1947\u00a0\u00bb, Bompiani, 2007.<\/p>\n<p><a href=\"#_ftnref42\" name=\"_ftn42\">[42]<\/a><a href=\"https:\/\/www.treccani.it\/enciclopedia\/giuseppe-nettuno-romualdi_%28Dizionario-Biografico%29\/\"> https:\/\/www.treccani.it\/enciclopedia\/giuseppe-nettuno-romualdi_%28Dizionario-Biografico%29\/<\/a><\/p>\n<p><a href=\"#_ftnref43\" name=\"_ftn43\">[43]<\/a><a href=\"https:\/\/aventurasnahistoria.uol.com.br\/noticias\/almanaque\/historia-biografia-otto-skorzeny-nazista.phtml\"> https:\/\/aventurasnahistoria.uol.com.br\/noticias\/almanaque\/historia-biografia-otto-skorzeny-nazista.phtml <\/a><\/p>\n<p><a href=\"#_ftnref44\" name=\"_ftn44\">[44]<\/a> N. Tranfaglia, \u00ab\u00a0Come nasce la Repubblica\u00a0\u00bb, Bompiani, 2004, pp. 81-86.<\/p>\n<p><a href=\"#_ftnref45\" name=\"_ftn45\">[45]<\/a> G. Casarrubea, M. J. Cereghino, \u00ab\u00a0Tango connection : Nazi-fascist gold, Latin America and the war on communism in Italy 1943-1947\u00a0\u00bb, Bompiani, 2007.<\/p>\n<p><a href=\"#_ftnref46\" name=\"_ftn46\">[46]<\/a><a href=\"https:\/\/books.google.it\/books?id=X5EgykND42kC&amp;q=memo+July+3,+1946&amp;pg=PA140&amp;redir_esc=y\"> https:\/\/books.google.it\/books?id=X5EgykND42kC&amp;q=memo+July+3,+1946&amp;pg=PA140&amp;redir_esc=y<\/a> ; https:\/\/www.nytimes.com\/2003\/03\/09\/world\/argentina-a-haven-for-nazis-balks-at-opening-its-files.html<\/p>\n<p><a href=\"#_ftnref47\" name=\"_ftn47\">[47]<\/a> Laske, Karl <em>Ein Leben zwischen Hitler und Carlos : Fran\u00e7ois Genoud <\/em>Limmat Verlag, 1996, Z\u00fcrich <a href=\"https:\/\/books.google.it\/books?id=w0RGVHB8YucC&amp;redir_esc=y\">; https:\/\/books.google.it\/books?id=w0RGVHB8YucC&amp;redir_esc=y<\/a> ; <a href=\"https:\/\/writing.upenn.edu\/~afilreis\/Holocaust\/swiss-and-hitler.html\">https:\/\/writing.upenn.edu\/~afilreis\/Holocaust\/swiss-and-hitler.<\/a>html<\/p>\n<p><a href=\"#_ftnref48\" name=\"_ftn48\">[48]<\/a><a href=\"http:\/\/www.magpictures.com\/terrorsadvocate\/genoud.html\"> http:\/\/www.magpictures.com\/terrorsadvocate\/genoud.html <\/a><\/p>\n<p><a href=\"#_ftnref49\" name=\"_ftn49\">[49]<\/a> A. Kapil, \u00ab\u00a0Middle East Studies Association Bulletin\u00a0\u00bb, vol. 32, no. 1, 1998, pp. 92-94<\/p>\n<p><a href=\"#_ftnref50\" name=\"_ftn50\">[50]<\/a> Peter Niggli, J\u00fcrg Frischknecht : <em>Rechte Seilschaften. Wie die &lsquo;unheimlichen Patrioten&rsquo; den Zusammenbruch des Kommunismus meisterten. <\/em>Rotpunktverlag, Z\u00fcrich 1998, p. 692 et suivantes ; Mark Weizmann : <em>Antisemitismus und Holocaust-Leugnung : Permanente Elemente des globalen Rechtsextremismus. <\/em>In : Greven\/Grumke 2006 ; http:\/\/www.trend.infopartisan.net\/trd1102\/t161102.html<\/p>\n<p><a href=\"#_ftnref51\" name=\"_ftn51\">[51]<\/a> Commission d&rsquo;enqu\u00eate parlementaire sur la loge ma\u00e7onnique P2, Doc. XXIII, no. 2-quater\/7\/XIII, vol. VII p. 310<\/p>\n<p><a href=\"#_ftnref52\" name=\"_ftn52\">[52]<\/a> G. Piazzesi, \u00ab\u00a0Gelli &#8211; La carri\u00e8re d&rsquo;un h\u00e9ros de cette Italie\u00a0\u00bb, Garzanti, 1983<\/p>\n<p><a href=\"#_ftnref53\" name=\"_ftn53\">[53]<\/a> G. Piazzesi, \u00ab\u00a0Gelli &#8211; La carri\u00e8re d&rsquo;un h\u00e9ros de cette Italie\u00a0\u00bb, Garzanti, 1983<\/p>\n<p><a href=\"#_ftnref54\" name=\"_ftn54\">[54]<\/a><a href=\"https:\/\/www.ciociariaoggi.it\/news\/frosinone\/8121\/gelli-permaflex.html\"> https:\/\/www.ciociariaoggi.it\/news\/frosinone\/8121\/gelli-permaflex.html<\/a><\/p>\n<p><a href=\"#_ftnref55\" name=\"_ftn55\">[55]<\/a> G. Piazzesi, \u00ab\u00a0Gelli &#8211; La carri\u00e8re d&rsquo;un h\u00e9ros de cette Italie\u00a0\u00bb, Garzanti, 1983<\/p>\n<p><a href=\"#_ftnref56\" name=\"_ftn56\">[56]<\/a> G. Galli, \u00ab\u00a0Affari di Stato, L&rsquo;Italia sotterranea 1943-1990 : storia, politica, partiti, corruzione, misteri, scandali\u00a0\u00bb, Kaos Edizioni, 1997.<\/p>\n<p><a href=\"#_ftnref57\" name=\"_ftn57\">[57]<\/a><a href=\"https:\/\/www.lanazione.it\/arezzo\/cronaca\/vinete-sequestro-per-villa-wanda-respinto-il-ricorso-della-procura-1.4629624\"> https:\/\/www.lanazione.it\/arezzo\/cronaca\/vinete-sequestro-per-villa-wanda-respinto-il-ricorso-della-procura-1.4629624<\/a><\/p>\n<p><a href=\"#_ftnref58\" name=\"_ftn58\">[58]<\/a> Commission d&rsquo;enqu\u00eate parlementaire sur la loge ma\u00e7onnique P2, Annexes, S\u00e9rie II, vol. III, volume I, p. 379<\/p>\n<p><a href=\"#_ftnref59\" name=\"_ftn59\">[59]<\/a> Commission d&rsquo;enqu\u00eate parlementaire sur la loge ma\u00e7onnique P2, Annexes, S\u00e9rie II, vol. III, volume I, p. 55<\/p>\n<p><a href=\"#_ftnref60\" name=\"_ftn60\">[60]<\/a> S. Flamigni, \u00ab\u00a0Atlantic Plots. Storia della loggia massonica segreta P2\u00a0\u00bb, Kaos Edizioni, 2014<\/p>\n<p><a href=\"#_ftnref61\" name=\"_ftn61\">[61]<\/a> J.D. Buenker et L.A. Ratner, \u00ab\u00a0Multiculturalism in the United States : A Comparative Guide to Acculturation and Ethnicity\u00a0\u00bb, Greenwood Press, 2005.<\/p>\n<p><a href=\"#_ftnref62\" name=\"_ftn62\">[62]<\/a><a href=\"https:\/\/www.youtube.com\/watch?v=1c42ABDgEqs\"> https:\/\/www.youtube.com\/watch?v=1c42ABDgEqs <\/a><\/p>\n<p><a href=\"#_ftnref63\" name=\"_ftn63\">[63]<\/a> C. Palermo, \u00ab\u00a0Il quarto livello : integralismo islamico, massoneria e mafia : dalla rete nera del crimine agli attentati al Papa nel nome di Fatima\u00a0\u00bb, Editori Riuniti, 1996<\/p>\n<p><a href=\"#_ftnref64\" name=\"_ftn64\">[64]<\/a><a href=\"https:\/\/ricerca.repubblica.it\/repubblica\/archivio\/repubblica\/1984\/07\/04\/segreti-di-belfagor.html\"> https:\/\/ricerca.repubblica.it\/repubblica\/archivio\/repubblica\/1984\/07\/04\/segreti-di-belfagor.html<\/a><\/p>\n<p><a href=\"#_ftnref65\" name=\"_ftn65\">[65]<\/a><a href=\"https:\/\/www.grandeoriente.it\/chi-siamo\/la-storia\/gran-maestri\/publio-cortini-041053-26051956-%E2%80%A2-26051956-30111957\/\"> https:\/\/www.grandeoriente.it\/chi-siamo\/la-storia\/gran-maestri\/publio-cortini-041053-26051956-%E2%80%A2-26051956-30111957\/<\/a><\/p>\n<p><a href=\"#_ftnref66\" name=\"_ftn66\">[66]<\/a> Mario Guarino et Fedora Raugei, \u00ab\u00a0Licio Gelli &#8211; Life, mysteries, scandals of the head of the P2 Lodge\u00a0\u00bb, Dedalo, 2016, p. 46.<\/p>\n<p><a href=\"#_ftnref67\" name=\"_ftn67\">[67]<\/a><a href=\"https:\/\/www.grandeoriente.it\/chi-siamo\/la-storia\/gran-maestri\/giordano-gamberini-17-07-196121-03-1970\/\"> https:\/\/www.grandeoriente.it\/chi-siamo\/la-storia\/gran-maestri\/giordano-gamberini-17-07-196121-03-1970\/<\/a><\/p>\n<p><a href=\"#_ftnref68\" name=\"_ftn68\">[68]<\/a> S. Flamigni, \u00ab\u00a0Atlantic Plots. Storia della loggia massonica segreta P2\u00a0\u00bb, Kaos Edizioni, 2014<\/p>\n<p><a href=\"#_ftnref69\" name=\"_ftn69\">[69]<\/a> Commission d&rsquo;enqu\u00eate parlementaire sur la loge ma\u00e7onnique P2, Annexes, S\u00e9rie II, vol. III, tome I, p. 395-396<\/p>\n<p><a href=\"#_ftnref70\" name=\"_ftn70\">[70]<\/a> Commission d&rsquo;enqu\u00eate parlementaire sur la loge ma\u00e7onnique P2, Annexes, S\u00e9rie II, vol. III, volume I, p. 397<\/p>\n<p><a href=\"#_ftnref71\" name=\"_ftn71\">[71]<\/a> G. Piazzesi, \u00ab\u00a0Gelli &#8211; La carri\u00e8re d&rsquo;un h\u00e9ros de cette Italie\u00a0\u00bb, Garzanti, 1983<\/p>\n<p><a href=\"#_ftnref72\" name=\"_ftn72\">[72]<\/a> Commission d&rsquo;enqu\u00eate parlementaire sur la loge ma\u00e7onnique P2, Doc. XXIII no. 2-quater\/6\/tome XV, vol. VI, pp. 162-163<\/p>\n<p><a href=\"#_ftnref73\" name=\"_ftn73\">[73]<\/a> Commission d&rsquo;enqu\u00eate parlementaire sur la loge ma\u00e7onnique P2, Doc. XXIII no. 2-quater\/6\/tome XV, vol. VI, pp. 162-163<\/p>\n<p><a href=\"#_ftnref74\" name=\"_ftn74\">[74]<\/a> Commission d&rsquo;enqu\u00eate parlementaire sur la loge ma\u00e7onnique P2, Doc. XXIII no. 2-quater\/6\/tome XV, vol. VI, pp. 162-163<\/p>\n<p><a href=\"#_ftnref75\" name=\"_ftn75\">[75]<\/a> https:\/\/www.fotoa3.it\/event\/it\/1\/158063\/1973+-+Lino+Salvini+Gran+Maestro+del+Grande+Oriente+d%E2%88%9A%C3%89%26%23x8d%3BItalia<\/p>\n<p><a href=\"#_ftnref76\" name=\"_ftn76\">[76]<\/a> G. Piazzesi, \u00ab\u00a0Gelli &#8211; La carri\u00e8re d&rsquo;un h\u00e9ros de cette Italie\u00a0\u00bb, Garzanti, 1983<\/p>\n<p><a href=\"#_ftnref77\" name=\"_ftn77\">[77]<\/a> Commission d&rsquo;enqu\u00eate parlementaire sur la loge ma\u00e7onnique P2, Doc. XXIII no. 2-quater\/6\/tome XV, vol. VI, pp. 167-168<\/p>\n<p><a href=\"#_ftnref78\" name=\"_ftn78\">[78]<\/a>[78]\u00a0 Commission d&rsquo;enqu\u00eate parlementaire sur la loge ma\u00e7onnique P2, Annexes, S\u00e9rie II, vol. III, t. I, p. 471-472<\/p>\n<p><a href=\"#_ftnref79\" name=\"_ftn79\">[79]<\/a> Commission d&rsquo;enqu\u00eate parlementaire sur la loge ma\u00e7onnique P2, Annexes, S\u00e9rie II, vol. III, t. I, p. 471-472<\/p>\n<p><a href=\"#_ftnref80\" name=\"_ftn80\">[80]<\/a> Commission d&rsquo;enqu\u00eate parlementaire sur la loge ma\u00e7onnique P2, Doc. XXIII no. 2-quater\/6\/tome XV, vol. VI, pp. 168-171<\/p>\n<p><a href=\"#_ftnref81\" name=\"_ftn81\">[81]<\/a> Commission d&rsquo;enqu\u00eate parlementaire sur la loge ma\u00e7onnique P2, Annexes, S\u00e9rie II, vol. III, t. I, p. 520<\/p>\n<p><a href=\"#_ftnref82\" name=\"_ftn82\">[82]<\/a><a href=\"http:\/\/www.fondazionespirito.it\/il-novecento-attraverso-i-giornali-il-caso-di-mino-pecorelli\/\"> http:\/\/www.fondazionespirito.it\/il-novecento-attraverso-i-giornali-il-caso-di-mino-pecorelli\/<\/a><\/p>\n<p><a href=\"#_ftnref83\" name=\"_ftn83\">[83]<\/a><a href=\"https:\/\/core.ac.uk\/download\/pdf\/16697461.pdf\"> https:\/\/core.ac.uk\/download\/pdf\/16697461.pdf<\/a><\/p>\n<p><a href=\"#_ftnref84\" name=\"_ftn84\">[84]<\/a><a href=\"https:\/\/www.strano.net\/stragi\/stragi\/p2\/elep2.htm\"> https:\/\/www.strano.net\/stragi\/stragi\/p2\/elep2.htm<\/a><\/p>\n<p><a href=\"#_ftnref85\" name=\"_ftn85\">[85]<\/a> Rapport de la commission d&rsquo;enqu\u00eate parlementaire sur la loge ma\u00e7onnique P2, Hon. Tina Anselmi, pp. 12-13<\/p>\n<p><a href=\"#_ftnref86\" name=\"_ftn86\">[86]<\/a> Rapport de la Commission parlementaire d&rsquo;enqu\u00eate sur la P2 Masonic Lodge, Hon. Tina Anselmi, pp. 88-89 ; <a href=\"https:\/\/ibiworld.eu\/2022\/11\/26\/henry-kissinger-lanima-nera-del-xx-secolo\/\">https:\/\/ibiworld.eu\/2022\/11\/26\/henry-kissinger-lanima-nera-del-xx-secolo\/<\/a><\/p>\n<p><a href=\"#_ftnref87\" name=\"_ftn87\">[87]<\/a><a href=\"https:\/\/www.repubblica.it\/commenti\/2022\/12\/28\/news\/rauti_occorsio_mio_padre_ordine_nuovo_msi-380964060\/?ref=RHLM-BG-I381047365-P5-S3-T1\"> https:\/\/www.repubblica.it\/commenti\/2022\/12\/28\/news\/rauti_occorsio_mio_padre_ordine_nuovo_msi-380964060\/?ref=RHLM-BG-I381047365-P5-S3-T1<\/a><\/p>\n<p><a href=\"#_ftnref88\" name=\"_ftn88\">[88]<\/a><a href=\"https:\/\/it.wikipedia.org\/wiki\/Strage_di_piazza_della_Loggia#\/media\/File:Strage_piazza_della_Loggia.png\"> https:\/\/it.wikipedia.org\/wiki\/Strage_di_piazza_della_Loggia#\/media\/File:Strage_piazza_della_Loggia.png <\/a><\/p>\n<p><a href=\"#_ftnref89\" name=\"_ftn89\">[89]<\/a><a href=\"http:\/\/www.notavtorino.org\/documenti-02\/imposim-su-maf-masson-servsegr-2010-11.htm\"> http:\/\/www.notavtorino.org\/documenti-02\/imposim-su-maf-masson-servsegr-2010-11.htm<\/a><\/p>\n<p><a href=\"#_ftnref90\" name=\"_ftn90\">[90]<\/a><a href=\"https:\/\/ricerca.repubblica.it\/repubblica\/archivio\/repubblica\/1993\/04\/15\/le-logge-della-piovra.html\"> https:\/\/ricerca.repubblica.it\/repubblica\/archivio\/repubblica\/1993\/04\/15\/le-logge-della-piovra.html<\/a><\/p>\n<p><a href=\"#_ftnref91\" name=\"_ftn91\">[91]<\/a><a href=\"https:\/\/www.huffingtonpost.it\/entry\/dentro-lufficio-affari-riservati_it_6051edc6c5b6f2f91a2dd7ee\/\"> https:\/\/www.huffingtonpost.it\/entry\/dentro-lufficio-affari-riservati_it_6051edc6c5b6f2f91a2dd7ee\/<\/a><\/p>\n<p><a href=\"#_ftnref92\" name=\"_ftn92\">[92]<\/a><a href=\"http:\/\/leg13.camera.it\/_dati\/leg13\/lavori\/doc\/xxiii\/064v01t02_RS\/00000009.pdf\"> http:\/\/leg13.camera.it\/_dati\/leg13\/lavori\/doc\/xxiii\/064v01t02_RS\/00000009.pdf<\/a><\/p>\n<p><a href=\"#_ftnref93\" name=\"_ftn93\">[93]<\/a><a href=\"https:\/\/formiche.net\/2022\/03\/guide-lespresso-federico-umberto-damato\/\"> https:\/\/formiche.net\/2022\/03\/guide-lespresso-federico-umberto-damato\/<\/a><\/p>\n<p><a href=\"#_ftnref94\" name=\"_ftn94\">[94]<\/a><a href=\"https:\/\/www.huffingtonpost.it\/entry\/dentro-lufficio-affari-riservati_it_6051edc6c5b6f2f91a2dd7ee\/\"> https:\/\/www.huffingtonpost.it\/entry\/dentro-lufficio-affari-riservati_it_6051edc6c5b6f2f91a2dd7ee\/<\/a><\/p>\n<p><a href=\"#_ftnref95\" name=\"_ftn95\">[95]<\/a> L. Lanza, \u00ab\u00a0Bombe e segreti. Piazza Fontana, una strage senza colpevoli\u00a0\u00bb, Eleuthera, 1997, p. 20<\/p>\n<p><a href=\"#_ftnref96\" name=\"_ftn96\">[96]<\/a><a href=\"https:\/\/www.anordestdiche.com\/la-p2-ordine-nuovo-e-piazza-della-loggia\/\"> https:\/\/www.anordestdiche.com\/la-p2-ordine-nuovo-e-piazza-della-loggia\/<\/a><\/p>\n<p><a href=\"#_ftnref97\" name=\"_ftn97\">[97]<\/a><a href=\"https:\/\/www.anordestdiche.com\/la-p2-ordine-nuovo-e-piazza-della-loggia\/\"> https:\/\/www.anordestdiche.com\/la-p2-ordine-nuovo-e-piazza-della-loggia\/<\/a><\/p>\n<p><a href=\"#_ftnref98\" name=\"_ftn98\">[98]<\/a><a href=\"https:\/\/www.anordestdiche.com\/la-p2-ordine-nuovo-e-piazza-della-loggia\/\"> https:\/\/www.anordestdiche.com\/la-p2-ordine-nuovo-e-piazza-della-loggia\/<\/a><\/p>\n<p><a href=\"#_ftnref99\" name=\"_ftn99\">[99]<\/a><a href=\"https:\/\/ricerca.repubblica.it\/repubblica\/archivio\/repubblica\/1987\/06\/04\/un-colonnello-finisce-in-cella-per-reticenza.html\"> https:\/\/ricerca.repubblica.it\/repubblica\/archivio\/repubblica\/1987\/06\/04\/un-colonnello-finisce-in-cella-per-reticenza.html<\/a><\/p>\n<p><a href=\"#_ftnref100\" name=\"_ftn100\">[100]<\/a><a href=\"https:\/\/www.jensenmuseum.org\/voxson-a-tumultuous-history\/umberto-ortolani\/\"> https:\/\/www.jensenmuseum.org\/voxson-a-tumultuous-history\/umberto-ortolani\/ <\/a><\/p>\n<p><a href=\"#_ftnref101\" name=\"_ftn101\">[101]<\/a> C. Raw, \u00ab\u00a0La grande truffa : Il caso Calvi e il crack del Banco Ambrosiano\u00a0\u00bb, Mondadori, 1993, p. 143.<\/p>\n<p><a href=\"#_ftnref102\" name=\"_ftn102\">[102]<\/a><a href=\"https:\/\/ricerca.repubblica.it\/repubblica\/archivio\/repubblica\/1989\/06\/21\/vita-soldi-potere-di-un-re-dei.html\"> https:\/\/ricerca.repubblica.it\/repubblica\/archivio\/repubblica\/1989\/06\/21\/vita-soldi-potere-di-un-re-dei.html<\/a><\/p>\n<p><a href=\"#_ftnref103\" name=\"_ftn103\">[103]<\/a> Mario Guarino et Fedora Raugei, \u00ab\u00a0Licio Gelli &#8211; Vie, myst\u00e8res, scandales du chef de la Loge P2\u00a0\u00bb, Dedalo, 2016, p. 111.<\/p>\n<p><a href=\"#_ftnref104\" name=\"_ftn104\">[104]<\/a><a href=\"https:\/\/ricerca.repubblica.it\/repubblica\/archivio\/repubblica\/1989\/06\/21\/vita-soldi-potere-di-un-re-dei.html\"> https:\/\/ricerca.repubblica.it\/repubblica\/archivio\/repubblica\/1989\/06\/21\/vita-soldi-potere-di-un-re-dei.html<\/a><\/p>\n<p><a href=\"#_ftnref105\" name=\"_ftn105\">[105]<\/a> S. Flamigni, \u00ab\u00a0Atlantic Plots. Storia della loggia massonica segreta P2\u00a0\u00bb, Kaos Edizioni, 2014<\/p>\n<p><a href=\"#_ftnref106\" name=\"_ftn106\">[106]<\/a><a href=\"https:\/\/ricerca.repubblica.it\/repubblica\/archivio\/repubblica\/1989\/06\/21\/vita-soldi-potere-di-un-re-dei.html\"> https:\/\/ricerca.repubblica.it\/repubblica\/archivio\/repubblica\/1989\/06\/21\/vita-soldi-potere-di-un-re-dei.html<\/a><\/p>\n<p><a href=\"#_ftnref107\" name=\"_ftn107\">[107]<\/a> C. Raw, \u00ab\u00a0La grande truffa : Il caso Calvi e il crack del Banco Ambrosiano\u00a0\u00bb, Mondadori, 1993, p. 143.<\/p>\n<p><a href=\"#_ftnref108\" name=\"_ftn108\">[108]<\/a> C. Raw, \u00ab\u00a0La grande truffa : Il caso Calvi e il crack del Banco Ambrosiano\u00a0\u00bb, Mondadori, 1993, p. 140<\/p>\n<p><a href=\"#_ftnref109\" name=\"_ftn109\">[109]<\/a><a href=\"https:\/\/www.quirinale.it\/onorificenze\/insigniti\/261482\"> https:\/\/www.quirinale.it\/onorificenze\/insigniti\/261482<\/a><\/p>\n<p><a href=\"#_ftnref110\" name=\"_ftn110\">[110]<\/a><a href=\"https:\/\/ricerca.repubblica.it\/repubblica\/archivio\/repubblica\/1984\/04\/22\/scompare-dall-annuario-vaticano-il-nome-del.html\"> https:\/\/ricerca.repubblica.it\/repubblica\/archivio\/repubblica\/1984\/04\/22\/scompare-dall-annuario-vaticano-il-nome-del.html<\/a><\/p>\n<p><a href=\"#_ftnref111\" name=\"_ftn111\">[111]<\/a><a href=\"https:\/\/ricerca.repubblica.it\/repubblica\/archivio\/repubblica\/1990\/01\/21\/giudici-interrogano-ortolani-mi-iscrissi-alla.html\"> https:\/\/ricerca.repubblica.it\/repubblica\/archivio\/repubblica\/1990\/01\/21\/giudici-interrogano-ortolani-mi-iscrissi-alla.html<\/a><\/p>\n<p><a href=\"#_ftnref112\" name=\"_ftn112\">[112]<\/a><a href=\"https:\/\/archivi.polodel900.it\/scheda\/oai:polo900.it:121976_la-fiat-apprende-costernata-che-il-dott-oberdan-sallustro-direttore-generale\"> https:\/\/archivi.polodel900.it\/scheda\/oai:polo900.it:121976_la-fiat-apprende-costernata-che-il-dott-oberdan-sallustro-direttore-generale<\/a> ; <a href=\"https:\/\/spazio70.com\/estero\/raf-eta-ira-e-operazione-condor\/buenos-aires-21-marzo-1972-lerp-sequestra-e-uccide-il-dirigente-fiat-oberdan-sallustro\/\">https:\/\/spazio70.com\/estero\/raf-eta-ira-e-operazione-condor\/buenos-aires-21-marzo-1972-lerp-sequestra-e-uccide-il-dirigente-fiat-oberdan-sallustro\/<\/a><\/p>\n<p><a href=\"#_ftnref113\" name=\"_ftn113\">[113]<\/a><a href=\"https:\/\/www.infobae.com\/en\/2022\/03\/22\/sallustros-ordeal-the-shocking-details-of-the-kidnapping-and-death-of-the-fiat-executive-in-the-hands-of-the-erp\/\"> https:\/\/www.infobae.com\/en\/2022\/03\/22\/sallustros-ordeal-the-shocking-details-of-the-kidnapping-and-death-of-the-fiat-executive-in-the-hands-of-the-erp\/ <\/a><\/p>\n<p><a href=\"#_ftnref114\" name=\"_ftn114\">[114]<\/a><a href=\"https:\/\/www.avvocatisenzafrontiere.it\/?p=1940\"> https:\/\/www.avvocatisenzafrontiere.it\/?p=1940<\/a><\/p>\n<p><a href=\"#_ftnref115\" name=\"_ftn115\">[115]<\/a> M. Guarino, \u00ab\u00a0Poteri segreti e criminalit\u00e0 : l&rsquo;intreccio inconfessabile tra &lsquo;ndrangheta, massoneria e apparati dello Stato\u00a0\u00bb, Dedalo, 2004, pp. 41-42.<\/p>\n<p><a href=\"#_ftnref116\" name=\"_ftn116\">[116]<\/a> G. Piazzesi, \u00ab\u00a0Gelli &#8211; La carri\u00e8re d&rsquo;un h\u00e9ros de cette Italie\u00a0\u00bb, Garzanti, 1983<\/p>\n<p><a href=\"#_ftnref117\" name=\"_ftn117\">[117]<\/a><a href=\"https:\/\/www.avvocatisenzafrontiere.it\/?p=1940\"> https:\/\/www.avvocatisenzafrontiere.it\/?p=1940<\/a><\/p>\n<p><a href=\"#_ftnref118\" name=\"_ftn118\">[118]<\/a><a href=\"https:\/\/ricerca.repubblica.it\/repubblica\/archivio\/repubblica\/2000\/12\/02\/si-preparammo-il-golpe-ultima-verita.html\"> https:\/\/ricerca.repubblica.it\/repubblica\/archivio\/repubblica\/2000\/12\/02\/si-preparammo-il-golpe-ultima-verita.html<\/a><\/p>\n<p><a href=\"#_ftnref119\" name=\"_ftn119\">[119]<\/a><a href=\"https:\/\/ibiworld.eu\/en\/henry-kissinger-the-dark-soul-of-the-20th-century\/\"> https:\/\/ibiworld.eu\/en\/henry-kissinger-the-dark-soul-of-the-20th-century\/<\/a><\/p>\n<p><a href=\"#_ftnref120\" name=\"_ftn120\">[120]<\/a> Commission d&rsquo;enqu\u00eate parlementaire sur la loge ma\u00e7onnique P2, Annexes, 2-quater\/3\/partie IV\/partie 1\/vol. I<\/p>\n<p><a href=\"#_ftnref121\" name=\"_ftn121\">[121]<\/a><a href=\"https:\/\/patrimonio.archivio.senato.it\/inventario\/scheda\/moro-viii-leg\/IT-SEN-072-007421\/relazione-del-questore-emilio-santillo-sulla-loggia-massonica-p2-p-509#lg=1&amp;slide=0\"> https:\/\/patrimonio.archivio.senato.it\/inventario\/scheda\/moro-viii-leg\/IT-SEN-072-007421\/relazione-del-questore-emilio-santillo-sulla-loggia-massonica-p2-p-509#lg=1&amp;slide=0 <\/a><\/p>\n<p><a href=\"#_ftnref122\" name=\"_ftn122\">[122]<\/a><a href=\"https:\/\/patrimonio.archivio.senato.it\/inventario\/scheda\/moro-viii-leg\/IT-SEN-072-007421\/relazione-del-questore-emilio-santillo-sulla-loggia-massonica-p2-p-509#lg=1&amp;slide=0\"> https:\/\/patrimonio.archivio.senato.it\/inventario\/scheda\/moro-viii-leg\/IT-SEN-072-007421\/relazione-del-questore-emilio-santillo-sulla-loggia-massonica-p2-p-509#lg=1&amp;slide=0 <\/a><\/p>\n<p><a href=\"#_ftnref123\" name=\"_ftn123\">[123]<\/a> Commission d&rsquo;enqu\u00eate parlementaire sur la loge ma\u00e7onnique P2, Annexes au rapport, Doc. XXIII 2-quater\/3\/tome XI\/ Vol. III, p. 543 et suivantes.<\/p>\n<p><a href=\"#_ftnref124\" name=\"_ftn124\">[124]<\/a><a href=\"https:\/\/patrimonio.archivio.senato.it\/inventario\/scheda\/moro-viii-leg\/IT-SEN-072-007421\/relazione-del-questore-emilio-santillo-sulla-loggia-massonica-p2-p-509#lg=1&amp;slide=0\"> https:\/\/patrimonio.archivio.senato.it\/inventario\/scheda\/moro-viii-leg\/IT-SEN-072-007421\/relazione-del-questore-emilio-santillo-sulla-loggia-massonica-p2-p-509#lg=1&amp;slide=0 <\/a><\/p>\n<p><a href=\"#_ftnref125\" name=\"_ftn125\">[125]<\/a><a href=\"http:\/\/www.ascenzairiggiu.com\/rivolta-di-reggio-calabria\/\"> http:\/\/www.ascenzairiggiu.com\/rivolta-di-reggio-calabria\/ <\/a><\/p>\n<p><a href=\"#_ftnref126\" name=\"_ftn126\">[126]<\/a> G. Piazzesi, \u00ab\u00a0Gelli &#8211; La carri\u00e8re d&rsquo;un h\u00e9ros de cette Italie\u00a0\u00bb, Garzanti, 1983<\/p>\n<p><a href=\"#_ftnref127\" name=\"_ftn127\">[127]<\/a> G. Piazzesi, \u00ab\u00a0Gelli &#8211; La carri\u00e8re d&rsquo;un h\u00e9ros de cette Italie\u00a0\u00bb, Garzanti, 1983<\/p>\n<p><a href=\"#_ftnref128\" name=\"_ftn128\">[128]<\/a> Commission d&rsquo;enqu\u00eate parlementaire sur la loge ma\u00e7onnique P2, Annexes au rapport, Doc. XXIII 2-quater\/3\/tome VII-bis pp. 132-133<\/p>\n<p><a href=\"#_ftnref129\" name=\"_ftn129\">[129]<\/a><a href=\"https:\/\/ricerca.repubblica.it\/repubblica\/archivio\/repubblica\/2006\/07\/10\/cosi-ho-ucciso-il-giudice-occorsio.html\"> https:\/\/ricerca.repubblica.it\/repubblica\/archivio\/repubblica\/2006\/07\/10\/cosi-ho-ucciso-il-giudice-occorsio.html<\/a> ; G. Piazzesi, &lsquo;Gelli &#8211; La carri\u00e8re d&rsquo;un h\u00e9ros de cette Italie&rsquo;, Garzanti, 1983<\/p>\n<p><a href=\"#_ftnref130\" name=\"_ftn130\">[130]<\/a> Commission d&rsquo;enqu\u00eate parlementaire sur la loge ma\u00e7onnique P2, Annexes au rapport, Doc. XXIII 2-quater\/3\/tome VII-bis pp. 131-137<\/p>\n<p><a href=\"#_ftnref131\" name=\"_ftn131\">[131]<\/a><a href=\"https:\/\/thevision.com\/politica\/licio-gelli-patacca\/\"> https:\/\/thevision.com\/politica\/licio-gelli-patacca\/<\/a><\/p>\n<p><a href=\"#_ftnref132\" name=\"_ftn132\">[132]<\/a><a href=\"https:\/\/thevision.com\/politica\/licio-gelli-patacca\/\"> https:\/\/thevision.com\/politica\/licio-gelli-patacca\/<\/a><\/p>\n<p><a href=\"#_ftnref133\" name=\"_ftn133\">[133]<\/a><a href=\"https:\/\/www.archivioantimafia.org\/p2\/piano_rinascita_democratica.pdf\"> https:\/\/www.archivioantimafia.org\/p2\/piano_rinascita_democratica.pdf<\/a><\/p>\n<p><a href=\"#_ftnref134\" name=\"_ftn134\">[134]<\/a><a href=\"https:\/\/www.ilfattoquotidiano.it\/wp-content\/uploads\/2010\/07\/Il-Piano-di-rinascita-democratica-della-P2-commentato-da-Marco-Travaglio.pdf\"> https:\/\/www.ilfattoquotidiano.it\/wp-content\/uploads\/2010\/07\/Il-Piano-di-rinascita-democratica-della-P2-commentato-da-Marco-Travaglio.pdf<\/a> ; https:\/\/www.ibs.it\/da-gelli-a-renzi-passando-libro-aldo-giannuli\/e\/9788868336080<\/p>\n<p><a href=\"#_ftnref135\" name=\"_ftn135\">[135]<\/a><a href=\"https:\/\/www.roadtvitalia.it\/morte-roberto-calvi-enigma-ancora-insoluto\/\"> https:\/\/www.roadtvitalia.it\/morte-roberto-calvi-enigma-ancora-insoluto\/ <\/a><\/p>\n<p><a href=\"#_ftnref136\" name=\"_ftn136\">[136]<\/a><a href=\"https:\/\/www.professionefinanza.com\/roberto-calvi\/\"> https:\/\/www.professionefinanza.com\/roberto-calvi\/<\/a><\/p>\n<p><a href=\"#_ftnref137\" name=\"_ftn137\">[137]<\/a><a href=\"https:\/\/www.ilpost.it\/2022\/06\/18\/roberto-calvi\/\"> https:\/\/www.ilpost.it\/2022\/06\/18\/roberto-calvi\/<\/a><\/p>\n<p><a href=\"#_ftnref138\" name=\"_ftn138\">[138]<\/a><a href=\"https:\/\/www.ilpost.it\/2022\/06\/18\/roberto-calvi\/\"> https:\/\/www.ilpost.it\/2022\/06\/18\/roberto-calvi\/<\/a><\/p>\n<p><a href=\"#_ftnref139\" name=\"_ftn139\">[139]<\/a> C. Raw, \u00ab\u00a0La grande truffa : Il caso Calvi e il crack del Banco Ambrosiano\u00a0\u00bb, Mondadori, 1993<\/p>\n<p><a href=\"#_ftnref140\" name=\"_ftn140\">[140]<\/a> C. Raw, \u00ab\u00a0La grande truffa : Il caso Calvi e il crack del Banco Ambrosiano\u00a0\u00bb, Mondadori, 1993<\/p>\n<p><a href=\"#_ftnref141\" name=\"_ftn141\">[141]<\/a> C. Raw, \u00ab\u00a0La grande truffa : Il caso Calvi e il crack del Banco Ambrosiano\u00a0\u00bb, Mondadori, 1993<\/p>\n<p><a href=\"#_ftnref142\" name=\"_ftn142\">[142]<\/a> C. Raw, \u00ab\u00a0La grande truffa : Il caso Calvi e il crack del Banco Ambrosiano\u00a0\u00bb, Mondadori, 1993<\/p>\n<p><a href=\"#_ftnref143\" name=\"_ftn143\">[143]<\/a> C. Raw, \u00ab\u00a0La grande truffa : Il caso Calvi e il crack del Banco Ambrosiano\u00a0\u00bb, Mondadori, 1993<\/p>\n<p><a href=\"#_ftnref144\" name=\"_ftn144\">[144]<\/a><a href=\"https:\/\/st.ilsole24ore.com\/art\/notizie\/2013-04-24\/vaticanoior-anni-6070-sindona-163653_PRN.shtml\"> https:\/\/st.ilsole24ore.com\/art\/notizie\/2013-04-24\/vaticanoior-anni-6070-sindona-163653_PRN.shtml<\/a><\/p>\n<p><a href=\"#_ftnref145\" name=\"_ftn145\">[145]<\/a> C. Raw, \u00ab\u00a0La grande truffa : Il caso Calvi e il crack del Banco Ambrosiano\u00a0\u00bb, Mondadori, 1993<\/p>\n<p><a href=\"#_ftnref146\" name=\"_ftn146\">[146]<\/a><a href=\"https:\/\/ricerca.repubblica.it\/repubblica\/archivio\/repubblica\/1987\/05\/05\/il-crack-del-vecchio-banco.html\"> https:\/\/ricerca.repubblica.it\/repubblica\/archivio\/repubblica\/1987\/05\/05\/il-crack-del-vecchio-banco.html<\/a><\/p>\n<p><a href=\"#_ftnref147\" name=\"_ftn147\">[147]<\/a><a href=\"https:\/\/www.ticinolive.ch\/2015\/04\/14\/scacco-matto-intervista-a-un-giocatore-non-dazzardo\/\"> https:\/\/www.ticinolive.ch\/2015\/04\/14\/scacco-matto-intervista-a-un-giocatore-non-dazzardo\/ <\/a><\/p>\n<p><a href=\"#_ftnref148\" name=\"_ftn148\">[148]<\/a> C. Raw, \u00ab\u00a0La grande truffa : Il caso Calvi e il crack del Banco Ambrosiano\u00a0\u00bb, Mondadori, 1993<\/p>\n<p><a href=\"#_ftnref149\" name=\"_ftn149\">[149]<\/a><a href=\"https:\/\/ibiworld.eu\/en\/the-last-victim-of-banco-ambrosiano\/\"> LA DERNI\u00c8RE VICTIME DE LA BANCO AMBROSIANO | IBI World UK<\/a><\/p>\n<p><a href=\"#_ftnref150\" name=\"_ftn150\">[150]<\/a><a href=\"https:\/\/www.corriere.it\/cronache\/cards\/vaticano-marcinkus-palazzo-londra-40-anni-scandali-finanziari\/crack-ambrosiano-caso-marcinkus_principale.shtml\"> https:\/\/www.corriere.it\/cronache\/cards\/vaticano-marcinkus-palazzo-londra-40-anni-scandali-finanziari\/crack-ambrosiano-caso-marcinkus_principale.shtml<\/a><\/p>\n<p><a href=\"#_ftnref151\" name=\"_ftn151\">[151]<\/a><a href=\"https:\/\/ricerca.repubblica.it\/repubblica\/archivio\/repubblica\/1984\/05\/17\/il-rinvio-giudizio-di-rosone-chiesto-dal.html\"> https:\/\/ricerca.repubblica.it\/repubblica\/archivio\/repubblica\/1984\/05\/17\/il-rinvio-giudizio-di-rosone-chiesto-dal.html<\/a><\/p>\n<p><a href=\"#_ftnref152\" name=\"_ftn152\">[152]<\/a> C. Raw, \u00ab\u00a0La grande truffa : Il caso Calvi e il crack del Banco Ambrosiano\u00a0\u00bb, Mondadori, 1993<\/p>\n<p><a href=\"#_ftnref153\" name=\"_ftn153\">[153]<\/a><a href=\"https:\/\/moondo.info\/michele-sindona-chi-era\/\"> https:\/\/moondo.info\/michele-sindona-chi-era\/<\/a><\/p>\n<p><a href=\"#_ftnref154\" name=\"_ftn154\">[154]<\/a> C. Raw, \u00ab\u00a0La grande truffa : Il caso Calvi e il crack del Banco Ambrosiano\u00a0\u00bb, Mondadori, 1993<\/p>\n<p><a href=\"#_ftnref155\" name=\"_ftn155\">[155]<\/a> C. Raw, \u00ab\u00a0La grande truffa : Il caso Calvi e il crack del Banco Ambrosiano\u00a0\u00bb, Mondadori, 1993<\/p>\n<p><a href=\"#_ftnref156\" name=\"_ftn156\">[156]<\/a> M. Turco, C. Pontesilli et G. Di Battista, \u00ab\u00a0Paradiso IOR &#8211; la banca vaticana tra criminalit\u00e0 finanziaria e politica. Dalle origini al crack Monte dei Paschi\u00a0\u00bb, Lit Edizioni, 2013, p.102<\/p>\n<p><a href=\"#_ftnref157\" name=\"_ftn157\">[157]<\/a> C. Raw, \u00ab\u00a0La grande truffa : Il caso Calvi e il crack del Banco Ambrosiano\u00a0\u00bb, Mondadori, 1993<\/p>\n<p><a href=\"#_ftnref158\" name=\"_ftn158\">[158]<\/a> C. Raw, \u00ab\u00a0La grande truffa : Il caso Calvi e il crack del Banco Ambrosiano\u00a0\u00bb, Mondadori, 1993<\/p>\n<p><a href=\"#_ftnref159\" name=\"_ftn159\">[159]<\/a><a href=\"https:\/\/www.dagospia.com\/rubrica-29\/cronache\/sterco-diavolo-sotto-cupolone-40-anni-scandali-finanziari-220946.htm\"> https:\/\/www.dagospia.com\/rubrica-29\/cronache\/sterco-diavolo-sotto-cupolone-40-anni-scandali-finanziari-220946.htm <\/a><\/p>\n<p><a href=\"#_ftnref160\" name=\"_ftn160\">[160]<\/a> C. Raw, \u00ab\u00a0La grande truffa : Il caso Calvi e il crack del Banco Ambrosiano\u00a0\u00bb, Mondadori, 1993<\/p>\n<p><a href=\"#_ftnref161\" name=\"_ftn161\">[161]<\/a><a href=\"https:\/\/opusdei.org\/it-it\/article\/che-cose-lopus-dei-2\/#:~:text=L'Opus%20Dei%2C%20che%20ha,spirituale%20e%20il%20proprio%20apostolato.\"> https:\/\/opdollariei.org\/it-it\/article\/che-cose-lopus-dei-2\/#:~:text=L&rsquo;Opus%20de%2C%20qui%20a%20la%20spirituelle%20et%20l&rsquo;apostolate.<\/a><\/p>\n<p><a href=\"#_ftnref162\" name=\"_ftn162\">[162]<\/a><a href=\"https:\/\/www.limesonline.com\/cartaceo\/che-cosa-e-e-quanto-conta-lopus-dei\"> https:\/\/www.limesonline.com\/cartaceo\/che-cosa-e-e-quanto-conta-lopus-dei<\/a><\/p>\n<p><a href=\"#_ftnref163\" name=\"_ftn163\">[163]<\/a> F. Pinotti, \u00ab\u00a0Poteri forti\u00a0\u00bb, BUR, 2005<\/p>\n<p><a href=\"#_ftnref164\" name=\"_ftn164\">[164]<\/a> F. Pinotti, \u00ab\u00a0Poteri forti\u00a0\u00bb, BUR, 2005<\/p>\n<p><a href=\"#_ftnref165\" name=\"_ftn165\">[165]<\/a> C. Raw, \u00ab\u00a0La grande truffa : Il caso Calvi e il crack del Banco Ambrosiano\u00a0\u00bb, Mondadori, 1993<\/p>\n<p><a href=\"#_ftnref166\" name=\"_ftn166\">[166]<\/a> C. Raw, \u00ab\u00a0La grande truffa : Il caso Calvi e il crack del Banco Ambrosiano\u00a0\u00bb, Mondadori, 1993<\/p>\n<p><a href=\"#_ftnref167\" name=\"_ftn167\">[167]<\/a><a href=\"https:\/\/www.ilpost.it\/2019\/07\/11\/giorgio-ambrosoli-2\/\"> https:\/\/www.ilpost.it\/2019\/07\/11\/giorgio-ambrosoli-2\/ <\/a><\/p>\n<p><a href=\"#_ftnref168\" name=\"_ftn168\">[168]<\/a> C. Raw, \u00ab\u00a0La grande truffa : Il caso Calvi e il crack del Banco Ambrosiano\u00a0\u00bb, Mondadori, 1993<\/p>\n<p><a href=\"#_ftnref169\" name=\"_ftn169\">[169]<\/a> C. Raw, \u00ab\u00a0La grande truffa : Il caso Calvi e il crack del Banco Ambrosiano\u00a0\u00bb, Mondadori, 1993<\/p>\n<p><a href=\"#_ftnref170\" name=\"_ftn170\">[170]<\/a><a href=\"https:\/\/ricerca.repubblica.it\/repubblica\/archivio\/repubblica\/1994\/07\/06\/quindici-anni-fa-lo-scandalo-dei.html\"> https:\/\/ricerca.repubblica.it\/repubblica\/archivio\/repubblica\/1994\/07\/06\/quindici-anni-fa-lo-scandalo-dei.html<\/a><\/p>\n<p><a href=\"#_ftnref171\" name=\"_ftn171\">[171]<\/a><a href=\"https:\/\/www.gerograssi.it\/cms2\/file\/casomoro\/DVD23\/0323_001.pdf\"> https:\/\/www.gerograssi.it\/cms2\/file\/casomoro\/DVD23\/0323_001.pdf<\/a><\/p>\n<p><a href=\"#_ftnref172\" name=\"_ftn172\">[172]<\/a> C. Raw, \u00ab\u00a0La grande truffa : Il caso Calvi e il crack del Banco Ambrosiano\u00a0\u00bb, Mondadori, 1993<\/p>\n<p><a href=\"#_ftnref173\" name=\"_ftn173\">[173]<\/a> C. Raw, \u00ab\u00a0La grande truffa : Il caso Calvi e il crack del Banco Ambrosiano\u00a0\u00bb, Mondadori, 1993<\/p>\n<p><a href=\"#_ftnref174\" name=\"_ftn174\">[174]<\/a> P. L. Williams, \u00ab\u00a0Operation Gladio : The Unholy Alliance Between the Vatican, The CIA And the Mafia\u00a0\u00bb, Prometheus Books, 2015.<\/p>\n<p><a href=\"#_ftnref175\" name=\"_ftn175\">[175]<\/a><a href=\"https:\/\/www.laprovinciacr.it\/news\/nella-storia\/15568\/Nasce-a-Firenze-un-nuovo-partito.html\"> https:\/\/www.laprovinciacr.it\/news\/nella-storia\/15568\/Nasce-a-Firenze-un-nuovo-partito.html<\/a><\/p>\n<p><a href=\"#_ftnref176\" name=\"_ftn176\">[176]<\/a><a href=\"https:\/\/www.senato.it\/leg\/06\/BGT\/Schede\/Attsen\/00000638.htm\"> https:\/\/www.senato.it\/leg\/06\/BGT\/Schede\/Attsen\/00000638.htm<\/a><\/p>\n<p><a href=\"#_ftnref177\" name=\"_ftn177\">[177]<\/a><a href=\"https:\/\/ricerca.repubblica.it\/repubblica\/archivio\/repubblica\/1984\/07\/03\/per-il-crack-sindona-ora.html\"> https:\/\/ricerca.repubblica.it\/repubblica\/archivio\/repubblica\/1984\/07\/03\/per-il-crack-sindona-ora.html<\/a><\/p>\n<p><a href=\"#_ftnref178\" name=\"_ftn178\">[178]<\/a><a href=\"https:\/\/thevision.com\/politica\/sindona\/\"> https:\/\/thevision.com\/politica\/sindona\/ <\/a><\/p>\n<p><a href=\"#_ftnref179\" name=\"_ftn179\">[179]<\/a><a href=\"https:\/\/ricerca.repubblica.it\/repubblica\/archivio\/repubblica\/1984\/07\/03\/per-il-crack-sindona-ora.html\"> https:\/\/ricerca.repubblica.it\/repubblica\/archivio\/repubblica\/1984\/07\/03\/per-il-crack-sindona-ora.html<\/a><\/p>\n<p><a href=\"#_ftnref180\" name=\"_ftn180\">[180]<\/a> C. Raw, \u00ab\u00a0La grande truffa : Il caso Calvi e il crack del Banco Ambrosiano\u00a0\u00bb, Mondadori, 1993<\/p>\n<p><a href=\"#_ftnref181\" name=\"_ftn181\">[181]<\/a> C. Raw, \u00ab\u00a0La grande truffa : Il caso Calvi e il crack del Banco Ambrosiano\u00a0\u00bb, Mondadori, 1993<\/p>\n<p><a href=\"#_ftnref182\" name=\"_ftn182\">[182]<\/a><a href=\"https:\/\/ricerca.repubblica.it\/repubblica\/archivio\/repubblica\/1994\/02\/11\/estradato-firrao-il-cassiere-della-p2.html\"> https:\/\/ricerca.repubblica.it\/repubblica\/archivio\/repubblica\/1994\/02\/11\/estradato-firrao-il-cassiere-della-p2.html<\/a><\/p>\n<p><a href=\"#_ftnref183\" name=\"_ftn183\">[183]<\/a> C. Raw, \u00ab\u00a0La grande truffa : Il caso Calvi e il crack del Banco Ambrosiano\u00a0\u00bb, Mondadori, 1993<\/p>\n<p><a href=\"#_ftnref184\" name=\"_ftn184\">[184]<\/a><a href=\"https:\/\/www.dagospia.com\/rubrica-2\/media_e_tv\/ma-quale-dani-secco-casa-ldquo-grande-fratello-vip-rdquo-185967.htm\"> https:\/\/www.dagospia.com\/rubrica-2\/media_e_tv\/ma-quale-dani-secco-casa-ldquo-grande-fratello-vip-rdquo-185967.htm <\/a><\/p>\n<p><a href=\"#_ftnref185\" name=\"_ftn185\">[185]<\/a><a href=\"https:\/\/ricerca.repubblica.it\/repubblica\/archivio\/repubblica\/1988\/04\/29\/un-gigante-con-il-mal-di-sportello.html\"> https:\/\/ricerca.repubblica.it\/repubblica\/archivio\/repubblica\/1988\/04\/29\/un-gigante-con-il-mal-di-sportello.html<\/a><\/p>\n<p><a href=\"#_ftnref186\" name=\"_ftn186\">[186]<\/a><a href=\"https:\/\/dati.camera.it\/ocd\/aic.rdf\/aic2_01225_8\"> https:\/\/dati.camera.it\/ocd\/aic.rdf\/aic2_01225_8<\/a><\/p>\n<p><a href=\"#_ftnref187\" name=\"_ftn187\">[187]<\/a> C. Raw, \u00ab\u00a0La grande truffa : Il caso Calvi e il crack del Banco Ambrosiano\u00a0\u00bb, Mondadori, 1993<\/p>\n<p><a href=\"#_ftnref188\" name=\"_ftn188\">[188]<\/a> C. Raw, \u00ab\u00a0La grande truffa : Il caso Calvi e il crack del Banco Ambrosiano\u00a0\u00bb, Mondadori, 1993<\/p>\n<p><a href=\"#_ftnref189\" name=\"_ftn189\">[189]<\/a> C. Raw, \u00ab\u00a0La grande truffa : Il caso Calvi e il crack del Banco Ambrosiano\u00a0\u00bb, Mondadori, 1993<\/p>\n<p><a href=\"#_ftnref190\" name=\"_ftn190\">[190]<\/a> C. Raw, \u00ab\u00a0La grande truffa : Il caso Calvi e il crack del Banco Ambrosiano\u00a0\u00bb, Mondadori, 1993<\/p>\n<p><a href=\"#_ftnref191\" name=\"_ftn191\">[191]<\/a><a href=\"https:\/\/ricerca.repubblica.it\/repubblica\/archivio\/repubblica\/1984\/05\/22\/una-vita-di-intrighi-dal-sindacato-giallo.html\"> https:\/\/ricerca.repubblica.it\/repubblica\/archivio\/repubblica\/1984\/05\/22\/una-vita-di-intrighi-dal-sindacato-giallo.html<\/a><\/p>\n<p><a href=\"#_ftnref192\" name=\"_ftn192\">[192]<\/a> C. Raw, \u00ab\u00a0La grande truffa : Il caso Calvi e il crack del Banco Ambrosiano\u00a0\u00bb, Mondadori, 1993<\/p>\n<p><a href=\"#_ftnref193\" name=\"_ftn193\">[193]<\/a><a href=\"https:\/\/webspecial.zuonline.ch\/longform\/blanchimentdargentageneve\/annees-gris-fonce-1990-2009\/\"> https:\/\/webspecial.zuonline.ch\/longform\/blanchimentdargentageneve\/annees-gris-fonce-1990-2009\/ <\/a><\/p>\n<p><a href=\"#_ftnref194\" name=\"_ftn194\">[194]<\/a> C. Raw, \u00ab\u00a0La grande truffa : Il caso Calvi e il crack del Banco Ambrosiano\u00a0\u00bb, Mondadori, 1993<\/p>\n<p><a href=\"#_ftnref195\" name=\"_ftn195\">[195]<\/a> Gian Trepp, Swiss Connection, Unionsverlag, 1998 Z\u00fcrich, pp. 75, 95, 101, 144, 145, 148, 150-153, 158, 160, 170, 176, 177, 182, 183, 189, 190, 206, 319, 323-329, 331-341, 343-354, 376.<\/p>\n<p><a href=\"#_ftnref196\" name=\"_ftn196\">[196]<\/a> C. Raw, \u00ab\u00a0La grande truffa : Il caso Calvi e il crack del Banco Ambrosiano\u00a0\u00bb, Mondadori, 1993<\/p>\n<p><a href=\"#_ftnref197\" name=\"_ftn197\">[197]<\/a> F. Pinotti, \u00ab\u00a0Poteri forti &#8211; la morte di Calvi, lo scandalo dell&rsquo;Ambrosiano. La nouvelle reconstruction des myst\u00e9rieuses intrigues de la finance italienne\u00a0\u00bb, BUR, 2005<\/p>\n<p><a href=\"#_ftnref198\" name=\"_ftn198\">[198]<\/a><a href=\"https:\/\/www.treccani.it\/enciclopedia\/anastasio-somoza-debayle_%28Enciclopedia-Italiana%29\/\"> https:\/\/www.treccani.it\/enciclopedia\/anastasio-somoza-debayle_%28Enciclopedia-Italiana%29\/<\/a><\/p>\n<p><a href=\"#_ftnref199\" name=\"_ftn199\">[199]<\/a> C. Raw, \u00ab\u00a0La grande truffa : Il caso Calvi e il crack del Banco Ambrosiano\u00a0\u00bb, Mondadori, 1993<\/p>\n<p><a href=\"#_ftnref200\" name=\"_ftn200\">[200]<\/a> F. Pinotti, \u00ab\u00a0Poteri forti &#8211; la morte di Calvi, lo scandalo dell&rsquo;Ambrosiano. La nouvelle reconstruction des myst\u00e9rieuses intrigues de la finance italienne\u00a0\u00bb, BUR, 2005<\/p>\n<p><a href=\"#_ftnref201\" name=\"_ftn201\">[201]<\/a><a href=\"https:\/\/www.fondazionecipriani.it\/home\/index.php\/scritti\/15-economia-selvaggia\/37-armi-e-droga-nell-inchiesta-del-giudice-palermo\"> https:\/\/www.fondazionecipriani.it\/home\/index.php\/scritti\/15-economia-selvaggia\/37-armi-e-droga-nell-inchiesta-del-giudice-palermo<\/a><\/p>\n<p><a href=\"#_ftnref202\" name=\"_ftn202\">[202]<\/a><a href=\"https:\/\/www.fondazionecipriani.it\/home\/index.php\/scritti\/15-economia-selvaggia\/37-armi-e-droga-nell-inchiesta-del-giudice-palermo\"> https:\/\/www.fondazionecipriani.it\/home\/index.php\/scritti\/15-economia-selvaggia\/37-armi-e-droga-nell-inchiesta-del-giudice-palermo<\/a><\/p>\n<p><a href=\"#_ftnref203\" name=\"_ftn203\">[203]<\/a><a href=\"https:\/\/www.sandiegouniontribune.com\/sdut-argentine-coup-leader-ex-adm-emilio-massera-dies-2010nov08-story.html\"> https:\/\/www.sandiegouniontribune.com\/sdut-argentine-coup-leader-ex-adm-emilio-massera-dies-2010nov08-story.html <\/a><\/p>\n<p><a href=\"#_ftnref204\" name=\"_ftn204\">[204]<\/a><a href=\"https:\/\/www.antimafiaduemila.com\/home\/terzo-millennio\/256-estero\/85554-lascito-nefasto-titolo-honoris-causa-al-repressore-argentino-emilio-eduardo-massera.html\"> https:\/\/www.antimafiaduemila.com\/home\/terzo-millennio\/256-estero\/85554-lascito-nefasto-titolo-honoris-causa-al-repressore-argentino-emilio-eduardo-massera.html<\/a><\/p>\n<p><a href=\"#_ftnref205\" name=\"_ftn205\">[205]<\/a><a href=\"https:\/\/ricerca.repubblica.it\/repubblica\/archivio\/repubblica\/1992\/08\/12\/morto-ammiraglio-torrisi-coinvolto-nella-vicenda.html\"> https:\/\/ricerca.repubblica.it\/repubblica\/archivio\/repubblica\/1992\/08\/12\/morto-ammiraglio-torrisi-coinvolto-nella-vicenda.html<\/a><\/p>\n<p><a href=\"#_ftnref206\" name=\"_ftn206\">[206]<\/a><a href=\"https:\/\/ibiworld.eu\/en\/henry-kissinger-the-dark-soul-of-the-20th-century\/\"> https:\/\/ibiworld.eu\/en\/henry-kissinger-the-dark-soul-of-the-20th-century\/<\/a><\/p>\n<p><a href=\"#_ftnref207\" name=\"_ftn207\">[207]<\/a><a href=\"https:\/\/tg24.sky.it\/cronaca\/2011\/04\/29\/wojtyla_segreto_beatificazione_giovanni_paolo_ii_galeazzi_pinotti_chiarelettere_controinchiesta\"> https:\/\/tg24.sky.it\/cronaca\/2011\/04\/29\/wojtyla_segreto_beatificazione_giovanni_paolo_ii_galeazzi_pinotti_chiarelettere_controinchiesta<\/a><\/p>\n<p><a href=\"#_ftnref208\" name=\"_ftn208\">[208]<\/a><a href=\"https:\/\/www.antimafiaduemila.com\/home\/mafie-news\/309-topnews\/90337-la-morte-di-calvi-le-verita-accertate-gli-interrogativi-tuttora-senza-risposta.html\"> https:\/\/www.antimafiaduemila.com\/home\/mafie-news\/309-topnews\/90337-la-morte-di-calvi-le-verita-accertate-gli-interrogativi-tuttora-senza-risposta.html<\/a><\/p>\n<p><a href=\"#_ftnref209\" name=\"_ftn209\">[209]<\/a><a href=\"https:\/\/ricerca.repubblica.it\/repubblica\/archivio\/repubblica\/1991\/07\/28\/ora-vi-dico-chi-ha-ucciso.html\"> https:\/\/ricerca.repubblica.it\/repubblica\/archivio\/repubblica\/1991\/07\/28\/ora-vi-dico-chi-ha-ucciso.html<\/a><\/p>\n<p><a href=\"#_ftnref210\" name=\"_ftn210\">[210]<\/a> C. Bellavite Pellegrini, \u00ab\u00a0Storia del Banco Ambrosiano\u00a0\u00bb, Laterza, 2002<\/p>\n<p><a href=\"#_ftnref211\" name=\"_ftn211\">[211]<\/a><a href=\"http:\/\/www.archivio900.it\/it\/libri\/lib.aspx?id=1993\"> http:\/\/www.archivio900.it\/it\/libri\/lib.aspx?id=1993 <\/a><\/p>\n<p><a href=\"#_ftnref212\" name=\"_ftn212\">[212]<\/a> F. Pinotti, \u00ab\u00a0Poteri forti &#8211; la morte di Calvi, lo scandalo dell&rsquo;Ambrosiano. La nouvelle reconstruction des myst\u00e9rieuses intrigues de la finance italienne\u00a0\u00bb, BUR, 2005<\/p>\n<p><a href=\"#_ftnref213\" name=\"_ftn213\">[213]<\/a><a href=\"https:\/\/www.ilfattoquotidiano.it\/2021\/03\/11\/p2-massoni-e-misteri-40-anni-fa-la-scoperta-della-loggia-coperta-guidata-da-licio-gelli-da-villa-wanda-alla-strage-di-bologna-la-storia\/6130207\/\"> https:\/\/www.ilfattoquotidiano.it\/2021\/03\/11\/p2-massoni-e-misteri-40-anni-fa-la-scoperta-della-loggia-coperta-guidata-da-licio-gelli-da-villa-wanda-alla-strage-di-bologna-la-storia\/6130207\/ <\/a><\/p>\n<p><a href=\"#_ftnref214\" name=\"_ftn214\">[214]<\/a> F. Pinotti, \u00ab\u00a0Poteri forti &#8211; la morte di Calvi, lo scandalo dell&rsquo;Ambrosiano. La nouvelle reconstruction des myst\u00e9rieuses intrigues de la finance italienne\u00a0\u00bb, BUR, 2005<\/p>\n<p><a href=\"#_ftnref215\" name=\"_ftn215\">[215]<\/a> C. Raw, \u00ab\u00a0La grande truffa : Il caso Calvi e il crack del Banco Ambrosiano\u00a0\u00bb, Mondadori, 1993<\/p>\n<p><a href=\"#_ftnref216\" name=\"_ftn216\">[216]<\/a><a href=\"https:\/\/ibiworld.eu\/en\/henry-kissinger-the-dark-soul-of-the-20th-century\/\"> https:\/\/ibiworld.eu\/en\/henry-kissinger-the-dark-soul-of-the-20th-century\/<\/a><\/p>\n<p><a href=\"#_ftnref217\" name=\"_ftn217\">[217]<\/a> C. Raw, \u00ab\u00a0La grande truffa : Il caso Calvi e il crack del Banco Ambrosiano\u00a0\u00bb, Mondadori, 1993<\/p>\n<p><a href=\"#_ftnref218\" name=\"_ftn218\">[218]<\/a><a href=\"https:\/\/www.valdarno24.it\/2020\/02\/18\/lex-guardasigilli-claudio-martelli-a-colloquio-su-bettino-craxi-il-13-marzo-evento-a-san-giovanni\/\"> https:\/\/www.valdarno24.it\/2020\/02\/18\/lex-guardasigilli-claudio-martelli-a-colloquio-su-bettino-craxi-il-13-marzo-evento-a-san-giovanni\/ <\/a><\/p>\n<p><a href=\"#_ftnref219\" name=\"_ftn219\">[219]<\/a> C. Raw, \u00ab\u00a0La grande truffa : Il caso Calvi e il crack del Banco Ambrosiano\u00a0\u00bb, Mondadori, 1993<\/p>\n<p><a href=\"#_ftnref220\" name=\"_ftn220\">[220]<\/a> F. Pinotti, \u00ab\u00a0Poteri forti &#8211; la morte di Calvi, lo scandalo dell&rsquo;Ambrosiano. La nouvelle reconstruction des myst\u00e9rieuses intrigues de la finance italienne\u00a0\u00bb, BUR, 2005<\/p>\n<p><a href=\"#_ftnref221\" name=\"_ftn221\">[221]<\/a><a href=\"https:\/\/ricerca.repubblica.it\/repubblica\/archivio\/repubblica\/1985\/05\/09\/il-governo-non-vuole-arrestare-licio-gelli.html\"> https:\/\/ricerca.repubblica.it\/repubblica\/archivio\/repubblica\/1985\/05\/09\/il-governo-non-vuole-arrestare-licio-gelli.html<\/a><\/p>\n<p><a href=\"#_ftnref222\" name=\"_ftn222\">[222]<\/a><a href=\"https:\/\/4agosto1974.wordpress.com\/2014\/03\/01\/verbale-nara-lazzerini-02-04-1985\/\"> https:\/\/4agosto1974.wordpress.com\/2014\/03\/01\/verbale-nara-lazzerini-02-04-1985\/<\/a><\/p>\n<p><a href=\"#_ftnref223\" name=\"_ftn223\">[223]<\/a><a href=\"https:\/\/www.youtube.com\/watch?v=YA-ryJ-2kPU\"> https:\/\/www.youtube.com\/watch?v=YA-ryJ-2kPU<\/a><\/p>\n<p><a href=\"#_ftnref224\" name=\"_ftn224\">[224]<\/a><a href=\"https:\/\/www.gazzettaufficiale.it\/eli\/id\/1982\/01\/28\/082U0017\/sg\"> https:\/\/www.gazzettaufficiale.it\/eli\/id\/1982\/01\/28\/082U0017\/sg<\/a><\/p>\n<p><a href=\"#_ftnref225\" name=\"_ftn225\">[225]<\/a> Michele Gambino, \u00ab\u00a0Il cavaliere B. : chi \u00e8 e che cosa vuole l&rsquo;uomo che sogna di cambiare l&rsquo;Italia\u00a0\u00bb, Manni Editori, 2001, p. 103.<\/p>\n<p><a href=\"#_ftnref226\" name=\"_ftn226\">[226]<\/a> F. Pinotti, \u00ab\u00a0Poteri forti &#8211; la morte di Calvi, lo scandalo dell&rsquo;Ambrosiano. La nouvelle reconstruction des myst\u00e9rieuses intrigues de la finance italienne\u00a0\u00bb, BUR, 2005<\/p>\n<p><a href=\"#_ftnref227\" name=\"_ftn227\">[227]<\/a> F. Pinotti, \u00ab\u00a0Poteri forti &#8211; la morte di Calvi, lo scandalo dell&rsquo;Ambrosiano. La nouvelle reconstruction des myst\u00e9rieuses intrigues de la finance italienne\u00a0\u00bb, BUR, 2005<\/p>\n<p><a href=\"#_ftnref228\" name=\"_ftn228\">[228]<\/a> F. Pinotti, \u00ab\u00a0Poteri forti &#8211; la morte di Calvi, lo scandalo dell&rsquo;Ambrosiano. La nouvelle reconstruction des myst\u00e9rieuses intrigues de la finance italienne\u00a0\u00bb, BUR, 2005<\/p>\n<p><a href=\"#_ftnref229\" name=\"_ftn229\">[229]<\/a> C. Bellavite Pellegrini, \u00ab\u00a0Storia del Banco Ambrosiano\u00a0\u00bb, Laterza, 2002<\/p>\n<p><a href=\"#_ftnref230\" name=\"_ftn230\">[230]<\/a><a href=\"https:\/\/www.repubblica.it\/politica\/2018\/01\/13\/news\/berlusconi_apre_la_campagna_visitando_la_tomba_di_craxi-300947790\/\"> https:\/\/www.repubblica.it\/politica\/2018\/01\/13\/news\/berlusconi_apre_la_campagna_visitando_la_tomba_di_craxi-300947790\/ <\/a><\/p>\n<p><a href=\"#_ftnref231\" name=\"_ftn231\">[231]<\/a> C. Bellavite Pellegrini, \u00ab\u00a0Storia del Banco Ambrosiano\u00a0\u00bb, Laterza, 2002<\/p>\n<p><a href=\"#_ftnref232\" name=\"_ftn232\">[232]<\/a> F. Pinotti, \u00ab\u00a0Poteri forti &#8211; la morte di Calvi, lo scandalo dell&rsquo;Ambrosiano. La nouvelle reconstruction des myst\u00e9rieuses intrigues de la finance italienne\u00a0\u00bb, BUR, 2005<\/p>\n<p><a href=\"#_ftnref233\" name=\"_ftn233\">[233]<\/a><a href=\"https:\/\/www.report.rai.it\/dj\/Paradise_Papers\/page1.html\"> https:\/\/www.report.rai.it\/dj\/Paradise_Papers\/page1.html<\/a><\/p>\n<p><a href=\"#_ftnref234\" name=\"_ftn234\">[234]<\/a> F. Pinotti, \u00ab\u00a0Poteri forti &#8211; la morte di Calvi, lo scandalo dell&rsquo;Ambrosiano. La nouvelle reconstruction des myst\u00e9rieuses intrigues de la finance italienne\u00a0\u00bb, BUR, 2005<\/p>\n<p><a href=\"#_ftnref235\" name=\"_ftn235\">[235]<\/a> G. Piazzesi, S. Bonsanti, \u00ab\u00a0La storia di Roberto Calvi\u00a0\u00bb, Longanesi, 1984<\/p>\n<p><a href=\"#_ftnref236\" name=\"_ftn236\">[236]<\/a> M\u00e9morial de Pallicani<\/p>\n<p><a href=\"#_ftnref237\" name=\"_ftn237\">[237]<\/a><a href=\"https:\/\/ricerca.repubblica.it\/repubblica\/archivio\/repubblica\/1987\/05\/29\/capitali-all-estero-la-corte-assolve-monsignor.html\"> https:\/\/ricerca.repubblica.it\/repubblica\/archivio\/repubblica\/1987\/05\/29\/capitali-all-estero-la-corte-assolve-monsignor.html<\/a><\/p>\n<p><a href=\"#_ftnref238\" name=\"_ftn238\">[238]<\/a> C. Raw, \u00ab\u00a0La grande truffa : Il caso Calvi e il crack del Banco Ambrosiano\u00a0\u00bb, Mondadori, 1993, p. 348<\/p>\n<p><a href=\"#_ftnref239\" name=\"_ftn239\">[239]<\/a> C. Raw, \u00ab\u00a0La grande truffa : Il caso Calvi e il crack del Banco Ambrosiano\u00a0\u00bb, Mondadori, 1993, p. 140<\/p>\n<p><a href=\"#_ftnref240\" name=\"_ftn240\">[240]<\/a><a href=\"https:\/\/www.ilmessaggero.it\/rubriche\/accadde_oggi\/assassinato_domenico_balducci_banda_magliana-2027202.html?refresh_ce\"> https:\/\/www.ilmessaggero.it\/rubriche\/accadde_oggi\/assassinato_domenico_balducci_banda_magliana-2027202.html?refresh_ce<\/a><\/p>\n<p><a href=\"#_ftnref241\" name=\"_ftn241\">[241]<\/a><a href=\"https:\/\/ricerca.repubblica.it\/repubblica\/archivio\/repubblica\/1993\/06\/11\/magliana-da-banda-di-periferia-agli.html\"> https:\/\/ricerca.repubblica.it\/repubblica\/archivio\/repubblica\/1993\/06\/11\/magliana-da-banda-di-periferia-agli.html<\/a><\/p>\n<p><a href=\"#_ftnref242\" name=\"_ftn242\">[242]<\/a><a href=\"https:\/\/ricerca.repubblica.it\/repubblica\/archivio\/repubblica\/1986\/01\/22\/ex-vicequestore-respinge-le-accuse.html\"> https:\/\/ricerca.repubblica.it\/repubblica\/archivio\/repubblica\/1986\/01\/22\/ex-vicequestore-respinge-le-accuse.html<\/a><\/p>\n<p><a href=\"#_ftnref243\" name=\"_ftn243\">[243]<\/a> Martina Bernardini, \u00ab\u00a0Roma. La fabbrica degli scandali\u00a0\u00bb, Newton Compton, 2015<\/p>\n<p><a href=\"#_ftnref244\" name=\"_ftn244\">[244]<\/a> Simona Zecchi, \u00ab\u00a0La criminalit\u00e0 servente nel caso Moro\u00a0\u00bb, La Nave di Teseo, 2018<\/p>\n<p><a href=\"#_ftnref245\" name=\"_ftn245\">[245]<\/a> T\u00e9moignage de Pazienza donn\u00e9 au procureur Dr. Tescaroli dans le cadre du proc\u00e8s pour le meurtre de Roberto Calvi<\/p>\n<p><a href=\"#_ftnref246\" name=\"_ftn246\">[246]<\/a><a href=\"https:\/\/ricerca.repubblica.it\/repubblica\/archivio\/repubblica\/1998\/05\/07\/carcere-solo-per-mazzotta-salvi-pazienza-ortolani.html\"> https:\/\/ricerca.repubblica.it\/repubblica\/archivio\/repubblica\/1998\/05\/07\/carcere-solo-per-mazzotta-salvi-pazienza-ortolani.html<\/a><\/p>\n<p><a href=\"#_ftnref247\" name=\"_ftn247\">[247]<\/a><a href=\"https:\/\/www.adnkronos.com\/carboni-libro-di-pazienza-lo-conobbi-nell81-me-lo-presento-damato-non-era-millantatore_3HdYRSCYnKgjDA0r7EDEzf\"> https:\/\/www.adnkronos.com\/carboni-libro-di-pazienza-lo-conobbi-nell81-me-lo-presento-damato-non-era-millantatore_3HdYRSCYnKgjDA0r7EDEzf<\/a><\/p>\n<p><a href=\"#_ftnref248\" name=\"_ftn248\">[248]<\/a> T\u00e9moignage de Pazienza donn\u00e9 au procureur Dr. Tescaroli dans le cadre du proc\u00e8s pour l&rsquo;assassinat de Roberto Calvi<\/p>\n<p><a href=\"#_ftnref249\" name=\"_ftn249\">[249]<\/a><a href=\"https:\/\/www.maurizioturco.it\/bddb\/1993-12-08-la-repubblica-e-.html\"> https:\/\/www.maurizioturco.it\/bddb\/1993-12-08-la-repubblica-e-.html<\/a><\/p>\n<p><a href=\"#_ftnref250\" name=\"_ftn250\">[250]<\/a><a href=\"https:\/\/www.grandeoriente.it\/la-complessita-umana-armando-corona-fondazione-sardinia-blog-persone-storia-della-sardegna\/\"> https:\/\/www.grandeoriente.it\/la-complessita-umana-armando-corona-fondazione-sardinia-blog-persone-storia-della-sardegna\/<\/a><\/p>\n<p><a href=\"#_ftnref251\" name=\"_ftn251\">[251]<\/a><a href=\"https:\/\/www.leggo.it\/italia\/cronache\/morto_flavio_carboni_chi_era_misteri_italiani-6458838.html\"> https:\/\/www.leggo.it\/italia\/cronache\/morto_flavio_carboni_chi_era_misteri_italiani-6458838.html <\/a><\/p>\n<p><a href=\"#_ftnref252\" name=\"_ftn252\">[252]<\/a><a href=\"https:\/\/marcosaba.tripod.com\/francescopazienza.html\"> https:\/\/marcosaba.tripod.com\/francescopazienza.html<\/a><\/p>\n<p><a href=\"#_ftnref253\" name=\"_ftn253\">[253]<\/a><a href=\"https:\/\/ricerca.repubblica.it\/repubblica\/archivio\/repubblica\/1987\/01\/18\/gli-accusatori-di-pazienza-ora-diventano-suoi.html\"> https:\/\/ricerca.repubblica.it\/repubblica\/archivio\/repubblica\/1987\/01\/18\/gli-accusatori-di-pazienza-ora-diventano-suoi.html<\/a><\/p>\n<p><a href=\"#_ftnref254\" name=\"_ftn254\">[254]<\/a> C. Raw, \u00ab\u00a0La grande truffa : Il caso Calvi e il crack del Banco Ambrosiano\u00a0\u00bb, Mondadori, 1993, pp. 374-375.<\/p>\n<p><a href=\"#_ftnref255\" name=\"_ftn255\">[255]<\/a><a href=\"http:\/\/bandadellamaglianalastoriainfinita.blogspot.com\/2006\/10\/rosone-racconta-il-fallimento-del.html\"> http:\/\/bandadellamaglianalastoriainfinita.blogspot.com\/2006\/10\/rosone-racconta-il-fallimento-del.html<\/a><\/p>\n<p><a href=\"#_ftnref256\" name=\"_ftn256\">[256]<\/a><a href=\"https:\/\/www.youtube.com\/watch?v=BJ3H9HMxZ8I\"> https:\/\/www.youtube.com\/watch?v=BJ3H9HMxZ8I<\/a><\/p>\n<p><a href=\"#_ftnref257\" name=\"_ftn257\">[257]<\/a><a href=\"https:\/\/roma.repubblica.it\/cronaca\/2019\/07\/05\/news\/roma_diventa_definitiva_la_confisca_dei_beni_a_diotallevi-230432276\/\"> https:\/\/roma.repubblica.it\/cronaca\/2019\/07\/05\/news\/roma_diventa_definitiva_la_confisca_dei_beni_a_diotallevi-230432276\/<\/a><\/p>\n<p><a href=\"#_ftnref258\" name=\"_ftn258\">[258]<\/a><a href=\"http:\/\/bandadellamaglianalastoriainfinita.blogspot.com\/2006\/10\/rosone-racconta-il-fallimento-del.html\"> http:\/\/bandadellamaglianalastoriainfinita.blogspot.com\/2006\/10\/rosone-racconta-il-fallimento-del.html<\/a><\/p>\n<p><a href=\"#_ftnref259\" name=\"_ftn259\">[259]<\/a><a href=\"https:\/\/www.ilriformista.it\/chi-era-flavio-carboni-il-faccendiere-che-morendo-si-porta-via-i-misteri-ditalia-275371\/\"> https:\/\/www.ilriformista.it\/chi-era-flavio-carboni-il-faccendiere-che-morendo-si-porta-via-i-misteri-ditalia-275371\/<\/a><\/p>\n<p><a href=\"#_ftnref260\" name=\"_ftn260\">[260]<\/a><a href=\"https:\/\/ricerca.repubblica.it\/repubblica\/archivio\/repubblica\/1984\/10\/04\/ecco-come-riciclavano-soldi-sporchi.html\"> https:\/\/ricerca.repubblica.it\/repubblica\/archivio\/repubblica\/1984\/10\/04\/ecco-come-riciclavano-soldi-sporchi.html<\/a><\/p>\n<p><a href=\"#_ftnref261\" name=\"_ftn261\">[261]<\/a> G. Ruggeri et M. Guarino, \u00ab\u00a0Berlusconi : enqu\u00eate sur M. TV\u00a0\u00bb, Kaos Edizioni, 1994, <a href=\"https:\/\/ricerca.repubblica.it\/repubblica\/archivio\/repubblica\/1984\/10\/04\/ecco-come-riciclavano-soldi-sporchi.html\">https:\/\/ricerca.repubblica.it\/repubblica\/archivio\/repubblica\/1984\/10\/04\/ecco-come-riciclavano-soldi-sporchi.html.<\/a><\/p>\n<p><a href=\"#_ftnref262\" name=\"_ftn262\">[262]<\/a><a href=\"https:\/\/www.senato.it\/leg\/14\/BGT\/Schede\/Attsen\/00017573.htm\"> https:\/\/www.senato.it\/leg\/14\/BGT\/Schede\/Attsen\/00017573.htm<\/a><\/p>\n<p><a href=\"#_ftnref263\" name=\"_ftn263\">[263]<\/a> G. Ruggeri et M. Guarino, \u00ab\u00a0Berlusconi : enqu\u00eate sur M. TV\u00a0\u00bb, Kaos Edizioni, 1994.<\/p>\n<p><a href=\"#_ftnref264\" name=\"_ftn264\">[264]<\/a> G. Ruggeri et M. Guarino, \u00ab\u00a0Berlusconi : enqu\u00eate sur M. TV\u00a0\u00bb, Kaos Edizioni, 1994.<\/p>\n<p><a href=\"#_ftnref265\" name=\"_ftn265\">[265]<\/a><a href=\"https:\/\/ricerca.repubblica.it\/repubblica\/archivio\/repubblica\/1993\/08\/14\/arbitro-nei-giochi-dell-alta-finanza.html\"> https:\/\/ricerca.repubblica.it\/repubblica\/archivio\/repubblica\/1993\/08\/14\/arbitro-nei-giochi-dell-alta-finanza.html<\/a><\/p>\n<p><a href=\"#_ftnref266\" name=\"_ftn266\">[266]<\/a><a href=\"https:\/\/ricerca.repubblica.it\/repubblica\/archivio\/repubblica\/1993\/09\/08\/curto-soldi-li-ho-buttati-via.html\"> https:\/\/www.italiaoggi.it\/archivio\/curto-ha-ammesso-la-tangente-215202 https:\/\/ricerca.repubblica.it\/repubblica\/archivio\/repubblica\/1993\/09\/08\/curto-soldi-li-ho-buttati-via.html<\/a><\/p>\n<p><a href=\"#_ftnref267\" name=\"_ftn267\">[267]<\/a> F. Pinotti, \u00ab\u00a0Poteri forti &#8211; la morte di Calvi, lo scandalo dell&rsquo;Ambrosiano. La nuova ricostruzione delle misteriose trame della finanza italiana\u00a0\u00bb, BUR, 2005 ; <a href=\"https:\/\/dbe.rah.es\/biografias\/12312\/jose-maria-lopez-de-letona-nunez-del-pino\">https:\/\/dbe.rah.es\/biografias\/12312\/jose-maria-lopez-de-letona-nunez-del-pino<\/a><\/p>\n<p><a href=\"#_ftnref268\" name=\"_ftn268\">[268]<\/a><a href=\"https:\/\/www.lefotografiechehannofattolastoria.it\/2021\/fascia-dark\/lomicidio-del-banchiere-di-dio\/\"> https:\/\/www.lefotografiechehannofattolastoria.it\/2021\/fascia-dark\/lomicidio-del-banchiere-di-dio\/ <\/a><\/p>\n<p><a href=\"#_ftnref269\" name=\"_ftn269\">[269]<\/a> F. Pinotti, \u00ab\u00a0Poteri forti &#8211; la morte di Calvi, lo scandalo dell&rsquo;Ambrosiano. La nouvelle reconstruction des myst\u00e9rieuses intrigues de la finance italienne\u00a0\u00bb, BUR, 2005<\/p>\n<p><a href=\"#_ftnref270\" name=\"_ftn270\">[270]<\/a> C. Raw, \u00ab\u00a0La grande truffa : Il caso Calvi e il crack del Banco Ambrosiano\u00a0\u00bb, Mondadori, 1993<\/p>\n","protected":false},"excerpt":{"rendered":"<p>Quarante et un ans se sont \u00e9coul\u00e9s depuis le matin o\u00f9 le corps du banquier Roberto Calvi a \u00e9t\u00e9 retrouv\u00e9 pendu au pont Black Friars \u00e0 Londres. Il a fallu des d\u00e9cennies pour prouver qu&rsquo;il s&rsquo;agissait d&rsquo;un meurtre et non d&rsquo;un suicide. Il s&rsquo;agit certainement d&rsquo;une nouvelle<\/p>\n","protected":false},"author":2,"featured_media":4580,"comment_status":"open","ping_status":"open","sticky":false,"template":"","format":"standard","meta":[],"categories":[171,31,27],"tags":[215],"_links":{"self":[{"href":"https:\/\/ibiworld.eu\/fr\/wp-json\/wp\/v2\/posts\/4579"}],"collection":[{"href":"https:\/\/ibiworld.eu\/fr\/wp-json\/wp\/v2\/posts"}],"about":[{"href":"https:\/\/ibiworld.eu\/fr\/wp-json\/wp\/v2\/types\/post"}],"author":[{"embeddable":true,"href":"https:\/\/ibiworld.eu\/fr\/wp-json\/wp\/v2\/users\/2"}],"replies":[{"embeddable":true,"href":"https:\/\/ibiworld.eu\/fr\/wp-json\/wp\/v2\/comments?post=4579"}],"version-history":[{"count":3,"href":"https:\/\/ibiworld.eu\/fr\/wp-json\/wp\/v2\/posts\/4579\/revisions"}],"predecessor-version":[{"id":4646,"href":"https:\/\/ibiworld.eu\/fr\/wp-json\/wp\/v2\/posts\/4579\/revisions\/4646"}],"wp:featuredmedia":[{"embeddable":true,"href":"https:\/\/ibiworld.eu\/fr\/wp-json\/wp\/v2\/media\/4580"}],"wp:attachment":[{"href":"https:\/\/ibiworld.eu\/fr\/wp-json\/wp\/v2\/media?parent=4579"}],"wp:term":[{"taxonomy":"category","embeddable":true,"href":"https:\/\/ibiworld.eu\/fr\/wp-json\/wp\/v2\/categories?post=4579"},{"taxonomy":"post_tag","embeddable":true,"href":"https:\/\/ibiworld.eu\/fr\/wp-json\/wp\/v2\/tags?post=4579"}],"curies":[{"name":"wp","href":"https:\/\/api.w.org\/{rel}","templated":true}]}}