{"id":3760,"date":"2022-11-26T16:37:19","date_gmt":"2022-11-26T15:37:19","guid":{"rendered":"https:\/\/ibiworld.eu\/fr\/?p=3760"},"modified":"2022-11-26T16:37:19","modified_gmt":"2022-11-26T15:37:19","slug":"henry-kissinger-lame-noire-du-20eme-siecle","status":"publish","type":"post","link":"https:\/\/ibiworld.eu\/fr\/2022\/11\/26\/henry-kissinger-lame-noire-du-20eme-siecle\/","title":{"rendered":"HENRY KISSINGER, L&rsquo;AME NOIRE DU 20EME SIECLE"},"content":{"rendered":"<p><img loading=\"lazy\" class=\"aligncenter size-full wp-image-3762\" src=\"https:\/\/ibiworld.eu\/fr\/wp-content\/uploads\/2022\/11\/USA006-01.jpg\" alt=\"\" width=\"1160\" height=\"629\" srcset=\"https:\/\/ibiworld.eu\/fr\/wp-content\/uploads\/2022\/11\/USA006-01.jpg 1160w, https:\/\/ibiworld.eu\/fr\/wp-content\/uploads\/2022\/11\/USA006-01-300x163.jpg 300w, https:\/\/ibiworld.eu\/fr\/wp-content\/uploads\/2022\/11\/USA006-01-1024x555.jpg 1024w, https:\/\/ibiworld.eu\/fr\/wp-content\/uploads\/2022\/11\/USA006-01-768x416.jpg 768w, https:\/\/ibiworld.eu\/fr\/wp-content\/uploads\/2022\/11\/USA006-01-600x325.jpg 600w\" sizes=\"(max-width: 1160px) 100vw, 1160px\" \/><\/p>\n<p>Son nom inspire respect et crainte \u00e0 au moins cinq g\u00e9n\u00e9rations d&rsquo;hommes politiques, de militaires et d&rsquo;entrepreneurs : Henry Kissinger, conseiller des pr\u00e9sidents, prix Nobel de la paix en 1973 (pour avoir d\u00e9cid\u00e9 de la fin de la guerre du Vi\u00eat Nam qu&rsquo;il avait lui-m\u00eame contribu\u00e9 \u00e0 d\u00e9clencher), aura 100 ans en 2023. Un si\u00e8cle au cours duquel il a \u00e9t\u00e9 au centre de l&rsquo;histoire mondiale, mais pas seulement pour son r\u00f4le de secr\u00e9taire d&rsquo;\u00c9tat am\u00e9ricain. La partie la plus importante de la carri\u00e8re de Kissinger commence \u00e0 la fin de la Seconde Guerre mondiale lorsque, en tant qu&rsquo;agent de renseignement militaire en Allemagne, il enr\u00f4le de nombreux hi\u00e9rarques nazis (et en aide d&rsquo;autres \u00e0 dispara\u00eetre) dans les rangs d&rsquo;entreprises, de laboratoires scientifiques, de l&rsquo;arm\u00e9e et de l&rsquo;espionnage am\u00e9ricain.<\/p>\n<p>Sa biographie \u00ab\u00a0oubli\u00e9e\u00a0\u00bb raconte comment, \u00e0 partir de 1944, il a patiemment travaill\u00e9 \u00e0 l&rsquo;organisation d&rsquo;arm\u00e9es secr\u00e8tes, de coups d&rsquo;\u00c9tat, d&rsquo;assassinats, de liens entre le gouvernement am\u00e9ricain, ses lobbies les plus puissants (et les plus r\u00e9actionnaires), le n\u00e9ofascisme et le n\u00e9onazisme europ\u00e9ens, la franc-ma\u00e7onnerie, le Vatican et m\u00eame la mafia. La justification de ce plan qui a co\u00fbt\u00e9 des morts incalculables : affronter le socialisme et le communisme, partout, \u00e0 n&rsquo;importe quel prix. Kissinger, fils d&rsquo;une famille juive qui a \u00e9chapp\u00e9 aux pers\u00e9cutions hitl\u00e9riennes, est devenu l&rsquo;homme qui a contribu\u00e9 \u00e0 la survie du patrimoine et du capital humain vaincu en 1945, devenant ainsi l&rsquo;\u00e2me noire du nouvel ordre mondial, qui ne fait que s&rsquo;effondrer pour devenir, probablement, quelque chose d&rsquo;encore plus effrayant.<\/p>\n<p>Ce long article explique en d\u00e9tail ses amiti\u00e9s, ses alliances, ses d\u00e9cisions, ses intrigues : vous y trouverez les noms les plus effrayants de l&rsquo;histoire de l&rsquo;humanit\u00e9 du XXe si\u00e8cle. Et lui, toujours lui, au milieu, coordonnant les efforts de plus d&rsquo;un demi-si\u00e8cle d&rsquo;imp\u00e9rialisme am\u00e9ricain sanglant.<\/p>\n<p><strong>Choisir les meilleurs nazis: Kissinger dans la Seconde Guerre mondiale<\/strong><\/p>\n<p><img loading=\"lazy\" class=\"aligncenter size-full wp-image-3763\" src=\"https:\/\/ibiworld.eu\/fr\/wp-content\/uploads\/2022\/11\/USA006-02.jpg\" alt=\"\" width=\"2048\" height=\"1536\" srcset=\"https:\/\/ibiworld.eu\/fr\/wp-content\/uploads\/2022\/11\/USA006-02.jpg 2048w, https:\/\/ibiworld.eu\/fr\/wp-content\/uploads\/2022\/11\/USA006-02-300x225.jpg 300w, https:\/\/ibiworld.eu\/fr\/wp-content\/uploads\/2022\/11\/USA006-02-1024x768.jpg 1024w, https:\/\/ibiworld.eu\/fr\/wp-content\/uploads\/2022\/11\/USA006-02-768x576.jpg 768w, https:\/\/ibiworld.eu\/fr\/wp-content\/uploads\/2022\/11\/USA006-02-1536x1152.jpg 1536w, https:\/\/ibiworld.eu\/fr\/wp-content\/uploads\/2022\/11\/USA006-02-600x450.jpg 600w\" sizes=\"(max-width: 2048px) 100vw, 2048px\" \/><\/p>\n<p><strong>Les fr\u00e8res Kissinger, Walter et Henry, en visite dans leur ville natale en Bavi\u00e8re en 2019<a href=\"#_ftn1\" name=\"_ftnref1\">[1]<\/a><\/strong><\/p>\n<p>Notre histoire commence et se termine dans le sud de l&rsquo;Allemagne : F\u00fcrth est une petite ville du centre-nord de la Bavi\u00e8re qui, avec Nuremberg et Erlangen, forme la principale agglom\u00e9ration de la Moyenne-Franconie<a href=\"#_ftn2\" name=\"_ftnref2\">[2]<\/a>. Son centre historique a miraculeusement surv\u00e9cu \u00e0 la d\u00e9vastation de la Seconde Guerre mondiale, de sorte qu&rsquo;il est encore possible aujourd&rsquo;hui d&rsquo;admirer l&rsquo;ancien h\u00f4tel de ville, construit au milieu du XIXe si\u00e8cle \u00e0 l&rsquo;image de l&rsquo;ancien h\u00f4tel de ville<a href=\"#_ftn3\" name=\"_ftnref3\">[3]<\/a>.<\/p>\n<p>Dans les ann\u00e9es 1920, Falk Stern \u00e9tait un riche n\u00e9gociant en b\u00e9tail et un membre de la bourgeoisie juive orthodoxe de F\u00fcrth. Lorsque sa fille Paula a \u00e9pous\u00e9 le professeur Louis Kissinger, il les a aid\u00e9s \u00e0 acheter leur premi\u00e8re maison<a href=\"#_ftn4\" name=\"_ftnref4\">[4]<\/a>. C&rsquo;est l\u00e0 que na\u00eet, le 27 mai 1923, le fils a\u00een\u00e9 du couple, Heinz Alfred Kissinger<a href=\"#_ftn5\" name=\"_ftnref5\">[5]<\/a>. Le jeune Heinz passe sa vie (ainsi que celle de son fr\u00e8re Walter) \u00e0 cultiver sa passion pour le football<a href=\"#_ftn6\" name=\"_ftnref6\">[6]<\/a> et la lecture, jusqu&rsquo;\u00e0 l&rsquo;arriv\u00e9e au pouvoir d&rsquo;Hitler. A partir de 1933, la situation change radicalement : Louis perd son emploi, tandis que Heinz (le futur Henry) et Walter ont de plus en plus de mal \u00e0 mener une existence normale d&rsquo;adolescents, faisant l&rsquo;exp\u00e9rience directe de la s\u00e9gr\u00e9gation<a href=\"#_ftn7\" name=\"_ftnref7\">[7]<\/a>.<\/p>\n<p>Apr\u00e8s la promulgation des tristement c\u00e9l\u00e8bres lois de Nuremberg (1935)<a href=\"#_ftn8\" name=\"_ftnref8\">[8]<\/a>, les Kissinger commencent \u00e0 chercher un moyen de quitter l&rsquo;Allemagne ; gr\u00e2ce au soutien financier d&rsquo;un parent vivant aux \u00c9tats-Unis, la famille \u00e9migre en ao\u00fbt 1938 en direction de New York<a href=\"#_ftn9\" name=\"_ftnref9\">[9]<\/a>, trois mois avant la Nuit de cristal (9-10 novembre)<a href=\"#_ftn10\" name=\"_ftnref10\">[10]<\/a>, au cours de laquelle plus de 1000 synagogues et 7500 commerces g\u00e9r\u00e9s par des Juifs sont d\u00e9truits ou endommag\u00e9s dans toute l&rsquo;Allemagne, ainsi que des h\u00f4pitaux, des \u00e9coles, des cimeti\u00e8res et des maisons ; Environ 30 000 hommes juifs \u00e2g\u00e9s de 16 \u00e0 60 ans sont arr\u00eat\u00e9s et emmen\u00e9s dans les camps de concentration de Dachau, Buchenwald et Sachsenhausen<a href=\"#_ftn11\" name=\"_ftnref11\">[11]<\/a>.<\/p>\n<p>Apr\u00e8s deux ans dans le Bronx, les Kissinger ont trouv\u00e9 un logement dans le quartier de Washington Heights<a href=\"#_ftn12\" name=\"_ftnref12\">[12]<\/a>, \u00e9galement connu sous le nom de \u00ab\u00a0Quatri\u00e8me Reich\u00a0\u00bb en raison du grand nombre de citoyens allemands (principalement des Juifs) qui y vivaient<a href=\"#_ftn13\" name=\"_ftnref13\">[13]<\/a>. Dans les ann\u00e9es qui suivent, Henry essaie de se construire une vie sociale, r\u00e9ussit \u00e0 obtenir son dipl\u00f4me et \u00e0 s&rsquo;inscrire au City College local, o\u00f9 il suit des cours du soir et travaille pendant la journ\u00e9e dans une usine de brosses<a href=\"#_ftn14\" name=\"_ftnref14\">[14]<\/a>. En janvier 1943, \u00e2g\u00e9 de presque 20 ans, Henry Kissinger est l&rsquo;un des 16 millions d&rsquo;hommes qui re\u00e7oivent l&rsquo;appel aux armes<a href=\"#_ftn15\" name=\"_ftnref15\">[15]<\/a>. Ce qui pour beaucoup est une mal\u00e9diction, pour Kissinger est une opportunit\u00e9 : remarqu\u00e9 par ses sup\u00e9rieurs au Centre d&rsquo;entra\u00eenement de remplacement de l&rsquo;infanterie de Spartanburg (Caroline du Sud) pour les notes \u00e9lev\u00e9es qu&rsquo;il obtient \u00e0 certains tests, il est affect\u00e9 \u00e0 l&rsquo;Army Specialised Training Program (ASTP), un programme mis en place pour envoyer les soldats les plus talentueux \u00e0 l&rsquo;universit\u00e9. Il est envoy\u00e9 par l&rsquo;ASTP pour \u00e9tudier l&rsquo;ing\u00e9nierie au Lafayette College (Pennsylvanie), pr\u00e8s de son domicile \u00e0 New York<a href=\"#_ftn16\" name=\"_ftnref16\">[16]<\/a>. Il est devenu citoyen am\u00e9ricain le 19 juin 1943<a href=\"#_ftn17\" name=\"_ftnref17\">[17]<\/a>.<\/p>\n<p>Lorsque le besoin de troupes en Europe a conduit l&rsquo;arm\u00e9e \u00e0 fermer l&rsquo;ASTP, Kissinger a \u00e9t\u00e9 envoy\u00e9 \u00e0 la 84e division d&rsquo;infanterie au Camp Claiborne (Louisiane) et, apr\u00e8s plusieurs mois d&rsquo;entra\u00eenement, est arriv\u00e9 en Allemagne le 2 novembre 1944<a href=\"#_ftn18\" name=\"_ftnref18\">[18]<\/a>. Alors que beaucoup de ses camarades de combat prennent le fusil, Kissinger, de langue maternelle allemande, est affect\u00e9 \u00e0 la section G-2 (renseignement) du commandement de la division, puis devient un agent sp\u00e9cial du CIC (Corps de contre-espionnage)<a href=\"#_ftn19\" name=\"_ftnref19\">[19]<\/a>; pendant la bataille des Ardennes (16 d\u00e9cembre 1944 \/ 25 janvier 1945<a href=\"#_ftn20\" name=\"_ftnref20\">[20]<\/a>). Kissinger a travaill\u00e9 sous couverture dans la ville belge de Marche-en-Famenne<a href=\"#_ftn21\" name=\"_ftnref21\">[21]<\/a>, interrogeant des prisonniers de guerre et identifiant des espions ennemis<a href=\"#_ftn22\" name=\"_ftnref22\">[22]<\/a>.<\/p>\n<p><img loading=\"lazy\" class=\"aligncenter size-full wp-image-3764\" src=\"https:\/\/ibiworld.eu\/fr\/wp-content\/uploads\/2022\/11\/USA006-03.jpg\" alt=\"\" width=\"1013\" height=\"482\" srcset=\"https:\/\/ibiworld.eu\/fr\/wp-content\/uploads\/2022\/11\/USA006-03.jpg 1013w, https:\/\/ibiworld.eu\/fr\/wp-content\/uploads\/2022\/11\/USA006-03-300x143.jpg 300w, https:\/\/ibiworld.eu\/fr\/wp-content\/uploads\/2022\/11\/USA006-03-768x365.jpg 768w, https:\/\/ibiworld.eu\/fr\/wp-content\/uploads\/2022\/11\/USA006-03-600x285.jpg 600w\" sizes=\"(max-width: 1013px) 100vw, 1013px\" \/><\/p>\n<p><strong>Le sergent Henry Kissinger et son mentor Fritz Kraemer avec les troupes am\u00e9ricaines dans les Ardennes (1944)<a href=\"#_ftn23\" name=\"_ftnref23\">[23]<\/a><\/strong><\/p>\n<p>La connaissance qu&rsquo;il a eue de Fritz A. est cruciale dans ce contexte. Kraemer : aristocrate allemand qui a fui l&rsquo;Allemagne en 1933, apr\u00e8s avoir termin\u00e9 ses \u00e9tudes en Italie, il est pass\u00e9 aux \u00c9tats-Unis en 1939, s&rsquo;est engag\u00e9 dans l&rsquo;arm\u00e9e apr\u00e8s Pearl Harbour et a \u00e9t\u00e9 affect\u00e9 par le g\u00e9n\u00e9ral Alexander R. Bolling au quartier g\u00e9n\u00e9ral de la 84e division. En tant qu&rsquo;Allemand non juif ayant choisi de quitter son pays en opposition ouverte \u00e0 l&rsquo;id\u00e9ologie hitl\u00e9rienne, Kraemer s&rsquo;est fait une place dans les services de renseignement militaire, devenant connu dans le milieu pour ses conf\u00e9rences aux soldats sur la nature d\u00e9g\u00e9n\u00e9r\u00e9e de l&rsquo;id\u00e9ologie nazie.<\/p>\n<p>Au cours d&rsquo;une de ces conf\u00e9rences, il est entendu par le jeune Kissinger, \u00e2g\u00e9 de 21 ans, qui lui \u00e9crit une lettre pour lui faire part de l&rsquo;importance que ses paroles ont suscit\u00e9e en lui ; une longue association est n\u00e9e, destin\u00e9e \u00e0 avoir une influence d\u00e9cisive sur la vie de Kissinger<a href=\"#_ftn24\" name=\"_ftnref24\">[24]<\/a>. En Allemagne, Kraemer lui procure la fonction d&rsquo;interpr\u00e8te du g\u00e9n\u00e9ral Bolling et, en tant que sergent de l&rsquo;unit\u00e9 de contre-espionnage du 84e<a href=\"#_ftn25\" name=\"_ftnref25\">[25]<\/a>, il favorise son inscription sur la liste des administrateurs de la ville de Krefeld, occup\u00e9e les 2 et 3 mars 1945<a href=\"#_ftn26\" name=\"_ftnref26\">[26]<\/a>.<\/p>\n<p>Selon le SHAEF Public Safety Manual on Procedures, Military Government for Germany, la t\u00e2che de s\u00e9lectionner des administrateurs locaux pour r\u00e9tablir le fonctionnement de la machine publique allemande est confi\u00e9e aux d\u00e9partements sp\u00e9ciaux de l&rsquo;unit\u00e9 de s\u00e9curit\u00e9 publique du gouvernement militaire ; en l&rsquo;absence de ces unit\u00e9s, \u00e0 Krefeld, ce sont les officiers du CIC qui s&rsquo;occupent du recrutement et du renvoi ; Kissinger en fait partie, bien que son r\u00f4le n&rsquo;ait jamais \u00e9t\u00e9 compl\u00e8tement clarifi\u00e9. \u00c0 ce stade, il a pu, gr\u00e2ce \u00e0 ses qualit\u00e9s intellectuelles et \u00e0 sa connaissance culturelle et linguistique du pays occup\u00e9, apporter une contribution importante \u00e0 la traduction des documents que les nazis n&rsquo;avaient pas pu d\u00e9truire avant la fuite<a href=\"#_ftn27\" name=\"_ftnref27\">[27]<\/a>.<\/p>\n<p>Apr\u00e8s avoir particip\u00e9 \u00e0 la lib\u00e9ration du camp de concentration d&rsquo;Ahlem<a href=\"#_ftn28\" name=\"_ftnref28\">[28]<\/a>, Kissinger, d\u00e9sormais membre du CIC avec le grade de sergent<a href=\"#_ftn29\" name=\"_ftnref29\">[29]<\/a>, arrive avec sa division \u00e0 Hanovre en avril 1945 ; l\u00e0, le CIC le charge de d\u00e9busquer les nazis et les membres de la Gestapo, t\u00e2che dans laquelle il se distingue en exploitant sa connaissance du caract\u00e8re, de l&rsquo;ob\u00e9issance et de la fiert\u00e9 des Allemands. Pour cette mission, il re\u00e7oit la Bronze Star<a href=\"#_ftn30\" name=\"_ftnref30\">[30]<\/a>. Ses services \u00e0 Krefeld et \u00e0 Hanovre lui valent le poste de commandant de district de Bergstra\u00dfe \u00e0 Bensheim, en Hesse.<\/p>\n<p>La t\u00e2che du CIC est de prot\u00e9ger les forces am\u00e9ricaines de l&rsquo;espionnage, du sabotage et de la subversion, en arr\u00eatant des membres de la SS, du SD (Sicherheitsdienst des Reichf\u00fchrers-SS, l&rsquo;agence d&rsquo;espionnage de la SS et du parti nazi<a href=\"#_ftn31\" name=\"_ftnref31\">[31]<\/a>) et certains membres du parti nazi ; parall\u00e8lement, les membres du Counter Intelligence Corps d\u00e9tiennent des officiers de l&rsquo;\u00e9tat-major allemand dans des centres d&rsquo;interrogatoire sp\u00e9ciaux et aident \u00e0 rechercher les meilleurs scientifiques afin de rendre leurs services utiles \u00e0 la cause am\u00e9ricaine<a href=\"#_ftn32\" name=\"_ftnref32\">[32]<\/a>. Kissinger (\u00e9quipe CIC 970-59<a href=\"#_ftn33\" name=\"_ftnref33\">[33]<\/a>), commandant du d\u00e9tachement bas\u00e9 \u00e0 Bensheim, devient le ma\u00eetre absolu de la ville : il se d\u00e9place dans une Mercedes blanche confisqu\u00e9e \u00e0 un nazi et r\u00e9side dans un manoir des ann\u00e9es 1930 (\u00e9galement confisqu\u00e9) dans une banlieue chic et, surtout, il a plus de pouvoir que le gouvernement militaire, y compris celui d&rsquo;arr\u00eater librement les gens<a href=\"#_ftn34\" name=\"_ftnref34\">[34]<\/a>.<\/p>\n<p>En avril 1946, l&rsquo;arm\u00e9e transf\u00e8re Kissinger de Bensheim \u00e0 Oberammergau, une petite ville des Alpes bavaroises, o\u00f9 se trouve l&rsquo;\u00e9cole de renseignement du commandement europ\u00e9en de l&rsquo;arm\u00e9e am\u00e9ricaine<a href=\"#_ftn35\" name=\"_ftnref35\">[35]<\/a> ; il y rencontre Kraemer, l&rsquo;un des fondateurs de l&rsquo;institut, qui souhaite qu&rsquo;il y travaille comme instructeur pour \u00e9duquer les soldats sur la soci\u00e9t\u00e9 allemande, afin de mieux traquer les nazis et de r\u00e9tablir le fonctionnement des institutions civiles<a href=\"#_ftn36\" name=\"_ftnref36\">[36]<\/a>. Parmi les \u00e9tudiants de Kissinger figurent le futur professeur de Harvard Henry Rosovsky<a href=\"#_ftn37\" name=\"_ftnref37\">[37]<\/a> et Helmut Sonnenfeldt, assistant de Kissinger au Conseil national de s\u00e9curit\u00e9 (1969-74) et au d\u00e9partement d&rsquo;\u00c9tat (1974-77)<a href=\"#_ftn38\" name=\"_ftnref38\">[38]<\/a>.<\/p>\n<p><img loading=\"lazy\" class=\"aligncenter size-full wp-image-3765\" src=\"https:\/\/ibiworld.eu\/fr\/wp-content\/uploads\/2022\/11\/USA006-04.jpg\" alt=\"\" width=\"1024\" height=\"573\" srcset=\"https:\/\/ibiworld.eu\/fr\/wp-content\/uploads\/2022\/11\/USA006-04.jpg 1024w, https:\/\/ibiworld.eu\/fr\/wp-content\/uploads\/2022\/11\/USA006-04-300x168.jpg 300w, https:\/\/ibiworld.eu\/fr\/wp-content\/uploads\/2022\/11\/USA006-04-768x430.jpg 768w, https:\/\/ibiworld.eu\/fr\/wp-content\/uploads\/2022\/11\/USA006-04-600x336.jpg 600w\" sizes=\"(max-width: 1024px) 100vw, 1024px\" \/><\/p>\n<p><strong>Le quartier g\u00e9n\u00e9ral am\u00e9ricain de Bensheim, o\u00f9 Kissinger a travaill\u00e9 de 1945 \u00e0 1946<a href=\"#_ftn39\" name=\"_ftnref39\">[39]<\/a><\/strong><\/p>\n<p>La proximit\u00e9 d&rsquo;Oberammergau avec plusieurs refuges montagneux de nazis en fuite a permis aux agents du contre-espionnage militaire de capturer, parmi eux, un certain nombre d&rsquo;\u00e9l\u00e9ments consid\u00e9r\u00e9s comme pr\u00e9cieux pour les \u00c9tats-Unis, organisant leur transfert vers le territoire am\u00e9ricain, o\u00f9 ils feraient partie des forces de d\u00e9fense d&rsquo;apr\u00e8s-guerre ; le plus c\u00e9l\u00e8bre de ces transferts est celui de Wernher von Braun : sous le r\u00e9gime nazi, il est l&rsquo;une des principales figures du programme de d\u00e9veloppement de missiles, qui, aux \u00c9tats-Unis, avec d&rsquo;autres \u00e9minents scientifiques allemands, a apport\u00e9 une contribution essentielle au d\u00e9veloppement des programmes de missiles au cours des vingt ann\u00e9es suivantes<a href=\"#_ftn40\" name=\"_ftnref40\">[40]<\/a>, y compris Apollo<a href=\"#_ftn41\" name=\"_ftnref41\">[41]<\/a>.<\/p>\n<p>Kissinger et Kraemer sont au courant de ces activit\u00e9s<a href=\"#_ftn42\" name=\"_ftnref42\">[42]<\/a>, qui sont connues sous le nom d&rsquo;op\u00e9ration Paperclip : plus de 1 500 scientifiques et techniciens, ainsi que leurs familles, sont secr\u00e8tement transf\u00e9r\u00e9s aux \u00c9tats-Unis<a href=\"#_ftn43\" name=\"_ftnref43\">[43]<\/a>, sous la direction de l&rsquo;avocat de la famille Rockefeller, Allen Welsh Dulles<a href=\"#_ftn44\" name=\"_ftnref44\">[44]<\/a>, qui engage en m\u00eame temps Reinhard Gehlen, un ancien espion au service du F\u00fchrer, pour recruter des v\u00e9t\u00e9rans de la SS et de la Gestapo dans une nouvelle agence secr\u00e8te, l&rsquo;organisation Gehlen (Gehlen lui-m\u00eame deviendra plus tard directeur du BND, les services secrets ouest-allemands), financ\u00e9e par les \u00c9tats-Unis, qui agit de concert avec la toute nouvelle CIA<a href=\"#_ftn45\" name=\"_ftnref45\">[45]<\/a>, laissant les ex-nazis mettre en place des structures secr\u00e8tes comme Odessa<a href=\"#_ftn46\" name=\"_ftnref46\">[46]<\/a> et Die Spinne<a href=\"#_ftn47\" name=\"_ftnref47\">[47]<\/a> (l&rsquo;araign\u00e9e). Ces r\u00e9seaux m\u00e8nent \u00e0 la \u00ab\u00a0Ratline\u00a0\u00bb, une voie d&rsquo;\u00e9vasion vers l&rsquo;Argentine (avec de faux documents fournis par Gehlen et la CIA) pour des milliers de criminels de guerre nazis recherch\u00e9s par Isra\u00ebl, la Russie, la France et d&rsquo;autres pays<a href=\"#_ftn48\" name=\"_ftnref48\">[48]<\/a>. Parmi les collaborateurs de Gehlen se d\u00e9tache le nom de Youssef Nada, qui, depuis Tanger, organisait les voyages en bateau et les faux passeports des hi\u00e9rarques en fuite<a href=\"#_ftn49\" name=\"_ftnref49\">[49]<\/a> et qui, bien des ann\u00e9es plus tard, serait impliqu\u00e9, avec sa banque Al-Taqwa, dans les enqu\u00eates sur le financement de l&rsquo;attentat du 11 septembre contre les tours jumelles de New York<a href=\"#_ftn50\" name=\"_ftnref50\">[50]<\/a>.<\/p>\n<p>Parmi eux figuraient des personnalit\u00e9s telles qu&rsquo;Adolph Eichmann, le tristement c\u00e9l\u00e8bre Dr Joseph Mengele, Otto Skorzeny<a href=\"#_ftn51\" name=\"_ftnref51\">[51]<\/a>, Walther Rauff, Friedrich Schwend et Klaus Barbie, qui ont tous travaill\u00e9 pour la CIA-BND en tant que conseillers des dictateurs d&rsquo;Argentine, du Br\u00e9sil, du Chili, du Paraguay et de la Bolivie, dirigeant des centres de torture, des escadrons de la mort et des r\u00e9seaux de coca\u00efne<a href=\"#_ftn52\" name=\"_ftnref52\">[52]<\/a> dans le cadre de l&rsquo;op\u00e9ration Condor<a href=\"#_ftn53\" name=\"_ftnref53\">[53]<\/a>. En 1947, Henry Kissinger a travaill\u00e9 comme traducteur allemand au sein du service de renseignement militaire, aidant Dulles \u00e0 mettre en place ces r\u00e9seaux secrets par le biais d&rsquo;interrogatoires de prisonniers nazis de haut rang d\u00e9tenus par l&rsquo;arm\u00e9e am\u00e9ricaine, qui ont ensuite \u00e9t\u00e9 absorb\u00e9s par la CIA-BND<a href=\"#_ftn54\" name=\"_ftnref54\">[54]<\/a>.<\/p>\n<p>Barbie, Schwend et Skorzeny ont initialement travaill\u00e9 pour le CIC avec Kissinger<a href=\"#_ftn55\" name=\"_ftnref55\">[55]<\/a>, et ont \u00e9t\u00e9 financ\u00e9s par lui, en Am\u00e9rique du Sud, pour cr\u00e9er et diriger un groupe de soci\u00e9t\u00e9s impliqu\u00e9es dans le trafic d&rsquo;armes et de drogue : Le groupe La Estrella SA, dont le si\u00e8ge est au P\u00e9rou (Friedrich Schwend) et qui poss\u00e8de des succursales en Argentine (Willem Sassen), en Bolivie (Klaus Barbie), en \u00c9quateur (Alphons Sassen) et au Paraguay (Hans Ulrich Rudel)<a href=\"#_ftn56\" name=\"_ftnref56\">[56]<\/a> &#8211; tous des officiers nazis \u00e0 la solde du CIC d&rsquo;abord, et de la CIA ensuite<a href=\"#_ftn57\" name=\"_ftnref57\">[57]<\/a>. Les armes, distribu\u00e9es aux escadrons de la mort dans les pays d&rsquo;Am\u00e9rique latine, provenaient du n\u00e9gociant allemand Gerhard Georg Mertins et de son groupe MEREX, actif dans les op\u00e9rations \u00e9trang\u00e8res des SS m\u00eame pendant la Seconde Guerre mondiale<a href=\"#_ftn58\" name=\"_ftnref58\">[58]<\/a>. Walther Rauff, \u00e0 Colonia Dignidad, \u00e9tait responsable de la formation des mercenaires engag\u00e9s dans les Escadrons de la mort<a href=\"#_ftn59\" name=\"_ftnref59\">[59]<\/a>.<\/p>\n<p>Otto Skorzeny est envoy\u00e9 par Hitler pour lib\u00e9rer Benito Mussolini, emprisonn\u00e9 dans les Abruzzes, et c&rsquo;est lui qui organise le r\u00e9seau d&rsquo;espionnage de la R\u00e9publique de Sal\u00f2 apr\u00e8s le 8 septembre 1943 &#8211; r\u00e9seau pour lequel travaillent le jeune fasciste italien Licio Gelli<a href=\"#_ftn60\" name=\"_ftnref60\">[60]<\/a> et quelques nazis espagnols<a href=\"#_ftn61\" name=\"_ftnref61\">[61]<\/a>. Quelques mois plus tard, Gelli et Skorzeny organisent la fuite en Argentine de Herbert Kappler, l&rsquo;officier nazi qui a ordonn\u00e9 le massacre de l&rsquo;Ard\u00e9at de Fosse pour venger l&rsquo;attaque de partisans sur la Via Rasella \u00e0 Rome<a href=\"#_ftn62\" name=\"_ftnref62\">[62]<\/a>. \u00c0 la fin de la guerre et dans les mois qui suivent, Skorzeny et Gelli travaillent pour le CIC, comme Kissinger, dans un r\u00e9seau d&rsquo;espionnage au sein duquel se d\u00e9veloppe le terroriste n\u00e9ofasciste Stefano Delle Chiaie<a href=\"#_ftn63\" name=\"_ftnref63\">[63]<\/a>, fondateur de l&rsquo;Avanguardia Nazionale<a href=\"#_ftn64\" name=\"_ftnref64\">[64]<\/a>, qui travaillera ensuite pour Gelli et la CIA en Italie, en Argentine et au Chili, contribuant par des actions terroristes \u00e0 la strat\u00e9gie dite de la tension<a href=\"#_ftn65\" name=\"_ftnref65\">[65]<\/a>.<\/p>\n<p><strong>Propagande et torture contre le socialisme : Kissinger dans les ann\u00e9es 50<\/strong><\/p>\n<p><img loading=\"lazy\" class=\"aligncenter size-full wp-image-3766\" src=\"https:\/\/ibiworld.eu\/fr\/wp-content\/uploads\/2022\/11\/USA006-05.jpg\" alt=\"\" width=\"640\" height=\"412\" srcset=\"https:\/\/ibiworld.eu\/fr\/wp-content\/uploads\/2022\/11\/USA006-05.jpg 640w, https:\/\/ibiworld.eu\/fr\/wp-content\/uploads\/2022\/11\/USA006-05-300x193.jpg 300w, https:\/\/ibiworld.eu\/fr\/wp-content\/uploads\/2022\/11\/USA006-05-600x386.jpg 600w\" sizes=\"(max-width: 640px) 100vw, 640px\" \/><\/p>\n<p><strong>12 septembre 1943 : l&rsquo;officier SS Otto Skorzeny \u00e0 c\u00f4t\u00e9 de Benito Mussolini, qu&rsquo;il vient de lib\u00e9rer<a href=\"#_ftn66\" name=\"_ftnref66\">[66]<\/a> <\/strong><\/p>\n<p>En juillet 1947, Kissinger retourne aux \u00c9tats-Unis : il est accept\u00e9 \u00e0 Harvard, o\u00f9 il rencontre William Y. Elliott, le deuxi\u00e8me grand mentor de sa jeunesse. Elliott est un professeur l\u00e9gendaire d&rsquo;histoire et de sciences politiques, un anticommuniste fervent, qui a dirig\u00e9 pendant ses trente-huit ans les th\u00e8ses de doctorat de futurs hommes politiques de premier plan, dont Pierre Elliott Trudeau (premier ministre canadien, p\u00e8re de Justin, qui est \u00e9galement devenu premier ministre), Ralph J. Bunche (prix Nobel de la paix en 1950 et secr\u00e9taire g\u00e9n\u00e9ral adjoint des Nations unies). En tant que tuteur au d\u00e9partement gouvernemental de Harvard, Elliott a initi\u00e9 Kissinger \u00e0 l&rsquo;\u00e9tude de la philosophie europ\u00e9enne (Hom\u00e8re, Spinoza, Kant, Hegel)<a href=\"#_ftn67\" name=\"_ftnref67\">[67]<\/a>, appr\u00e9ciant chez son prot\u00e9g\u00e9, comme Kraemer, un grand sens de l&rsquo;histoire comme panac\u00e9e contre le nihilisme et le conformisme, ainsi qu&rsquo;un ensemble d&rsquo;instructions pour l&rsquo;action future<a href=\"#_ftn68\" name=\"_ftnref68\">[68]<\/a>.<\/p>\n<p>\u00c0 la fin des ann\u00e9es 1940, Elliott \u00e9tait directeur du personnel de la commission des affaires \u00e9trang\u00e8res et de l&rsquo;aide \u00e9trang\u00e8re de la Chambre des repr\u00e9sentants ; il \u00e9tait \u00e9galement membre du Policy Planning Board du NSC (National Security Council)<a href=\"#_ftn69\" name=\"_ftnref69\">[69]<\/a>. Proche de Richard Nixon depuis la fin des ann\u00e9es 1950, il a r\u00e9dig\u00e9 les discours de campagne que Nixon a lui-m\u00eame perdu de justesse face \u00e0 Kennedy en 1960, et a ensuite \u00e9t\u00e9 conseiller principal au d\u00e9partement d&rsquo;\u00c9tat sous les pr\u00e9sidents Kennedy et Johnson<a href=\"#_ftn70\" name=\"_ftnref70\">[70]<\/a>. Doyen de l&rsquo;universit\u00e9 d&rsquo;\u00e9t\u00e9 de Harvard de 1950 \u00e0 1960<a href=\"#_ftn71\" name=\"_ftnref71\">[71]<\/a>, Elliott a soutenu Kissinger au point de lui confier la responsabilit\u00e9 d&rsquo;un projet qui a marqu\u00e9 de mani\u00e8re ind\u00e9l\u00e9bile la carri\u00e8re du jeune homme : le S\u00e9minaire international.<\/p>\n<p>Kissinger y voyait une occasion pour les Europ\u00e9ens brillants qui, pour des raisons \u00e9conomiques et de guerre, n&rsquo;avaient pas eu l&rsquo;occasion de conna\u00eetre les \u00c9tats-Unis, de d\u00e9couvrir le meilleur c\u00f4t\u00e9 des \u00c9tats-Unis \u00e0 une \u00e9poque o\u00f9 il \u00e9tait imp\u00e9ratif de soustraire le plus grand nombre possible d&rsquo;esprits prometteurs au communisme<a href=\"#_ftn72\" name=\"_ftnref72\">[72]<\/a>. Apr\u00e8s le premier s\u00e9minaire de 1951, Kissinger et Elliott ont fond\u00e9 Confluence, un journal qui a donn\u00e9 une voix aux demandes et aux discussions qui ont \u00e9merg\u00e9 pendant l&rsquo;\u00e9v\u00e9nement<a href=\"#_ftn73\" name=\"_ftnref73\">[73]<\/a>.<\/p>\n<p>Gr\u00e2ce \u00e0 Confluence, le nom de Kissinger appara\u00eet pour la premi\u00e8re fois dans les pages du New York Times<a href=\"#_ftn74\" name=\"_ftnref74\">[74]<\/a> ; au fil des ans, des \u00e9tudiants d&rsquo;Afrique, d&rsquo;Asie et d&rsquo;Am\u00e9rique latine se joignent aux Europ\u00e9ens, augmentant ainsi la r\u00e9sonance du d\u00e9bat suscit\u00e9 par les s\u00e9minaires. La revue a acquis une notori\u00e9t\u00e9 impensable pour une publication universitaire, rassemblant des contributions de personnalit\u00e9s politiques et culturelles de premier plan telles que McGeorge Bundy, Hannah Arendt, Andr\u00e9 Malraux, Alberto Moravia et Denis Healey<a href=\"#_ftn75\" name=\"_ftnref75\">[75]<\/a>. La recherche de fonds pour maintenir le projet en vie occupe la majeure partie du temps de Kissinger \u00e0 l&rsquo;\u00e9poque. L&rsquo;argent n\u00e9cessaire provenait de l&rsquo;universit\u00e9 et des fondations Ford et Rockefeller, entre autres.<\/p>\n<p>En 1967, neuf ans apr\u00e8s la fermeture de Confluence, il a \u00e9t\u00e9 d\u00e9couvert que la CIA figurait parmi les principaux financiers du journal et du S\u00e9minaire international<a href=\"#_ftn76\" name=\"_ftnref76\">[76]<\/a> : en 1953, un groupe appel\u00e9 Friends of Middle East a commenc\u00e9 \u00e0 faire des dons pour un total d&rsquo;un peu moins de 250 000 USD. Kissinger a toujours ni\u00e9 conna\u00eetre la main de la CIA derri\u00e8re Friends of the Middle East<a href=\"#_ftn77\" name=\"_ftnref77\">[77]<\/a>. La Fondation Farfield et d&rsquo;autres associations ont \u00e9galement b\u00e9n\u00e9fici\u00e9 du financement continu de la CIA, qui a ainsi soutenu financi\u00e8rement le long projet du S\u00e9minaire, un exemple de la contribution de la Guerre froide culturelle \u00e0 la cr\u00e9ation d&rsquo;une identit\u00e9 culturelle commune, tout en fournissant \u00e0 Kissinger de pr\u00e9cieuses informations sur les alli\u00e9s des \u00c9tats-Unis, un fait qui a accru son prestige<a href=\"#_ftn78\" name=\"_ftnref78\">[78]<\/a>.<\/p>\n<p><img loading=\"lazy\" class=\"aligncenter size-full wp-image-3767\" src=\"https:\/\/ibiworld.eu\/fr\/wp-content\/uploads\/2022\/11\/USA006-06.jpg\" alt=\"\" width=\"700\" height=\"529\" srcset=\"https:\/\/ibiworld.eu\/fr\/wp-content\/uploads\/2022\/11\/USA006-06.jpg 700w, https:\/\/ibiworld.eu\/fr\/wp-content\/uploads\/2022\/11\/USA006-06-300x227.jpg 300w, https:\/\/ibiworld.eu\/fr\/wp-content\/uploads\/2022\/11\/USA006-06-600x453.jpg 600w\" sizes=\"(max-width: 700px) 100vw, 700px\" \/><\/p>\n<p><strong>Novembre 1958 : Henry Kissinger et McGeorge Bundy (au centre, au premier rang) sur une photo de groupe des membres du Center for Institutional Affairs de Harvard<a href=\"#_ftn79\" name=\"_ftnref79\">[79]<\/a><\/strong><\/p>\n<p>En tant que directeur du S\u00e9minaire international, Kissinger effectue en 1952 un nouveau voyage en Allemagne, o\u00f9 Confluence est distribu\u00e9 (en vertu d&rsquo;une donation sp\u00e9cifique de la Fondation Rockefeller) dans les universit\u00e9s, les si\u00e8ges des partis et les librairies les plus importantes<a href=\"#_ftn80\" name=\"_ftnref80\">[80]<\/a>. Shepard Stone, ancien journaliste, membre des services secrets militaires am\u00e9ricains en Allemagne pendant la guerre, directeur adjoint des affaires publiques pour l&rsquo;Allemagne occup\u00e9e \u00e0 partir de 1949, est \u00e0 partir de 1952 directeur des affaires internationales \u00e0 la Fondation Ford, travaillant en \u00e9troite collaboration avec la CIA pour d\u00e9velopper des projets culturels dans le monde entier<a href=\"#_ftn81\" name=\"_ftnref81\">[81]<\/a>. Kissinger a \u00e9t\u00e9 encourag\u00e9 par Stone \u00e0 poursuivre le travail de proximit\u00e9 du journal aupr\u00e8s des \u00e9lites intellectuelles europ\u00e9ennes<a href=\"#_ftn82\" name=\"_ftnref82\">[82]<\/a>.<\/p>\n<p>Apr\u00e8s ce voyage, le PSB (Psychological Strategy Board) charge Kissinger de r\u00e9diger un rapport qui servira de base aux travaux du comit\u00e9, visant \u00e0 immuniser l&rsquo;Allemagne de l&rsquo;Ouest contre les effets de la propagande sovi\u00e9tique, tout en assurant l&rsquo;alignement durable du pays sur la politique occidentale commune<a href=\"#_ftn83\" name=\"_ftnref83\">[83]<\/a>. Actif de 1951 \u00e0 1953, le PSB \u00e9tait un comit\u00e9 int\u00e9rimaire plac\u00e9 sous l&rsquo;\u00e9gide du Conseil national de s\u00e9curit\u00e9 (NSC) et charg\u00e9 de coordonner les programmes et les op\u00e9rations avec la CIA, le d\u00e9partement d&rsquo;\u00c9tat am\u00e9ricain, certaines branches des forces arm\u00e9es et d&rsquo;autres agences impliqu\u00e9es dans la guerre psychologique<a href=\"#_ftn84\" name=\"_ftnref84\">[84]<\/a>. Le travail du PSB en tant que machine de propagande gouvernementale refl\u00e8te l&rsquo;urgence de ne pas seulement s&rsquo;appuyer sur le r\u00e9seau des relations internationales pour pr\u00e9server ou changer une situation politique internationale, mais d&rsquo;agir en faisant pression sur les masses<a href=\"#_ftn85\" name=\"_ftnref85\">[85]<\/a>.<\/p>\n<p>Les liens de la commission avec les tristement c\u00e9l\u00e8bres projets ill\u00e9gaux de la CIA remontant au d\u00e9but des ann\u00e9es 1950 (Bluebird, Artichoke et Mkultra)<a href=\"#_ftn86\" name=\"_ftnref86\">[86]<\/a>, qui visaient \u00e0 contr\u00f4ler l&rsquo;esprit des individus par le biais de drogues et de la torture, amenant les victimes \u00e0 avouer lors d&rsquo;une premi\u00e8re phase d&rsquo;interrogatoire ; la deuxi\u00e8me phase de ce traitement implique l&rsquo;annulation de la volont\u00e9 des victimes, les transformant en tueurs involontaires, des outils priv\u00e9s m\u00eame de l&rsquo;instinct de conservation<a href=\"#_ftn87\" name=\"_ftnref87\">[87]<\/a>. La CIA d&rsquo;Allen Welsh Dulles, directeur de l&rsquo;Agence \u00e0 l&rsquo;\u00e9poque, d\u00e9veloppe ces projets avec des scientifiques nazis appartenant \u00e0 l&rsquo;Organisation Gehlen, poursuivant en fait le travail qu&rsquo;ils effectuaient \u00e0 l&rsquo;\u00e9poque du Troisi\u00e8me Reich dans une fonction anti-alli\u00e9e<a href=\"#_ftn88\" name=\"_ftnref88\">[88]<\/a>.<\/p>\n<p>Le PSB a \u00e9t\u00e9 cr\u00e9\u00e9 en avril 1951 par le pr\u00e9sident am\u00e9ricain Harry S. Truman, et se composait du sous-secr\u00e9taire d&rsquo;\u00c9tat, du secr\u00e9taire adjoint \u00e0 la d\u00e9fense et du directeur de la CIA (directive pr\u00e9sidentielle du 4 avril 1951)<a href=\"#_ftn89\" name=\"_ftnref89\">[89]<\/a>. Les \u00c9tats-Unis \u00e9tant \u00e0 la t\u00eate des forces de l&rsquo;ONU en Cor\u00e9e, l&rsquo;objectif du comit\u00e9 est d&rsquo;\u00e9viter le d\u00e9veloppement de rivalit\u00e9s entre les agences impliqu\u00e9es dans les op\u00e9rations psychologiques<a href=\"#_ftn90\" name=\"_ftnref90\">[90]<\/a>. Kissinger est l&rsquo;un des conseillers du PSB<a href=\"#_ftn91\" name=\"_ftnref91\">[91]<\/a>. Le rapport qu&rsquo;il remet \u00e0 la commission est tr\u00e8s pessimiste quant \u00e0 l&rsquo;\u00e9tat des relations entre les \u00c9tats-Unis et l&rsquo;Allemagne, \u00e0 l&rsquo;unit\u00e9 spirituelle de l&rsquo;Ouest et \u00e0 la capacit\u00e9 de l&rsquo;Allemagne \u00e0 se r\u00e9g\u00e9n\u00e9rer moralement. Il per\u00e7oit les Sovi\u00e9tiques et les Am\u00e9ricains comme les deux faces d&rsquo;une m\u00eame m\u00e9daille et pr\u00e9vient que le pouvoir d&rsquo;influencer les \u00e9v\u00e9nements dans un pays cl\u00e9 pour les efforts am\u00e9ricains en Europe \u00e9chappe rapidement aux mains des \u00c9tats-Unis<a href=\"#_ftn92\" name=\"_ftnref92\">[92]<\/a>.<\/p>\n<p>Kissinger, dans son livre \u00ab\u00a0Nuclear Weapons and Foreign Policy\u00a0\u00bb (1957)<a href=\"#_ftn93\" name=\"_ftnref93\">[93]<\/a>, critique s\u00e9v\u00e8rement la passivit\u00e9 politique des \u00c9tats-Unis \u00e0 l&rsquo;\u00e9gard des positions sovi\u00e9tiques sur le sujet des \u00c9tats satellites, de la r\u00e9unification de l&rsquo;Allemagne et du contr\u00f4le des armements, permise par les annonces des \u00c9tats-Unis de ne pas utiliser la force sauf en r\u00e9ponse \u00e0 une agression<a href=\"#_ftn94\" name=\"_ftnref94\">[94]<\/a>. Se r\u00e9f\u00e9rant particuli\u00e8rement \u00e0 la situation allemande, Kissinger a accus\u00e9 son propre gouvernement de ne pas consid\u00e9rer la question de la d\u00e9fense europ\u00e9enne comme un probl\u00e8me psychologique, mais seulement technique, en refusant son soutien au processus de r\u00e9unification, qui pourrait amener l&rsquo;Allemagne de l&rsquo;Ouest \u00e0 \u00e9couter les propositions de Moscou<a href=\"#_ftn95\" name=\"_ftnref95\">[95]<\/a>.<\/p>\n<p><img loading=\"lazy\" class=\"aligncenter size-full wp-image-3768\" src=\"https:\/\/ibiworld.eu\/fr\/wp-content\/uploads\/2022\/11\/USA006-07.jpg\" alt=\"\" width=\"800\" height=\"620\" srcset=\"https:\/\/ibiworld.eu\/fr\/wp-content\/uploads\/2022\/11\/USA006-07.jpg 800w, https:\/\/ibiworld.eu\/fr\/wp-content\/uploads\/2022\/11\/USA006-07-300x233.jpg 300w, https:\/\/ibiworld.eu\/fr\/wp-content\/uploads\/2022\/11\/USA006-07-768x595.jpg 768w, https:\/\/ibiworld.eu\/fr\/wp-content\/uploads\/2022\/11\/USA006-07-600x465.jpg 600w\" sizes=\"(max-width: 800px) 100vw, 800px\" \/><\/p>\n<p><strong>18 juillet 1951 : Gordon Gray (\u00e0 droite) pr\u00eate serment au pr\u00e9sident Harry Truman (\u00e0 gauche) en tant que directeur du centre de torture Psychological Strategy Board, auquel Henry Kissinger a collabor\u00e9<a href=\"#_ftn96\" name=\"_ftnref96\">[96]<\/a><\/strong><\/p>\n<p>\u00c0 l&rsquo;origine de cette critique se trouve l&rsquo;attitude adopt\u00e9e par les \u00c9tats-Unis \u00e0 l&rsquo;\u00e9poque, dont le r\u00e9sultat fut le sommet de Gen\u00e8ve en 1955 (auquel particip\u00e8rent \u00e9galement la France et la Grande-Bretagne), au cours duquel les Sovi\u00e9tiques lanc\u00e8rent la th\u00e9orie des deux \u00c9tats avec Chru\u0161\u010d\u00ebv, sanctionnant de fait l&rsquo;impossibilit\u00e9 d&rsquo;une r\u00e9unification rapide de l&rsquo;Allemagne<a href=\"#_ftn97\" name=\"_ftnref97\">[97]<\/a>, et rejet\u00e8rent la proposition du pr\u00e9sident am\u00e9ricain Dwight D. Eisenhower appel\u00e9e Open Sky, qui pr\u00e9voyait de croiser le contr\u00f4le a\u00e9rien des territoires respectifs pour v\u00e9rifier le respect des accords d&rsquo;armement par les \u00c9tats-Unis et l&rsquo;URSS<a href=\"#_ftn98\" name=\"_ftnref98\">[98]<\/a>.<\/p>\n<p>En 1955, Kissinger est invit\u00e9 comme consultant \u00e0 une conf\u00e9rence organis\u00e9e \u00e0 Quantico (VA) par Nelson Aldrich Rockefeller, alors assistant sp\u00e9cial du pr\u00e9sident Eisenhower pour les affaires \u00e9trang\u00e8res, afin de faire le point sur la strat\u00e9gie psychologique am\u00e9ricaine apr\u00e8s le sommet de Gen\u00e8ve<a href=\"#_ftn99\" name=\"_ftnref99\">[99]<\/a>. Il propose ici de faire pression sur l&rsquo;URSS en soutenant activement l&rsquo;unification allemande, ce qui obligerait Moscou \u00e0 sortir du placard et \u00e0 rejeter les propositions allant dans ce sens. Les \u00c9tats-Unis devraient s&rsquo;efforcer de maintenir la RFA dans l&rsquo;OTAN et l&rsquo;UEO (Union de l&rsquo;Europe occidentale), en soutenant sa croissance \u00e9conomique par la cr\u00e9ation d&rsquo;une agence internationale de d\u00e9veloppement \u00e9conomique et l&rsquo;entr\u00e9e de la RFA dans la CEE, pr\u00e9vue deux ans plus tard, utile pour compl\u00e9ter le syst\u00e8me d&rsquo;alliance occidental. Les Allemands devaient \u00eatre amen\u00e9s \u00e0 percevoir de plus en plus clairement Moscou comme l&rsquo;obstacle \u00e0 leurs aspirations \u00e0 la r\u00e9unification<a href=\"#_ftn100\" name=\"_ftnref100\">[100]<\/a>.<\/p>\n<p>En 1956, peu apr\u00e8s la r\u00e9union de Quantico, Nelson Rockefeller propose \u00e0 Kissinger de diriger le projet d&rsquo;\u00e9tudes sp\u00e9ciales du Rockefeller Brothers Fund, un groupe de r\u00e9flexion dont l&rsquo;objectif est d&rsquo;influencer les strat\u00e9gies gouvernementales dans les affaires internationales<a href=\"#_ftn101\" name=\"_ftnref101\">[101]<\/a>. En 1957, Kissinger publie son livre Nuclear Weapons and Foreign Policy (r\u00e9sultat de ses travaux au Council on Foreign Relations de New York, 1955-1956<a href=\"#_ftn102\" name=\"_ftnref102\">[102]<\/a>), dans lequel il expose une critique pr\u00e9cise de la strat\u00e9gie de repr\u00e9sailles massives de la pr\u00e9sidence Eisenhower, annonc\u00e9e trois ans plus t\u00f4t par le secr\u00e9taire d&rsquo;\u00c9tat John Foster Dulles, et l&rsquo;oppose \u00e0 la th\u00e9orie de la guerre limit\u00e9e, selon laquelle les \u00c9tats-Unis, pour mettre en \u0153uvre une politique efficace de guerre froide, devraient accepter la possibilit\u00e9 d&rsquo;un usage limit\u00e9 des armes nucl\u00e9aires<a href=\"#_ftn103\" name=\"_ftnref103\">[103]<\/a>.<\/p>\n<p>Sorti quelques mois apr\u00e8s les crises hongroise et de Suez, le livre s&rsquo;est vendu \u00e0 17 000 exemplaires la premi\u00e8re ann\u00e9e et a fini dans les mains du vice-pr\u00e9sident de l&rsquo;\u00e9poque, Richard Nixon, et surtout dans celles d&rsquo;Eisenhower, qui a recommand\u00e9 le livre \u00e0 Dulles. La popularit\u00e9 de Kissinger explose en octobre : apr\u00e8s le lancement r\u00e9ussi du satellite Spoutnik, la peur rend les Am\u00e9ricains tr\u00e8s dispos\u00e9s \u00e0 \u00e9couter de nouvelles propositions de d\u00e9fense : Nelson Rockefeller publie International Security : The Military Aspect, un rapport r\u00e9dig\u00e9 par Kissinger en 1955 \u00e0 la suite de la r\u00e9union de Quantico. Apr\u00e8s une apparition \u00e0 la t\u00e9l\u00e9vision de Rockefeller lui-m\u00eame pour pr\u00e9senter le contenu du livre, l&rsquo;essai est demand\u00e9 \u00e0 des centaines de milliers d&rsquo;exemplaires<a href=\"#_ftn104\" name=\"_ftnref104\">[104]<\/a>.<\/p>\n<p><img loading=\"lazy\" class=\"aligncenter size-full wp-image-3769\" src=\"https:\/\/ibiworld.eu\/fr\/wp-content\/uploads\/2022\/11\/USA006-08.jpg\" alt=\"\" width=\"500\" height=\"304\" srcset=\"https:\/\/ibiworld.eu\/fr\/wp-content\/uploads\/2022\/11\/USA006-08.jpg 500w, https:\/\/ibiworld.eu\/fr\/wp-content\/uploads\/2022\/11\/USA006-08-300x182.jpg 300w\" sizes=\"(max-width: 500px) 100vw, 500px\" \/><\/p>\n<p><strong>Henry Kissinger et David Rockefeller lors d&rsquo;une conf\u00e9rence de presse de la Commission trilat\u00e9rale<a href=\"#_ftn105\" name=\"_ftnref105\">[105]<\/a><\/strong><\/p>\n<p>Kissinger a \u00e9t\u00e9 membre du Council on Foreign Relations de 1956 \u00e0 1977, puis membre de son conseil d&rsquo;administration jusqu&rsquo;en 1981<a href=\"#_ftn106\" name=\"_ftnref106\">[106]<\/a>. Le fervent anticommuniste Zbigniew Brzezinski, professeur d&rsquo;affaires internationales \u00e0 l&rsquo;universit\u00e9 de Columbia et conseiller \u00e0 la s\u00e9curit\u00e9 nationale du pr\u00e9sident am\u00e9ricain Jimmy Carter<a href=\"#_ftn107\" name=\"_ftnref107\">[107]<\/a>, est membre du Conseil<a href=\"#_ftn108\" name=\"_ftnref108\">[108]<\/a>. David Rockefeller<a href=\"#_ftn109\" name=\"_ftnref109\">[109]<\/a>, fr\u00e8re de Nelson et propri\u00e9taire de la Chase Manhattan Bank, a cr\u00e9\u00e9 en 1973 la Commission trilat\u00e9rale, dont Kissinger et Brzezinski sont des membres \u00e9minents<a href=\"#_ftn110\" name=\"_ftnref110\">[110]<\/a>.<\/p>\n<p>La Commission trilat\u00e9rale est, officiellement, un forum sur les affaires mondiales, compos\u00e9 de personnalit\u00e9s de haut niveau dans les domaines des affaires, de la finance et de la politique d&rsquo;Am\u00e9rique du Nord, d&rsquo;Europe occidentale et du Japon, dont l&rsquo;objectif est de promouvoir la coop\u00e9ration internationale. En r\u00e9alit\u00e9, la Commission trilat\u00e9rale serait l&rsquo;une des organisations qui dirigent secr\u00e8tement la plan\u00e8te<a href=\"#_ftn111\" name=\"_ftnref111\">[111]<\/a>. Parmi ses membres, \u00e0 cette \u00e9poque, il n&rsquo;y avait qu&rsquo;un seul Suisse : le financier tessinois Tito Tettamanti<a href=\"#_ftn112\" name=\"_ftnref112\">[112]<\/a>, qui comptait parmi ses clients Michele Sindona et d&rsquo;autres personnalit\u00e9s de cette saison politique<a href=\"#_ftn113\" name=\"_ftnref113\">[113]<\/a>.<\/p>\n<p>En 1975, est publi\u00e9 le manifeste politique de la Commission, intitul\u00e9 La crise de la d\u00e9mocratie, dans lequel apparaissent certains des principes cardinaux du groupe, en premier lieu le pessimisme et la m\u00e9fiance \u00e0 l&rsquo;\u00e9gard des d\u00e9mocraties occidentales, pollu\u00e9es par l&rsquo;influence socialiste. Pour \u00e9viter les exc\u00e8s de la d\u00e9mocratie, il serait souhaitable que, l\u00e0 o\u00f9 la d\u00e9mocratie ne s&rsquo;applique pas, la comp\u00e9tence, l&rsquo;anciennet\u00e9, l&rsquo;exp\u00e9rience et les talents particuliers puissent s&#8217;emparer du pouvoir ; la participation des Noirs au syst\u00e8me politique est \u00e9galement un danger pour la d\u00e9mocratie. Il est avanc\u00e9 que la d\u00e9mocratie est davantage une menace pour elle-m\u00eame aux \u00c9tats-Unis qu&rsquo;en Europe ou au Japon, o\u00f9 il existe encore des h\u00e9ritages r\u00e9siduels de valeurs traditionnelles et aristocratiques, qui assurent l&rsquo;\u00e9quilibre entre les forces d\u00e9mocratiques et non d\u00e9mocratiques qui est fondamental pour gouverner un pays fiable<a href=\"#_ftn114\" name=\"_ftnref114\">[114]<\/a>.<\/p>\n<p><strong>La naissance de la \u00ab\u00a0grande UBS\u00a0\u00bb : Kissinger et l&rsquo;affaire GAF-Interhandel<\/strong><\/p>\n<p><img loading=\"lazy\" class=\"aligncenter size-full wp-image-3770\" src=\"https:\/\/ibiworld.eu\/fr\/wp-content\/uploads\/2022\/11\/USA006-09.jpg\" alt=\"\" width=\"400\" height=\"324\" srcset=\"https:\/\/ibiworld.eu\/fr\/wp-content\/uploads\/2022\/11\/USA006-09.jpg 400w, https:\/\/ibiworld.eu\/fr\/wp-content\/uploads\/2022\/11\/USA006-09-300x243.jpg 300w\" sizes=\"(max-width: 400px) 100vw, 400px\" \/><\/p>\n<p><strong>23 juin 1937 : Hermann Schmitz, fondateur d&rsquo;IG Farben (deuxi\u00e8me \u00e0 partir de la gauche), lors d&rsquo;un d\u00eener avec d&rsquo;autres membres du conseil d&rsquo;administration<a href=\"#_ftn115\" name=\"_ftnref115\">[115]<\/a> <\/strong><\/p>\n<p>En 1925, les cinq plus grandes entreprises chimiques allemandes ont fusionn\u00e9 : Bayer, Hoechst, BASF, Agfa et Cassella et, avec d&rsquo;autres entreprises plus petites, ont form\u00e9 le holding Interessen-Gemeinschaft Farbenindustrie AG, plus connu sous le nom de IG Farben, qui est devenu instantan\u00e9ment le premier groupe industriel chimique du monde<a href=\"#_ftn116\" name=\"_ftnref116\">[116]<\/a>. Ce projet est n\u00e9 de la vision du directeur g\u00e9n\u00e9ral du groupe industriel Metallgesellschaft, Hermann Schmitz : en 1931, il a \u00e9crit \u00ab\u00a0Deutschlands einzige Rettung\u00a0\u00bb (Le seul salut de l&rsquo;Allemagne), qui incitait les milieux d&rsquo;affaires du pays \u00e0 soutenir politiquement et \u00e9conomiquement le national-socialisme, et qui est devenu le document sur la base duquel IG Farben a form\u00e9 une alliance avec Hitler<a href=\"#_ftn117\" name=\"_ftnref117\">[117]<\/a>.<\/p>\n<p>Schmitz lui-m\u00eame, qui est arriv\u00e9 \u00e0 la t\u00eate de la Metallgesellschaft pendant une p\u00e9riode de r\u00e9cession \u00e9conomique due \u00e0 la faillite de certaines banques, a th\u00e9oris\u00e9 en 1906 la cr\u00e9ation de paradis fiscaux pour sauver les grandes entreprises et les banques de la faillite<a href=\"#_ftn118\" name=\"_ftnref118\">[118]<\/a>. Pendant la Premi\u00e8re Guerre mondiale, il est appel\u00e9 par Walther Rathenau \u00e0 diriger le bureau financier de la KRA (Kriegsrohstoffsabteilung), qui utilise pour la premi\u00e8re fois les banques suisses pour acheter des mati\u00e8res premi\u00e8res afin de contourner les sanctions internationales<a href=\"#_ftn119\" name=\"_ftnref119\">[119]<\/a>.<\/p>\n<p>Avec l&rsquo;av\u00e8nement du nazisme, IG Farben joue un r\u00f4le d\u00e9terminant dans la strat\u00e9gie militaire, brevetant le Tabun et le Sarin en 1937 et 1938, deux types de gaz neurotoxiques mortels dont les effets ont \u00e9t\u00e9 test\u00e9s dans les camps de concentration<a href=\"#_ftn120\" name=\"_ftnref120\">[120]<\/a>. \u00c0 cela s&rsquo;ajoute le Zyklon B : un pesticide qui, rendu inodore, a \u00e9t\u00e9 utilis\u00e9 dans les chambres \u00e0 gaz d&rsquo;Auschwitz. Degesch (Deutsche Gesellschaft f\u00fcr Sch\u00e4dlingsbekampfung mbH), le fabricant du Zyklon, est une filiale \u00e0 42,5 % de IG Farben<a href=\"#_ftn121\" name=\"_ftnref121\">[121]<\/a>. Le camp de travail de Monowitz, qui fait partie du complexe d&rsquo;Auschwitz, a \u00e9t\u00e9 achev\u00e9 en 1942 pour fournir des travailleurs \u00e0 l&rsquo;usine adjacente de production de caoutchouc synth\u00e9tique. Il a \u00e9t\u00e9 construit par IG Farben<a href=\"#_ftn122\" name=\"_ftnref122\">[122]<\/a> ; les technologies et les techniciens qui les utilisaient ont \u00e9t\u00e9 transf\u00e9r\u00e9s aux \u00c9tats-Unis \u00e0 la fin de la guerre<a href=\"#_ftn123\" name=\"_ftnref123\">[123]<\/a>.<\/p>\n<p>La Standard Oil, fond\u00e9e par la famille Rockefeller, \u00e9tait d\u00e9j\u00e0 en affaires avec IG Farben depuis un certain temps lorsque Hitler est arriv\u00e9 au pouvoir. Les Rockefeller deviennent alors de pr\u00e9cieux alli\u00e9s du national-socialisme : la soci\u00e9t\u00e9 am\u00e9ricaine c\u00e8de \u00e0 IG Farben plusieurs brevets<a href=\"#_ftn124\" name=\"_ftnref124\">[124]<\/a> utiles au d\u00e9veloppement technologique de l&rsquo;arsenal de guerre du Troisi\u00e8me Reich<a href=\"#_ftn125\" name=\"_ftnref125\">[125]<\/a>. La Chase Manhattan Bank de Rockefeller g\u00e9rait les comptes nazis \u00e0 Paris, fermant ceux des clients juifs lorsque Hitler est arriv\u00e9 au pouvoir<a href=\"#_ftn126\" name=\"_ftnref126\">[126]<\/a>, et apr\u00e8s la guerre, elle a particip\u00e9 au transfert des actifs de la Reichsbank vers des comptes suisses et sud-am\u00e9ricains. L&rsquo;ITT de Rockefeller construit d&rsquo;importants syst\u00e8mes de communication pour les nazis ; l&rsquo;IBM de Rockefeller construit des machines pour classer les victimes de l&rsquo;Holocauste<a href=\"#_ftn127\" name=\"_ftnref127\">[127]<\/a>.<\/p>\n<p>En 1928, IG Farben a fond\u00e9 IG Chemie \u00e0 B\u00e2le : avec un capital social de 290 millions de francs suisses, elle est devenue la plus grande entreprise suisse et la soci\u00e9t\u00e9 m\u00e8re de plusieurs holdings du g\u00e9ant allemand en Europe et en Am\u00e9rique latine, ainsi que de l&rsquo;entreprise am\u00e9ricaine IG Chemical Corporation, n\u00e9e en 1929 \u00e0 New York de la fusion de plusieurs entreprises am\u00e9ricaines d&rsquo;IG Farben<a href=\"#_ftn128\" name=\"_ftnref128\">[128]<\/a>. IG Chemie se procure des capitaux \u00e0 faible taux d&rsquo;int\u00e9r\u00eat aupr\u00e8s du syst\u00e8me financier suisse pour l&rsquo;expansion d&rsquo;IG Farben, qui maintient un contr\u00f4le \u00e9troit sur l&rsquo;entreprise suisse en d\u00e9tenant ses \u00ab\u00a0actions privil\u00e9gi\u00e9es\u00a0\u00bb non cot\u00e9es. Hermann Schmitz est \u00e9lu pr\u00e9sident d&rsquo;IG Chemie et d&rsquo;IG Farben<a href=\"#_ftn129\" name=\"_ftnref129\">[129]<\/a>.<\/p>\n<p><img loading=\"lazy\" class=\"aligncenter size-full wp-image-3771\" src=\"https:\/\/ibiworld.eu\/fr\/wp-content\/uploads\/2022\/11\/USA006-10.jpg\" alt=\"\" width=\"600\" height=\"431\" srcset=\"https:\/\/ibiworld.eu\/fr\/wp-content\/uploads\/2022\/11\/USA006-10.jpg 600w, https:\/\/ibiworld.eu\/fr\/wp-content\/uploads\/2022\/11\/USA006-10-300x216.jpg 300w\" sizes=\"(max-width: 600px) 100vw, 600px\" \/><\/p>\n<p><strong>30 juin 1925 : inauguration du nouveau si\u00e8ge de la Deutsche L\u00e4nderbank \u00e0 Francfort, qui est contr\u00f4l\u00e9 par BASF, puis IG Farben, puis vendu apr\u00e8s la guerre \u00e0 UBS<a href=\"#_ftn130\" name=\"_ftnref130\">[130]<\/a><\/strong><\/p>\n<p>Deux \u00e9minents repr\u00e9sentants de la haute finance suisse si\u00e8gent au conseil d&rsquo;administration d&rsquo;IG Chemie : Felix Iselin-Merian, membre du conseil d&rsquo;administration de la Basler Bankverein, et Fritz Fleiner, professeur de droit constitutionnel et membre du conseil d&rsquo;administration de la Kreditanstalt ; Carl Roesch, cadre allemand d&rsquo;IG Farben, le banquier b\u00e2lois Eduard Greuter et son beau-fr\u00e8re August Germann-Greuter font \u00e9galement partie du conseil. La majorit\u00e9 de la banque Greuter &amp; Co. appartient \u00e0 IG Farben<a href=\"#_ftn131\" name=\"_ftnref131\">[131]<\/a> ; Felix Iselin-Merian est le beau-fr\u00e8re de Johnann Rudolf Geigy-Merian, le fondateur de Ciba Geigy \u00e0 B\u00e2le<a href=\"#_ftn132\" name=\"_ftnref132\">[132]<\/a>, une entreprise chimique collaborant avec IG Farben<a href=\"#_ftn133\" name=\"_ftnref133\">[133]<\/a>, qui fait maintenant partie, apr\u00e8s une s\u00e9rie de fusions, du groupe multinational Novartis.<\/p>\n<p>En 1939, IG Farben, par l&rsquo;interm\u00e9diaire d&rsquo;IG Chemie, a chang\u00e9 le nom de sa filiale am\u00e9ricaine d&rsquo;American IG Chemical Company en General Aniline &amp; Film Company (GAF) ; le conseil d&rsquo;administration comprenait d&rsquo;\u00e9minents industriels am\u00e9ricains tels que Edsel Ford, pr\u00e9sident de Ford Motor, Charles Mitchell, pr\u00e9sident de la National City Bank<a href=\"#_ftn134\" name=\"_ftnref134\">[134]<\/a>, et Walter Teagle, pr\u00e9sident de Standard Oil<a href=\"#_ftn135\" name=\"_ftnref135\">[135]<\/a>. La collaboration avec Ford est \u00e9galement importante car IG Farben d\u00e9tient une participation importante dans les usines allemandes de Ford.<\/p>\n<p>Le p\u00e8re d&rsquo;Edsel, Henry Ford, est tr\u00e8s appr\u00e9ci\u00e9 des nazis pour son financement ostensible d&rsquo;Hitler, pour le r\u00f4le de premier plan jou\u00e9 par l&rsquo;Allemand Ford &#8211; avec Opel (filiale allemande de General Motors) &#8211; dans le plan d&rsquo;armement allemand avant et pendant la guerre mondiale<a href=\"#_ftn136\" name=\"_ftnref136\">[136]<\/a>, et pour son livre antis\u00e9mite \u00ab\u00a0Le Juif international\u00a0\u00bb (The International Jew, 1920)<a href=\"#_ftn137\" name=\"_ftnref137\">[137]<\/a>. Le changement de nom et la pr\u00e9sence d&rsquo;hommes cl\u00e9s am\u00e9ricains au conseil d&rsquo;administration sont des \u00e9l\u00e9ments de l&rsquo;am\u00e9ricanisation de GAF pour \u00e9viter, \u00e0 l&rsquo;approche de la guerre, la saisie redout\u00e9e de l&rsquo;entreprise par les autorit\u00e9s am\u00e9ricaines. C&rsquo;est pr\u00e9cis\u00e9ment dans ce but que Hermann Schmitz a d\u00e9missionn\u00e9 de la pr\u00e9sidence de l&rsquo;entreprise en 1936, nommant comme successeur son fr\u00e8re Dietrich, qui vivait aux \u00c9tats-Unis et \u00e9tait citoyen am\u00e9ricain.<\/p>\n<p>Apr\u00e8s le d\u00e9part de Schmitz, le seul lien \u00e9vident entre IG Farben et IG Chemie est rest\u00e9 le membre du conseil d&rsquo;administration de GAF, Felix Iselin-Merian. Peu apr\u00e8s le d\u00e9but de la Seconde Guerre mondiale, IG Chemie est mise sur liste noire par les Britanniques, car elle est reconnue comme une entreprise allemande ; par cons\u00e9quent, GAF est \u00e9galement menac\u00e9e de saisie<a href=\"#_ftn138\" name=\"_ftnref138\">[138]<\/a>, les actions privil\u00e9gi\u00e9es d&rsquo;IG Chemie restant entre les mains d&rsquo;IG Farben. Cela ne permettait toujours pas de d\u00e9clarer officiellement IG Chemie comme la soci\u00e9t\u00e9 m\u00e8re de GAF : deux filiales n\u00e9erlandaises fictives d&rsquo;IG Chemie, Chemo et Voorindu, \u00e9taient en fait inscrites comme actionnaires de r\u00e9f\u00e9rence.<\/p>\n<p>Le 10 mai 1940, lorsque l&rsquo;Allemagne envahit les Pays-Bas, toutes les activit\u00e9s n\u00e9erlandaises aux \u00c9tats-Unis, y compris GAF, sont bloqu\u00e9es par le d\u00e9partement du Tr\u00e9sor, qui contr\u00f4le d\u00e9sormais toute transaction financi\u00e8re de la soci\u00e9t\u00e9. Afin de lib\u00e9rer General Aniline &amp; Film du joug du gouvernement am\u00e9ricain, il est n\u00e9cessaire de d\u00e9clarer que la v\u00e9ritable soci\u00e9t\u00e9 m\u00e8re de GAF est la soci\u00e9t\u00e9 suisse IG Chemie, et non ses filiales n\u00e9erlandaises. Ainsi, le probl\u00e8me des actions pr\u00e9f\u00e9rentielles, options de garantie de dividendes que le conseil d&rsquo;administration d&rsquo;IG Farben exerce sur IG Chemie<a href=\"#_ftn139\" name=\"_ftnref139\">[139]<\/a>, se pose \u00e0 nouveau.<\/p>\n<p><img loading=\"lazy\" class=\"aligncenter size-full wp-image-3772\" src=\"https:\/\/ibiworld.eu\/fr\/wp-content\/uploads\/2022\/11\/USA006-11.jpg\" alt=\"\" width=\"996\" height=\"560\" srcset=\"https:\/\/ibiworld.eu\/fr\/wp-content\/uploads\/2022\/11\/USA006-11.jpg 996w, https:\/\/ibiworld.eu\/fr\/wp-content\/uploads\/2022\/11\/USA006-11-300x169.jpg 300w, https:\/\/ibiworld.eu\/fr\/wp-content\/uploads\/2022\/11\/USA006-11-768x432.jpg 768w, https:\/\/ibiworld.eu\/fr\/wp-content\/uploads\/2022\/11\/USA006-11-600x337.jpg 600w\" sizes=\"(max-width: 996px) 100vw, 996px\" \/><\/p>\n<p><strong>30 juillet 1938 : Le fondateur de l&rsquo;entreprise automobile du m\u00eame nom, Henry Ford, re\u00e7oit la Grand-Croix de l&rsquo;Aigle allemand de l&rsquo;ambassadeur d&rsquo;Allemagne \u00e0 Washington, accompagn\u00e9e d&rsquo;une lettre personnelle du F\u00fchrer<a href=\"#_ftn140\" name=\"_ftnref140\">[140]<\/a> <\/strong><\/p>\n<p>Sous la pression des conseillers am\u00e9ricains de GAF, Hermann Schmitz d\u00e9missionne de la pr\u00e9sidence d&rsquo;IG Chemie \u00e0 l&rsquo;\u00e9t\u00e9 1940, les options de garantie d&rsquo;IG Farben sont d\u00e9clar\u00e9es \u00e9teintes, de m\u00eame que ses droits de rachat d&rsquo;actions ; le nouveau pr\u00e9sident est d\u00e9sormais Felix Iselin-Merian ; n\u00e9anmoins, le Conseil f\u00e9d\u00e9ral suisse refuse d&rsquo;offrir \u00e0 IG Chemie une protection diplomatique jusqu&rsquo;\u00e0 la fin du conflit, ne la reconnaissant implicitement comme une entreprise pas suisse<a href=\"#_ftn141\" name=\"_ftnref141\">[141]<\/a>. GAF a toutefois pu, \u00e0 ce stade, r\u00e9pondre aux questions de la Commission am\u00e9ricaine des valeurs mobili\u00e8res et des changes sur l&rsquo;identit\u00e9 de sa soci\u00e9t\u00e9 m\u00e8re, d\u00e9clarant qu&rsquo;IG Chemie d\u00e9tenait 91,05 % de ses actions<a href=\"#_ftn142\" name=\"_ftnref142\">[142]<\/a>. Cependant, avec l&rsquo;entr\u00e9e en guerre des \u00c9tats-Unis, en 1942, la GAF a \u00e9t\u00e9 confisqu\u00e9e en tant que soci\u00e9t\u00e9 allemande utilis\u00e9e par IG Farben comme centre d&rsquo;espionnage et sa direction a \u00e9t\u00e9 destitu\u00e9e<a href=\"#_ftn143\" name=\"_ftnref143\">[143]<\/a>.<\/p>\n<p>\u00c0 la fin de la guerre, IG Farben a \u00e9t\u00e9 d\u00e9membr\u00e9 en BASF, Bayer et Hoechst<a href=\"#_ftn144\" name=\"_ftnref144\">[144]<\/a>, survivant en tant qu&rsquo;entit\u00e9 l\u00e9gale, maintenue en vie par des proc\u00e8s de compensation et la sp\u00e9culation immobili\u00e8re. Bien que l&rsquo;entreprise soit officiellement en liquidation depuis 1952<a href=\"#_ftn145\" name=\"_ftnref145\">[145]<\/a>, l&rsquo;histoire d&rsquo;IG Farben ne se termine qu&rsquo;avec sa fermeture officielle en ao\u00fbt 2011<a href=\"#_ftn146\" name=\"_ftnref146\">[146]<\/a>. Hermann Schmitz et les dirigeants de la holding ont \u00e9t\u00e9 reconnus comme des criminels de guerre et se sont retrouv\u00e9s accus\u00e9s (et condamn\u00e9s) lors du proc\u00e8s de Nuremberg<a href=\"#_ftn147\" name=\"_ftnref147\">[147]<\/a>. IG Chemie s&rsquo;est retrouv\u00e9e avec des propri\u00e9t\u00e9s en Suisse et en Norv\u00e8ge et l&rsquo;espoir de r\u00e9cup\u00e9rer le GAF confisqu\u00e9 aux \u00c9tats-Unis.<\/p>\n<p>Au cours de l&rsquo;hiver 1945, IG Chemie change de nom et devient Internationale Industrie- und Handesbeteiligungen, abr\u00e9g\u00e9e en Interhandel ; Albert Gadow, directeur g\u00e9n\u00e9ral depuis 1935 et beau-fr\u00e8re de Hermann Schmitz, d\u00e9missionne et laisse son poste au Suisse Walter Germann, neveu du banquier Eduard Greutert ; Ces nouvelles tentatives de rompre les liens avec ses origines n&rsquo;ont pas convaincu le gouvernement am\u00e9ricain, qui a maintenu la confiscation du GAF m\u00eame apr\u00e8s la fin de 1946, lorsque les \u00c9tats-Unis ont d\u00e9cid\u00e9 de restituer d&rsquo;autres actifs prudemment saisis en Suisse<a href=\"#_ftn148\" name=\"_ftnref148\">[148]<\/a>.<\/p>\n<p>En 1948, Interhandel a intent\u00e9 une action en justice contre les \u00c9tats-Unis pour la possession des actions de GAF, se d\u00e9clarant une soci\u00e9t\u00e9 purement suisse. Washington, en revanche, consid\u00e9rait IG Chemie\/Interhandel comme une \u00e9manation du secteur industriel allemand, estimant qu&rsquo;il \u00e9tait juste de l&rsquo;utiliser pour indemniser les victimes du nazisme, et demandait \u00e0 l&rsquo;entreprise de fournir les documents requis par la loi sur le commerce avec l&rsquo;ennemi<a href=\"#_ftn149\" name=\"_ftnref149\">[149]<\/a>. Apr\u00e8s un premier assentiment de la soci\u00e9t\u00e9 \u00e0 la demande, le Conseil f\u00e9d\u00e9ral suisse a interdit \u00e0 Interhandel et \u00e0 la Banque Sturzenegger &amp; Co. (successeur de Greutert &amp; Co. apr\u00e8s le d\u00e9c\u00e8s d&rsquo;Eduard Greutert) de produire des documents, en invoquant l&rsquo;article 49 de la loi sur les banques (secret bancaire) et l&rsquo;article 257 du code p\u00e9nal (interdiction des services de publication de donn\u00e9es \u00e9conomiques sensibles).<\/p>\n<p><img loading=\"lazy\" class=\"aligncenter size-full wp-image-3773\" src=\"https:\/\/ibiworld.eu\/fr\/wp-content\/uploads\/2022\/11\/USA006-12.jpg\" alt=\"\" width=\"553\" height=\"369\" srcset=\"https:\/\/ibiworld.eu\/fr\/wp-content\/uploads\/2022\/11\/USA006-12.jpg 553w, https:\/\/ibiworld.eu\/fr\/wp-content\/uploads\/2022\/11\/USA006-12-300x200.jpg 300w\" sizes=\"(max-width: 553px) 100vw, 553px\" \/><\/p>\n<p><strong>John Foster Dulles (au centre) et son fr\u00e8re Allen, puissants partisans de la guerre contre l&rsquo;URSS<a href=\"#_ftn150\" name=\"_ftnref150\">[150]<\/a><\/strong><\/p>\n<p>D\u00e8s le d\u00e9but des ann\u00e9es 1950, les actions d&rsquo;Interhandel font l&rsquo;objet d&rsquo;une sp\u00e9culation croissante sur les bourses suisses, ce qui fait passer le prix d&rsquo;une action ordinaire de 300 CHF en 1946 \u00e0 5450 CHF en 1960. Cependant, l&rsquo;entreprise continue de perdre tous ses proc\u00e8s aux \u00c9tats-Unis en raison de documents manquants, ce qui perturbe les petits actionnaires, qui sont agit\u00e9s par la presse sp\u00e9cialis\u00e9e, qui vise les membres du conseil d&rsquo;administration Iselin, Sturzenegger et Germann.<\/p>\n<p>Le tournant a \u00e9t\u00e9 pris par deux fr\u00e8res : John Foster Dulles est le neveu de Robert Lansing, secr\u00e9taire d&rsquo;\u00c9tat du pr\u00e9sident am\u00e9ricain Woodrow Wilson<a href=\"#_ftn151\" name=\"_ftnref151\">[151]<\/a>, et le fr\u00e8re d&rsquo;Allen Welsh Dulles, avocat du groupe Rockefeller et premier civil \u00e0 occuper le poste de directeur de la CIA (1953-1961)<a href=\"#_ftn152\" name=\"_ftnref152\">[152]<\/a>. Les fr\u00e8res Dulles, avocats chez Sullivan &amp; Cromwell, sont devenus des financiers \u00e0 la fin de la Premi\u00e8re Guerre mondiale et ont jou\u00e9 un r\u00f4le central dans la structuration des r\u00e9parations de guerre allemandes et des pr\u00eats aux Alli\u00e9s.<\/p>\n<p>Parmi les clients de Sullivan &amp; Cromwell figurent United Fruit, Standard Oil et International Nickel, des soci\u00e9t\u00e9s qui ont \u00e9t\u00e9 impliqu\u00e9es dans des coups d&rsquo;\u00c9tat organis\u00e9s par la CIA apr\u00e8s la Seconde Guerre mondiale ; les Dulles \u00e9taient \u00e0 l&rsquo;avant-garde du grand groupe d&rsquo;industriels et de banquiers am\u00e9ricains d\u00e9sireux d&rsquo;investir dans l&rsquo;Allemagne nazie apr\u00e8s l&rsquo;arriv\u00e9e au pouvoir d&rsquo;Hitler<a href=\"#_ftn153\" name=\"_ftnref153\">[153]<\/a>. En 1954, John Foster Dulles, \u00e0 l&rsquo;\u00e9poque secr\u00e9taire d&rsquo;\u00c9tat du pr\u00e9sident Dwight D. Eisenhower, est entr\u00e9 dans la question de l&rsquo;Interhandel, en d\u00e9fendant un projet de loi propos\u00e9 par le s\u00e9nateur Everett M. Dirksen, qui pr\u00e9voyait la restitution des biens ennemis confisqu\u00e9s \u00e0 leurs anciens propri\u00e9taires : tout en reconnaissant que le projet de loi \u00e9tait en conflit avec l&rsquo;accord de 1945 sur les r\u00e9parations, dont les \u00c9tats-Unis \u00e9taient signataires, il a d\u00e9clar\u00e9 que cet accord ne pouvait pas limiter le pouvoir du Congr\u00e8s de traiter les biens \u00e9trangers comme il l&rsquo;entendait. Malgr\u00e9 le soutien de Dulles, qui a constern\u00e9 les pays alli\u00e9s, le projet de loi est rejet\u00e9 gr\u00e2ce \u00e0 l&rsquo;opposition du minist\u00e8re de la Justice<a href=\"#_ftn154\" name=\"_ftnref154\">[154]<\/a>.<\/p>\n<p>En 1956, le Conseil f\u00e9d\u00e9ral suisse demande \u00e0 la Cour internationale de justice de La Haye d&rsquo;ouvrir une proc\u00e9dure d&rsquo;arbitrage sur l&rsquo;affaire Interhandel. Une condition pr\u00e9alable \u00e0 l&rsquo;ouverture d&rsquo;un arbitrage est la fin des proc\u00e9dures judiciaires aux \u00c9tats-Unis. Le proc\u00e8s dans lequel la Cour supr\u00eame a finalement condamn\u00e9 Interhandel au d\u00e9but de 1957 a toutefois \u00e9t\u00e9 renvoy\u00e9 au tribunal de district de Washington pour des d\u00e9fauts formels<a href=\"#_ftn155\" name=\"_ftnref155\">[155]<\/a>. En juin 1958, la Cour supr\u00eame des \u00c9tats-Unis, annulant les d\u00e9cisions des tribunaux inf\u00e9rieurs, a r\u00e9tabli l&rsquo;affaire Interhandel, permettant \u00e0 la soci\u00e9t\u00e9 d&rsquo;\u00eatre entendue sur le fond de l&rsquo;affaire, m\u00eame sans la production des documents suisses.<\/p>\n<p>Peu apr\u00e8s cette d\u00e9cision, Interhandel a mis en \u0153uvre un nouveau plan : Felix-Iselin, German et Sturzenegger ont d\u00e9missionn\u00e9 du conseil d&rsquo;administration<a href=\"#_ftn156\" name=\"_ftnref156\">[156]<\/a>. Charles de Lo\u00ebs (pr\u00e9sident de l&rsquo;Association suisse des banquiers) est le nouveau pr\u00e9sident du conseil d&rsquo;administration, tandis que Eberhard Reinhard (directeur de Kreditanstalt-Credit Suisse), Rudolf Pfeinninger (Schweizerischer Bankverein) et Alfred Schaefer (Schweizerische Bankgesellschaft, connue en Italie sous le nom d&rsquo;UBS) rejoignent le conseil en tant que membres. D\u00e9courag\u00e9s par la perspective d&rsquo;un conflit prolong\u00e9 avec Washington, Reinhard et Pfeinninger d\u00e9missionnent en 1959, laissant le champ libre \u00e0 Schaefer, qui devient directeur g\u00e9n\u00e9ral et vice-pr\u00e9sident d&rsquo;Interhandel<a href=\"#_ftn157\" name=\"_ftnref157\">[157]<\/a>.<\/p>\n<p><img loading=\"lazy\" class=\"aligncenter size-full wp-image-3774\" src=\"https:\/\/ibiworld.eu\/fr\/wp-content\/uploads\/2022\/11\/USA006-13.jpg\" alt=\"\" width=\"345\" height=\"332\" srcset=\"https:\/\/ibiworld.eu\/fr\/wp-content\/uploads\/2022\/11\/USA006-13.jpg 345w, https:\/\/ibiworld.eu\/fr\/wp-content\/uploads\/2022\/11\/USA006-13-300x289.jpg 300w\" sizes=\"(max-width: 345px) 100vw, 345px\" \/><\/p>\n<p><strong>Une caricature satirique am\u00e9ricaine sur l&rsquo;arbitrage de GAF et d&rsquo;Interhandel<a href=\"#_ftn158\" name=\"_ftnref158\">[158]<\/a><\/strong><\/p>\n<p>Au cours des mois pr\u00e9c\u00e9dents, le sp\u00e9culateur Bruno M. Saager a achet\u00e9 la majorit\u00e9 des actions de l&rsquo;entreprise \u00e0 un prix avantageux pour l&rsquo;UBS, avant de rejoindre le conseil d&rsquo;administration<a href=\"#_ftn159\" name=\"_ftnref159\">[159]<\/a>. Les deux banquiers n&rsquo;en \u00e9taient pas \u00e0 leur coup d&rsquo;essai : d\u00e8s 1932, l&rsquo;UBS soutenait financi\u00e8rement le Mouvement paneurop\u00e9en, cr\u00e9\u00e9 par Iselin-Merian et d&rsquo;autres pro-nazis suisses, et qui proposait une zone douani\u00e8re europ\u00e9enne unique une fois Hitler vainqueur de la guerre<a href=\"#_ftn160\" name=\"_ftnref160\">[160]<\/a>. Parmi les Am\u00e9ricains qui, apr\u00e8s 1950, ont assur\u00e9 la survie du Mouvement paneurop\u00e9en, son fondateur, Richard Nikolaus Coudenhove-Kalergi, ne compte qu&rsquo;un seul nom : celui d&rsquo;Henry Kissinger<a href=\"#_ftn161\" name=\"_ftnref161\">[161]<\/a>.<\/p>\n<p>Saager et Schaefer ont eu l&rsquo;id\u00e9e gagnante de modifier leur strat\u00e9gie \u00e0 l&rsquo;\u00e9gard des \u00c9tats-Unis, profitant \u00e9galement du changement du climat politique international : quinze ans apr\u00e8s la fin de la guerre, l&rsquo;ennemi de Washington est l&rsquo;Union sovi\u00e9tique, et non plus l&rsquo;Allemagne nazie ; le pass\u00e9 de General Aniline &amp; film devient donc moins important. Au d\u00e9but des ann\u00e9es 1960, Schaefer a men\u00e9 une op\u00e9ration de lobbying efficace pour tenter de convaincre l&rsquo;administration Kennedy de poursuivre un r\u00e8glement \u00e0 l&rsquo;amiable<a href=\"#_ftn162\" name=\"_ftnref162\">[162]<\/a>, qui a \u00e9t\u00e9 conclu apr\u00e8s de longues n\u00e9gociations avec le minist\u00e8re de la justice, dirig\u00e9 par Robert Kennedy : Malgr\u00e9 l&rsquo;opposition d&rsquo;une grande partie du Congr\u00e8s et de la direction de GAF, GAF a \u00e9t\u00e9 divis\u00e9 entre les \u00c9tats-Unis et Interhandel et ses actions ont \u00e9t\u00e9 vendues aux ench\u00e8res avec un b\u00e9n\u00e9fice de 320 millions de dollars, dont 200 millions de dollars pour les \u00c9tats-Unis et 120 millions de dollars pour Interhandel (environ 500 millions de francs suisses \u00e0 l&rsquo;\u00e9poque<a href=\"#_ftn163\" name=\"_ftnref163\">[163]<\/a>)<a href=\"#_ftn164\" name=\"_ftnref164\">[164]<\/a>.<\/p>\n<p>L&rsquo;une des raisons du succ\u00e8s de l&rsquo;op\u00e9ration est la grande amiti\u00e9 entre Henry Kissinger, qui continue \u00e0 r\u00e9gler les questions relatives aux biens nazis confisqu\u00e9s, et l&rsquo;ambassadeur suisse Edouard Brunner &#8211; une amiti\u00e9 qui, bien des ann\u00e9es plus tard, en 1979, convaincra la Suisse de payer la ran\u00e7on de 52 diplomates citoyens am\u00e9ricains saisis par l&rsquo;Iran<a href=\"#_ftn165\" name=\"_ftnref165\">[165]<\/a>. M. Brunner \u00e9tait, \u00e0 l&rsquo;\u00e9poque du litige Interhandel, secr\u00e9taire d&rsquo;\u00c9tat de la Suisse et chef du personnel charg\u00e9 des n\u00e9gociations avec le gouvernement am\u00e9ricain et la Cour internationale de justice.<\/p>\n<p>Patrick Martin, ancien chef de la CIA en Suisse, d\u00e9clare \u00e0 cet \u00e9gard : \u00ab\u00a0Interhandel est devenu un probl\u00e8me en 1957, lorsque la Conf\u00e9d\u00e9ration helv\u00e9tique a d\u00e9pos\u00e9 une plainte aupr\u00e8s de la Cour internationale de justice, arguant qu&rsquo;il s&rsquo;agissait d&rsquo;une soci\u00e9t\u00e9 suisse et qu&rsquo;elle n&rsquo;\u00e9tait donc pas soumise aux restrictions sur les avoirs des nations ennemies, et a entam\u00e9 une proc\u00e9dure de saisie. L&rsquo;affaire est trait\u00e9e par le rus\u00e9 et patient secr\u00e9taire d&rsquo;\u00c9tat Edouard Brunner, un ami proche de Henry Kissinger, qui, avec Brunner et Brezinski, avait d\u00e9velopp\u00e9 la th\u00e9orie de la \u00ab\u00a0solution des petits pas\u00a0\u00bb en termes antisovi\u00e9tiques. La Suisse a tir\u00e9 des avantages de cette strat\u00e9gie, \u00e0 condition de pr\u00e9senter un front uni contre Moscou, de fermer ses portes \u00e0 toutes les ressources en provenance d&rsquo;Europe de l&rsquo;Est et de signaler \u00e0 Washington les mouvements des agents sovi\u00e9tiques sur le territoire suisse. Ainsi, en 1961, Brunner et Kissinger ont conclu un accord sur Interhandel, apr\u00e8s quoi Kissinger et Brezinski ont persuad\u00e9 Robert Kennedy de signer l&rsquo;accord de fusion d&rsquo;Interhandel avec UBS\u00a0\u00bb<a href=\"#_ftn166\" name=\"_ftnref166\">[166]<\/a>.<\/p>\n<p>Ayant re\u00e7u l&rsquo;argent des Am\u00e9ricains, Schaefer et Saager proposent alors la fusion d&rsquo;Interhandel avec UBS en 1966, en offrant deux actions UBS contre une action Interhandel ; le r\u00e9sultat est une augmentation du capital social d&rsquo;UBS de 60 millions de francs suisses, en plus du gain d&rsquo;Interhandel, qui s&rsquo;\u00e9l\u00e8ve officiellement \u00e0 600 millions de francs suisses (avec certaines participations importantes, comme celle dans la Deutsche L\u00e4nderbank &#8211; qui devient la filiale allemande d&rsquo;UBS &#8211; largement sous-estim\u00e9e). La fusion a compl\u00e8tement chang\u00e9 le destin de la petite banque zurichoise, faisant d&rsquo;un seul coup de la plus grande institution bancaire d&rsquo;Europe<a href=\"#_ftn167\" name=\"_ftnref167\">[167]<\/a>.<\/p>\n<p>Cela peut sembler \u00eatre un \u00e9v\u00e9nement secondaire de la grande histoire humaine, mais ce n&rsquo;est pas le cas : avec la transformation de l&rsquo;UBS en un colosse multinational, Washington et Berne obtiennent, pendant pr\u00e8s d&rsquo;un demi-si\u00e8cle, le contr\u00f4le du d\u00e9veloppement du capitalisme et de la politique en Europe occidentale, donnant m\u00eame aux fraudeurs fiscaux et aux blanchisseurs d&rsquo;argent la dignit\u00e9 de partenaires id\u00e9ologiques du grand r\u00eave am\u00e9ricain et de copains \u00e9conomiques d&rsquo;un tr\u00e8s petit nombre de multimilliardaires qui, aujourd&rsquo;hui encore, font et d\u00e9font la fortune des hommes politiques et des nations &#8211; une expression grandiloquente qui deviendra plus claire lorsque nous parlerons de Gladio et des ann\u00e9es de plomb en Italie.<\/p>\n<p><strong>Les seigneurs de la guerre: Kissinger et Richard Nixon<\/strong><\/p>\n<p><img loading=\"lazy\" class=\"aligncenter size-full wp-image-3775\" src=\"https:\/\/ibiworld.eu\/fr\/wp-content\/uploads\/2022\/11\/USA006-14.jpg\" alt=\"\" width=\"704\" height=\"396\" srcset=\"https:\/\/ibiworld.eu\/fr\/wp-content\/uploads\/2022\/11\/USA006-14.jpg 704w, https:\/\/ibiworld.eu\/fr\/wp-content\/uploads\/2022\/11\/USA006-14-300x169.jpg 300w, https:\/\/ibiworld.eu\/fr\/wp-content\/uploads\/2022\/11\/USA006-14-600x338.jpg 600w\" sizes=\"(max-width: 704px) 100vw, 704px\" \/><\/p>\n<p><strong>Richard Nixon et Henry Kissinger: le pr\u00e9sident et son secr\u00e9taire d&rsquo;\u00c9tat<a href=\"#_ftn168\" name=\"_ftnref168\">[168]<\/a><\/strong><\/p>\n<p>En 1955, avec son entr\u00e9e au Council of Foreign Relations, Kissinger entame une relation \u00e9troite et fructueuse avec Nelson A. Rockefeller, alors assistant sp\u00e9cial pour les affaires \u00e9trang\u00e8res du pr\u00e9sident Eisenhower ; pour son entr\u00e9e au Council, il est recommand\u00e9 par son doyen \u00e0 Harvard, McGeorge Bundy (il dirige la facult\u00e9 des arts et des sciences de 1953 \u00e0 1960<a href=\"#_ftn169\" name=\"_ftnref169\">[169]<\/a>), qui lui propose en 1958 le poste de directeur associ\u00e9 au tout nouveau Center for the Study of International Affairs de Harvard, fond\u00e9 par Bundy lui-m\u00eame gr\u00e2ce aux dons de la Ford Foundation. Bowie, professeur \u00e0 la facult\u00e9 de droit de Harvard et chef du personnel charg\u00e9 de la planification de la politique de John Foster Dulles, secr\u00e9taire d&rsquo;\u00c9tat du pr\u00e9sident Eisenhower<a href=\"#_ftn170\" name=\"_ftnref170\">[170]<\/a>. Bowie partage \u00e9galement avec Kissinger une exp\u00e9rience au Conseil des relations \u00e9trang\u00e8res et \u00e0 la Commission trilat\u00e9rale<a href=\"#_ftn171\" name=\"_ftnref171\">[171]<\/a>.<\/p>\n<p>Kissinger est un ami de longue date d&rsquo;Arthur Schlesinger Jr, un historien et professeur \u00e0 Harvard qui a remport\u00e9 le prix Pulitzer en 1946 et 1966. Lorsque John F. Kennedy entame son mandat pr\u00e9sidentiel en janvier 1961, Schlesinger devient l&rsquo;un de ses assistants sp\u00e9ciaux<a href=\"#_ftn172\" name=\"_ftnref172\">[172]<\/a> ; McGeorge Bundy prend le relais en tant que conseiller \u00e0 la s\u00e9curit\u00e9 nationale de Kennedy<a href=\"#_ftn173\" name=\"_ftnref173\">[173]<\/a> et propose \u00e0 Kissinger un poste de conseiller \u00e0 temps partiel au Conseil national de s\u00e9curit\u00e9, avec pour mission de se concentrer sur la question allemande : Kissinger occupe ce poste jusqu&rsquo;en octobre 1961, tout en restant en contact avec Schlesinger par la suite<a href=\"#_ftn174\" name=\"_ftnref174\">[174]<\/a>.<\/p>\n<p>Sous la direction de Bundy, le Conseil national de s\u00e9curit\u00e9 a \u00e9t\u00e9 remani\u00e9, limitant le pouvoir du Conseil au profit de celui du personnel du pr\u00e9sident, dirig\u00e9 par Bundy lui-m\u00eame<a href=\"#_ftn175\" name=\"_ftnref175\">[175]<\/a>. En 1962, Kissinger retourne \u00e0 Harvard en tant que professeur et r\u00e9dige des discours de politique \u00e9trang\u00e8re pour Rockefeller, en vue de sa future campagne pr\u00e9sidentielle<a href=\"#_ftn176\" name=\"_ftnref176\">[176]<\/a> ; en 1964, Rockefeller (gouverneur de l&rsquo;\u00c9tat de New York de 1958 \u00e0 1973<a href=\"#_ftn177\" name=\"_ftnref177\">[177]<\/a>) perd la primaire r\u00e9publicaine face au s\u00e9nateur de l&rsquo;Arizona Barry Goldwater<a href=\"#_ftn178\" name=\"_ftnref178\">[178]<\/a>.<\/p>\n<p>En octobre 1965, Kissinger devient conseiller de l&rsquo;ambassadeur des \u00c9tats-Unis au Sud-Vietnam, Henry Cabot Lodge<a href=\"#_ftn179\" name=\"_ftnref179\">[179]<\/a>, poste dans lequel il se taille rapidement un r\u00f4le important dans les n\u00e9gociations avec le Nord-Vietnam, arrivant en 1967 \u00e0 obtenir une premi\u00e8re rencontre \u00e0 Paris avec Mai Van Bo, repr\u00e9sentant du Nord-Vietnam en France<a href=\"#_ftn180\" name=\"_ftnref180\">[180]<\/a>. De conseiller \u00e0 la s\u00e9curit\u00e9 nationale dans la premi\u00e8re administration Nixon \u00e0 secr\u00e9taire d&rsquo;\u00c9tat dans la seconde, Kissinger est rest\u00e9 personnellement impliqu\u00e9 dans les affaires de la guerre du Vietnam jusqu&rsquo;\u00e0 sa conclusion<a href=\"#_ftn181\" name=\"_ftnref181\">[181]<\/a>.<\/p>\n<p>Le 20 janvier 1969, Kissinger prend ses fonctions de conseiller \u00e0 la s\u00e9curit\u00e9 nationale aupr\u00e8s du nouveau pr\u00e9sident Richard M. Nixon : dans la lign\u00e9e de la r\u00e9forme entam\u00e9e avec John Fitzgerald Kennedy et poursuivie avec Johnson, Nixon confie \u00e0 Kissinger une nouvelle r\u00e9orientation de la politique \u00e9trang\u00e8re au sein de la Maison Blanche, \u00e0 travers une nouvelle restructuration du Conseil national de s\u00e9curit\u00e9, qui voit son effectif tripler et devient le principal forum de discussion des crises en cours, des probl\u00e8mes op\u00e9rationnels et de la planification strat\u00e9gique \u00e0 moyen et long terme<a href=\"#_ftn182\" name=\"_ftnref182\">[182]<\/a>.<\/p>\n<p><img loading=\"lazy\" class=\"aligncenter size-full wp-image-3776\" src=\"https:\/\/ibiworld.eu\/fr\/wp-content\/uploads\/2022\/11\/USA006-15.jpg\" alt=\"\" width=\"720\" height=\"461\" srcset=\"https:\/\/ibiworld.eu\/fr\/wp-content\/uploads\/2022\/11\/USA006-15.jpg 720w, https:\/\/ibiworld.eu\/fr\/wp-content\/uploads\/2022\/11\/USA006-15-300x192.jpg 300w, https:\/\/ibiworld.eu\/fr\/wp-content\/uploads\/2022\/11\/USA006-15-600x384.jpg 600w\" sizes=\"(max-width: 720px) 100vw, 720px\" \/><\/p>\n<p><strong>Avril 1975 : Henry Kissinger et le pr\u00e9sident Gerald Ford lors d&rsquo;une session du Conseil national de s\u00e9curit\u00e9<a href=\"#_ftn183\" name=\"_ftnref183\">[183]<\/a><\/strong><\/p>\n<p>L&rsquo;int\u00e9r\u00eat premier de Nixon pour la politique \u00e9trang\u00e8re est compr\u00e9hensible dans le contexte international de l&rsquo;\u00e9poque : la situation difficile du conflit vietnamien mena\u00e7ait s\u00e9rieusement de saper la position des \u00c9tats-Unis non seulement vis-\u00e0-vis de l&rsquo;Union sovi\u00e9tique, mais aussi de la Chine, de l&rsquo;Europe et de l&rsquo;Am\u00e9rique du Sud. Kissinger et Nixon ont ainsi transform\u00e9 leurs pr\u00e9occupations concernant la propagation potentielle de gouvernements communistes dans le monde en une cl\u00e9 interventionniste : la \u00ab\u00a0doctrine Kissinger\u00a0\u00bb<a href=\"#_ftn184\" name=\"_ftnref184\">[184]<\/a> a pris forme. qui a non seulement poursuivi la guerre au Vietnam, mais a \u00e9galement \u00e9t\u00e9 test\u00e9 avec une campagne militaire au Cambodge.<\/p>\n<p>En avril 1970, les \u00c9tats-Unis d\u00e9barquent dans le pays, officiellement pour chasser les communistes vietnamiens, et en fait pour assurer la stabilit\u00e9 du nouveau gouvernement de Phnom Penh, issu le mois pr\u00e9c\u00e9dent d&rsquo;un coup d&rsquo;\u00c9tat organis\u00e9 par Lon Nol et Sirik Matak, le premier ministre et son adjoint<a href=\"#_ftn185\" name=\"_ftnref185\">[185]<\/a>. Les \u00c9tats-Unis tentent par tous les moyens de maintenir en place un gouvernement loyal, mais totalement inad\u00e9quat ; la R\u00e9publique khm\u00e8re, proclam\u00e9e par Nol en 1970, tombe cinq ans plus tard, livrant un pays d\u00e9vast\u00e9 par la guerre civile aux mains sanglantes de Pol Pot et des Khmers rouges<a href=\"#_ftn186\" name=\"_ftnref186\">[186]<\/a>. Lon Nol est mort dans son exil californien en 1985, apr\u00e8s avoir d\u00e9pens\u00e9 le million de dollars qu&rsquo;il avait pris \u00e0 la Banque nationale du Cambodge lors de sa fuite<a href=\"#_ftn187\" name=\"_ftnref187\">[187]<\/a>.<\/p>\n<p><strong>La tentative de restauration du fascisme en Italie : Kissinger et les ann\u00e9es de plomb<\/strong><\/p>\n<p><img loading=\"lazy\" class=\"aligncenter size-full wp-image-3777\" src=\"https:\/\/ibiworld.eu\/fr\/wp-content\/uploads\/2022\/11\/USA006-16.jpg\" alt=\"\" width=\"1824\" height=\"1196\" srcset=\"https:\/\/ibiworld.eu\/fr\/wp-content\/uploads\/2022\/11\/USA006-16.jpg 1824w, https:\/\/ibiworld.eu\/fr\/wp-content\/uploads\/2022\/11\/USA006-16-300x197.jpg 300w, https:\/\/ibiworld.eu\/fr\/wp-content\/uploads\/2022\/11\/USA006-16-1024x671.jpg 1024w, https:\/\/ibiworld.eu\/fr\/wp-content\/uploads\/2022\/11\/USA006-16-768x504.jpg 768w, https:\/\/ibiworld.eu\/fr\/wp-content\/uploads\/2022\/11\/USA006-16-1536x1007.jpg 1536w, https:\/\/ibiworld.eu\/fr\/wp-content\/uploads\/2022\/11\/USA006-16-600x393.jpg 600w\" sizes=\"(max-width: 1824px) 100vw, 1824px\" \/><\/p>\n<p><strong>2 ao\u00fbt 1980 : un attentat \u00e0 la bombe, commandit\u00e9 par les services secrets am\u00e9ricains et la franc-ma\u00e7onnerie italienne, d\u00e9truit une aile de la gare de Bologne, faisant 85 morts et plus de 200 bless\u00e9s<a href=\"#_ftn188\" name=\"_ftnref188\">[188]<\/a><\/strong><\/p>\n<p>Le g\u00e9n\u00e9ral Vito Miceli a dirig\u00e9, d&rsquo;octobre 1970 \u00e0 1974, le Service d&rsquo;information de la d\u00e9fense (SID)<a href=\"#_ftn189\" name=\"_ftnref189\">[189]<\/a>, l&rsquo;appareil de renseignement italien cr\u00e9\u00e9 en 1966 sur les cendres du SIFAR<a href=\"#_ftn190\" name=\"_ftnref190\">[190]<\/a>. Il a rejoint la loge ma\u00e7onnique P2 en 1969 (carte de membre 491<a href=\"#_ftn191\" name=\"_ftnref191\">[191]<\/a>), apr\u00e8s avoir rencontr\u00e9 Licio Gelli, qui a recommand\u00e9 Miceli au minist\u00e8re de la d\u00e9fense, alors dirig\u00e9 par Mario Tanassi<a href=\"#_ftn192\" name=\"_ftnref192\">[192]<\/a>, pour remplacer Eugenio Henke \u00e0 la t\u00eate de la SID<a href=\"#_ftn193\" name=\"_ftnref193\">[193]<\/a>. Il est membre du Parlement, \u00e9lu dans les rangs du MSI, du 5 juillet 1976 au 19 juin 1979<a href=\"#_ftn194\" name=\"_ftnref194\">[194]<\/a>. Graham Anderson Martin est ambassadeur am\u00e9ricain en Italie du 26 septembre 1969 au 10 f\u00e9vrier 1973, date \u00e0 laquelle il est envoy\u00e9 pour occuper le m\u00eame poste au Vietnam<a href=\"#_ftn195\" name=\"_ftnref195\">[195]<\/a>.<\/p>\n<p>En 1972, Martin verse au g\u00e9n\u00e9ral Miceli 800 000 dollars comme premi\u00e8re tranche d&rsquo;un financement inconditionnel pour le lancement d&rsquo;une \u00ab\u00a0op\u00e9ration de propagande\u00a0\u00bb qui aurait pu mettre, si elle n&rsquo;avait pas \u00e9t\u00e9 rendue publique et donc interrompue, 6 millions de dollars \u00e0 la disposition de Miceli ; cette tranche est vers\u00e9e par Martin au terme d&rsquo;un long conflit avec le d\u00e9tachement romain de la CIA, qui s&rsquo;opposait \u00e0 ce qu&rsquo;on inonde d&rsquo;argent une personne ayant des liens avec l&rsquo;extr\u00eame droite antid\u00e9mocratique. La commission d&rsquo;enqu\u00eate du Congr\u00e8s am\u00e9ricain sur les activit\u00e9s secr\u00e8tes de la CIA a \u00e9galement \u00e9tabli que Miceli a re\u00e7u 11 millions de dollars pour apporter un soutien \u00e9lectoral \u00e0 21 personnalit\u00e9s politiques ayant des affiliations anticommunistes \u00e9videntes<a href=\"#_ftn196\" name=\"_ftnref196\">[196]<\/a>.<\/p>\n<p>L&rsquo;approbation du plan de Martin est venue directement de Kissinger, alors directeur du NSC et chef du \u00ab\u00a0Comit\u00e9 40\u00a0\u00bb<a href=\"#_ftn197\" name=\"_ftnref197\">[197]<\/a>, organe secret du Conseil, charg\u00e9 d&rsquo;approuver les op\u00e9rations d&rsquo;infiltration les plus importantes<a href=\"#_ftn198\" name=\"_ftnref198\">[198]<\/a>. Avec cet argent, et avec l&rsquo;approbation de la Loge P2, Miceli a entrepris de cr\u00e9er un SuperSID. Cette agence secr\u00e8te, parall\u00e8le \u00e0 Stay Behind, a pour moteur l&rsquo;anticommunisme f\u00e9roce de ses membres et pour objectif la destruction de tout terrain fertile pour la mont\u00e9e au pouvoir du parti communiste ou des forces de gauche ou de centre-gauche ; les objectifs de la SID parall\u00e8le sont poursuivis par la coordination de l&rsquo;activit\u00e9 de l&rsquo;organisation terroriste n\u00e9o-fasciste appel\u00e9e la \u00ab\u00a0Rose des vents\u00a0\u00bb<a href=\"#_ftn199\" name=\"_ftnref199\">[199]<\/a>.<\/p>\n<p>R\u00e9seau de coordination de diff\u00e9rentes organisations subversives, il s&rsquo;agit d&rsquo;une \u00e9volution d&rsquo;exp\u00e9riences ant\u00e9rieures visant \u00e0 favoriser l&rsquo;activit\u00e9 de groupes terroristes de matrice antid\u00e9mocratique ou s\u00e9cessionniste<a href=\"#_ftn200\" name=\"_ftnref200\">[200]<\/a>, comme le Befreiungsausschuss S\u00fcdtirol, mouvement symbolique de l&rsquo;irr\u00e9dentisme sud-tyrolien qui, de 1956 \u00e0 1969, a men\u00e9 une s\u00e9rie d&rsquo;attentats graves dans les territoires de Trente et de Bolzano<a href=\"#_ftn201\" name=\"_ftnref201\">[201]<\/a>. Le colonel Amos Spiazzi, impliqu\u00e9 dans l&rsquo;enqu\u00eate sur la Rose, est un personnage cl\u00e9 dans l&rsquo;identification de la \u00ab\u00a0Rose des vents\u00a0\u00bb par les tribunaux. Il affirme qu&rsquo;elle \u00e9tait compos\u00e9e de militaires ou d&rsquo;anciens militaires de toutes les branches des forces arm\u00e9es, d&rsquo;hommes de confiance appartenant \u00e0 la droite extraparlementaire, sur lesquels on pouvait compter en cas de troubles ou d&rsquo;attentats<a href=\"#_ftn202\" name=\"_ftnref202\">[202]<\/a>.<\/p>\n<p><img loading=\"lazy\" class=\"aligncenter size-full wp-image-3778\" src=\"https:\/\/ibiworld.eu\/fr\/wp-content\/uploads\/2022\/11\/USA006-17.jpg\" alt=\"\" width=\"700\" height=\"512\" srcset=\"https:\/\/ibiworld.eu\/fr\/wp-content\/uploads\/2022\/11\/USA006-17.jpg 700w, https:\/\/ibiworld.eu\/fr\/wp-content\/uploads\/2022\/11\/USA006-17-300x219.jpg 300w, https:\/\/ibiworld.eu\/fr\/wp-content\/uploads\/2022\/11\/USA006-17-600x439.jpg 600w\" sizes=\"(max-width: 700px) 100vw, 700px\" \/><\/p>\n<p><strong>4 ao\u00fbt 1974 : la police recueille les restes des 12 victimes d&rsquo;un attentat \u00e0 la bombe, commandit\u00e9 par les services secrets am\u00e9ricains et ex\u00e9cut\u00e9 par des n\u00e9ofascistes italiens (Ordine Nuovo), qui frappe le train Italicus (transportant des migrants du Sud vers Munich) \u00e0 l&rsquo;int\u00e9rieur d&rsquo;un tunnel<a href=\"#_ftn203\" name=\"_ftnref203\">[203]<\/a> <\/strong><\/p>\n<p>Dario Zagolin est l&rsquo;une des principales figures de la droite en V\u00e9n\u00e9tie (et c&rsquo;est du parquet de Padoue que partent les enqu\u00eates sur la \u00ab\u00a0Rose\u00a0\u00bb<a href=\"#_ftn204\" name=\"_ftnref204\">[204]<\/a>) : en contact avec Gelli, il rapproche les groupes n\u00e9ofascistes r\u00e9gionaux du Front national dirig\u00e9 par Giancarlo De Marchi : La Fenice, l&rsquo;Ordine Nuovo, l&rsquo;Avanguardia Nazionale (l&rsquo;organisation fond\u00e9e par un autre compagnon d&rsquo;armes de Henry Kissinger, Otto Skorzeny et Licio Gelli : Stefano Delle Chiaie), les Giustizieri d&rsquo;Italia et le MAR de Carlo Fumagalli<a href=\"#_ftn205\" name=\"_ftnref205\">[205]<\/a> constituent l&rsquo;\u00e9pine dorsale de la \u00ab\u00a0Rose des vents\u00a0\u00bb<a href=\"#_ftn206\" name=\"_ftnref206\">[206]<\/a>.<\/p>\n<p>Gladio est le nom que prend Stay Behind en Italie. Actif depuis les ann\u00e9es 1950, Stay Behind Net a \u00e9t\u00e9 cr\u00e9\u00e9 dans le but de fournir aux pays de l&rsquo;Alliance atlantique un organe capable de r\u00e9agir rapidement en cas d&rsquo;attaque de l&rsquo;Union sovi\u00e9tique et des pays appartenant au Pacte de Varsovie, agissant derri\u00e8re les lignes ennemies par des actions de sabotage et de gu\u00e9rilla<a href=\"#_ftn207\" name=\"_ftnref207\">[207]<\/a>. Gladio, comme les organisations des Pays-Bas, de la Belgique, du Luxembourg, de la France, de la Suisse, de la Norv\u00e8ge et de l&rsquo;Autriche, a \u00e9t\u00e9 cr\u00e9\u00e9 et g\u00e9r\u00e9 sous le contr\u00f4le des services secrets nationaux, en collaboration avec les \u00c9tats-Unis, et a recrut\u00e9 ses agents \u00e9galement dans la population civile<a href=\"#_ftn208\" name=\"_ftnref208\">[208]<\/a>.<\/p>\n<p>Le magistrat italien charg\u00e9 de l&rsquo;enqu\u00eate sur Gladio, Gianfranco Donadio, a d\u00e9couvert que le financement de cette structure n&rsquo;\u00e9tait pas seulement garanti par les services secrets am\u00e9ricains, mais aussi par un r\u00e9seau de soci\u00e9t\u00e9s italiennes et suisses, dont l&rsquo;une, FIMO SA de Chiasso, \u00e9tait en m\u00eame temps le terminal de blanchiment de l&rsquo;argent du trafic de drogue entre l&rsquo;Am\u00e9rique du Sud et la Sicile, qui faisait l&rsquo;objet des enqu\u00eates de Giovanni Falcone et Paolo Borsellino<a href=\"#_ftn209\" name=\"_ftnref209\">[209]<\/a>. Cette soci\u00e9t\u00e9, fond\u00e9e dans les ann\u00e9es 1950 par d&rsquo;obscurs hommes d&rsquo;affaires g\u00e9nois, a \u00e9t\u00e9 recapitalis\u00e9e \u00e0 plusieurs reprises au fil des ans par l&rsquo;UBS, par l&rsquo;interm\u00e9diaire de son directeur Reto Kessler, un associ\u00e9 de Bruno Saager<a href=\"#_ftn210\" name=\"_ftnref210\">[210]<\/a>.<\/p>\n<p>Outre les attaques ext\u00e9rieures, Gladio avait pour mission de contrecarrer les menaces int\u00e9rieures visant \u00e0 d\u00e9stabiliser l&rsquo;\u00e9quilibre politique existant, en particulier le danger communiste ; Vittorio Andreuzzi, un sympathisant du MSI enr\u00f4l\u00e9 dans Gladio en 1959, d\u00e9clare : \u00ab\u00a0Les instructeurs nous ont expliqu\u00e9 que notre organisation, qui devait rester secr\u00e8te, devait entrer en action pour contrer les r\u00e9voltes communistes de rue. Il n&rsquo;a pas \u00e9t\u00e9 dit, sauf par de br\u00e8ves allusions, que la structure devait \u00e9galement servir \u00e0 contrer une invasion \u00e9trang\u00e8re. Je me souviens avec certitude que les formateurs parlaient avant tout de la n\u00e9cessit\u00e9 de nous pr\u00e9parer \u00e0 affronter les communistes italiens et leurs initiatives subversives\u00a0\u00bb<a href=\"#_ftn211\" name=\"_ftnref211\">[211]<\/a>.<\/p>\n<p>\u00c0 partir des actes de la Commission parlementaire d&rsquo;enqu\u00eate sur le terrorisme, des soup\u00e7ons ont \u00e9merg\u00e9 sur le r\u00f4le de Gladio dans la mise en \u0153uvre du plan D\u00e9magn\u00e9tise<a href=\"#_ftn212\" name=\"_ftnref212\">[212]<\/a>, planifi\u00e9 par le PSB en 1951 (Kissinger a commenc\u00e9 \u00e0 collaborer avec le PSB en 1952) pour affaiblir le Parti communiste et le syndicat conf\u00e9d\u00e9ral CGIL, en les \u00e9vin\u00e7ant des milieux de l&rsquo;administration publique et en poussant \u00e0 l&rsquo;approbation de lois liberticides sur la s\u00e9curit\u00e9 publique<a href=\"#_ftn213\" name=\"_ftnref213\">[213]<\/a>. Le 26 f\u00e9vrier 1991, le Premier ministre de l&rsquo;\u00e9poque, Giulio Andreotti, remet au Parlement une liste de 622 citoyens italiens appartenant \u00e0 Gladio<a href=\"#_ftn214\" name=\"_ftnref214\">[214]<\/a> : parmi eux, Francesco Cossiga<a href=\"#_ftn215\" name=\"_ftnref215\">[215]<\/a> (sous-secr\u00e9taire d&rsquo;\u00c9tat \u00e0 la d\u00e9fense en 1966, 1968, 1969, ministre de l&rsquo;int\u00e9rieur en 1976, 1978, Premier ministre en 1979, 1980, pr\u00e9sident du S\u00e9nat en 1983, pr\u00e9sident de la R\u00e9publique en 1985-1992<a href=\"#_ftn216\" name=\"_ftnref216\">[216]<\/a>), Paolo Emilio Taviani<a href=\"#_ftn217\" name=\"_ftnref217\">[217]<\/a> (ministre de l&rsquo;int\u00e9rieur en 1962, 1963, 1973<a href=\"#_ftn218\" name=\"_ftnref218\">[218]<\/a>), Giovanni de Lorenzo (g\u00e9n\u00e9ral, chef des SIFAR de 1955 \u00e0 1962)<a href=\"#_ftn219\" name=\"_ftnref219\">[219]<\/a>.<\/p>\n<p><img loading=\"lazy\" class=\"aligncenter size-full wp-image-3779\" src=\"https:\/\/ibiworld.eu\/fr\/wp-content\/uploads\/2022\/11\/USA006-18.jpg\" alt=\"\" width=\"1017\" height=\"533\" srcset=\"https:\/\/ibiworld.eu\/fr\/wp-content\/uploads\/2022\/11\/USA006-18.jpg 1017w, https:\/\/ibiworld.eu\/fr\/wp-content\/uploads\/2022\/11\/USA006-18-300x157.jpg 300w, https:\/\/ibiworld.eu\/fr\/wp-content\/uploads\/2022\/11\/USA006-18-768x403.jpg 768w, https:\/\/ibiworld.eu\/fr\/wp-content\/uploads\/2022\/11\/USA006-18-600x314.jpg 600w\" sizes=\"(max-width: 1017px) 100vw, 1017px\" \/><\/p>\n<p><strong>12 d\u00e9cembre 1969 : une bombe plac\u00e9e dans le si\u00e8ge milanais de la Banca Nazionale dell&rsquo;Agricoltura tue 17 personnes et en blesse 88 : il s&rsquo;agit d&rsquo;un attentat commis par les n\u00e9o-fascistes de l&rsquo;Ordine Nuovo, recherch\u00e9s par la CIA et la franc-ma\u00e7onnerie<a href=\"#_ftn220\" name=\"_ftnref220\">[220]<\/a><\/strong><\/p>\n<p>\u00c0 partir de 1969, Gladio fait partie int\u00e9grante de la doctrine Kissinger : gr\u00e2ce au soutien de la CIA, l&rsquo;organisation joue un r\u00f4le strat\u00e9gique dans la d\u00e9stabilisation du pays : en 1984, Vincenzo Vinciguerra, ancien terroriste de l&rsquo;Ordine Nuovo et de l&rsquo;Avanguardia Nazionale, responsable du massacre de Peteano (31 mai 1972), entendu par les juges du proc\u00e8s du massacre de la gare de Bologne, d\u00e9crit l&rsquo;existence d&rsquo;une structure secr\u00e8te dirig\u00e9e par l&rsquo;OTAN et soutenue par les services secrets ainsi que par les forces politiques et militaires italiennes<a href=\"#_ftn221\" name=\"_ftnref221\">[221]<\/a>.<\/p>\n<p>Gianadelio Maletti, g\u00e9n\u00e9ral depuis 1971 en charge du d\u00e9partement \u00ab\u00a0D\u00a0\u00bb (contre-espionnage) de la SID, parle de l&rsquo;implication de la CIA dans des massacres imputables \u00e0 des groupes d&rsquo;extr\u00eame droite, par la fourniture du mat\u00e9riel n\u00e9cessaire, comme les explosifs utilis\u00e9s dans le massacre de Piazza Fontana<a href=\"#_ftn222\" name=\"_ftnref222\">[222]<\/a>. Maletti, qui a \u00e9t\u00e9 d\u00e9finitivement condamn\u00e9 avec le capitaine Antonio Labruna pour tromperie dans le proc\u00e8s de Piazza Fontana<a href=\"#_ftn223\" name=\"_ftnref223\">[223]<\/a>, est membre de la P2 (Rome, 499)<a href=\"#_ftn224\" name=\"_ftnref224\">[224]<\/a>. Il a \u00e9galement \u00e9t\u00e9 condamn\u00e9 \u00e0 six ans de prison pour n&rsquo;avoir pas su pr\u00e9server les documents secrets relatifs au M.Fo. Biali dans le proc\u00e8s du meurtre de Pecorelli<a href=\"#_ftn225\" name=\"_ftnref225\">[225]<\/a>. Licio Gelli et la loge ma\u00e7onnique Propaganda 2 (P2) sont sans doute des interlocuteurs privil\u00e9gi\u00e9s des \u00c9tats-Unis dans le plan de mise en \u0153uvre de la doctrine Kissinger \u00e0 travers la strat\u00e9gie de la tension, comme en t\u00e9moignent les liens que Gelli entretient depuis 1969 avec le g\u00e9n\u00e9ral Alexander Haig, l&rsquo;assistant personnel de Kissinger au Conseil national de s\u00e9curit\u00e9<a href=\"#_ftn226\" name=\"_ftnref226\">[226]<\/a>.<\/p>\n<p>La P2 a re\u00e7u des fonds de la CIA pour organiser la lutte contre le communisme et la stabilisation du pays par sa d\u00e9stabilisation. L&rsquo;agent de la CIA Richard Brenneke pr\u00e9tend bien conna\u00eetre Gelli, d\u00e9crit comme un homme de longue date du renseignement am\u00e9ricain<a href=\"#_ftn227\" name=\"_ftnref227\">[227]<\/a>. Outre le r\u00f4le jou\u00e9 par les affili\u00e9s d\u00e9j\u00e0 mentionn\u00e9s, il est possible de d\u00e9duire la participation de la loge \u00e0 des activit\u00e9s de d\u00e9stabilisation de la participation pr\u00e9vue de ses membres \u00e0 la tentative de coup d&rsquo;\u00c9tat Borgh\u00e8se de 1970 : le g\u00e9n\u00e9ral de l&rsquo;arm\u00e9e de l&rsquo;air Giuseppe Casero (Rome, 488<a href=\"#_ftn228\" name=\"_ftnref228\">[228]<\/a>), le colonel Giuseppe Lo Vecchio (Rome, 514<a href=\"#_ftn229\" name=\"_ftnref229\">[229]<\/a>) et l&rsquo;avocat Filippo De Jorio (Rome, 511<a href=\"#_ftn230\" name=\"_ftnref230\">[230]<\/a>), qui ont tous \u00e9t\u00e9 inculp\u00e9s pour leur participation \u00e0 l&rsquo;\u00e9v\u00e9nement<a href=\"#_ftn231\" name=\"_ftnref231\">[231]<\/a>. Gelli lui-m\u00eame aurait eu, dans le projet subversif, le r\u00f4le de livrer le pr\u00e9sident de la R\u00e9publique, Giuseppe Saragat, aux mains du Front national (formation dirig\u00e9e par le prince Junio Valerio Borghese<a href=\"#_ftn232\" name=\"_ftnref232\">[232]<\/a>), car il \u00e9tait en possession d&rsquo;un document lui permettant d&rsquo;acc\u00e9der librement au Quirinal, obtenu par l&rsquo;intercession du g\u00e9n\u00e9ral Miceli<a href=\"#_ftn233\" name=\"_ftnref233\">[233]<\/a>.<\/p>\n<p>Les \u00c9tats-Unis \u00e9taient au courant de l&rsquo;implication de la mafia de Borghese dans l&rsquo;op\u00e9ration : Tommaso Buscetta d\u00e9clare que, de retour \u00e0 New York apr\u00e8s un s\u00e9jour en Sicile pour apprendre les d\u00e9tails du r\u00f4le de la mafia dans le coup d&rsquo;\u00c9tat, il a \u00e9t\u00e9 arr\u00eat\u00e9 par la police et interrog\u00e9 sur les d\u00e9veloppements de l&rsquo;affaire, qui \u00e9tait secr\u00e8te \u00e0 l&rsquo;\u00e9poque<a href=\"#_ftn234\" name=\"_ftnref234\">[234]<\/a>. La correspondance de l&rsquo;ambassadeur Martin avec le d\u00e9partement d&rsquo;\u00c9tat et avec Kissinger, le conseiller \u00e0 la s\u00e9curit\u00e9 nationale de Nixon \u00e0 l&rsquo;\u00e9poque, r\u00e9v\u00e8le la participation au coup d&rsquo;\u00c9tat des hauts grad\u00e9s de la marine et de l&rsquo;arm\u00e9e de l&rsquo;air italiennes, et confirme la connaissance directe du projet par le gouvernement am\u00e9ricain<a href=\"#_ftn235\" name=\"_ftnref235\">[235]<\/a>.<\/p>\n<p>Par l&rsquo;interm\u00e9diaire de l&rsquo;homme d&rsquo;affaires italo-am\u00e9ricain Pier Talenti, un ami personnel de Nixon, et de l&rsquo;ing\u00e9nieur Hugh H. Selenia. Fenwick, le Front national a \u00e9tabli une relation avec les dirigeants am\u00e9ricains ; en 1968, Talenti a cr\u00e9\u00e9 le comit\u00e9 italien pour l&rsquo;\u00e9lection de Nixon \u00e0 la Maison Blanche, dont Fenwick \u00e9tait \u00e9galement membre<a href=\"#_ftn236\" name=\"_ftnref236\">[236]<\/a> ; apr\u00e8s avoir collect\u00e9 des centaines de milliers de dollars \u00e0 Rome aupr\u00e8s de ses alli\u00e9s et amis, Talenti a gagn\u00e9 la confiance du pr\u00e9sident et la possibilit\u00e9 de parler au g\u00e9n\u00e9ral Haig pour l&rsquo;avertir du danger d&rsquo;une prise de pouvoir imminente par les socialistes en Italie. Il a sugg\u00e9r\u00e9 la nomination de Graham Martin comme nouvel ambassadeur \u00e0 Rome pour contrer la mont\u00e9e de la gauche ; la proposition a re\u00e7u la faveur de Nixon et de Kissinger, et Martin a commenc\u00e9 son mandat en 1969<a href=\"#_ftn237\" name=\"_ftnref237\">[237]<\/a>. En 1970, \u00e0 la suggestion du m\u00e9decin et militant du Front national Adriano Monti, Fenwick a demand\u00e9 \u00e0 l&rsquo;ambassadeur Martin d&rsquo;agir comme un lien direct entre l&rsquo;administration am\u00e9ricaine et les putschistes ; le r\u00e9sultat a \u00e9t\u00e9 la conversation qu&rsquo;il a eue avec l&rsquo;homme d&rsquo;affaires Remo Orlandini, un ami et un important soutien financier de Borghese<a href=\"#_ftn238\" name=\"_ftnref238\">[238]<\/a>.<\/p>\n<p><img loading=\"lazy\" class=\"aligncenter size-full wp-image-3780\" src=\"https:\/\/ibiworld.eu\/fr\/wp-content\/uploads\/2022\/11\/USA006-19.jpg\" alt=\"\" width=\"770\" height=\"462\" srcset=\"https:\/\/ibiworld.eu\/fr\/wp-content\/uploads\/2022\/11\/USA006-19.jpg 770w, https:\/\/ibiworld.eu\/fr\/wp-content\/uploads\/2022\/11\/USA006-19-300x180.jpg 300w, https:\/\/ibiworld.eu\/fr\/wp-content\/uploads\/2022\/11\/USA006-19-768x461.jpg 768w, https:\/\/ibiworld.eu\/fr\/wp-content\/uploads\/2022\/11\/USA006-19-600x360.jpg 600w\" sizes=\"(max-width: 770px) 100vw, 770px\" \/><\/p>\n<p><strong>Mai 1972 : le Premier ministre Giulio Andreotti parmi les agents des services secrets impliqu\u00e9s par la suite dans les enqu\u00eates sur Gladio et les attentats n\u00e9o-fascistes<a href=\"#_ftn239\" name=\"_ftnref239\">[239]<\/a><\/strong><\/p>\n<p>D&rsquo;origine lituanienne, celui de l&rsquo;archev\u00eaque d&rsquo;Orta et pr\u00e9sident de l&rsquo;IOR, Paul Casimir Marcinkus, est un autre nom qui lie l&rsquo;administration Nixon \u00e0 la P2 et \u00e0 la mafia sicilienne : il entre en contact avec le financier sicilien Michele Sindona (fiche P2 501<a href=\"#_ftn240\" name=\"_ftnref240\">[240]<\/a>) et avec Roberto Calvi (Milan, 519<a href=\"#_ftn241\" name=\"_ftnref241\">[241]<\/a>) gr\u00e2ce \u00e0 son amiti\u00e9 avec David Matthew Kennedy, pr\u00e9sident de la Continental Illinois National Bank de Chicago. En 1964, il est apparu que la Continental International Finance Co, filiale de la Continental Bank, poss\u00e9dait 24,5% du capital de la Banca Privata Finanziaria de Sindona (la banque d&rsquo;affaires, li\u00e9e \u00e0 la mafia, n\u00e9e d&rsquo;une c\u00f4te de la Fasco AG de Vaduz, pr\u00e9sid\u00e9e par le financier suisse Tito Tettamanti)<a href=\"#_ftn242\" name=\"_ftnref242\">[242]<\/a>.<\/p>\n<p>Les liens entre Kennedy et Sindona sont mis en \u00e9vidence par la participation de ce dernier en tant que partenaire dans la Continental Finance de Kennedy, qui a mis Sindona en contact avec Charles Bludhorn, le patron pr\u00e9sum\u00e9 du conglom\u00e9rat Gulf and Western Industries (h\u00f4tels, puits de p\u00e9trole, mines, le Paramount). Gr\u00e2ce \u00e0 son amiti\u00e9 avec Bludhorn et Kennedy, ainsi qu&rsquo;avec les chefs de la mafia Vito Genovese et Joe Adonis, Sindona est \u00e9galement devenu un conseiller financier de Cosa Nostra.<\/p>\n<p>La rencontre entre Marcinkus et Sindona par l&rsquo;interm\u00e9diaire de Kennedy a eu lieu alors que le pr\u00e9lat n&rsquo;\u00e9tait pas encore pr\u00e9sident de l&rsquo;IOR (la banque d&rsquo;\u00c9tat du Vatican), qui d\u00e9tenait toutefois une participation de 24,5 % dans la Private Financial Bank de Sindona depuis 1962, ann\u00e9e o\u00f9 le financier a pris le contr\u00f4le de l&rsquo;Institut<a href=\"#_ftn243\" name=\"_ftnref243\">[243]<\/a>. 1969 est une ann\u00e9e cruciale dans l&rsquo;\u00e9volution de l&rsquo;affaire : Kennedy est nomm\u00e9 secr\u00e9taire au Tr\u00e9sor par le pr\u00e9sident nouvellement \u00e9lu Richard Nixon, dont il est un fervent partisan<a href=\"#_ftn244\" name=\"_ftnref244\">[244]<\/a> ; en juin, Marcinkus est nomm\u00e9 pr\u00e9sident de l&rsquo;IOR<a href=\"#_ftn245\" name=\"_ftnref245\">[245]<\/a>. Ainsi, Sindona a comme partenaires dans la Banque Financi\u00e8re Priv\u00e9e ses associ\u00e9s le Secr\u00e9taire du Tr\u00e9sor am\u00e9ricain et le Pr\u00e9sident de l&rsquo;IOR.<\/p>\n<p>Par l&rsquo;interm\u00e9diaire de Sindona, Marcinkus fait la connaissance de l&rsquo;autre piduiste Roberto Calvi, pr\u00e9sident du Banco Ambrosiano, qui fonde en 1971 la Cisalpina Overseas Nassau Bank, propri\u00e9t\u00e9 de la soci\u00e9t\u00e9 luxembourgeoise Compendium SAH<a href=\"#_ftn246\" name=\"_ftnref246\">[246]<\/a> et contr\u00f4l\u00e9e par Sindona, Marcinkus et le Banco Ambrosiano<a href=\"#_ftn247\" name=\"_ftnref247\">[247]<\/a>. Marcinkus, Sindona, Calvi, mais aussi Umberto Ortolani (financier et entrepreneur, membre \u00e9minent de la P2<a href=\"#_ftn248\" name=\"_ftnref248\">[248]<\/a>, d\u00e9sign\u00e9 en 2020 par le parquet de Bologne comme l&rsquo;un des instigateurs du massacre du 2 ao\u00fbt 1980<a href=\"#_ftn249\" name=\"_ftnref249\">[249]<\/a>) et Licio Gelli : le d\u00e9sir de faire des affaires et d&rsquo;acqu\u00e9rir du pouvoir se m\u00eale, dans leur cas, \u00e0 l&rsquo;objectif de soutenir les r\u00e9gimes dictatoriaux qui, en Am\u00e9rique du Sud, jouent un r\u00f4le cl\u00e9 dans la strat\u00e9gie anticommuniste ch\u00e8re \u00e0 la droite italienne et \u00e0 l&rsquo;administration Nixon, avec une r\u00e9f\u00e9rence particuli\u00e8re \u00e0 Henry Kissinger, qui est mise en \u0153uvre dans l&rsquo;op\u00e9ration Condor<a href=\"#_ftn250\" name=\"_ftnref250\">[250]<\/a>.<\/p>\n<p>Calvi inaugure en 1980 \u00e0 Buenos Ayres, le si\u00e8ge de la Banco Ambrosiano de America del Sud<a href=\"#_ftn251\" name=\"_ftnref251\">[251]<\/a>, dans le pays o\u00f9 l&rsquo;amiral Emilio Eduardo Massera (carte P2 : Buenos Aires, 478<a href=\"#_ftn252\" name=\"_ftnref252\">[252]<\/a>) et le pr\u00e9sident Jorge Rafael Videla, protagonistes de la page la plus noire de l&rsquo;histoire argentine, sont au pouvoir. Massera est en relation avec l&rsquo;amiral italien Giovanni Torrisi (carte P2 : Rome, 631<a href=\"#_ftn253\" name=\"_ftnref253\">[253]<\/a>). L&rsquo;Argentine de Videla, gr\u00e2ce \u00e0 la m\u00e9diation de Massera, ach\u00e8te d&rsquo;\u00e9normes quantit\u00e9s d&rsquo;armes \u00e0 l&rsquo;Italie<a href=\"#_ftn254\" name=\"_ftnref254\">[254]<\/a>.<\/p>\n<p><img loading=\"lazy\" class=\"aligncenter size-full wp-image-3781\" src=\"https:\/\/ibiworld.eu\/fr\/wp-content\/uploads\/2022\/11\/USA006-20.jpg\" alt=\"\" width=\"364\" height=\"243\" srcset=\"https:\/\/ibiworld.eu\/fr\/wp-content\/uploads\/2022\/11\/USA006-20.jpg 364w, https:\/\/ibiworld.eu\/fr\/wp-content\/uploads\/2022\/11\/USA006-20-300x200.jpg 300w\" sizes=\"(max-width: 364px) 100vw, 364px\" \/><\/p>\n<p><strong>Juin 1978 : Henry Kissinger (\u00e0 gauche) en conversation avec le dictateur argentin Jorge Rafael Videla, \u00e9troitement li\u00e9 \u00e0 la Loge P2 de Licio Gelli<a href=\"#_ftn255\" name=\"_ftnref255\">[255]<\/a><\/strong><\/p>\n<p>Calvi a ouvert d&rsquo;autres bureaux Ambrosiano au P\u00e9rou<a href=\"#_ftn256\" name=\"_ftnref256\">[256]<\/a>, au Br\u00e9sil, au Nicaragua<a href=\"#_ftn257\" name=\"_ftnref257\">[257]<\/a> et au Panama, tandis qu&rsquo;au Chili, Banco Ambrosiano d\u00e9tenait une participation dans Banco Hypotecario, le plus grand groupe financier soutenant Pinochet. Au Guatemala, l&rsquo;Ambrosiano finance, par le biais de la soci\u00e9t\u00e9 Brisa SA, le gouvernement de droite du g\u00e9n\u00e9ral Vernon, un ancien agent de la CIA. Lorsque le r\u00e9gime dictatorial de Somoza au Nicaragua est entr\u00e9 en crise sous la pression des sandinistes en 1978, la Banco Ambrosiano a subventionn\u00e9 le gouvernement \u00e0 hauteur de centaines de millions de dollars<a href=\"#_ftn258\" name=\"_ftnref258\">[258]<\/a>.<\/p>\n<p>Les \u00e9normes sommes d&rsquo;argent transf\u00e9r\u00e9es par le Vatican, la Loge P2, la mafia et la CIA en Am\u00e9rique du Sud servent \u00e0 imposer sur le continent le joug de juntes militaires fid\u00e8les au gouvernement am\u00e9ricain. Lorsque la population d&rsquo;une de ces nations se rebelle, comme dans le Chili d&rsquo;Allende, l&rsquo;\u00e9norme machine de mort est mise en marche pour \u00e9touffer dans le sang les tentatives d&rsquo;\u00e9mancipation des peuples d&rsquo;Am\u00e9rique latine.<\/p>\n<p><strong>Am\u00e9rique du Sud n\u00e9o-nazie : Kissinger et le massacre du peuple chilien<\/strong><\/p>\n<p><img loading=\"lazy\" class=\"aligncenter size-full wp-image-3782\" src=\"https:\/\/ibiworld.eu\/fr\/wp-content\/uploads\/2022\/11\/USA006-21.jpg\" alt=\"\" width=\"948\" height=\"474\" srcset=\"https:\/\/ibiworld.eu\/fr\/wp-content\/uploads\/2022\/11\/USA006-21.jpg 948w, https:\/\/ibiworld.eu\/fr\/wp-content\/uploads\/2022\/11\/USA006-21-300x150.jpg 300w, https:\/\/ibiworld.eu\/fr\/wp-content\/uploads\/2022\/11\/USA006-21-768x384.jpg 768w, https:\/\/ibiworld.eu\/fr\/wp-content\/uploads\/2022\/11\/USA006-21-600x300.jpg 600w\" sizes=\"(max-width: 948px) 100vw, 948px\" \/><\/p>\n<p><strong>F\u00e9vrier 1968 : Une s\u00e9ance d&rsquo;auto-d\u00e9nonciation des prisonniers de l&rsquo;institution n\u00e9o-nazie Colonia Dignidad<a href=\"#_ftn259\" name=\"_ftnref259\">[259]<\/a><\/strong><\/p>\n<p>L&rsquo;op\u00e9ration Condor d\u00e9coule de la m\u00eame pr\u00e9occupation qui anime les d\u00e9marches de Nixon et de Kissinger en Italie, renforc\u00e9e par la victoire du socialiste Salvador Allende aux \u00e9lections l\u00e9gislatives chiliennes du 5 septembre 1970<a href=\"#_ftn260\" name=\"_ftnref260\">[260]<\/a>. Avant et apr\u00e8s cette date, le pr\u00e9sident et son conseiller, qui, d\u00e8s le d\u00e9but du second mandat de Nixon, est devenu secr\u00e9taire d&rsquo;\u00c9tat, ont travaill\u00e9 \u00e0 saper la position d&rsquo;Allende. La premi\u00e8re tentative s&rsquo;est faite par l&rsquo;interm\u00e9diaire de l&rsquo;ambassadeur am\u00e9ricain au Chili, Edward Korry, qui n&rsquo;a pas r\u00e9ussi \u00e0 emp\u00eacher la victoire des socialistes.<\/p>\n<p>En 1972, on apprend qu&rsquo;ITT (International Telephone and Telegraph Corp.) &#8211; dont Nelson A. Rockefeller est actionnaire<a href=\"#_ftn261\" name=\"_ftnref261\">[261]<\/a> &#8211; et la CIA collaborent depuis 1971 pour nuire au gouvernement d&rsquo;Allende : a) en recrutant des collaborateurs dans les forces arm\u00e9es chiliennes pour organiser une r\u00e9volte ; b) en poussant les entreprises am\u00e9ricaines \u00e0 coop\u00e9rer pour provoquer une temp\u00eate \u00e9conomique dans le pays<a href=\"#_ftn262\" name=\"_ftnref262\">[262]<\/a> ; c) en incitant les gouvernements \u00e9trangers \u00e0 faire pression sur le gouvernement chilien, \u00e9galement par des actions de sabotage diplomatique<a href=\"#_ftn263\" name=\"_ftnref263\">[263]<\/a>.<\/p>\n<p>D\u00e9j\u00e0 au lendemain de l&rsquo;investiture d&rsquo;Allende, Kissinger poussait \u00e0 la mise en \u0153uvre d&rsquo;une politique intransigeante \u00e0 l&rsquo;\u00e9gard du Chili, craignant que l&rsquo;affirmation du gouvernement de Santiago ne serve de mod\u00e8le \u00e0 d&rsquo;autres, comme l&rsquo;Italie<a href=\"#_ftn264\" name=\"_ftnref264\">[264]<\/a>. Apr\u00e8s le coup d&rsquo;\u00c9tat du g\u00e9n\u00e9ral Augusto Pinochet (11 septembre 1973), qui a entra\u00een\u00e9 la mort d&rsquo;Allende et l&rsquo;instauration d&rsquo;un r\u00e9gime militaire dictatorial, Kissinger applaudit le nouveau dirigeant, bien qu&rsquo;il soit au courant des massacres perp\u00e9tr\u00e9s par le r\u00e9gime depuis les jours suivant imm\u00e9diatement le coup d&rsquo;\u00c9tat<a href=\"#_ftn265\" name=\"_ftnref265\">[265]<\/a>.<\/p>\n<p>En d\u00e9cembre 1974, lors d&rsquo;une r\u00e9union du personnel du d\u00e9partement d&rsquo;\u00c9tat, Kissinger (d\u00e9sormais secr\u00e9taire d&rsquo;\u00c9tat du pr\u00e9sident Gerald Ford) s&rsquo;oppose fermement \u00e0 la proposition du s\u00e9nateur Edward \u00ab\u00a0Ted\u00a0\u00bb Kennedy de mettre fin \u00e0 l&rsquo;aide militaire am\u00e9ricaine au r\u00e9gime de Pinochet ; la proposition de Kennedy d\u00e9coule de la pression croissante exerc\u00e9e par les associations de d\u00e9fense des droits de l&rsquo;homme, un argument que Kissinger aborde \u00e0 contrec\u0153ur en raison des cons\u00e9quences n\u00e9fastes que l&rsquo;absence de soutien au r\u00e9gime aurait au niveau local et g\u00e9n\u00e9ral, cr\u00e9ant ainsi un dangereux pr\u00e9c\u00e9dent qui pourrait faire \u00e9chouer le travail accompli pour mettre fin \u00e0 la redoutable \u00ab\u00a0avanc\u00e9e rouge\u00a0\u00bb<a href=\"#_ftn266\" name=\"_ftnref266\">[266]<\/a>.<\/p>\n<p>Les ennuis de Kissinger avec le Congr\u00e8s am\u00e9ricain se poursuivent en 1975, lorsqu&rsquo;il rencontre le ministre chilien des affaires \u00e9trang\u00e8res Patricio Carvajal, lui sugg\u00e9rant d&rsquo;accueillir la r\u00e9union de l&rsquo;OEA (Organisation des \u00c9tats am\u00e9ricains)<a href=\"#_ftn267\" name=\"_ftnref267\">[267]<\/a> l&rsquo;ann\u00e9e suivante et, en am\u00e9liorant l&rsquo;image du r\u00e9gime, de changer l&rsquo;attitude du Congr\u00e8s am\u00e9ricain \u00e0 l&rsquo;\u00e9gard de l&rsquo;assistance militaire et de faciliter l&rsquo;augmentation des cr\u00e9dits de l&rsquo;Ex-Im Bank<a href=\"#_ftn268\" name=\"_ftnref268\">[268]<\/a> et des pr\u00eats multilat\u00e9raux au Chili, ainsi que les ventes au comptant d&rsquo;\u00e9quipements militaires<a href=\"#_ftn269\" name=\"_ftnref269\">[269]<\/a>.<\/p>\n<p><img loading=\"lazy\" class=\"aligncenter size-full wp-image-3783\" src=\"https:\/\/ibiworld.eu\/fr\/wp-content\/uploads\/2022\/11\/USA006-22.jpg\" alt=\"\" width=\"414\" height=\"249\" srcset=\"https:\/\/ibiworld.eu\/fr\/wp-content\/uploads\/2022\/11\/USA006-22.jpg 414w, https:\/\/ibiworld.eu\/fr\/wp-content\/uploads\/2022\/11\/USA006-22-300x180.jpg 300w\" sizes=\"(max-width: 414px) 100vw, 414px\" \/><\/p>\n<p><strong>11 septembre 1973: Salvador Allende, attend l&rsquo;attaque finale des militaires rebelles, dirig\u00e9s par le g\u00e9n\u00e9ral Pinochet<a href=\"#_ftn270\" name=\"_ftnref270\">[270]<\/a><\/strong><\/p>\n<p>D\u00e8s le d\u00e9but (1973), le plan Condor a impliqu\u00e9 le r\u00e9seau des services secrets de diff\u00e9rents pays d&rsquo;Am\u00e9rique latine (Argentine, Chili, Uruguay, Bolivie, Paraguay, Br\u00e9sil, P\u00e9rou et \u00c9quateur) dans une collaboration secr\u00e8te avec la CIA et le gouvernement de Washington : ce r\u00e9seau de terreur permettait aux gouvernements d&rsquo;envoyer des escadrons de la mort dans les villages pour enlever, tuer et torturer des ennemis r\u00e9els ou suppos\u00e9s, en particulier des r\u00e9fugi\u00e9s des \u00c9tats voisins qui tentaient d&rsquo;\u00e9chapper aux pers\u00e9cutions.<\/p>\n<p>Condor porte la terreur d&rsquo;\u00c9tat \u00e0 un niveau inconnu jusqu&rsquo;alors, en la d\u00e9cha\u00eenant dans toute l&rsquo;Am\u00e9rique du Sud, apr\u00e8s que des coups d&rsquo;\u00c9tat militaires successifs (ou ant\u00e9rieurs, dans le cas du Br\u00e9sil<a href=\"#_ftn271\" name=\"_ftnref271\">[271]<\/a>) de droite, souvent encourag\u00e9s par les \u00c9tats-Unis, aient an\u00e9anti la d\u00e9mocratie sur le continent. Condor est le d\u00e9tonateur et le carburant d&rsquo;un vaste ph\u00e9nom\u00e8ne selon lequel des dizaines de milliers de personnes \u00e0 travers l&rsquo;Am\u00e9rique du Sud ont \u00e9t\u00e9 tu\u00e9es, disparues ou tortur\u00e9es par des gouvernements militaires dans les ann\u00e9es 1970 et 1980<a href=\"#_ftn272\" name=\"_ftnref272\">[272]<\/a>.<\/p>\n<p>L&rsquo;op\u00e9ration Condor utilise comme base une colonie nazie au Chili, dirig\u00e9e par le Dr Joseph Mengele, connue sous le nom de Colonia Dignidad : son fondateur, Walther Rauff, est un hi\u00e9rarque nazi collaborant avec le CIC de Kissinger, et est recherch\u00e9 en Allemagne pour avoir enlev\u00e9 et molest\u00e9 de jeunes gar\u00e7ons<a href=\"#_ftn273\" name=\"_ftnref273\">[273]<\/a>. La Colonia Dignidad a \u00e9t\u00e9 utilis\u00e9e par l&rsquo;\u00e9quipe de Pinochet pour s&rsquo;entra\u00eener en vue du coup d&rsquo;\u00c9tat de 1973 et a ensuite servi de centre de torture o\u00f9 des prisonniers ont \u00ab\u00a0disparu\u00a0\u00bb. Il est possible que plusieurs des plus importants criminels de guerre nazis d&rsquo;Am\u00e9rique du Sud aient v\u00e9cu \u00e0 Colonia Dignidad<a href=\"#_ftn274\" name=\"_ftnref274\">[274]<\/a>. En 1993, des archives de documents appel\u00e9es \u00ab\u00a0Archives de la terreur\u00a0\u00bb ont \u00e9t\u00e9 d\u00e9couvertes au Paraguay. Elles d\u00e9taillent l&rsquo;implication de criminels de guerre nazis (dont la plupart sont venus sur le continent am\u00e9ricain dans le cadre du projet d&rsquo;\u00e9vasion \u00ab\u00a0Ratline\u00a0\u00bb) dans l&rsquo;op\u00e9ration Condor et dressent la liste des victimes, y compris des agents isra\u00e9liens qui tentaient de trouver des nazis \u00e0 juger<a href=\"#_ftn275\" name=\"_ftnref275\">[275]<\/a>.<\/p>\n<p>Il est fort probable que George Bush senior (alors directeur de la CIA<a href=\"#_ftn276\" name=\"_ftnref276\">[276]<\/a>) ait \u00e9galement collabor\u00e9 avec Nixon et Kissinger pour diriger l&rsquo;op\u00e9ration Condor. Or, il est d\u00e9sormais historiquement \u00e9tabli que Junio Valerio Borghese et Licio Gelli se sont pr\u00e9par\u00e9s au coup d&rsquo;\u00c9tat en suivant un cours de formation \u00e0 Colonia Dignidad<a href=\"#_ftn277\" name=\"_ftnref277\">[277]<\/a>. L&rsquo;histoire de ce centre de formation, \u00e9manation extr\u00eame des activit\u00e9s des SS pendant la Seconde Guerre mondiale, n&rsquo;a \u00e9t\u00e9 possible que gr\u00e2ce \u00e0 la couverture des gouvernements amis de la puissance am\u00e9ricaine &#8211; et donc du conglom\u00e9rat constitu\u00e9 par la CIA, la NSA, la Secr\u00e9tairerie d&rsquo;\u00c9tat et la Pr\u00e9sidence de la R\u00e9publique. \u00c0 chacun de ces postes ou \u00e0 c\u00f4t\u00e9, pendant toutes les ann\u00e9es de terreur imp\u00e9rialiste am\u00e9ricaine, il y avait toujours une personne, Henry Kissinger.<\/p>\n<p><img loading=\"lazy\" class=\"aligncenter size-full wp-image-3784\" src=\"https:\/\/ibiworld.eu\/fr\/wp-content\/uploads\/2022\/11\/USA006-23.jpg\" alt=\"\" width=\"1600\" height=\"782\" srcset=\"https:\/\/ibiworld.eu\/fr\/wp-content\/uploads\/2022\/11\/USA006-23.jpg 1600w, https:\/\/ibiworld.eu\/fr\/wp-content\/uploads\/2022\/11\/USA006-23-300x147.jpg 300w, https:\/\/ibiworld.eu\/fr\/wp-content\/uploads\/2022\/11\/USA006-23-1024x500.jpg 1024w, https:\/\/ibiworld.eu\/fr\/wp-content\/uploads\/2022\/11\/USA006-23-768x375.jpg 768w, https:\/\/ibiworld.eu\/fr\/wp-content\/uploads\/2022\/11\/USA006-23-1536x751.jpg 1536w, https:\/\/ibiworld.eu\/fr\/wp-content\/uploads\/2022\/11\/USA006-23-600x293.jpg 600w\" sizes=\"(max-width: 1600px) 100vw, 1600px\" \/><\/p>\n<p><strong>1954 : La fresque de Diego Rivera repr\u00e9sente John Foster Dulles serrant la main du dictateur du Guatemala, Carlos Castillo Armas ; \u00e0 c\u00f4t\u00e9 de lui se trouve son fr\u00e8re Allen. La bombe sur laquelle Dulles pose sa main a le visage d&rsquo;Eisenhower<a href=\"#_ftn278\" name=\"_ftnref278\">[278]<\/a><\/strong><\/p>\n<p>Lorsque ses patrons sont tra\u00een\u00e9s en justice, il y a un banquier qui paie les meilleurs avocats pour d\u00e9fendre la m\u00e9moire de Colonia Dignidad : Il s&rsquo;agit du Suisse Fran\u00e7ois Genoud, ami personnel de Stefano Delle Chiaie et de Henry Kissinger<a href=\"#_ftn279\" name=\"_ftnref279\">[279]<\/a>, qui a particip\u00e9 au financement des transferts de hauts responsables nazis effectu\u00e9s par le CIC de Kissinger avec l&rsquo;argent qu&rsquo;il a re\u00e7u, au fil des ans, du NSDAP, ainsi qu&rsquo;\u00e0 la publication des journaux de Joseph Goebbels<a href=\"#_ftn280\" name=\"_ftnref280\">[280]<\/a> et de nombreux documents rares et originaux qu&rsquo;il avait re\u00e7us, \u00e0 la fin de la guerre, en cadeau de l&rsquo;un des amis les plus fid\u00e8les d&rsquo;Adolf Hitler, l&rsquo;officier SS Martin Bormann<a href=\"#_ftn281\" name=\"_ftnref281\">[281]<\/a>. Comme vous pouvez le constater, au fil des ans, il s&rsquo;agit toujours des m\u00eames personnes, du m\u00eame cercle d&rsquo;amis, des camarades des m\u00eames organisations paramilitaires nazies.<\/p>\n<p>Dans quelques mois, il aura 100 ans. \u00c0 sa mani\u00e8re, il est un monument, le dernier potentat survivant parmi ceux qui, pendant et imm\u00e9diatement apr\u00e8s la Seconde Guerre mondiale, ont contribu\u00e9 \u00e0 construire l&rsquo;\u00e8re de la guerre froide et \u00e0 la g\u00e9rer d&rsquo;une main de fer semblable \u00e0 celle de Josip Staline. Le dictateur bolchevique a commis des crimes innommables contre son propre peuple. Kissinger et ses complices ont sem\u00e9 la mort et la destruction dans le monde entier, appelant l&rsquo;Europe occidentale \u00e0 payer un tribut tr\u00e8s \u00e9lev\u00e9 en \u00e9change d&rsquo;une protection militaire et du coup de pouce du plan Marshall. Mais c&rsquo;est une autre histoire. Le r\u00e9cit de la v\u00e9ritable histoire des ann\u00e9es entre 1945 et 1973 &#8211; c&rsquo;est-\u00e0-dire entre le boom et la fin du capitalisme industriel &#8211; ne commence que maintenant, de la part de l&rsquo;homme qui en a \u00e9t\u00e9 l&rsquo;interpr\u00e8te le plus puissant, le plus pragmatique, le moins scrupuleux, le plus cynique. Il est juste que cela se sache, avant que sa mort ne le transforme en ic\u00f4ne.<\/p>\n<p>&nbsp;<\/p>\n<p><a href=\"#_ftnref1\" name=\"_ftn1\">[1]<\/a> <a href=\"https:\/\/www.nytimes.com\/2021\/05\/27\/business\/walter-kissinger-dead.html\">https:\/\/www.nytimes.com\/2021\/05\/27\/business\/walter-kissinger-dead.html<\/a><\/p>\n<p><a href=\"#_ftnref2\" name=\"_ftn2\">[2]<\/a> \u00ab\u00a0Ballungsraum N\u00fcrnberg \u2013 F\u00fcrth \u2013 Erlangen\u00a0\u00bb, Entwurf einer kulturlandschaftlichen Gliederung Bayerns als Beitrag zur Biodiversit\u00e4t, Bayerisches Landesamt f\u00fcr Umwelt, 2011<\/p>\n<p><a href=\"#_ftnref3\" name=\"_ftn3\">[3]<\/a> <a href=\"https:\/\/www.nordbayern.de\/region\/fuerth\/furths-rathaus-lockte-nach-italien-1.8180298\">https:\/\/www.nordbayern.de\/region\/fuerth\/furths-rathaus-lockte-nach-italien-1.8180298<\/a><\/p>\n<p><a href=\"#_ftnref4\" name=\"_ftn4\">[4]<\/a> Thomas A. Schwarz, \u00ab\u00a0Henry Kissinger and American Power\u00a0\u00bb &#8211; a political biography, Hill and Wang, New York, 2020, p. 15<\/p>\n<p><a href=\"#_ftnref5\" name=\"_ftn5\">[5]<\/a> Walter Isaacson,\u00a0\u00ab\u00a0Kissinger: a biography\u00a0\u00bb, Simon &amp; Schuster, New York, 1992, p. 20<\/p>\n<p><a href=\"#_ftnref6\" name=\"_ftn6\">[6]<\/a> <a href=\"https:\/\/www.reuters.com\/article\/soccer-germany-kissinger-idINDEE88E05Q20120915\">https:\/\/www.reuters.com\/article\/soccer-germany-kissinger-idINDEE88E05Q20120915<\/a><\/p>\n<p><a href=\"#_ftnref7\" name=\"_ftn7\">[7]<\/a> Niall Ferguson, \u201cKissinger: The Idealist, 1923-1968\u201d, Penguin, New York, 2015, p. 67<\/p>\n<p><a href=\"#_ftnref8\" name=\"_ftn8\">[8]<\/a> <a href=\"https:\/\/www.archives.gov\/publications\/prologue\/2010\/winter\/nuremberg.html\">https:\/\/www.archives.gov\/publications\/prologue\/2010\/winter\/nuremberg.html<\/a><\/p>\n<p><a href=\"#_ftnref9\" name=\"_ftn9\">[9]<\/a> <a href=\"https:\/\/www.nytimes.com\/1975\/12\/16\/archives\/kissinger-visits-home-town-gets-big-hand-kissinger-visits-home-town.html\">https:\/\/www.nytimes.com\/1975\/12\/16\/archives\/kissinger-visits-home-town-gets-big-hand-kissinger-visits-home-town.html<\/a><\/p>\n<p><a href=\"#_ftnref10\" name=\"_ftn10\">[10]<\/a> <a href=\"https:\/\/www.facinghistory.org\/resource-library\/text\/nazi-telegram-instructions-kristallnacht-november-10-1938\">https:\/\/www.facinghistory.org\/resource-library\/text\/nazi-telegram-instructions-kristallnacht-november-10-1938<\/a><\/p>\n<p><a href=\"#_ftnref11\" name=\"_ftn11\">[11]<\/a> <a href=\"https:\/\/www.britannica.com\/event\/Kristallnacht\">https:\/\/www.britannica.com\/event\/Kristallnacht<\/a><\/p>\n<p><a href=\"#_ftnref12\" name=\"_ftn12\">[12]<\/a> <a href=\"https:\/\/www.nytimes.com\/1998\/11\/16\/nyregion\/p-kissinger-97-the-mother-of-a-statesman.html\">https:\/\/www.nytimes.com\/1998\/11\/16\/nyregion\/p-kissinger-97-the-mother-of-a-statesman.html<\/a><\/p>\n<p><a href=\"#_ftnref13\" name=\"_ftn13\">[13]<\/a> <a href=\"https:\/\/warfarehistorynetwork.com\/article\/henry-kissingers-world-war-ii\/\">https:\/\/warfarehistorynetwork.com\/article\/henry-kissingers-world-war-ii\/<\/a><\/p>\n<p><a href=\"#_ftnref14\" name=\"_ftn14\">[14]<\/a> <a href=\"https:\/\/achievement.org\/achiever\/henry-kissinger-ph-d\/\">https:\/\/achievement.org\/achiever\/henry-kissinger-ph-d\/<\/a><\/p>\n<p><a href=\"#_ftnref15\" name=\"_ftn15\">[15]<\/a> <a href=\"http:\/\/www.world-war-2.info\/casualties\/\">http:\/\/www.world-war-2.info\/casualties\/<\/a><\/p>\n<p><a href=\"#_ftnref16\" name=\"_ftn16\">[16]<\/a> <a href=\"http:\/\/www.pierce-evans.org\/ASTPinWWII.htm\">http:\/\/www.pierce-evans.org\/ASTPinWWII.htm<\/a><\/p>\n<p><a href=\"#_ftnref17\" name=\"_ftn17\">[17]<\/a> <a href=\"https:\/\/www.fpri.org\/contributor\/henry-kissinger\/\">https:\/\/www.fpri.org\/contributor\/henry-kissinger\/<\/a><\/p>\n<p><a href=\"#_ftnref18\" name=\"_ftn18\">[18]<\/a> <a href=\"https:\/\/www.sfasu.edu\/heritagecenter\/9809.asp\">https:\/\/www.sfasu.edu\/heritagecenter\/9809.asp<\/a><\/p>\n<p><a href=\"#_ftnref19\" name=\"_ftn19\">[19]<\/a> <a href=\"https:\/\/www.pbs.org\/thinktank\/transcript1138.html\">https:\/\/www.pbs.org\/thinktank\/transcript1138.html<\/a><\/p>\n<p><a href=\"#_ftnref20\" name=\"_ftn20\">[20]<\/a> <a href=\"https:\/\/www.liberationroute.com\/it\/stories\/129\/battle-of-the-bulge\">https:\/\/www.liberationroute.com\/it\/stories\/129\/battle-of-the-bulge<\/a><\/p>\n<p><a href=\"#_ftnref21\" name=\"_ftn21\">[21]<\/a> <a href=\"https:\/\/visitmarche.be\/en\/categorie\/offres-en\/show-en\/offre\/11145\/\">https:\/\/visitmarche.be\/en\/categorie\/offres-en\/show-en\/offre\/11145\/<\/a> ; Walter Isaacson,\u00a0\u00ab\u00a0Kissinger: a biography\u00a0\u00bb, Simon &amp; Schuster, New York, 1992, p. 48<\/p>\n<p><a href=\"#_ftnref22\" name=\"_ftn22\">[22]<\/a> <a href=\"https:\/\/www.gijewsfilm.com\/interviews\/henry-kissinger.php#:~:text=In%20this%20capacity%2C%20Kissinger%20served,of%20the%20town%20of%20Hanover.\">https:\/\/www.gijewsfilm.com\/interviews\/henry-kissinger.php#:~:text=In%20this%20capacity%2C%20Kissinger%20served,of%20the%20town%20of%20Hanover.<\/a><\/p>\n<p><a href=\"#_ftnref23\" name=\"_ftn23\">[23]<\/a> <a href=\"https:\/\/www.globalo.com\/why-kraemer-and-kissinger-split\/\">https:\/\/www.globalo.com\/why-kraemer-and-kissinger-split\/<\/a><\/p>\n<p><a href=\"#_ftnref24\" name=\"_ftn24\">[24]<\/a> Jeremi Suri, \u00ab\u00a0Henry Kissinger and the American Century\u00a0\u00bb, Harvard University Press, 2007, p. 78<\/p>\n<p><a href=\"#_ftnref25\" name=\"_ftn25\">[25]<\/a> Holger Klitzing, \u00ab\u00a0The Nemesis of Stability: Henry A. Kissinger&rsquo;s Ambivalent Relationship with Germany\u00a0\u00bb, WVT, Wissenschaftlicher Verlag Trier, 2007, p. 46<\/p>\n<p><a href=\"#_ftnref26\" name=\"_ftn26\">[26]<\/a> Holger Klitzing, \u00ab\u00a0The Nemesis of Stability: Henry A. Kissinger&rsquo;s Ambivalent Relationship with Germany\u00a0\u00bb, WVT, Wissenschaftlicher Verlag Trier, 2007, p. 44<\/p>\n<p><a href=\"#_ftnref27\" name=\"_ftn27\">[27]<\/a> Holger Klitzing, \u00ab\u00a0The Nemesis of Stability: Henry A. Kissinger&rsquo;s Ambivalent Relationship with Germany\u00a0\u00bb, WVT, Wissenschaftlicher Verlag Trier, 2007, pp. 47-48<\/p>\n<p><a href=\"#_ftnref28\" name=\"_ftn28\">[28]<\/a> <a href=\"https:\/\/www.tabletmag.com\/sections\/news\/articles\/kissinger-on-liberating-ahlem-concentration-camp\">https:\/\/www.tabletmag.com\/sections\/news\/articles\/kissinger-on-liberating-ahlem-concentration-camp<\/a><\/p>\n<p><a href=\"#_ftnref29\" name=\"_ftn29\">[29]<\/a> Walter Isaacson, \u00ab\u00a0Kissinger: a biography\u00a0\u00bb, Simon &amp; Schuster, New York, 1992, p. 48<\/p>\n<p><a href=\"#_ftnref30\" name=\"_ftn30\">[30]<\/a> <a href=\"https:\/\/army.togetherweserved.com\/army\/servlet\/tws.webapp.WebApps?cmd=ShadowBoxProfile&amp;type=Person&amp;ID=372781&amp;binder=true\">https:\/\/army.togetherweserved.com\/army\/servlet\/tws.webapp.WebApps?cmd=ShadowBoxProfile&amp;type=Person&amp;ID=372781&amp;binder=true<\/a><\/p>\n<p><a href=\"#_ftnref31\" name=\"_ftn31\">[31]<\/a> <a href=\"https:\/\/portal.ehri-project.eu\/authorities\/ehri_cb-006504\">https:\/\/portal.ehri-project.eu\/authorities\/ehri_cb-006504<\/a><\/p>\n<p><a href=\"#_ftnref32\" name=\"_ftn32\">[32]<\/a> Holger Klitzing, \u00ab\u00a0The Nemesis of Stability: Henry A. Kissinger&rsquo;s Ambivalent Relationship with Germany\u00a0\u00bb, WVT, Wissenschaftlicher Verlag Trier, 2007, p. 52<\/p>\n<p><a href=\"#_ftnref33\" name=\"_ftn33\">[33]<\/a> Holger Klitzing, \u00ab\u00a0The Nemesis of Stability: Henry A. Kissinger&rsquo;s Ambivalent Relationship with Germany\u00a0\u00bb, WVT, Wissenschaftlicher Verlag Trier, 2007, p. 51<\/p>\n<p><a href=\"#_ftnref34\" name=\"_ftn34\">[34]<\/a> Walter Isaacson, \u00ab\u00a0Kissinger: a biography\u00a0\u00bb, Simon &amp; Schuster, New York, 1992, pp. 53-54<\/p>\n<p><a href=\"#_ftnref35\" name=\"_ftn35\">[35]<\/a> Jeremi Suri, \u00ab\u00a0Henry Kissinger and the American Century\u00a0\u00bb, Harvard University Press, 2007, p. 80<\/p>\n<p><a href=\"#_ftnref36\" name=\"_ftn36\">[36]<\/a> Walter Isaacson, \u00ab\u00a0Kissinger: a biography\u00a0\u00bb, Simon &amp; Schuster, New York, 1992, p. 55<\/p>\n<p><a href=\"#_ftnref37\" name=\"_ftn37\">[37]<\/a> Walter Isaacson, \u00ab\u00a0Kissinger: a biography\u00a0\u00bb, Simon &amp; Schuster, New York, 1992, p. 55<\/p>\n<p><a href=\"#_ftnref38\" name=\"_ftn38\">[38]<\/a> Charles Stuart Kennedy, Interview with Mr. H. Sonnenfeldt, \u201cThe Association for Diplomatic Studies and Training Foreign Affairs Oral History Project\u201d, 2000<\/p>\n<p><a href=\"#_ftnref39\" name=\"_ftn39\">[39]<\/a> <a href=\"https:\/\/www.bergstraesser-anzeiger.de\/orte\/bensheim_artikel,-bensheim-raetsel-geloest-das-haus-ist-gefunden-_arid,461162.html\">https:\/\/www.bergstraesser-anzeiger.de\/orte\/bensheim_artikel,-bensheim-raetsel-geloest-das-haus-ist-gefunden-_arid,461162.html<\/a><\/p>\n<p><a href=\"#_ftnref40\" name=\"_ftn40\">[40]<\/a> Jeremi Suri, \u00ab\u00a0Henry Kissinger and the American Century\u00a0\u00bb, Harvard University Press, 2007, p. 81<\/p>\n<p><a href=\"#_ftnref41\" name=\"_ftn41\">[41]<\/a> <a href=\"https:\/\/www.nasa.gov\/centers\/marshall\/history\/vonbraun\/bio.html\">https:\/\/www.nasa.gov\/centers\/marshall\/history\/vonbraun\/bio.html<\/a><\/p>\n<p><a href=\"#_ftnref42\" name=\"_ftn42\">[42]<\/a> Jeremi Suri, \u00ab\u00a0Henry Kissinger and the American Century\u00a0\u00bb, Harvard University Press, 2007, p. 81<\/p>\n<p><a href=\"#_ftnref43\" name=\"_ftn43\">[43]<\/a> <a href=\"https:\/\/www.archives.gov\/iwg\/declassified-records\/rg-330-defense-secretary\">https:\/\/www.archives.gov\/iwg\/declassified-records\/rg-330-defense-secretary<\/a> ; <a href=\"https:\/\/www.archives.gov\/files\/iwg\/declassified-records\/rg-330-defense-secretary\/foreign-scientist-case-files.pdf\">https:\/\/www.archives.gov\/files\/iwg\/declassified-records\/rg-330-defense-secretary\/foreign-scientist-case-files.pdf<\/a><\/p>\n<p><a href=\"#_ftnref44\" name=\"_ftn44\">[44]<\/a> <a href=\"https:\/\/ahrp.org\/pivotal-role-of-allen-dulles-in-shielding-nazi-war-criminals\/\">https:\/\/ahrp.org\/pivotal-role-of-allen-dulles-in-shielding-nazi-war-criminals\/<\/a><\/p>\n<p><a href=\"#_ftnref45\" name=\"_ftn45\">[45]<\/a> Peter Dale Scott, \u00ab\u00a0Why No One Could Find Mengele: Allen Dulles and the German SS\u00a0\u00bb, The Threepenny Review, No. 23 (Autumn, 1985), pp. 16-18<\/p>\n<p><a href=\"#_ftnref46\" name=\"_ftn46\">[46]<\/a> <a href=\"https:\/\/www.archives.gov\/iwg\/declassified-records\/rg-263-cia-records\/rg-263-report.html\">https:\/\/www.archives.gov\/iwg\/declassified-records\/rg-263-cia-records\/rg-263-report.html<\/a><\/p>\n<p><a href=\"#_ftnref47\" name=\"_ftn47\">[47]<\/a> <a href=\"https:\/\/www.deutschlandfunkkultur.de\/hitlers-spione-an-der-ostfront-100.html\">https:\/\/www.deutschlandfunkkultur.de\/hitlers-spione-an-der-ostfront-100.html<\/a><\/p>\n<p><a href=\"#_ftnref48\" name=\"_ftn48\">[48]<\/a> <a href=\"https:\/\/warfarehistorynetwork.com\/cold-war-spies-general-reinhard-gehlen\/\">https:\/\/warfarehistorynetwork.com\/cold-war-spies-general-reinhard-gehlen\/<\/a><\/p>\n<p><a href=\"#_ftnref49\" name=\"_ftn49\">[49]<\/a> Paolo Fusi<em>, Il cassiere di Saddam<\/em>, Consumedia, Bellinzona 2003<\/p>\n<p><a href=\"#_ftnref50\" name=\"_ftn50\">[50]<\/a> <a href=\"https:\/\/www.swissinfo.ch\/eng\/the-bizarre-case-of-youssef-nada-and-switzerland-s-role-in-the--war-on-terror-\/47075022\">https:\/\/www.swissinfo.ch\/eng\/the-bizarre-case-of-youssef-nada-and-switzerland-s-role-in-the&#8211;war-on-terror-\/47075022<\/a> ; <a href=\"https:\/\/www.lexology.com\/library\/detail.aspx?g=10ddacd5-8060-407e-b647-39a248d00716\">https:\/\/www.lexology.com\/library\/detail.aspx?g=10ddacd5-8060-407e-b647-39a248d00716<\/a><\/p>\n<p><a href=\"#_ftnref51\" name=\"_ftn51\">[51]<\/a> Kenneth J. Campbell, \u00ab\u00a0Otto Skorzeny: The Most Dangerous Man in Europe\u00a0\u00bb, American Intelligence Journal, Vol. 30, No. 1 (2012), pp. 146-147<\/p>\n<p><a href=\"#_ftnref52\" name=\"_ftn52\">[52]<\/a> Peter Dale Scott, \u00ab\u00a0Why No One Could Find Mengele: Allen Dulles and the German SS\u00a0\u00bb, The Threepenny Review, No. 23 (Autumn, 1985), pp. 16-18 ;<\/p>\n<p><a href=\"#_ftnref53\" name=\"_ftn53\">[53]<\/a> <a href=\"https:\/\/islandora.wrlc.org\/islandora\/object\/terror%3Aroot\">https:\/\/islandora.wrlc.org\/islandora\/object\/terror%3Aroot<\/a><\/p>\n<p><a href=\"#_ftnref54\" name=\"_ftn54\">[54]<\/a> <a href=\"http:\/\/rochester.indymedia.org\/node\/1403\">http:\/\/rochester.indymedia.org\/node\/1403<\/a><\/p>\n<p><a href=\"#_ftnref55\" name=\"_ftn55\">[55]<\/a> Peter Dale Scott, \u00ab\u00a0Why No One Could Find Mengele: Allen Dulles and the German SS\u00a0\u00bb, The Threepenny Review, No. 23 (Autumn, 1985), pp. 16-18 ; Kenneth J. Campbell, \u00ab\u00a0Otto Skorzeny: The Most Dangerous Man in Europe\u00a0\u00bb, American Intelligence Journal, Vol. 30, No. 1 (2012), pp. 146-147<\/p>\n<p><a href=\"#_ftnref56\" name=\"_ftn56\">[56]<\/a> <a href=\"https:\/\/www.antifainfoblatt.de\/artikel\/lateinamerika-fluchtpunkt-nach-ns-terror\">https:\/\/www.antifainfoblatt.de\/artikel\/lateinamerika-fluchtpunkt-nach-ns-terror<\/a><\/p>\n<p><a href=\"#_ftnref57\" name=\"_ftn57\">[57]<\/a> <a href=\"http:\/\/www.irwish.de\/PDF\/Dienste+Kriege\/Wertz-Die_Weltbeherrscher.pdf\">http:\/\/www.irwish.de\/PDF\/Dienste+Kriege\/Wertz-Die_Weltbeherrscher.pdf<\/a><\/p>\n<p><a href=\"#_ftnref58\" name=\"_ftn58\">[58]<\/a> <a href=\"https:\/\/www.antifainfoblatt.de\/artikel\/lateinamerika-fluchtpunkt-nach-ns-terror\">https:\/\/www.antifainfoblatt.de\/artikel\/lateinamerika-fluchtpunkt-nach-ns-terror<\/a><\/p>\n<p><a href=\"#_ftnref59\" name=\"_ftn59\">[59]<\/a> <a href=\"https:\/\/www.antifainfoblatt.de\/artikel\/lateinamerika-fluchtpunkt-nach-ns-terror\">https:\/\/www.antifainfoblatt.de\/artikel\/lateinamerika-fluchtpunkt-nach-ns-terror<\/a><\/p>\n<p><a href=\"#_ftnref60\" name=\"_ftn60\">[60]<\/a> <a href=\"https:\/\/www.memoiresdeguerre.com\/article-terror-s-legacy-schacht-skorzeny-allen-dulles-112826449.html\">https:\/\/www.memoiresdeguerre.com\/article-terror-s-legacy-schacht-skorzeny-allen-dulles-112826449.html<\/a> ; <a href=\"http:\/\/jens-kroeger.homepage.t-online.de\/page1\/vatikan.html\">http:\/\/jens-kroeger.homepage.t-online.de\/page1\/vatikan.html<\/a> ; <a href=\"https:\/\/www.newsweek.pl\/historia\/krwawe-miliardy-reichsfurera-ss-czy-himmler-gromadzil-fundusze-na-budowe-iv-rzeszy\/nkh2jjb\">https:\/\/www.newsweek.pl\/historia\/krwawe-miliardy-reichsfurera-ss-czy-himmler-gromadzil-fundusze-na-budowe-iv-rzeszy\/nkh2jjb<\/a><\/p>\n<p><a href=\"#_ftnref61\" name=\"_ftn61\">[61]<\/a> <a href=\"https:\/\/conversacionsobrehistoria.info\/2018\/12\/01\/historia-de-un-neonazi-aleman-y-su-fortin-de-alicante\/\">https:\/\/conversacionsobrehistoria.info\/2018\/12\/01\/historia-de-un-neonazi-aleman-y-su-fortin-de-alicante\/<\/a><\/p>\n<p><a href=\"#_ftnref62\" name=\"_ftn62\">[62]<\/a> <a href=\"https:\/\/www.spiegel.de\/politik\/ein-mehr-als-bedrueckendes-schauspiel-a-e0b3da9e-0002-0001-0000-000040763997\">https:\/\/www.spiegel.de\/politik\/ein-mehr-als-bedrueckendes-schauspiel-a-e0b3da9e-0002-0001-0000-000040763997<\/a><\/p>\n<p><a href=\"#_ftnref63\" name=\"_ftn63\">[63]<\/a> <a href=\"http:\/\/leg13.camera.it\/_dati\/leg13\/lavori\/doc\/xxiii\/064v01t02_RS\/00000011.pdf\">http:\/\/leg13.camera.it\/_dati\/leg13\/lavori\/doc\/xxiii\/064v01t02_RS\/00000011.pdf<\/a><\/p>\n<p><a href=\"#_ftnref64\" name=\"_ftn64\">[64]<\/a> <a href=\"https:\/\/theanarchistlibrary.org\/library\/stuart-christie-stefano-delle-chiaie\">https:\/\/theanarchistlibrary.org\/library\/stuart-christie-stefano-delle-chiaie<\/a><\/p>\n<p><a href=\"#_ftnref65\" name=\"_ftn65\">[65]<\/a> <a href=\"https:\/\/www.parlamento.it\/773?shadow_organo=405513\">https:\/\/www.parlamento.it\/773?shadow_organo=405513<\/a> ; <a href=\"https:\/\/www.derechos.org\/sorin\/doc\/p2.html\">https:\/\/www.derechos.org\/sorin\/doc\/p2.html<\/a> ; <a href=\"https:\/\/archive.org\/details\/nazilegacyklausb00link\">https:\/\/archive.org\/details\/nazilegacyklausb00link<\/a><\/p>\n<p><a href=\"#_ftnref66\" name=\"_ftn66\">[66]<\/a> <a href=\"https:\/\/www.warhistoryonline.com\/instant-articles\/nazi-officer-became-assassin-israel-2-x.html?firefox=1\">https:\/\/www.warhistoryonline.com\/instant-articles\/nazi-officer-became-assassin-israel-2-x.html?firefox=1<\/a><\/p>\n<p><a href=\"#_ftnref67\" name=\"_ftn67\">[67]<\/a> Marvin and Bernard Kalb, \u201cKissinger\u201d, Little, Brown, Toronto, 1974, p. 44<\/p>\n<p><a href=\"#_ftnref68\" name=\"_ftn68\">[68]<\/a> <a href=\"https:\/\/www.nytimes.com\/1979\/01\/11\/archives\/dr-william-y-elliott-82-dies-a-harvard-professor-emeritus-hissed-by.html?auth=login-google1tap&amp;login=google1tap\">https:\/\/www.nytimes.com\/1979\/01\/11\/archives\/dr-william-y-elliott-82-dies-a-harvard-professor-emeritus-hissed-by.html?auth=login-google1tap&amp;login=google1tap<\/a><\/p>\n<p><a href=\"#_ftnref69\" name=\"_ftn69\">[69]<\/a> <a href=\"https:\/\/www.washingtonpost.com\/archive\/local\/1979\/01\/12\/william-y-elliott-dies\/71e404b8-d42d-456c-97c2-5ca975aff883\/\">https:\/\/www.washingtonpost.com\/archive\/local\/1979\/01\/12\/william-y-elliott-dies\/71e404b8-d42d-456c-97c2-5ca975aff883\/<\/a><\/p>\n<p><a href=\"#_ftnref70\" name=\"_ftn70\">[70]<\/a> <a href=\"https:\/\/www1.cmc.edu\/pages\/faculty\/welliott\/teachers\/elliott.htm\">https:\/\/www1.cmc.edu\/pages\/faculty\/welliott\/teachers\/elliott.htm<\/a><\/p>\n<p><a href=\"#_ftnref71\" name=\"_ftn71\">[71]<\/a> <a href=\"https:\/\/pressbooks.pub\/delliott\/chapter\/chapter-xii1-harvard-university-and-the-cold-war\/\">https:\/\/pressbooks.pub\/delliott\/chapter\/chapter-xii1-harvard-university-and-the-cold-war\/<\/a><\/p>\n<p><a href=\"#_ftnref72\" name=\"_ftn72\">[72]<\/a> <a href=\"https:\/\/pressbooks.pub\/delliott\/chapter\/chapter-xii1-harvard-university-and-the-cold-war\/\">https:\/\/pressbooks.pub\/delliott\/chapter\/chapter-xii1-harvard-university-and-the-cold-war\/<\/a><\/p>\n<p><a href=\"#_ftnref73\" name=\"_ftn73\">[73]<\/a> Thomas A. Schwarz, \u00ab\u00a0Henry Kissinger and American Power\u00a0\u00bb &#8211; a political biography, Hill and Wang, New York, 2020, p. 31<\/p>\n<p><a href=\"#_ftnref74\" name=\"_ftn74\">[74]<\/a> The New York Times, August 26, 1951, p. 56<\/p>\n<p><a href=\"#_ftnref75\" name=\"_ftn75\">[75]<\/a> Thomas A. Schwarz, \u00ab\u00a0Henry Kissinger and American Power\u00a0\u00bb &#8211; a political biography, Hill and Wang, New York, 2020, p. 32<\/p>\n<p><a href=\"#_ftnref76\" name=\"_ftn76\">[76]<\/a> Thomas A. Schwarz, \u00ab\u00a0Henry Kissinger and American Power\u00a0\u00bb &#8211; a political biography, Hill and Wang, New York, 2020, p. 33<\/p>\n<p><a href=\"#_ftnref77\" name=\"_ftn77\">[77]<\/a> Walter Isaacson, \u00ab\u00a0Kissinger: a biography\u00a0\u00bb, Simon &amp; Schuster, New York, 1992, p. 70<\/p>\n<p><a href=\"#_ftnref78\" name=\"_ftn78\">[78]<\/a> Jeremi Suri, \u00ab\u00a0Henry Kissinger and the American Century\u00a0\u00bb, Harvard University Press, 2007, pp. 122-123<\/p>\n<p><a href=\"#_ftnref79\" name=\"_ftn79\">[79]<\/a> <a href=\"https:\/\/wcfia.harvard.edu\/about\/theory-and-practice-harvards-center-international-affairs-1958%E2%80%931983\">https:\/\/wcfia.harvard.edu\/about\/theory-and-practice-harvards-center-international-affairs-1958%E2%80%931983<\/a><\/p>\n<p><a href=\"#_ftnref80\" name=\"_ftn80\">[80]<\/a> Holger Klitzing, \u00ab\u00a0The Nemesis of Stability: Henry A. Kissinger&rsquo;s Ambivalent Relationship with Germany\u00a0\u00bb, WVT, Wissenschaftlicher Verlag Trier, 2007, p. 81<\/p>\n<p><a href=\"#_ftnref81\" name=\"_ftn81\">[81]<\/a> <a href=\"https:\/\/archives-manuscripts.dartmouth.edu\/agents\/people\/739\">https:\/\/archives-manuscripts.dartmouth.edu\/agents\/people\/739<\/a><\/p>\n<p><a href=\"#_ftnref82\" name=\"_ftn82\">[82]<\/a> Holger Klitzing, \u00ab\u00a0The Nemesis of Stability: Henry A. Kissinger&rsquo;s Ambivalent Relationship with Germany\u00a0\u00bb, WVT, Wissenschaftlicher Verlag Trier, 2007, p. 81<\/p>\n<p><a href=\"#_ftnref83\" name=\"_ftn83\">[83]<\/a> Holger Klitzing, \u00ab\u00a0The Nemesis of Stability: Henry A. Kissinger&rsquo;s Ambivalent Relationship with Germany\u00a0\u00bb, WVT, Wissenschaftlicher Verlag Trier, 2007, p. 85<\/p>\n<p><a href=\"#_ftnref84\" name=\"_ftn84\">[84]<\/a> Susan Maret, \u00ab\u00a0Murky Projects and Uneven Information Policies: A Case Study of the Psychological Strategy Board and CIA\u201d, Secrecy and Society, Vol. 1, No. 2, Art. 6, 2018, p. 1<\/p>\n<p><a href=\"#_ftnref85\" name=\"_ftn85\">[85]<\/a> Gary D. Rawnsley, \u00ab\u00a0Cold-War propaganda in the 1950s\u00a0\u00bb, St. Martin&rsquo;s Press, 1999, p. 2<\/p>\n<p><a href=\"#_ftnref86\" name=\"_ftn86\">[86]<\/a> Susan Maret, \u00ab\u00a0Murky Projects and Uneven Information Policies: A Case Study of the Psychological Strategy Board and CIA\u201d, Secrecy and Society, Vol. 1, No. 2, Art. 6, 2018, pp. 7-8<\/p>\n<p><a href=\"#_ftnref87\" name=\"_ftn87\">[87]<\/a> <a href=\"https:\/\/publicintelligence.net\/cia-bluebird\/\">https:\/\/publicintelligence.net\/cia-bluebird\/<\/a> ; <a href=\"https:\/\/unredacted.com\/2010\/04\/23\/document-friday-project-artichoke-or-the-cia-attempt-to-create-a-manchurian-candidate\/\">https:\/\/unredacted.com\/2010\/04\/23\/document-friday-project-artichoke-or-the-cia-attempt-to-create-a-manchurian-candidate\/<\/a> ; <a href=\"https:\/\/www.nytimes.com\/1977\/09\/03\/archives\/cia-says-it-found-more-secret-papers-on-behavior-control-senate.html\">https:\/\/www.nytimes.com\/1977\/09\/03\/archives\/cia-says-it-found-more-secret-papers-on-behavior-control-senate.html<\/a><\/p>\n<p><a href=\"#_ftnref88\" name=\"_ftn88\">[88]<\/a> Luca Mershed, \u00ab\u00a0L&rsquo;Operazione Odessa e la diffusione del nazismo in Argentina e nelle Americhe\u00a0\u00bb, Universit\u00e0 La Sapienza, Facolt\u00e0 di Scienze Politiche, Sociologia e Comunicazione, Dottorato di Ricerca in Studi Politici, Roma, 2019, pp. 193-194<\/p>\n<p><a href=\"#_ftnref89\" name=\"_ftn89\">[89]<\/a> <a href=\"https:\/\/www.trumanlibrary.gov\/library\/truman-papers\/harry-s-truman-papers-staff-member-and-office-files-psychological-strategy\">https:\/\/www.trumanlibrary.gov\/library\/truman-papers\/harry-s-truman-papers-staff-member-and-office-files-psychological-strategy<\/a><\/p>\n<p><a href=\"#_ftnref90\" name=\"_ftn90\">[90]<\/a> Edward P. Lilly, \u201cThe Psychology Strategy Board and its Predecessors: Foreign Policy Coordination 1938-1953\u201d, in Gaetano L. Vincitorio (ed.), \u201cStudies in Modern History\u201d, St. John&rsquo;s University Press, 1968, p. 363<\/p>\n<p><a href=\"#_ftnref91\" name=\"_ftn91\">[91]<\/a> Holger Klitzing, \u00ab\u00a0The Nemesis of Stability: Henry A. Kissinger&rsquo;s Ambivalent Relationship with Germany\u00a0\u00bb, WVT, Wissenschaftlicher Verlag Trier, 2007, p. 85<\/p>\n<p><a href=\"#_ftnref92\" name=\"_ftn92\">[92]<\/a> Holger Klitzing, \u00ab\u00a0The Nemesis of Stability: Henry A. Kissinger&rsquo;s Ambivalent Relationship with Germany\u00a0\u00bb, WVT, Wissenschaftlicher Verlag Trier, 2007, pp. 89-90<\/p>\n<p><a href=\"#_ftnref93\" name=\"_ftn93\">[93]<\/a> <a href=\"https:\/\/archive.org\/details\/nuclearweaponsfo00kiss\">https:\/\/archive.org\/details\/nuclearweaponsfo00kiss<\/a><\/p>\n<p><a href=\"#_ftnref94\" name=\"_ftn94\">[94]<\/a> Henry A. Kissinger, \u201cNuclear Weapons and Foreign Policy\u201d, Harper &amp; Brothers, New York, 1957, p. 42<\/p>\n<p><a href=\"#_ftnref95\" name=\"_ftn95\">[95]<\/a> Henry A. Kissinger, \u201cNuclear Weapons and Foreign Policy\u201d, Harper &amp; Brothers, New York, 1957, p. 339<\/p>\n<p><a href=\"#_ftnref96\" name=\"_ftn96\">[96]<\/a> <a href=\"https:\/\/www.trumanlibrary.gov\/photograph-records\/97-1869\">https:\/\/www.trumanlibrary.gov\/photograph-records\/97-1869<\/a><\/p>\n<p><a href=\"#_ftnref97\" name=\"_ftn97\">[97]<\/a> <a href=\"https:\/\/www.hdg.de\/lemo\/kapitel\/geteiltes-deutschland-gruenderjahre\/deutsche-frage\/zwei-staaten-theorie.html\">https:\/\/www.hdg.de\/lemo\/kapitel\/geteiltes-deutschland-gruenderjahre\/deutsche-frage\/zwei-staaten-theorie.html<\/a><\/p>\n<p><a href=\"#_ftnref98\" name=\"_ftn98\">[98]<\/a> <a href=\"https:\/\/www.politico.com\/story\/2010\/07\/ike-offers-open-skies-plan-at-geneva-summit-july-21-1955-039988\">https:\/\/www.politico.com\/story\/2010\/07\/ike-offers-open-skies-plan-at-geneva-summit-july-21-1955-039988<\/a><\/p>\n<p><a href=\"#_ftnref99\" name=\"_ftn99\">[99]<\/a> Jessica C. E. Gienow-Hecht, Frank Schumacher, \u00ab\u00a0Culture and International History\u00a0\u00bb, Berghahn Books, 2003,p. 259<\/p>\n<p><a href=\"#_ftnref100\" name=\"_ftn100\">[100]<\/a> Holger Klitzing, \u00ab\u00a0The Nemesis of Stability: Henry A. Kissinger&rsquo;s Ambivalent Relationship with Germany\u00a0\u00bb, WVT, Wissenschaftlicher Verlag Trier, 2007, pp. 92-93<\/p>\n<p><a href=\"#_ftnref101\" name=\"_ftn101\">[101]<\/a> <a href=\"https:\/\/dimes.rockarch.org\/collections\/g65L6fRBpy4f5hiYC8Dzui\">https:\/\/dimes.rockarch.org\/collections\/g65L6fRBpy4f5hiYC8Dzui<\/a><\/p>\n<p><a href=\"#_ftnref102\" name=\"_ftn102\">[102]<\/a> Walter Isaacson, \u00ab\u00a0Kissinger: a biography\u00a0\u00bb, Simon &amp; Schuster, New York, 1992, p. 83<\/p>\n<p><a href=\"#_ftnref103\" name=\"_ftn103\">[103]<\/a> Thomas A. Schwarz, \u00ab\u00a0Henry Kissinger and American Power\u00a0\u00bb &#8211; a political biography, Hill and Wang, New York, 2020, p. 42<\/p>\n<p><a href=\"#_ftnref104\" name=\"_ftn104\">[104]<\/a> Thomas A. Schwarz, \u00ab\u00a0Henry Kissinger and American Power\u00a0\u00bb &#8211; a political biography, Hill and Wang, New York, 2020, p. 44<\/p>\n<p><a href=\"#_ftnref105\" name=\"_ftn105\">[105]<\/a> <a href=\"https:\/\/www.amazon.com\/Vintage-Kissinger-conference-beside-Rockefeller\/dp\/B07LB7YR3R\">https:\/\/www.amazon.com\/Vintage-Kissinger-conference-beside-Rockefeller\/dp\/B07LB7YR3R<\/a><\/p>\n<p><a href=\"#_ftnref106\" name=\"_ftn106\">[106]<\/a> <a href=\"https:\/\/www.cfr.org\/henry-kissinger-chair-us-foreign-policy\">https:\/\/www.cfr.org\/henry-kissinger-chair-us-foreign-policy<\/a><\/p>\n<p><a href=\"#_ftnref107\" name=\"_ftn107\">[107]<\/a> <a href=\"https:\/\/www.nytimes.com\/2017\/05\/26\/us\/zbigniew-brzezinski-dead-national-security-adviser-to-carter.html\">https:\/\/www.nytimes.com\/2017\/05\/26\/us\/zbigniew-brzezinski-dead-national-security-adviser-to-carter.html<\/a><\/p>\n<p><a href=\"#_ftnref108\" name=\"_ftn108\">[108]<\/a> <a href=\"https:\/\/www.csis.org\/features\/zbigniew-k-brzezinski\">https:\/\/www.csis.org\/features\/zbigniew-k-brzezinski<\/a><\/p>\n<p><a href=\"#_ftnref109\" name=\"_ftn109\">[109]<\/a> <a href=\"https:\/\/www.nytimes.com\/2017\/03\/20\/business\/david-rockefeller-dead-chase-manhattan-banker.html\">https:\/\/www.nytimes.com\/2017\/03\/20\/business\/david-rockefeller-dead-chase-manhattan-banker.html<\/a><\/p>\n<p><a href=\"#_ftnref110\" name=\"_ftn110\">[110]<\/a> <a href=\"https:\/\/www.trilateral.org\/\">https:\/\/www.trilateral.org\/<\/a><\/p>\n<p><a href=\"#_ftnref111\" name=\"_ftn111\">[111]<\/a> <a href=\"https:\/\/www.washingtonpost.com\/archive\/lifestyle\/1992\/04\/25\/beware-the-trilateral-commission\/59c48198-9479-4c80-a70a-a1518b5bcfff\/\">https:\/\/www.washingtonpost.com\/archive\/lifestyle\/1992\/04\/25\/beware-the-trilateral-commission\/59c48198-9479-4c80-a70a-a1518b5bcfff\/<\/a><\/p>\n<p><a href=\"#_ftnref112\" name=\"_ftn112\">[112]<\/a> Holly Sklar, <em>Trilateralism: The Trilateral Commission and Elite Planning for World Management<\/em>. South End Press, Boston 1980<\/p>\n<p><a href=\"#_ftnref113\" name=\"_ftn113\">[113]<\/a> Gian Trepp, <em>Swiss Connection<\/em>, Unions Verlag, Z\u00fcrich 1999, pages 358-391; <a href=\"https:\/\/www.publiceye.ch\/en\/topics\/corruption\/switzerland-offshore-welcome-to-shell-company-paradise\/in-ticino-fiduciary-firms-get-involved-in-fashion-commodity-trading-and-hidden-cash-flows\">https:\/\/www.publiceye.ch\/en\/topics\/corruption\/switzerland-offshore-welcome-to-shell-company-paradise\/in-ticino-fiduciary-firms-get-involved-in-fashion-commodity-trading-and-hidden-cash-flows<\/a><\/p>\n<p><a href=\"#_ftnref114\" name=\"_ftn114\">[114]<\/a> Michel J. Crozier, Samuel P. Huntington, Joji Watanuki, \u00ab\u00a0The Crisis of Democracy &#8211; Trilateral Commission\u00a0\u00bb, Report on the Governability of Democracies to the Trilateral Commission, New York University Press, 1975, pp. 127-129<\/p>\n<p><a href=\"#_ftnref115\" name=\"_ftn115\">[115]<\/a> <a href=\"https:\/\/digitalcommons.law.lsu.edu\/nuremberg_photos\/94\/\">https:\/\/digitalcommons.law.lsu.edu\/nuremberg_photos\/94\/<\/a><\/p>\n<p><a href=\"#_ftnref116\" name=\"_ftn116\">[116]<\/a> Res Strehle, Gian Trepp, Barbara Weyermann, \u00ab\u00a0Ganz oben &#8211; 125 Jahre Schweizerische Bankgesellschaft\u00a0\u00bb, Limmat Verlag, 1987, p. 84<\/p>\n<p><a href=\"#_ftnref117\" name=\"_ftn117\">[117]<\/a> Hermann Schmitz, <em>Deutschlands einzige Rettung<\/em>, HaDek Verlag, Hannover 1931<\/p>\n<p><a href=\"#_ftnref118\" name=\"_ftn118\">[118]<\/a> Robert Liefmann, <em>Beteiligungs- und Finanzierungsgesellschafte<\/em>, Leipzig 1913<\/p>\n<p><a href=\"#_ftnref119\" name=\"_ftn119\">[119]<\/a> Walther Rathenau: <em>Die Organisation der Rohstoffverteilung, <\/em>manoscritto conservato nella Deutsche Nationalbibliothek di Lipsia, 1914<\/p>\n<p><a href=\"#_ftnref120\" name=\"_ftn120\">[120]<\/a> Joseph Borkin, \u00ab\u00a0The crime and punishment of I.G. Farben\u00a0\u00bb, New York: Free Press, 1978, pp. 132-133<\/p>\n<p><a href=\"#_ftnref121\" name=\"_ftn121\">[121]<\/a> Joseph Borkin, \u00ab\u00a0The crime and punishment of I.G. Farben\u00a0\u00bb, New York: Free Press, 1978, pp. 122-123<\/p>\n<p><a href=\"#_ftnref122\" name=\"_ftn122\">[122]<\/a> <a href=\"http:\/\/www.wollheim-memorial.de\/en\/kz_bunamonowitz_en\">http:\/\/www.wollheim-memorial.de\/en\/kz_bunamonowitz_en<\/a><\/p>\n<p><a href=\"#_ftnref123\" name=\"_ftn123\">[123]<\/a> <a href=\"https:\/\/www.chemie.de\/lexikon\/Buna-Werke.html\">https:\/\/www.chemie.de\/lexikon\/Buna-Werke.html<\/a><\/p>\n<p><a href=\"#_ftnref124\" name=\"_ftn124\">[124]<\/a> Joseph Borkin, \u00ab\u00a0The crime and punishment of I.G. Farben\u00a0\u00bb, Free Press, New York, 1978, p. 93<\/p>\n<p><a href=\"#_ftnref125\" name=\"_ftn125\">[125]<\/a> <a href=\"https:\/\/www.nytimes.com\/1978\/08\/06\/archives\/with-a-branch-at-auschwitz-farben.html\">https:\/\/www.nytimes.com\/1978\/08\/06\/archives\/with-a-branch-at-auschwitz-farben.html<\/a><\/p>\n<p><a href=\"#_ftnref126\" name=\"_ftn126\">[126]<\/a> <a href=\"https:\/\/www.wsj.com\/articles\/SB951271524654360876\">https:\/\/www.wsj.com\/articles\/SB951271524654360876<\/a><\/p>\n<p><a href=\"#_ftnref127\" name=\"_ftn127\">[127]<\/a> <a href=\"http:\/\/rochester.indymedia.org\/node\/1403\">http:\/\/rochester.indymedia.org\/node\/1403<\/a><\/p>\n<p><a href=\"#_ftnref128\" name=\"_ftn128\">[128]<\/a> Alfred D. Chandler, \u00ab\u00a0Scale and Scope: The Dynamics of Industrial Capitalism\u00a0\u00bb, Harvard University Press, 1994, pp. 573-574<\/p>\n<p><a href=\"#_ftnref129\" name=\"_ftn129\">[129]<\/a> Alfred D. Chandler, \u00ab\u00a0Scale and Scope: The Dynamics of Industrial Capitalism\u00a0\u00bb, Harvard University Press, 1994, pp. 573-574<\/p>\n<p><a href=\"#_ftnref130\" name=\"_ftn130\">[130]<\/a> <a href=\"https:\/\/www.wikiwand.com\/de\/Deutsche_L%C3%A4nderbank#Media\/Datei:Berlin,_Unter_den_Linden_78_im_Jahr_1925.1.jpg\">https:\/\/www.wikiwand.com\/de\/Deutsche_L%C3%A4nderbank#Media\/Datei:Berlin,_Unter_den_Linden_78_im_Jahr_1925.1.jpg<\/a><\/p>\n<p><a href=\"#_ftnref131\" name=\"_ftn131\">[131]<\/a> Res Strehle, Gian Trepp, Barbara Weyermann, \u00ab\u00a0Ganz oben &#8211; 125 Jahre Schweizerische Bankgesellschaft\u00a0\u00bb, Limmat Verlag, 1987, pp. 84-85<\/p>\n<p><a href=\"#_ftnref132\" name=\"_ftn132\">[132]<\/a> <a href=\"https:\/\/www.erih.net\/how-it-started\/stories-about-people-biographies\/biography\/geigy-merian\">https:\/\/www.erih.net\/how-it-started\/stories-about-people-biographies\/biography\/geigy-merian<\/a><\/p>\n<p><a href=\"#_ftnref133\" name=\"_ftn133\">[133]<\/a> <a href=\"https:\/\/zeitzeugengw.de\/Industrie\/Geigy\/Schweizer%20Chemieunternehmen%20im.pdf\">https:\/\/zeitzeugengw.de\/Industrie\/Geigy\/Schweizer%20Chemieunternehmen%20im.pdf<\/a><\/p>\n<p><a href=\"#_ftnref134\" name=\"_ftn134\">[134]<\/a> <a href=\"https:\/\/www.company-histories.com\/GAF-Corporation-Company-History.html\">https:\/\/www.company-histories.com\/GAF-Corporation-Company-History.html<\/a><\/p>\n<p><a href=\"#_ftnref135\" name=\"_ftn135\">[135]<\/a> <a href=\"https:\/\/content.time.com\/time\/subscriber\/article\/0,33009,795457,00.html\">https:\/\/content.time.com\/time\/subscriber\/article\/0,33009,795457,00.html<\/a><\/p>\n<p><a href=\"#_ftnref136\" name=\"_ftn136\">[136]<\/a> <a href=\"https:\/\/www.washingtonpost.com\/wp-srv\/national\/daily\/nov98\/nazicars30.htm\">https:\/\/www.washingtonpost.com\/wp-srv\/national\/daily\/nov98\/nazicars30.htm<\/a><\/p>\n<p><a href=\"#_ftnref137\" name=\"_ftn137\">[137]<\/a> <a href=\"https:\/\/perspectives.ushmm.org\/item\/the-international-jew-the-worlds-foremost-problem\">https:\/\/perspectives.ushmm.org\/item\/the-international-jew-the-worlds-foremost-problem<\/a><\/p>\n<p><a href=\"#_ftnref138\" name=\"_ftn138\">[138]<\/a> Res Strehle, Gian Trepp, Barbara Weyermann, \u00ab\u00a0Ganz oben &#8211; 125 Jahre Schweizerische Bankgesellschaft\u00a0\u00bb, Limmat Verlag, 1987, p. 86<\/p>\n<p><a href=\"#_ftnref139\" name=\"_ftn139\">[139]<\/a> Joseph Borkin, \u00ab\u00a0The crime and punishment of I.G. Farben\u00a0\u00bb, New York : Free Press, 1978, pp. 190-191<\/p>\n<p><a href=\"#_ftnref140\" name=\"_ftn140\">[140]<\/a> <a href=\"https:\/\/www.spiegel.de\/geschichte\/henry-ford-und-die-nazis-a-947358.html\">https:\/\/www.spiegel.de\/geschichte\/henry-ford-und-die-nazis-a-947358.html<\/a> ; <a href=\"https:\/\/theintercept.com\/2020\/05\/22\/trump-hails-good-bloodlines-henry-ford-whose-anti-semitism-inspired-hitler\/\">https:\/\/theintercept.com\/2020\/05\/22\/trump-hails-good-bloodlines-henry-ford-whose-anti-semitism-inspired-hitler\/<\/a><\/p>\n<p><a href=\"#_ftnref141\" name=\"_ftn141\">[141]<\/a> Res Strehle, Gian Trepp, Barbara Weyermann, \u00ab\u00a0Ganz oben &#8211; 125 Jahre Schweizerische Bankgesellschaft\u00a0\u00bb, Limmat Verlag, 1987, p. 87<\/p>\n<p><a href=\"#_ftnref142\" name=\"_ftn142\">[142]<\/a> Joseph Borkin, \u00ab\u00a0The crime and punishment of I.G. Farben\u00a0\u00bb, New York : Free Press, 1978, p. 193<\/p>\n<p><a href=\"#_ftnref143\" name=\"_ftn143\">[143]<\/a> Malcolm S. Mason, \u00ab\u00a0The General Aniline &amp; Film Co. Case\u00a0\u00bb, in \u00ab\u00a0Proceedings of the American Society of International Law at Its Annual Meeting (1921-1969)\u00a0\u00bb, Vol. 52, International Law and the Political Process (April 24-26, 1958), Cambridge University Press, p. 118<\/p>\n<p><a href=\"#_ftnref144\" name=\"_ftn144\">[144]<\/a> <a href=\"https:\/\/www.dw.com\/en\/stock-of-former-nazi-chemicals-giant-to-be-delisted\/a-15327052\">https:\/\/www.dw.com\/en\/stock-of-former-nazi-chemicals-giant-to-be-delisted\/a-15327052<\/a><\/p>\n<p><a href=\"#_ftnref145\" name=\"_ftn145\">[145]<\/a> <a href=\"https:\/\/www.nytimes.com\/1999\/05\/02\/business\/the-business-world-ig-farben-a-lingering-relic-of-the-nazi-years.html\">https:\/\/www.nytimes.com\/1999\/05\/02\/business\/the-business-world-ig-farben-a-lingering-relic-of-the-nazi-years.html<\/a><\/p>\n<p><a href=\"#_ftnref146\" name=\"_ftn146\">[146]<\/a> <a href=\"https:\/\/www.dw.com\/en\/stock-of-former-nazi-chemicals-giant-to-be-delisted\/a-15327052\">https:\/\/www.dw.com\/en\/stock-of-former-nazi-chemicals-giant-to-be-delisted\/a-15327052<\/a><\/p>\n<p><a href=\"#_ftnref147\" name=\"_ftn147\">[147]<\/a> <a href=\"https:\/\/www.deutschlandfunkkultur.de\/die-prozesse-gegen-industrielle-ig-farben-100.html\">https:\/\/www.deutschlandfunkkultur.de\/die-prozesse-gegen-industrielle-ig-farben-100.html<\/a><\/p>\n<p><a href=\"#_ftnref148\" name=\"_ftn148\">[148]<\/a> Joseph Borkin, \u00ab\u00a0The crime and punishment of I.G. Farben\u00a0\u00bb, New York : Free Press, 1978, p. 204<\/p>\n<p><a href=\"#_ftnref149\" name=\"_ftn149\">[149]<\/a> Joseph Borkin, \u00ab\u00a0The crime and punishment of I.G. Farben\u00a0\u00bb, New York : Free Press, 1978, pp. 204-205<\/p>\n<p><a href=\"#_ftnref150\" name=\"_ftn150\">[150]<\/a> <a href=\"https:\/\/medium.com\/dan-sanchez\/the-dulles-brothers-and-their-legacy-of-perpetual-war-94191c41a653\">https:\/\/medium.com\/dan-sanchez\/the-dulles-brothers-and-their-legacy-of-perpetual-war-94191c41a653<\/a><\/p>\n<p><a href=\"#_ftnref151\" name=\"_ftn151\">[151]<\/a> <a href=\"https:\/\/history.state.gov\/departmenthistory\/people\/lansing-robert\">https:\/\/history.state.gov\/departmenthistory\/people\/lansing-robert<\/a><\/p>\n<p><a href=\"#_ftnref152\" name=\"_ftn152\">[152]<\/a> <a href=\"https:\/\/catalog.archives.gov\/id\/6948411\">https:\/\/catalog.archives.gov\/id\/6948411<\/a><\/p>\n<p><a href=\"#_ftnref153\" name=\"_ftn153\">[153]<\/a> <a href=\"https:\/\/www.scoop.co.nz\/stories\/HL0612\/S00194.htm\">https:\/\/www.scoop.co.nz\/stories\/HL0612\/S00194.htm<\/a><\/p>\n<p><a href=\"#_ftnref154\" name=\"_ftn154\">[154]<\/a> Joseph Borkin, \u00ab\u00a0The crime and punishment of I.G. Farben\u00a0\u00bb, New York: Free Press, 1978, pp. 208-209<\/p>\n<p><a href=\"#_ftnref155\" name=\"_ftn155\">[155]<\/a> Res Strehle, Gian Trepp, Barbara Weyermann, \u00ab\u00a0Ganz oben &#8211; 125 Jahre Schweizerische Bankgesellschaft\u00a0\u00bb, Limmat Verlag, 1987, pp. 89-90<\/p>\n<p><a href=\"#_ftnref156\" name=\"_ftn156\">[156]<\/a> Joseph Borkin, \u00ab\u00a0The crime and punishment of I.G. Farben\u00a0\u00bb, New York: Free Press, 1978, p. 209<\/p>\n<p><a href=\"#_ftnref157\" name=\"_ftn157\">[157]<\/a> Joseph Borkin, \u00ab\u00a0The crime and punishment of I.G. Farben\u00a0\u00bb, New York: Free Press, 1978, p. 210<\/p>\n<p><a href=\"#_ftnref158\" name=\"_ftn158\">[158]<\/a> <a href=\"https:\/\/declanoreilly.weebly.com\/seize--squander.html\">https:\/\/declanoreilly.weebly.com\/seize&#8211;squander.html<\/a><\/p>\n<p><a href=\"#_ftnref159\" name=\"_ftn159\">[159]<\/a> Res Strehle, Gian Trepp, Barbara Weyermann, \u00ab\u00a0Ganz oben &#8211; 125 Jahre Schweizerische Bankgesellschaft\u00a0\u00bb, Limmat Verlag, 1987, p. 90<\/p>\n<p><a href=\"#_ftnref160\" name=\"_ftn160\">[160]<\/a> <a href=\"https:\/\/www.e-periodica.ch\/cntmng?pid=bzg-002%3A1991%3A91%3A%3A433\">https:\/\/www.e-periodica.ch\/cntmng?pid=bzg-002%3A1991%3A91%3A%3A433<\/a><\/p>\n<p><a href=\"#_ftnref161\" name=\"_ftn161\"><strong>[161]<\/strong><\/a> Richard Nikolaus Coudenhove-Kalergi, <em>Ein Leben f\u00fcr Europa<\/em>, Leipzig 2019<\/p>\n<p><a href=\"#_ftnref162\" name=\"_ftn162\">[162]<\/a> <a href=\"https:\/\/hls-dhs-dss.ch\/it\/articles\/046887\/2011-02-03\/\">https:\/\/hls-dhs-dss.ch\/it\/articles\/046887\/2011-02-03\/<\/a> ; Res Strehle, Gian Trepp, Barbara Weyermann, \u00ab\u00a0Ganz oben &#8211; 125 Jahre Schweizerische Bankgesellschaft\u00a0\u00bb, Limmat Verlag, 1987, p. 91<\/p>\n<p><a href=\"#_ftnref163\" name=\"_ftn163\">[163]<\/a> <a href=\"https:\/\/www.uek.ch\/it\/schlussbericht\/Publikationen\/zusammenfassungen\/02interhandel.htm\">https:\/\/www.uek.ch\/it\/schlussbericht\/Publikationen\/zusammenfassungen\/02interhandel.htm<\/a><\/p>\n<p><a href=\"#_ftnref164\" name=\"_ftn164\">[164]<\/a> Declan O&rsquo;Reilly, \u00ab\u00a0Morals and Money: Ideology and Pragmatism in the Kennedy Administration\u2019s Settlement of the Interhandel-General Aniline &amp;Film Case 1962-1965\u00a0\u00bb, in JOURNAL OF ECONOMICS AND DEVELOPMENT STUDIES, Vol. 8, No. 2, American Research Institute for Policy Developmen, June 2020, p. 35<\/p>\n<p><a href=\"#_ftnref165\" name=\"_ftn165\">[165]<\/a> <a href=\"https:\/\/css.ethz.ch\/content\/dam\/ethz\/special-interest\/gess\/cis\/center-for-securities-studies\/pdfs\/ZB-82.pdf\">https:\/\/css.ethz.ch\/content\/dam\/ethz\/special-interest\/gess\/cis\/center-for-securities-studies\/pdfs\/ZB-82.pdf<\/a>, pages 43-46\u00a0; <a href=\"..\/..\/..\/..\/Downloads\/Florian\">Florian<\/a> Keller, <em>Botschafter Portr\u00e4ts<\/em>, Chronos Verlag, Z\u00fcrich 2017, pages 367-368; <a href=\"https:\/\/www.swissinfo.ch\/eng\/politics\/diplomatic-documentary_remembering-switzerland-s-role-in-the-american-hostage-crisis-in-iran\/44731268\">https:\/\/www.swissinfo.ch\/eng\/politics\/diplomatic-documentary_remembering-switzerland-s-role-in-the-american-hostage-crisis-in-iran\/44731268<\/a><\/p>\n<p><a href=\"#_ftnref166\" name=\"_ftn166\">[166]<\/a> Colloquio personale con Partick Martin del 13 novembre 2022<\/p>\n<p><a href=\"#_ftnref167\" name=\"_ftn167\">[167]<\/a> Res Strehle, Gian Trepp, Barbara Weyermann, \u00ab\u00a0Ganz oben &#8211; 125 Jahre Schweizerische Bankgesellschaft\u00a0\u00bb, Limmat Verlag, 1987, pp. 91-92<\/p>\n<p><a href=\"#_ftnref168\" name=\"_ftn168\">[168]<\/a> <a href=\"https:\/\/www.sueddeutsche.de\/politik\/henry-kissinger-staatskunst-richard-nixon-margaret-thatcher-globale-politik-globale-krisen-1.5631159\">https:\/\/www.sueddeutsche.de\/politik\/henry-kissinger-staatskunst-richard-nixon-margaret-thatcher-globale-politik-globale-krisen-1.5631159<\/a><\/p>\n<p><a href=\"#_ftnref169\" name=\"_ftn169\">[169]<\/a> <a href=\"https:\/\/www.jfklibrary.org\/asset-viewer\/archives\/MBPP\">https:\/\/www.jfklibrary.org\/asset-viewer\/archives\/MBPP<\/a><\/p>\n<p><a href=\"#_ftnref170\" name=\"_ftn170\">[170]<\/a> Thomas A. Schwarz, \u00ab\u00a0Henry Kissinger and American Power\u00a0\u00bb &#8211; a political biography, Hill and Wang, New York, 2020, pp. 43-45<\/p>\n<p><a href=\"#_ftnref171\" name=\"_ftn171\">[171]<\/a> <a href=\"https:\/\/wcfia.harvard.edu\/people\/in_memoriam\/rbowie\">https:\/\/wcfia.harvard.edu\/people\/in_memoriam\/rbowie<\/a><\/p>\n<p><a href=\"#_ftnref172\" name=\"_ftn172\">[172]<\/a> <a href=\"https:\/\/www.pulitzer.org\/article\/moral-necessity-society-marked-power\">https:\/\/www.pulitzer.org\/article\/moral-necessity-society-marked-power<\/a><\/p>\n<p><a href=\"#_ftnref173\" name=\"_ftn173\">[173]<\/a> Andrew Preston, \u00ab\u00a0The Little State Department: McGeorge Bundy and the National Security Council Staff, 1961-65\u00a0\u00bb, Presidential Studies Quarterly Vol. 31, No. 4, December 2001, p. 635<\/p>\n<p><a href=\"#_ftnref174\" name=\"_ftn174\">[174]<\/a> Thomas A. Schwarz, \u00ab\u00a0Henry Kissinger and American Power\u00a0\u00bb &#8211; a political biography, Hill and Wang, New York, 2020, pp. 48-51<\/p>\n<p><a href=\"#_ftnref175\" name=\"_ftn175\">[175]<\/a> <a href=\"https:\/\/www.americanforeignrelations.com\/E-N\/National-Security-Council-The-kennedy-and-johnson-years.html\">https:\/\/www.americanforeignrelations.com\/E-N\/National-Security-Council-The-kennedy-and-johnson-years.html<\/a><\/p>\n<p><a href=\"#_ftnref176\" name=\"_ftn176\">[176]<\/a> Thomas A. Schwarz, \u00ab\u00a0Henry Kissinger and American Power\u00a0\u00bb &#8211; a political biography, Hill and Wang, New York, 2020, p. 51<\/p>\n<p><a href=\"#_ftnref177\" name=\"_ftn177\">[177]<\/a> Robert H. Connery, \u201cNelson A. Rockefeller as Governor\u201d, Proceedings of the Academy of Political Science, Vol. 31, no. 3, 1974, p. 4<\/p>\n<p><a href=\"#_ftnref178\" name=\"_ftn178\">[178]<\/a> <a href=\"https:\/\/www.washingtonpost.com\/wp-srv\/politics\/daily\/may98\/goldwater30.htm\">https:\/\/www.washingtonpost.com\/wp-srv\/politics\/daily\/may98\/goldwater30.htm<\/a><\/p>\n<p><a href=\"#_ftnref179\" name=\"_ftn179\">[179]<\/a> <a href=\"https:\/\/www.jfklibrary.org\/sites\/default\/files\/archives\/JFKOH\/Lodge%2C%20Henry%20Cabot\/JFKOH-HCL-01\/JFKOH-HCL-01-TR.pdf\">https:\/\/www.jfklibrary.org\/sites\/default\/files\/archives\/JFKOH\/Lodge%2C%20Henry%20Cabot\/JFKOH-HCL-01\/JFKOH-HCL-01-TR.pdf<\/a><\/p>\n<p><a href=\"#_ftnref180\" name=\"_ftn180\">[180]<\/a> Thomas A. Schwarz, \u00ab\u00a0Henry Kissinger and American Power\u00a0\u00bb &#8211; a political biography, Hill and Wang, New York, 2020, p. 56<\/p>\n<p><a href=\"#_ftnref181\" name=\"_ftn181\">[181]<\/a> <a href=\"https:\/\/www.newyorker.com\/magazine\/2020\/05\/18\/the-myth-of-henry-kissinger\">https:\/\/www.newyorker.com\/magazine\/2020\/05\/18\/the-myth-of-henry-kissinger<\/a><\/p>\n<p><a href=\"#_ftnref182\" name=\"_ftn182\">[182]<\/a> <a href=\"https:\/\/www.nixonfoundation.org\/2015\/06\/the-formation-of-a-new-national-security-council\/\">https:\/\/www.nixonfoundation.org\/2015\/06\/the-formation-of-a-new-national-security-council\/<\/a> ; Thomas A. Schwarz, \u00ab\u00a0Henry Kissinger and American Power\u00a0\u00bb &#8211; a political biography, Hill and Wang, New York, 2020, p. 63<\/p>\n<p><a href=\"#_ftnref183\" name=\"_ftn183\">[183]<\/a> <a href=\"https:\/\/nsarchive2.gwu.edu\/NSAEBB\/NSAEBB503\/\">https:\/\/nsarchive2.gwu.edu\/NSAEBB\/NSAEBB503\/<\/a><\/p>\n<p><a href=\"#_ftnref184\" name=\"_ftn184\">[184]<\/a> <a href=\"https:\/\/www.nytimes.com\/1975\/02\/27\/archives\/the-kissinger-doctrine.html\">https:\/\/www.nytimes.com\/1975\/02\/27\/archives\/the-kissinger-doctrine.html<\/a><\/p>\n<p><a href=\"#_ftnref185\" name=\"_ftn185\">[185]<\/a> <a href=\"https:\/\/history.state.gov\/historicaldocuments\/frus1969-76v06\/d238\">https:\/\/history.state.gov\/historicaldocuments\/frus1969-76v06\/d238<\/a><\/p>\n<p><a href=\"#_ftnref186\" name=\"_ftn186\">[186]<\/a> <a href=\"https:\/\/www.bbc.com\/news\/world-asia-pacific-10684399\">https:\/\/www.bbc.com\/news\/world-asia-pacific-10684399<\/a> ; <a href=\"https:\/\/www.nytimes.com\/1975\/02\/27\/archives\/the-kissinger-doctrine.html\">https:\/\/www.nytimes.com\/1975\/02\/27\/archives\/the-kissinger-doctrine.html<\/a><\/p>\n<p><a href=\"#_ftnref187\" name=\"_ftn187\">[187]<\/a> <a href=\"https:\/\/www.sciencespo.fr\/mass-violence-war-massacre-resistance\/en\/document\/lon-nol.html\">https:\/\/www.sciencespo.fr\/mass-violence-war-massacre-resistance\/en\/document\/lon-nol.html<\/a><\/p>\n<p><a href=\"#_ftnref188\" name=\"_ftn188\">[188]<\/a> Giuseppe De Lutiis, <em>La strage. <\/em><em>L&rsquo;atto d&rsquo;accusa dei giudici di Bologna<\/em>. Editori Riuniti, Roma 1986; <a href=\"https:\/\/www.raiplay.it\/video\/2018\/08\/2-agosto-1980-la-strage-di-Bologna---02082018-ae566a8f-efcd-48c4-a785-f7e65996d946.html\">https:\/\/www.raiplay.it\/video\/2018\/08\/2-agosto-1980-la-strage-di-Bologna&#8212;02082018-ae566a8f-efcd-48c4-a785-f7e65996d946.html<\/a><\/p>\n<p><a href=\"#_ftnref189\" name=\"_ftn189\">[189]<\/a> <a href=\"https:\/\/ricerca.repubblica.it\/repubblica\/archivio\/repubblica\/1990\/12\/02\/morto-vito-miceli.html\">https:\/\/ricerca.repubblica.it\/repubblica\/archivio\/repubblica\/1990\/12\/02\/morto-vito-miceli.html<\/a><\/p>\n<p><a href=\"#_ftnref190\" name=\"_ftn190\">[190]<\/a> <a href=\"https:\/\/www.sicurezzanazionale.gov.it\/sisr.nsf\/chi-siamo\/la-nostra-storia.html#Il-sistema-nazionale-di-sicurezza-e-intelligence-nel-secondo-dopoguerra-1948-2007\">https:\/\/www.sicurezzanazionale.gov.it\/sisr.nsf\/chi-siamo\/la-nostra-storia.html#Il-sistema-nazionale-di-sicurezza-e-intelligence-nel-secondo-dopoguerra-1948-2007<\/a><\/p>\n<p><a href=\"#_ftnref191\" name=\"_ftn191\">[191]<\/a> <a href=\"https:\/\/www.repubblica.it\/politica\/2015\/12\/16\/news\/p2_i_nomi_piu_importanti_della_lista_gelli-129591682\/\">https:\/\/www.repubblica.it\/politica\/2015\/12\/16\/news\/p2_i_nomi_piu_importanti_della_lista_gelli-129591682\/<\/a><\/p>\n<p><a href=\"#_ftnref192\" name=\"_ftn192\">[192]<\/a> <a href=\"http:\/\/legislature.camera.it\/chiosco.asp?cp=1&amp;position=V%20Legislatura%20\/%20I%20Deputati&amp;content=deputati\/legislatureprecedenti\/Leg05\/framedeputato.asp?Deputato=d5690\">http:\/\/legislature.camera.it\/chiosco.asp?cp=1&amp;position=V%20Legislatura%20\/%20I%20Deputati&amp;content=deputati\/legislatureprecedenti\/Leg05\/framedeputato.asp?Deputato=d5690<\/a><\/p>\n<p><a href=\"#_ftnref193\" name=\"_ftn193\">[193]<\/a> <a href=\"https:\/\/ricerca.repubblica.it\/repubblica\/archivio\/repubblica\/1990\/12\/02\/morto-vito-miceli.html\">https:\/\/ricerca.repubblica.it\/repubblica\/archivio\/repubblica\/1990\/12\/02\/morto-vito-miceli.html<\/a><\/p>\n<p><a href=\"#_ftnref194\" name=\"_ftn194\">[194]<\/a> <a href=\"http:\/\/dati.camera.it\/ocd\/deputato.rdf\/d16140_7\">http:\/\/dati.camera.it\/ocd\/deputato.rdf\/d16140_7<\/a><\/p>\n<p><a href=\"#_ftnref195\" name=\"_ftn195\">[195]<\/a> <a href=\"https:\/\/history.state.gov\/departmenthistory\/people\/martin-graham-anderson\">https:\/\/history.state.gov\/departmenthistory\/people\/martin-graham-anderson<\/a><\/p>\n<p><a href=\"#_ftnref196\" name=\"_ftn196\">[196]<\/a> Mario Guarino, Fedora Raugei, \u201cLicio Gelli \u2013 Vita, misteri, scandali del capo della Loggia P2\u201d, edizioni Dedalo, 2016, p. 99<\/p>\n<p><a href=\"#_ftnref197\" name=\"_ftn197\">[197]<\/a> <a href=\"https:\/\/www.nytimes.com\/1976\/01\/30\/archives\/us-paid-800000-to-italian-general-cia-fought-move-us-gave-800000-to.html\">https:\/\/www.nytimes.com\/1976\/01\/30\/archives\/us-paid-800000-to-italian-general-cia-fought-move-us-gave-800000-to.html<\/a><\/p>\n<p><a href=\"#_ftnref198\" name=\"_ftn198\">[198]<\/a> <a href=\"https:\/\/www.nytimes.com\/1975\/01\/19\/archives\/the-secret-committee-called-40-at-least-in-theory-it-controls-the.html\">https:\/\/www.nytimes.com\/1975\/01\/19\/archives\/the-secret-committee-called-40-at-least-in-theory-it-controls-the.html<\/a><\/p>\n<p><a href=\"#_ftnref199\" name=\"_ftn199\">[199]<\/a> XIII legislatura \u2013 Disegni di legge e relazioni \u2013 Documenti \u2013 IV. 3 <em>La \u201cRosa dei Venti\u201d<\/em>, pp.177-185<\/p>\n<p><a href=\"#_ftnref200\" name=\"_ftn200\">[200]<\/a> XIII legislatura \u2013 Disegni di legge e relazioni \u2013 Documenti \u2013 IV. 3 <em>La \u201cRosa dei Venti\u201d<\/em>, p.189<\/p>\n<p><a href=\"#_ftnref201\" name=\"_ftn201\">[201]<\/a> <a href=\"https:\/\/hdgoe.at\/terrorismus-suedtirol\">https:\/\/hdgoe.at\/terrorismus-suedtirol<\/a><\/p>\n<p><a href=\"#_ftnref202\" name=\"_ftn202\">[202]<\/a> L&rsquo;Espresso, 14 febbraio 2008, pag. 85<\/p>\n<p><a href=\"#_ftnref203\" name=\"_ftn203\">[203]<\/a> <a href=\"https:\/\/ricerca.repubblica.it\/repubblica\/archivio\/repubblica\/2012\/07\/29\/la-strage-dimenticata.html\">https:\/\/ricerca.repubblica.it\/repubblica\/archivio\/repubblica\/2012\/07\/29\/la-strage-dimenticata.html<\/a> ; \u00a0<a href=\"https:\/\/www.theguardian.com\/world\/2007\/mar\/04\/race.otherparties\">https:\/\/www.theguardian.com\/world\/2007\/mar\/04\/race.otherparties<\/a> ; <a href=\"https:\/\/mappedimemoria.it\/stragi\/italicus\/la-strage\/\">https:\/\/mappedimemoria.it\/stragi\/italicus\/la-strage\/<\/a> ; <a href=\"https:\/\/www.strano.net\/stragi\/tstragi\/relmp2\/rel14p2.htm\">https:\/\/www.strano.net\/stragi\/tstragi\/relmp2\/rel14p2.htm<\/a><\/p>\n<p><a href=\"#_ftnref204\" name=\"_ftn204\">[204]<\/a> XIII legislatura \u2013 Disegni di legge e relazioni \u2013 Documenti \u2013 IV. 3 <em>La \u201cRosa dei Venti\u201d<\/em>, p.177 n. 168<\/p>\n<p><a href=\"#_ftnref205\" name=\"_ftn205\">[205]<\/a> XIII legislatura \u2013 Disegni di legge e relazioni \u2013 Documenti \u2013 IV. 3 <em>La \u201cRosa dei Venti\u201d<\/em>, p.189<\/p>\n<p><a href=\"#_ftnref206\" name=\"_ftn206\">[206]<\/a> Mario Guarino, Fedora Raugei, \u201cLicio Gelli \u2013 Vita, misteri, scandali del capo della Loggia P2\u201d, edizioni Dedalo, 2016, p. 80<\/p>\n<p><a href=\"#_ftnref207\" name=\"_ftn207\">[207]<\/a> <a href=\"https:\/\/www.scoop.co.nz\/stories\/HL0807\/S00195\/cia-network-of-stay-behind-secret-armies.htm\">https:\/\/www.scoop.co.nz\/stories\/HL0807\/S00195\/cia-network-of-stay-behind-secret-armies.htm<\/a><\/p>\n<p><a href=\"#_ftnref208\" name=\"_ftn208\">[208]<\/a> <a href=\"https:\/\/journals.sagepub.com\/doi\/full\/10.1177\/0968344520914345\">https:\/\/journals.sagepub.com\/doi\/full\/10.1177\/0968344520914345<\/a><\/p>\n<p><a href=\"#_ftnref209\" name=\"_ftn209\">[209]<\/a> <a href=\"https:\/\/www.yumpu.com\/it\/document\/view\/14954735\/la-connessione-svizzera-centro-studi-monetari\">https:\/\/www.yumpu.com\/it\/document\/view\/14954735\/la-connessione-svizzera-centro-studi-monetari<\/a> ; \u00a0<a href=\"http:\/\/documenti.camera.it\/leg17\/resoconti\/commissioni\/stenografici\/pdf\/24\/audiz2\/audizione\/2017\/11\/29\/leg.17.stencomm.data20171129.P1.com24.audiz2.audizione.0234.pdf\">http:\/\/documenti.camera.it\/leg17\/resoconti\/commissioni\/stenografici\/pdf\/24\/audiz2\/audizione\/2017\/11\/29\/leg.17.stencomm.data20171129.P1.com24.audiz2.audizione.0234.pdf<\/a> ; Gian Trepp, <em>Swiss Connection<\/em>, Unions, Z\u00fcrich 1999; <a href=\"http:\/\/documenti.camera.it\/leg17\/resoconti\/commissioni\/stenografici\/html\/24\/audiz2\/audizione\/2017\/11\/29\/indice_stenografico.0234.html\">http:\/\/documenti.camera.it\/leg17\/resoconti\/commissioni\/stenografici\/html\/24\/audiz2\/audizione\/2017\/11\/29\/indice_stenografico.0234.html<\/a><\/p>\n<p><a href=\"#_ftnref210\" name=\"_ftn210\">[210]<\/a> Gian Trepp, <em>Swiss Connection<\/em>, Unions Verlag, Z\u00fcrich 1999<\/p>\n<p><a href=\"#_ftnref211\" name=\"_ftn211\">[211]<\/a> Commissione Parlamentare d\u2019Inchiesta sul Terrorismo in Italia e sulle cause della mancata individuazione dei responsabili delle stragi, Legislatura XIII, doc. XXIII, n. 64, vol. 1, tomo II, pp. 101-102<\/p>\n<p><a href=\"#_ftnref212\" name=\"_ftn212\">[212]<\/a> Commissione Parlamentare d\u2019Inchiesta sul Terrorismo in Italia e sulle cause della mancata individuazione dei responsabili delle stragi, Legislatura X, Resoconti stenografici delle sedute, vol. 7, p. 384<\/p>\n<p><a href=\"#_ftnref213\" name=\"_ftn213\">[213]<\/a> Letizia Marini, \u00ab\u00a0Resistenza antisovietica e guerra al comunismo in Italia. Il ruolo degli Stati Uniti 1949-1974\u00a0\u00bb, Universit\u00e0 degli Studi di Macerata, 2020, p. 17<\/p>\n<p><a href=\"#_ftnref214\" name=\"_ftn214\">[214]<\/a> <a href=\"https:\/\/www.adnkronos.com\/membri-gladio-come-partigiani-siano-equiparati-a-militari_7mIXA5RKurJYdnavoHv9N2\">https:\/\/www.adnkronos.com\/membri-gladio-come-partigiani-siano-equiparati-a-militari_7mIXA5RKurJYdnavoHv9N2<\/a><\/p>\n<p><a href=\"#_ftnref215\" name=\"_ftn215\">[215]<\/a> <a href=\"https:\/\/www.stay-behind.it\/wp-content\/uploads\/2022\/01\/elenco-622-gladiatori.pdf\">https:\/\/www.stay-behind.it\/wp-content\/uploads\/2022\/01\/elenco-622-gladiatori.pdf<\/a><\/p>\n<p><a href=\"#_ftnref216\" name=\"_ftn216\">[216]<\/a> <a href=\"https:\/\/presidenti.quirinale.it\/page\/8\/cos-biografia.html\">https:\/\/presidenti.quirinale.it\/page\/8\/cos-biografia.html<\/a><\/p>\n<p><a href=\"#_ftnref217\" name=\"_ftn217\">[217]<\/a> <a href=\"https:\/\/www1.adnkronos.com\/Archivio\/AdnAgenzia\/2002\/05\/08\/Politica\/GLADIO-RIVELAZIONI-DI-TAVIANI-MANOVRA-CONTRO-COSSIGA_192200.php\">https:\/\/www1.adnkronos.com\/Archivio\/AdnAgenzia\/2002\/05\/08\/Politica\/GLADIO-RIVELAZIONI-DI-TAVIANI-MANOVRA-CONTRO-COSSIGA_192200.php<\/a><\/p>\n<p><a href=\"#_ftnref218\" name=\"_ftn218\">[218]<\/a> <a href=\"https:\/\/www.interno.gov.it\/it\/paolo-emilio-taviani\">https:\/\/www.interno.gov.it\/it\/paolo-emilio-taviani<\/a><\/p>\n<p><a href=\"#_ftnref219\" name=\"_ftn219\">[219]<\/a> <a href=\"https:\/\/ricerca.repubblica.it\/repubblica\/archivio\/repubblica\/1990\/11\/21\/un-gladio-in-mano-de-lorenzo.html\">https:\/\/ricerca.repubblica.it\/repubblica\/archivio\/repubblica\/1990\/11\/21\/un-gladio-in-mano-de-lorenzo.html<\/a><\/p>\n<p><a href=\"#_ftnref220\" name=\"_ftn220\">[220]<\/a> <a href=\"https:\/\/www.focus.it\/cultura\/storia\/la-verita-su-piazza-fontana\">https:\/\/www.focus.it\/cultura\/storia\/la-verita-su-piazza-fontana<\/a> ; <a href=\"https:\/\/www.ilsole24ore.com\/art\/strage-piazza-fontana-cosa-e-successo-milano-12-dicembre-1969-ACQuq72?refresh_ce=1\">https:\/\/www.ilsole24ore.com\/art\/strage-piazza-fontana-cosa-e-successo-milano-12-dicembre-1969-ACQuq72?refresh_ce=1<\/a> ; <a href=\"https:\/\/www.corriere.it\/cultura\/20_ottobre_16\/piazza-fontana-l-ombra-cia-l-indagine-riservata-taviani-64aa550c-0fac-11eb-8d21-ff516c396863.shtml\">https:\/\/www.corriere.it\/cultura\/20_ottobre_16\/piazza-fontana-l-ombra-cia-l-indagine-riservata-taviani-64aa550c-0fac-11eb-8d21-ff516c396863.shtml<\/a><\/p>\n<p><a href=\"#_ftnref221\" name=\"_ftn221\">[221]<\/a> <a href=\"https:\/\/www.cambridgeclarion.org\/press_cuttings\/vinciguerra.p2.etc_graun_5dec1990.html\">https:\/\/www.cambridgeclarion.org\/press_cuttings\/vinciguerra.p2.etc_graun_5dec1990.html<\/a><\/p>\n<p><a href=\"#_ftnref222\" name=\"_ftn222\">[222]<\/a> <a href=\"https:\/\/ricerca.repubblica.it\/repubblica\/archivio\/repubblica\/2000\/08\/04\/maletti-la-spia-latitante-la-cia-dietro.html\">https:\/\/ricerca.repubblica.it\/repubblica\/archivio\/repubblica\/2000\/08\/04\/maletti-la-spia-latitante-la-cia-dietro.html<\/a><\/p>\n<p><a href=\"#_ftnref223\" name=\"_ftn223\">[223]<\/a> <a href=\"https:\/\/milano.repubblica.it\/cronaca\/2021\/07\/19\/news\/gianadelio_maletti_morto_johannesburg_servizi_segreti_depistaggio_piazza_fontana_sid_pecorelli_loggia_p2-310867564\/\">https:\/\/milano.repubblica.it\/cronaca\/2021\/07\/19\/news\/gianadelio_maletti_morto_johannesburg_servizi_segreti_depistaggio_piazza_fontana_sid_pecorelli_loggia_p2-310867564\/<\/a><\/p>\n<p><a href=\"#_ftnref224\" name=\"_ftn224\">[224]<\/a> <a href=\"https:\/\/www.repubblica.it\/politica\/2015\/12\/16\/news\/p2_i_nomi_piu_importanti_della_lista_gelli-129591682\/\">https:\/\/www.repubblica.it\/politica\/2015\/12\/16\/news\/p2_i_nomi_piu_importanti_della_lista_gelli-129591682\/<\/a><\/p>\n<p><a href=\"#_ftnref225\" name=\"_ftn225\">[225]<\/a> <a href=\"https:\/\/www.repubblica.it\/politica\/2022\/04\/15\/news\/al_senato_lelogio_di_gianadelio_maletti_il_generale_coinvolto_nello_stragismo-345530720\/\">https:\/\/www.repubblica.it\/politica\/2022\/04\/15\/news\/al_senato_lelogio_di_gianadelio_maletti_il_generale_coinvolto_nello_stragismo-345530720\/<\/a><\/p>\n<p><a href=\"#_ftnref226\" name=\"_ftn226\">[226]<\/a> <a href=\"https:\/\/www.scoop.co.nz\/stories\/HL0807\/S00195\/cia-network-of-stay-behind-secret-armies.htm\">https:\/\/www.scoop.co.nz\/stories\/HL0807\/S00195\/cia-network-of-stay-behind-secret-armies.htm<\/a><\/p>\n<p><a href=\"#_ftnref227\" name=\"_ftn227\">[227]<\/a> <a href=\"https:\/\/www.parlamento.it\/parlam\/bicam\/terror\/stenografici\/steno72.htm\">https:\/\/www.parlamento.it\/parlam\/bicam\/terror\/stenografici\/steno72.htm<\/a><\/p>\n<p><a href=\"#_ftnref228\" name=\"_ftn228\">[228]<\/a> <a href=\"http:\/\/www.strano.net\/stragi\/stragi\/p2\/elep2.htm\">http:\/\/www.strano.net\/stragi\/stragi\/p2\/elep2.htm<\/a><\/p>\n<p><a href=\"#_ftnref229\" name=\"_ftn229\">[229]<\/a> <a href=\"http:\/\/www.strano.net\/stragi\/stragi\/p2\/elep2.htm\">http:\/\/www.strano.net\/stragi\/stragi\/p2\/elep2.htm<\/a><\/p>\n<p><a href=\"#_ftnref230\" name=\"_ftn230\">[230]<\/a> <a href=\"http:\/\/www.strano.net\/stragi\/stragi\/p2\/elep2.htm\">http:\/\/www.strano.net\/stragi\/stragi\/p2\/elep2.htm<\/a><\/p>\n<p><a href=\"#_ftnref231\" name=\"_ftn231\">[231]<\/a> Commissione parlamentare d&rsquo;inchiesta sulla Loggia Massonica P2, Legislatura IX, Relazione di minoranza dell&rsquo;onorevole Giorgio Pisan\u00f2, p. 132<\/p>\n<p><a href=\"#_ftnref232\" name=\"_ftn232\">[232]<\/a> Commissione Parlamentare d\u2019Inchiesta sul Terrorismo in Italia e sulle cause della mancata individuazione dei responsabili delle stragi, Legislatura XIII, Doc. XXIII n. 64, Vol I, Tomo II, Stragi e terrorismo in Italia dal dopoguerra al 1974, p. 159<\/p>\n<p><a href=\"#_ftnref233\" name=\"_ftn233\">[233]<\/a> Commissione Parlamentare d\u2019Inchiesta sul Terrorismo in Italia e sulle cause della mancata individuazione dei responsabili delle stragi, Legislatura XIII, Doc. XXIII n. 64, Vol I, Tomo II, Stragi e terrorismo in Italia dal dopoguerra al 1974, pp. 161-163<\/p>\n<p><a href=\"#_ftnref234\" name=\"_ftn234\">[234]<\/a> Commissione parlamentare d\u2019inchiesta sul fenomeno della Mafia e sulle Associazioni criminali similari, Legislatura XI, seduta del 16 novembre 1992, Audizione del collaboratore della giustizia Tommaso Buscetta, p. 370<\/p>\n<p><a href=\"#_ftnref235\" name=\"_ftn235\">[235]<\/a> Francesco M. Biscione, \u00ab\u00a0Il partito del golpe nella strategia della tensione\u00a0\u00bb, in \u00ab\u00a0Dimensioni e problemi della ricerca storica\u00a0\u00bb, Rivista del Dipartimento di Storia Antropologia Religioni Arte Spettacolo della Sapienza Universit\u00e0 di Roma, n. 2, 2020, p. 44<\/p>\n<p><a href=\"#_ftnref236\" name=\"_ftn236\">[236]<\/a> Francesco M. Biscione, \u00ab\u00a0Il partito del golpe nella strategia della tensione\u00a0\u00bb, in \u00ab\u00a0Dimensioni e problemi della ricerca storica\u00a0\u00bb, Rivista del Dipartimento di Storia Antropologia Religioni Arte Spettacolo della Sapienza Universit\u00e0 di Roma, n. 2, 2020, pp. 51-52<\/p>\n<p><a href=\"#_ftnref237\" name=\"_ftn237\">[237]<\/a> Tim Weiner, \u00ab\u00a0Legacy of Ashes: The History of the CIA\u00a0\u00bb, Doubleday, 2007, p. 299<\/p>\n<p><a href=\"#_ftnref238\" name=\"_ftn238\">[238]<\/a> Francesco M. Biscione, \u00ab\u00a0Il partito del golpe nella strategia della tensione\u00a0\u00bb, in \u00ab\u00a0Dimensioni e problemi della ricerca storica\u00a0\u00bb, Rivista del Dipartimento di Storia Antropologia Religioni Arte Spettacolo della Sapienza Universit\u00e0 di Roma, n. 2, 2020, pp. 51-52<\/p>\n<p><a href=\"#_ftnref239\" name=\"_ftn239\">[239]<\/a> <a href=\"https:\/\/www.lacittafutura.it\/interni\/la-natura-classista-dello-stato-ii-parte\">https:\/\/www.lacittafutura.it\/interni\/la-natura-classista-dello-stato-ii-parte<\/a><\/p>\n<p><a href=\"#_ftnref240\" name=\"_ftn240\">[240]<\/a> <a href=\"https:\/\/www.repubblica.it\/politica\/2015\/12\/16\/news\/p2_i_nomi_piu_importanti_della_lista_gelli-129591682\/\">https:\/\/www.repubblica.it\/politica\/2015\/12\/16\/news\/p2_i_nomi_piu_importanti_della_lista_gelli-129591682\/<\/a><\/p>\n<p><a href=\"#_ftnref241\" name=\"_ftn241\">[241]<\/a> <a href=\"https:\/\/www.repubblica.it\/politica\/2015\/12\/16\/news\/p2_i_nomi_piu_importanti_della_lista_gelli-129591682\/\">https:\/\/www.repubblica.it\/politica\/2015\/12\/16\/news\/p2_i_nomi_piu_importanti_della_lista_gelli-129591682\/<\/a><\/p>\n<p><a href=\"#_ftnref242\" name=\"_ftn242\">[242]<\/a> Holly Sklar, <em>Trilateralism: The Trilateral Commission and Elite Planning for World Management<\/em>. South End Press, Boston 1980; Gian Trepp, <em>Swiss Connection<\/em>, Unions Verlag, Z\u00fcrich 1999, pages 358-391; <a href=\"https:\/\/www.publiceye.ch\/en\/topics\/corruption\/switzerland-offshore-welcome-to-shell-company-paradise\/in-ticino-fiduciary-firms-get-involved-in-fashion-commodity-trading-and-hidden-cash-flows\">https:\/\/www.publiceye.ch\/en\/topics\/corruption\/switzerland-offshore-welcome-to-shell-company-paradise\/in-ticino-fiduciary-firms-get-involved-in-fashion-commodity-trading-and-hidden-cash-flows<\/a><\/p>\n<p><a href=\"#_ftnref243\" name=\"_ftn243\">[243]<\/a> Commissione parlamentare d&rsquo;inchiesta sulla Loggia Massonica P2, Legislatura IX, Doc. XXIII n. 2-bis\/2, Relazione di minoranza dell&rsquo;onorevole Giorgio Pisan\u00f2, pp. 6-7<\/p>\n<p><a href=\"#_ftnref244\" name=\"_ftn244\">[244]<\/a> <a href=\"https:\/\/home.treasury.gov\/about\/history\/prior-secretaries\/david-m-kennedy-1969-1971\">https:\/\/home.treasury.gov\/about\/history\/prior-secretaries\/david-m-kennedy-1969-1971<\/a><\/p>\n<p><a href=\"#_ftnref245\" name=\"_ftn245\">[245]<\/a> <a href=\"https:\/\/www.lastampa.it\/vatican-insider\/it\/2011\/06\/30\/news\/la-parabola-di-paul-marcinkus-dal-paese-di-al-capone-allo-scandalo-ior-1.36958843\">https:\/\/www.lastampa.it\/vatican-insider\/it\/2011\/06\/30\/news\/la-parabola-di-paul-marcinkus-dal-paese-di-al-capone-allo-scandalo-ior-1.36958843<\/a><\/p>\n<p><a href=\"#_ftnref246\" name=\"_ftn246\">[246]<\/a> Commissione parlamentare d&rsquo;inchiesta sulla Loggia Massonica P2, Legislatura IX, Doc. XXIII n. 2-bis\/2, Relazione di minoranza dell&rsquo;onorevole Giorgio Pisan\u00f2, p. 17<\/p>\n<p><a href=\"#_ftnref247\" name=\"_ftn247\">[247]<\/a> Commissione parlamentare d&rsquo;inchiesta sulla Loggia Massonica P2, Legislatura IX, Doc. XXIII n. 2-bis\/2, Relazione di minoranza dell&rsquo;onorevole Giorgio Pisan\u00f2, p. 20<\/p>\n<p><a href=\"#_ftnref248\" name=\"_ftn248\">[248]<\/a> <a href=\"https:\/\/ricerca.repubblica.it\/repubblica\/archivio\/repubblica\/2002\/01\/18\/morto-ortolani-signor-nessuno-della-p2.html\">https:\/\/ricerca.repubblica.it\/repubblica\/archivio\/repubblica\/2002\/01\/18\/morto-ortolani-signor-nessuno-della-p2.html<\/a><\/p>\n<p><a href=\"#_ftnref249\" name=\"_ftn249\">[249]<\/a> <a href=\"https:\/\/www.ansa.it\/sito\/notizie\/speciali\/2020\/07\/29\/strage-di-bologna-nuova-inchiesta-gelli-mandante_287bbdf1-9b3d-4443-b936-fb5d0d0856a5.html\">https:\/\/www.ansa.it\/sito\/notizie\/speciali\/2020\/07\/29\/strage-di-bologna-nuova-inchiesta-gelli-mandante_287bbdf1-9b3d-4443-b936-fb5d0d0856a5.html<\/a><\/p>\n<p><a href=\"#_ftnref250\" name=\"_ftn250\">[250]<\/a> <a href=\"https:\/\/www.avvenire.it\/agora\/pagine\/kissinger-1\">https:\/\/www.avvenire.it\/agora\/pagine\/kissinger-1<\/a><\/p>\n<p><a href=\"#_ftnref251\" name=\"_ftn251\">[251]<\/a> <a href=\"https:\/\/internationalhistory.intesasanpaolo.com\/world-map\/detail\/IT-ISP-MAPPAESTERA-0000279\/buenos-aires-banco-ambrosiano-de-america-del-sud-sa\">https:\/\/internationalhistory.intesasanpaolo.com\/world-map\/detail\/IT-ISP-MAPPAESTERA-0000279\/buenos-aires-banco-ambrosiano-de-america-del-sud-sa<\/a><\/p>\n<p><a href=\"#_ftnref252\" name=\"_ftn252\">[252]<\/a> <a href=\"https:\/\/www.repubblica.it\/politica\/2015\/12\/16\/news\/p2_i_nomi_piu_importanti_della_lista_gelli-129591682\/\">https:\/\/www.repubblica.it\/politica\/2015\/12\/16\/news\/p2_i_nomi_piu_importanti_della_lista_gelli-129591682\/<\/a><\/p>\n<p><a href=\"#_ftnref253\" name=\"_ftn253\">[253]<\/a> <a href=\"https:\/\/www.repubblica.it\/politica\/2015\/12\/16\/news\/p2_i_nomi_piu_importanti_della_lista_gelli-129591682\/\">https:\/\/www.repubblica.it\/politica\/2015\/12\/16\/news\/p2_i_nomi_piu_importanti_della_lista_gelli-129591682\/<\/a><\/p>\n<p><a href=\"#_ftnref254\" name=\"_ftn254\">[254]<\/a> Mario Guarino, Fedora Raugei, \u201cLicio Gelli \u2013 Vita, misteri, scandali del capo della Loggia P2\u201d, edizioni Dedalo, 2016, p. 129<\/p>\n<p><a href=\"#_ftnref255\" name=\"_ftn255\">[255]<\/a> <a href=\"https:\/\/amerika21.de\/2016\/08\/157676\/neue-us-dokumente-diktatur-arg\">https:\/\/amerika21.de\/2016\/08\/157676\/neue-us-dokumente-diktatur-arg<\/a><\/p>\n<p><a href=\"#_ftnref256\" name=\"_ftn256\">[256]<\/a> <a href=\"https:\/\/www.maurizioturco.it\/bddb\/2007_08_08_il_sole_24_ore_c.html\">https:\/\/www.maurizioturco.it\/bddb\/2007_08_08_il_sole_24_ore_c.html<\/a><\/p>\n<p><a href=\"#_ftnref257\" name=\"_ftn257\">[257]<\/a> <a href=\"https:\/\/www.fondazionecipriani.it\/home\/index.php\/scritti\/15-economia-selvaggia\/33-intervista-a-radio-popolare-sulla-vicenda-calvi-banco-ambrosiano\">https:\/\/www.fondazionecipriani.it\/home\/index.php\/scritti\/15-economia-selvaggia\/33-intervista-a-radio-popolare-sulla-vicenda-calvi-banco-ambrosiano<\/a><\/p>\n<p><a href=\"#_ftnref258\" name=\"_ftn258\">[258]<\/a> <a href=\"http:\/\/www.fondazionecipriani.it\/Scritti\/palermo.html\">http:\/\/www.fondazionecipriani.it\/Scritti\/palermo.html<\/a><\/p>\n<p><a href=\"#_ftnref259\" name=\"_ftn259\">[259]<\/a> <a href=\"https:\/\/taz.de\/Diskussion-ueber-Colonia-Dignidad-in-Chile\/!5280265\/\">https:\/\/taz.de\/Diskussion-ueber-Colonia-Dignidad-in-Chile\/!5280265\/<\/a><\/p>\n<p><a href=\"#_ftnref260\" name=\"_ftn260\">[260]<\/a> <a href=\"https:\/\/www.nytimes.com\/1970\/09\/06\/archives\/allende-chilean-marxist-wins-vote-for-presidency-allende-chilean.html\">https:\/\/www.nytimes.com\/1970\/09\/06\/archives\/allende-chilean-marxist-wins-vote-for-presidency-allende-chilean.html<\/a><\/p>\n<p><a href=\"#_ftnref261\" name=\"_ftn261\">[261]<\/a> <a href=\"https:\/\/www.nytimes.com\/1974\/01\/14\/archives\/rockefeller-holdings-studied-state-law-is-cited-took-no-interest.html\">https:\/\/www.nytimes.com\/1974\/01\/14\/archives\/rockefeller-holdings-studied-state-law-is-cited-took-no-interest.html<\/a><\/p>\n<p><a href=\"#_ftnref262\" name=\"_ftn262\">[262]<\/a> <a href=\"https:\/\/www.nytimes.com\/1972\/03\/21\/archives\/anderson-charges-plot-against-allende-by-itt-and-cia.html\">https:\/\/www.nytimes.com\/1972\/03\/21\/archives\/anderson-charges-plot-against-allende-by-itt-and-cia.html<\/a><\/p>\n<p><a href=\"#_ftnref263\" name=\"_ftn263\">[263]<\/a> <a href=\"https:\/\/www.nytimes.com\/1972\/07\/03\/archives\/papers-show-itt-urged-us-to-help-oust-allende-suggestions-for.html\">https:\/\/www.nytimes.com\/1972\/07\/03\/archives\/papers-show-itt-urged-us-to-help-oust-allende-suggestions-for.html<\/a><\/p>\n<p><a href=\"#_ftnref264\" name=\"_ftn264\">[264]<\/a> <a href=\"https:\/\/nsarchive2.gwu.edu\/NSAEBB\/NSAEBB110\/chile02.pdf\">https:\/\/nsarchive2.gwu.edu\/NSAEBB\/NSAEBB110\/chile02.pdf<\/a><\/p>\n<p><a href=\"#_ftnref265\" name=\"_ftn265\">[265]<\/a> <a href=\"https:\/\/nsarchive2.gwu.edu\/NSAEBB\/NSAEBB110\/chile03.pdf\">https:\/\/nsarchive2.gwu.edu\/NSAEBB\/NSAEBB110\/chile03.pdf<\/a><\/p>\n<p><a href=\"#_ftnref266\" name=\"_ftn266\">[266]<\/a> <a href=\"https:\/\/nsarchive2.gwu.edu\/NSAEBB\/NSAEBB110\/chile05.pdf\">https:\/\/nsarchive2.gwu.edu\/NSAEBB\/NSAEBB110\/chile05.pdf<\/a> ; <a href=\"https:\/\/nsarchive2.gwu.edu\/NSAEBB\/NSAEBB110\/chile06.pdf\">https:\/\/nsarchive2.gwu.edu\/NSAEBB\/NSAEBB110\/chile06.pdf<\/a> ; <a href=\"https:\/\/nsarchive2.gwu.edu\/NSAEBB\/NSAEBB110\/chile07.pdf\">https:\/\/nsarchive2.gwu.edu\/NSAEBB\/NSAEBB110\/chile07.pdf<\/a><\/p>\n<p><a href=\"#_ftnref267\" name=\"_ftn267\">[267]<\/a> <a href=\"https:\/\/www.oas.org\/en\/\">https:\/\/www.oas.org\/en\/<\/a><\/p>\n<p><a href=\"#_ftnref268\" name=\"_ftn268\">[268]<\/a> <a href=\"https:\/\/www.exim.gov\/\">https:\/\/www.exim.gov\/<\/a><\/p>\n<p><a href=\"#_ftnref269\" name=\"_ftn269\">[269]<\/a> <a href=\"https:\/\/nsarchive2.gwu.edu\/NSAEBB\/NSAEBB110\/chile08.pdf\">https:\/\/nsarchive2.gwu.edu\/NSAEBB\/NSAEBB110\/chile08.pdf<\/a><\/p>\n<p><a href=\"#_ftnref270\" name=\"_ftn270\">[270]<\/a> <a href=\"https:\/\/english.elpais.com\/elpais\/2011\/02\/01\/inenglish\/1296541247_850210.html\">https:\/\/english.elpais.com\/elpais\/2011\/02\/01\/inenglish\/1296541247_850210.html<\/a><\/p>\n<p><a href=\"#_ftnref271\" name=\"_ftn271\">[271]<\/a> <a href=\"https:\/\/oxfordre.com\/latinamericanhistory\/view\/10.1093\/acrefore\/9780199366439.001.0001\/acrefore-9780199366439-e-623\">https:\/\/oxfordre.com\/latinamericanhistory\/view\/10.1093\/acrefore\/9780199366439.001.0001\/acrefore-9780199366439-e-623<\/a><\/p>\n<p><a href=\"#_ftnref272\" name=\"_ftn272\">[272]<\/a> <a href=\"https:\/\/www.theguardian.com\/news\/2020\/sep\/03\/operation-condor-the-illegal-state-network-that-terrorised-south-america\">https:\/\/www.theguardian.com\/news\/2020\/sep\/03\/operation-condor-the-illegal-state-network-that-terrorised-south-america<\/a><\/p>\n<p><a href=\"#_ftnref273\" name=\"_ftn273\">[273]<\/a> <a href=\"https:\/\/thewire.in\/history\/the-chilean-right-made-colonia-dignidad-possible\">https:\/\/thewire.in\/history\/the-chilean-right-made-colonia-dignidad-possible<\/a> ; <a href=\"https:\/\/www.menschenrechte.org\/de\/2008\/06\/03\/ss-standartenfuhrer-rauff-chile\/\">https:\/\/www.menschenrechte.org\/de\/2008\/06\/03\/ss-standartenfuhrer-rauff-chile\/<\/a> ; <a href=\"https:\/\/www.aerzteblatt.de\/archiv\/114215\/Colonia-Dignidad-Sektenarzt-flieht-nach-Deutschland\">https:\/\/www.aerzteblatt.de\/archiv\/114215\/Colonia-Dignidad-Sektenarzt-flieht-nach-Deutschland<\/a><\/p>\n<p><a href=\"#_ftnref274\" name=\"_ftn274\">[274]<\/a> <a href=\"https:\/\/www.bbc.com\/mundo\/noticias-america-latina-36792543\">https:\/\/www.bbc.com\/mundo\/noticias-america-latina-36792543<\/a><\/p>\n<p><a href=\"#_ftnref275\" name=\"_ftn275\">[275]<\/a> <a href=\"https:\/\/islandora.wrlc.org\/islandora\/object\/terror%3Aroot\">https:\/\/islandora.wrlc.org\/islandora\/object\/terror%3Aroot<\/a><\/p>\n<p><a href=\"#_ftnref276\" name=\"_ftn276\">[276]<\/a> <a href=\"https:\/\/www.theguardian.com\/us-news\/2018\/dec\/04\/george-bushs-legacy-isnt-so-peaceful\">https:\/\/www.theguardian.com\/us-news\/2018\/dec\/04\/george-bushs-legacy-isnt-so-peaceful<\/a><\/p>\n<p><a href=\"#_ftnref277\" name=\"_ftn277\">[277]<\/a> <a href=\"https:\/\/zigorimedia.wordpress.com\/2015\/09\/20\/wirkt-noch-heute-nazis-und-faschisten-im-dienst-der-globalen-us-interessen\/\">https:\/\/zigorimedia.wordpress.com\/2015\/09\/20\/wirkt-noch-heute-nazis-und-faschisten-im-dienst-der-globalen-us-interessen\/<\/a> ; <a href=\"https:\/\/zeroanthropology.net\/2019\/03\/29\/on-duty-for-the-cia-german-nazis-and-italian-fascists\/\">https:\/\/zeroanthropology.net\/2019\/03\/29\/on-duty-for-the-cia-german-nazis-and-italian-fascists\/<\/a><\/p>\n<p><a href=\"#_ftnref278\" name=\"_ftn278\">[278]<\/a> <a href=\"https:\/\/www.mosaics.ch\/es\/blog-espanol\/2021\/1\/18\/una-historia-pintada\">https:\/\/www.mosaics.ch\/es\/blog-espanol\/2021\/1\/18\/una-historia-pintada<\/a><\/p>\n<p><a href=\"#_ftnref279\" name=\"_ftn279\">[279]<\/a> <a href=\"https:\/\/www.academia.edu\/53666696\/Nazism_and_fascism_in_the_CIA_Italy_and_South_America_after_WW2_Quotes_from_the_German_Netflix_documentary_Nazis_in_the_CIA_2012_Uploaded28Sept21\">https:\/\/www.academia.edu\/53666696\/Nazism_and_fascism_in_the_CIA_Italy_and_South_America_after_WW2_Quotes_from_the_German_Netflix_documentary_Nazis_in_the_CIA_2012_Uploaded28Sept21<\/a> ; <a href=\"https:\/\/www.degruyter.com\/document\/doi\/10.12987\/9780300199321-013\/pdf\">https:\/\/www.degruyter.com\/document\/doi\/10.12987\/9780300199321-013\/pdf<\/a><\/p>\n<p><a href=\"#_ftnref280\" name=\"_ftn280\"><strong>[280]<\/strong><\/a> Willi Winkler, <em>Der Schattenmann: Von Goebbels zu Carlos: Das mysteri\u00f6se Leben des Fran\u00e7ois Genoud<\/em>, Rowohlt, Berlin 2011, pages 70-85; <a href=\"https:\/\/www.spiegel.de\/geschichte\/fran-ois-genoud-und-joseph-goebbels-tagebuecher-a-953258.html\">https:\/\/www.spiegel.de\/geschichte\/fran-ois-genoud-und-joseph-goebbels-tagebuecher-a-953258.html<\/a><\/p>\n<p><a href=\"#_ftnref281\" name=\"_ftn281\">[281]<\/a> Karl Laske, <em>Ein Leben zwischen Hitler und Carlos. Fran\u00e7ois Genoud<\/em>, Limmat Verkag, Z\u00fcrich 1996; Willi Winkler, <em>Der Schattenmann: Von Goebbels zu Carlos: Das mysteri\u00f6se Leben des Fran\u00e7ois Genoud<\/em>, Rowohlt, Berlin 2011, pages 70-85<strong>; <a href=\"https:\/\/www.spiegel.de\/geschichte\/fran-ois-genoud-und-joseph-goebbels-tagebuecher-a-953258.html\">https:\/\/www.spiegel.de\/geschichte\/fran-ois-genoud-und-joseph-goebbels-tagebuecher-a-953258.html<\/a><\/strong><\/p>\n","protected":false},"excerpt":{"rendered":"<p>Son nom inspire respect et crainte \u00e0 au moins cinq g\u00e9n\u00e9rations d&rsquo;hommes politiques, de militaires et d&rsquo;entrepreneurs : Henry Kissinger, conseiller des pr\u00e9sidents, prix Nobel de la paix en 1973 (pour avoir d\u00e9cid\u00e9 de la fin de la guerre du Vi\u00eat Nam qu&rsquo;il avait lui-m\u00eame contribu\u00e9 \u00e0<\/p>\n","protected":false},"author":5,"featured_media":3762,"comment_status":"open","ping_status":"open","sticky":false,"template":"","format":"standard","meta":[],"categories":[171,17,38],"tags":[197,194,198,193,196,195,192],"_links":{"self":[{"href":"https:\/\/ibiworld.eu\/fr\/wp-json\/wp\/v2\/posts\/3760"}],"collection":[{"href":"https:\/\/ibiworld.eu\/fr\/wp-json\/wp\/v2\/posts"}],"about":[{"href":"https:\/\/ibiworld.eu\/fr\/wp-json\/wp\/v2\/types\/post"}],"author":[{"embeddable":true,"href":"https:\/\/ibiworld.eu\/fr\/wp-json\/wp\/v2\/users\/5"}],"replies":[{"embeddable":true,"href":"https:\/\/ibiworld.eu\/fr\/wp-json\/wp\/v2\/comments?post=3760"}],"version-history":[{"count":1,"href":"https:\/\/ibiworld.eu\/fr\/wp-json\/wp\/v2\/posts\/3760\/revisions"}],"predecessor-version":[{"id":3785,"href":"https:\/\/ibiworld.eu\/fr\/wp-json\/wp\/v2\/posts\/3760\/revisions\/3785"}],"wp:featuredmedia":[{"embeddable":true,"href":"https:\/\/ibiworld.eu\/fr\/wp-json\/wp\/v2\/media\/3762"}],"wp:attachment":[{"href":"https:\/\/ibiworld.eu\/fr\/wp-json\/wp\/v2\/media?parent=3760"}],"wp:term":[{"taxonomy":"category","embeddable":true,"href":"https:\/\/ibiworld.eu\/fr\/wp-json\/wp\/v2\/categories?post=3760"},{"taxonomy":"post_tag","embeddable":true,"href":"https:\/\/ibiworld.eu\/fr\/wp-json\/wp\/v2\/tags?post=3760"}],"curies":[{"name":"wp","href":"https:\/\/api.w.org\/{rel}","templated":true}]}}