{"id":3373,"date":"2022-09-14T14:56:54","date_gmt":"2022-09-14T12:56:54","guid":{"rendered":"https:\/\/ibiworld.eu\/fr\/?p=3373"},"modified":"2022-09-14T14:56:54","modified_gmt":"2022-09-14T12:56:54","slug":"si-tu-es-lami-derdogan-tu-nas-plus-besoin-dennemis","status":"publish","type":"post","link":"https:\/\/ibiworld.eu\/fr\/2022\/09\/14\/si-tu-es-lami-derdogan-tu-nas-plus-besoin-dennemis\/","title":{"rendered":"SI TU ES L&rsquo;AMI D&rsquo;ERDOGAN, TU N&rsquo;AS PLUS BESOIN D&rsquo;ENNEMIS"},"content":{"rendered":"<p><img loading=\"lazy\" class=\"aligncenter size-full wp-image-3374\" src=\"https:\/\/ibiworld.eu\/fr\/wp-content\/uploads\/2022\/09\/RUS024-01.jpg\" alt=\"\" width=\"1140\" height=\"593\" srcset=\"https:\/\/ibiworld.eu\/fr\/wp-content\/uploads\/2022\/09\/RUS024-01.jpg 1140w, https:\/\/ibiworld.eu\/fr\/wp-content\/uploads\/2022\/09\/RUS024-01-300x156.jpg 300w, https:\/\/ibiworld.eu\/fr\/wp-content\/uploads\/2022\/09\/RUS024-01-1024x533.jpg 1024w, https:\/\/ibiworld.eu\/fr\/wp-content\/uploads\/2022\/09\/RUS024-01-768x399.jpg 768w, https:\/\/ibiworld.eu\/fr\/wp-content\/uploads\/2022\/09\/RUS024-01-600x312.jpg 600w\" sizes=\"(max-width: 1140px) 100vw, 1140px\" \/><\/p>\n<p>C&rsquo;est ainsi que fonctionne la politique dans les pays europ\u00e9ens. En Turquie, un r\u00e9gime despotique de plus en plus incomp\u00e9tent, dont les performances \u00e9conomiques sont catastrophiques, recourt \u00e0 une violence aveugle pour rester au pouvoir &#8211; contre les opposants internes, contre les Kurdes, et contre quiconque peut exciter, dans la partie la plus arri\u00e9r\u00e9e de la population, la foi insens\u00e9e dans l&rsquo;id\u00e9e que la dictature d&rsquo;Erdogan peut reconstruire les exploits de l&rsquo;Empire ottoman.<\/p>\n<p>Cela nous convient : Erdogan enferme des dizaines de milliers d&rsquo;immigr\u00e9s dans des camps de concentration (des gens qui voudraient venir en Europe), reste un alli\u00e9 de l&rsquo;OTAN &#8211; et donc d&rsquo;Isra\u00ebl, de la dictature \u00e9gyptienne et des monarchies absolues du golfe Persique &#8211; et, tout en serrant les dents, renonce \u00e0 combattre la Gr\u00e8ce et accepte la Su\u00e8de et la Finlande dans l&rsquo;OTAN en \u00e9change de la r\u00e9pression des pauvres Kurdes de Scandinavie.<\/p>\n<p>Puis Erdogan devient l&rsquo;homme d&rsquo;\u00c9tat qui n\u00e9gocie avec Poutine et obtient des c\u00e9r\u00e9ales ukrainiennes pour nourrir l&rsquo;Afrique, et apporte \u00e0 l&rsquo;UE du gaz alternatif \u00e0 celui que nous avons (\u00e0 juste titre) d\u00e9cid\u00e9 de ne pas acheter \u00e0 la Russie. Ne soyons pas difficiles : Erdogan n&rsquo;a pas de gaz, il l&rsquo;ach\u00e8te \u00e0 Poutine, pour que nous, Europ\u00e9ens, violions l&#8217;embargo que nous avons d\u00e9cr\u00e9t\u00e9, financions l&rsquo;arm\u00e9e russe dans le Donbass, et donnions \u00e0 la dictature turque assoiff\u00e9e l&rsquo;argent dont elle a cruellement besoin, alors que son \u00e9conomie int\u00e9rieure s&rsquo;effondre.<\/p>\n<p>Eh bien, notre \u00ab\u00a0ami\u00a0\u00bb Erdogan a d\u00e9cid\u00e9 que cela ne lui suffisait pas. Il ne lui suffit pas que nous lui donnions de l&rsquo;argent, il ne lui suffit pas que nous trahissions les Kurdes et participions activement \u00e0 leur pers\u00e9cution, il ne lui suffit pas que nous cr\u00e9ions les conditions pour qu&rsquo;un pays affam\u00e9 soit maintenant l&rsquo;arbitre de la guerre entre la Russie et les \u00c9tats-Unis. Cela ne leur suffit pas, car le m\u00e9contentement de la population turque ne cesse de cro\u00eetre : tout comme dans les d\u00e9mocraties occidentales, si les gens s&rsquo;appauvrissent, ils commencent \u00e0 bl\u00e2mer le gouvernement. Dans une dictature, cela se fait discr\u00e8tement, mais la col\u00e8re et la frustration se font sentir et, lors des prochaines \u00e9lections nationales, malgr\u00e9 les fraudes pr\u00e9visibles, elles pourraient cr\u00e9er de mauvaises surprises.<\/p>\n<p><img loading=\"lazy\" class=\"aligncenter size-full wp-image-3375\" src=\"https:\/\/ibiworld.eu\/fr\/wp-content\/uploads\/2022\/09\/RUS024-02.jpg\" alt=\"\" width=\"767\" height=\"511\" srcset=\"https:\/\/ibiworld.eu\/fr\/wp-content\/uploads\/2022\/09\/RUS024-02.jpg 767w, https:\/\/ibiworld.eu\/fr\/wp-content\/uploads\/2022\/09\/RUS024-02-300x200.jpg 300w, https:\/\/ibiworld.eu\/fr\/wp-content\/uploads\/2022\/09\/RUS024-02-600x400.jpg 600w\" sizes=\"(max-width: 767px) 100vw, 767px\" \/><\/p>\n<p><strong>Des dizaines de milliers de r\u00e9fugi\u00e9s du Moyen-Orient, d&rsquo;Asie et d&rsquo;Afrique vivent dans des conditions inhumaines dans des camps de concentration turcs financ\u00e9s par l&rsquo;UE<a href=\"#_ftn1\" name=\"_ftnref1\">[1]<\/a><\/strong><\/p>\n<p>Alors notre \u00ab\u00a0ami\u00a0\u00bb Erdogan s&rsquo;est souvenu que les Turcs d\u00e9testent les Arm\u00e9niens. Il n&rsquo;y a plus aucune raison \u00e0 cela, surtout apr\u00e8s que l&rsquo;Empire ottoman, il y a un peu plus d&rsquo;un si\u00e8cle, ait tent\u00e9 de les exterminer tous. Aujourd&rsquo;hui, il s&rsquo;agit d&rsquo;une aversion comme entre les fans des \u00e9quipes de football d&rsquo;une m\u00eame ville, ou les habitants de deux banlieues contigu\u00ebs \u00e9galement domin\u00e9es par l&rsquo;ignorance et la mis\u00e8re. Comme les Russes et les Am\u00e9ricains l&rsquo;ont jusqu&rsquo;\u00e0 pr\u00e9sent emp\u00each\u00e9 d&rsquo;utiliser les Az\u00e9ris comme mandataires pour envahir le Haut-Karabagh, et que Trump et Poutine lui avaient ordonn\u00e9 d&rsquo;arr\u00eater, dans la grande confusion des fronti\u00e8res orientales de l&rsquo;Europe, il a jug\u00e9 bon de jouer la carte du chantage, gr\u00e2ce aux armes venues de Tel-Aviv : Soit vous nous permettez de d\u00e9placer les fronti\u00e8res turques vers l&rsquo;avant, en direction de la mer Caspienne, soit nous les prendrons par la force, en mena\u00e7ant de l\u00e2cher des immigrants \u00e0 nos fronti\u00e8res, de couler les navires transportant des c\u00e9r\u00e9ales vers le tiers-monde et de cesser de nous donner le gaz dont nous avons tant besoin pour affronter l&rsquo;hiver prochain.<\/p>\n<p>Erdogan fait vraiment partie de ces amis qu&rsquo;il vaudrait mieux perdre &#8211; et obliger la Turquie, comme cela s&rsquo;est produit dans le pass\u00e9 lorsqu&rsquo;Ankara mourait d&rsquo;envie d&rsquo;adh\u00e9rer \u00e0 l&rsquo;Union europ\u00e9enne pour pousser des millions de citoyens affam\u00e9s \u00e0 \u00e9migrer &#8211; \u00e0 honorer les pactes et \u00e0 transformer la prison \u00e0 ciel ouvert qu&rsquo;est devenu ce pays en un lieu plus humain. Au lieu de cela, non. Dans les pages des journaux nationaux de plusieurs pays, dont l&rsquo;Italie, la nouvelle d&rsquo;une nouvelle attaque turque et azerba\u00efdjanaise contre l&rsquo;Arm\u00e9nie est \u00e9touff\u00e9e, ou cach\u00e9e dans les pages int\u00e9rieures que personne ne lit, et sur lesquelles les gouvernements ne prennent pas position.<\/p>\n<p><strong>Les faits<\/strong><\/p>\n<p><img loading=\"lazy\" class=\"aligncenter size-full wp-image-3376\" src=\"https:\/\/ibiworld.eu\/fr\/wp-content\/uploads\/2022\/09\/RUS024-03.jpg\" alt=\"\" width=\"864\" height=\"486\" srcset=\"https:\/\/ibiworld.eu\/fr\/wp-content\/uploads\/2022\/09\/RUS024-03.jpg 864w, https:\/\/ibiworld.eu\/fr\/wp-content\/uploads\/2022\/09\/RUS024-03-300x169.jpg 300w, https:\/\/ibiworld.eu\/fr\/wp-content\/uploads\/2022\/09\/RUS024-03-768x432.jpg 768w, https:\/\/ibiworld.eu\/fr\/wp-content\/uploads\/2022\/09\/RUS024-03-600x338.jpg 600w\" sizes=\"(max-width: 864px) 100vw, 864px\" \/><\/p>\n<p>Les forces arm\u00e9es azerba\u00efdjanaises ont bombard\u00e9 les villes arm\u00e9niennes de Goris, Sotk et Jermuk avec des drones et des obusiers<a href=\"#_ftn2\" name=\"_ftnref2\">[2]<\/a>, et l&rsquo;arm\u00e9e arm\u00e9nienne a d\u00e9plor\u00e9 au moins 49 soldats<a href=\"#_ftn3\" name=\"_ftnref3\">[3]<\/a>. Le minist\u00e8re azerba\u00efdjanais de la D\u00e9fense a accus\u00e9 les forces arm\u00e9niennes de \u00ab\u00a0actes subversifs \u00e0 grande \u00e9chelle\u00a0\u00bb<a href=\"#_ftn4\" name=\"_ftnref4\">[4]<\/a> et de tirer \u00e0 l&rsquo;arme l\u00e9g\u00e8re en direction de la localit\u00e9 de Novoivanovka (dans la r\u00e9gion de Gadabay) et de la localit\u00e9 de Husulu (dans la r\u00e9gion de Lachin), pr\u00e8s de la fronti\u00e8re entre les deux pays. Dans un communiqu\u00e9 de presse, le Premier ministre arm\u00e9nien Nikol Pashinyan accuse l&rsquo;Azerba\u00efdjan d&rsquo;attaquer des villes arm\u00e9niennes parce qu&rsquo;il refuse de n\u00e9gocier sur le Haut-Karabakh, l&rsquo;enclave situ\u00e9e en Azerba\u00efdjan et peupl\u00e9e principalement d&rsquo;Arm\u00e9niens<a href=\"#_ftn5\" name=\"_ftnref5\">[5]<\/a>. En fait, les hostilit\u00e9s sont anciennes et les relations entre les deux pays sont compliqu\u00e9es depuis longtemps.<\/p>\n<p>La diplomatie s&rsquo;est imm\u00e9diatement mise en marche : le secr\u00e9taire d&rsquo;\u00c9tat am\u00e9ricain, Antony Blinken, a fait savoir que \u00ab\u00a0nous demandons instamment la fin imm\u00e9diate de toutes les hostilit\u00e9s militaires\u00a0\u00bb et a contact\u00e9 son homologue arm\u00e9nien, acceptant de prendre des mesures pour stabiliser la situation \u00e0 la fronti\u00e8re ; le ministre turc des affaires \u00e9trang\u00e8res, Mevlut Cavusoglu, a appel\u00e9 son homologue azerba\u00efdjanais, Jeyhun Bayramov, tout en demandant \u00e0 l&rsquo;Arm\u00e9nie de \u00ab\u00a0cesser ses provocations\u00a0\u00bb. Charles Michel, pr\u00e9sident du Conseil europ\u00e9en, a exhort\u00e9 M. Pashinyan \u00e0 emp\u00eacher une nouvelle escalade<a href=\"#_ftn6\" name=\"_ftnref6\">[6]<\/a>. M\u00eame l&rsquo;Iran, s\u00e9rieusement inquiet, demande aux partis la \u00ab\u00a0mod\u00e9ration\u00a0\u00bb<a href=\"#_ftn7\" name=\"_ftnref7\">[7]<\/a>. Le minist\u00e8re russe des affaires \u00e9trang\u00e8res a n\u00e9goci\u00e9 un cessez-le-feu, en disant qu&rsquo;il s&rsquo;attendait \u00e0 ce que les deux parties respectent les termes de l&rsquo;accord, mais apr\u00e8s un quart d&rsquo;heure, selon les agences, la tr\u00eave a \u00e9t\u00e9 rompue<a href=\"#_ftn8\" name=\"_ftnref8\">[8]<\/a>. M. Pashinyan a indiqu\u00e9 que l&rsquo;intensit\u00e9 des combats diminuait mais que des tirs avaient toujours lieu<a href=\"#_ftn9\" name=\"_ftnref9\">[9]<\/a>.<\/p>\n<p>Le Haut-Karabakh est un creuset de cultures, de religions et d&rsquo;ethnies, et son nom le refl\u00e8te : Nagorno signifie \u00ab\u00a0montagneux\u00a0\u00bb en russe, Kara signifie \u00ab\u00a0noir\u00a0\u00bb en turc, et Bakh signifie \u00ab\u00a0jardin\u00a0\u00bb en parsi. Il s&rsquo;agit d&rsquo;une enclave chr\u00e9tienne dans l&rsquo;Azerba\u00efdjan musulman, qui couvre une superficie d&rsquo;environ 4400 km2 dans une zone montagneuse du sud-est du Caucase et dont la capitale est Stepanakert. Lors de la conqu\u00eate de la r\u00e9gion, l&rsquo;URSS a utilis\u00e9 la question du Karabakh de mani\u00e8re opportuniste, soutenant tant\u00f4t l&rsquo;Azerba\u00efdjan, tant\u00f4t l&rsquo;Arm\u00e9nie, en fonction des convenances strat\u00e9giques. En 1921, lorsque la sovi\u00e9tisation de la r\u00e9gion est achev\u00e9e, la question du Karabakh n&rsquo;est toujours pas r\u00e9solue : il est d\u00e9cid\u00e9 de le laisser sous le contr\u00f4le de l&rsquo;Azerba\u00efdjan \u00e0 condition qu&rsquo;il ait un statut autonome, une solution qui ne satisfait aucune des parties<a href=\"#_ftn10\" name=\"_ftnref10\">[10]<\/a>. L&rsquo;instabilit\u00e9 r\u00e8gne en ma\u00eetre.<\/p>\n<p>En 1988, les Arm\u00e9niens vivant dans l&rsquo;enclave ont exig\u00e9 le transfert de ce qui \u00e9tait alors l&rsquo;Oblast autonome du Haut-Karabakh (NKAO) de l&rsquo;Azerba\u00efdjan sovi\u00e9tique \u00e0 l&rsquo;Arm\u00e9nie ; avec l&rsquo;effondrement de l&rsquo;Union sovi\u00e9tique, les tensions se sont transform\u00e9es en une v\u00e9ritable guerre<a href=\"#_ftn11\" name=\"_ftnref11\">[11]<\/a>. Le conflit a \u00e9clat\u00e9 en 1991 : l&rsquo;arm\u00e9e arm\u00e9nienne a occup\u00e9 le Haut-Karabakh, un territoire reconnu internationalement comme faisant partie de l&rsquo;Azerba\u00efdjan<a href=\"#_ftn12\" name=\"_ftnref12\">[12]<\/a>. Les combats, qui ont fait au moins 30 000 morts et plus d&rsquo;un million de personnes d\u00e9plac\u00e9es, ont pris fin avec un accord n\u00e9goci\u00e9 par la Russie<a href=\"#_ftn13\" name=\"_ftnref13\">[13]<\/a>.<\/p>\n<p>De 1994 \u00e0 2020, des attaques intermittentes font des centaines de morts, la tension reste \u00e0 un niveau alarmant, jusqu&rsquo;\u00e0 ce que le 27 septembre 2020, la guerre reprenne<a href=\"#_ftn14\" name=\"_ftnref14\">[14]<\/a>. L&rsquo;arm\u00e9e azerba\u00efdjanaise lib\u00e8re plusieurs villes et plus de 300 localit\u00e9s et villages occup\u00e9s par l&rsquo;Arm\u00e9nie<a href=\"#_ftn15\" name=\"_ftnref15\">[15]<\/a> gr\u00e2ce \u00e0 l&rsquo;\u00e9norme sup\u00e9riorit\u00e9 guerri\u00e8re : la Turquie lui fournit des armes sophistiqu\u00e9es et co\u00fbteuses, telles que les drones de combat Bayraktar TB2 transportant des bombes \u00e0 guidage laser d\u00e9j\u00e0 test\u00e9es en Syrie et en Libye, auxquels s&rsquo;ajoutent les drones de reconnaissance isra\u00e9liens Heron et Hermes, et enfin les drones \u00ab\u00a0kamikazes\u00a0\u00bb Orbiter, \u00e9galement fabriqu\u00e9s en Isra\u00ebl<a href=\"#_ftn16\" name=\"_ftnref16\">[16]<\/a>. Des responsables arm\u00e9niens affirment que la Turquie a d\u00e9ploy\u00e9 des milliers de \u00ab\u00a0mercenaires\u00a0\u00bb recrut\u00e9s en Syrie, des all\u00e9gations d\u00e9menties par Ankara et Bakou<a href=\"#_ftn17\" name=\"_ftnref17\">[17]<\/a>.<\/p>\n<p><img loading=\"lazy\" class=\"aligncenter size-full wp-image-3377\" src=\"https:\/\/ibiworld.eu\/fr\/wp-content\/uploads\/2022\/09\/RUS024-04.jpg\" alt=\"\" width=\"606\" height=\"370\" srcset=\"https:\/\/ibiworld.eu\/fr\/wp-content\/uploads\/2022\/09\/RUS024-04.jpg 606w, https:\/\/ibiworld.eu\/fr\/wp-content\/uploads\/2022\/09\/RUS024-04-300x183.jpg 300w, https:\/\/ibiworld.eu\/fr\/wp-content\/uploads\/2022\/09\/RUS024-04-600x366.jpg 600w\" sizes=\"(max-width: 606px) 100vw, 606px\" \/><\/p>\n<p>Plus de 7 000 soldats et environ 170 civils sont morts, puis la Russie a mis fin \u00e0 tout cela, le 10 novembre, avec un accord restituant les sept districts du Haut-Karabakh \u00e0 l&rsquo;Azerba\u00efdjan : mais les soldats des deux arm\u00e9es se regardent en chiens de fa\u00efence \u00e0 moins de 100 m\u00e8tres les uns des autres. Des avant-postes de maintien de la paix russes sont d\u00e9ploy\u00e9s le long des routes principales, dans des zones peupl\u00e9es d&rsquo;Arm\u00e9niens, et la principale art\u00e8re de circulation entre l&rsquo;Arm\u00e9nie et le Haut-Karabakh, m\u00eame dans le corridor de Lachin, est une v\u00e9ritable poudri\u00e8re<a href=\"#_ftn18\" name=\"_ftnref18\">[18]<\/a>.<\/p>\n<p>Aujourd&rsquo;hui, une fois de plus, le Haut-Karabakh est en flammes, dans un cadre o\u00f9 la Russie subit la contre-offensive ukrainienne. Erdogan a r\u00e9ussi \u00e0 bloquer les efforts en faveur d&rsquo;un accord de r\u00e9conciliation. Cette fois, Poutine n&rsquo;a ni le temps ni la volont\u00e9 d&rsquo;intervenir, et l&rsquo;UE reste silencieuse. Pour nos citoyens, c&rsquo;est tr\u00e8s bien. Nous n&rsquo;avons aucun d\u00e9sir de conscience, mais de jubilation illogique.<\/p>\n<p>&nbsp;<\/p>\n<p><a href=\"#_ftnref1\" name=\"_ftn1\">[1]<\/a> <a href=\"https:\/\/www.infomigrants.net\/en\/post\/29205\/eu-concludes-%E2%82%AC6-billion-contract-for-refugees-in-turkey\">https:\/\/www.infomigrants.net\/en\/post\/29205\/eu-concludes-%E2%82%AC6-billion-contract-for-refugees-in-turkey<\/a><\/p>\n<p><a href=\"#_ftnref2\" name=\"_ftn2\">[2]<\/a> <a href=\"https:\/\/www.azatutyun.am\/a\/32030456.html\">https:\/\/www.azatutyun.am\/a\/32030456.html<\/a><\/p>\n<p><a href=\"#_ftnref3\" name=\"_ftn3\">[3]<\/a> <a href=\"https:\/\/www.aljazeera.com\/news\/liveblog\/2022\/9\/13\/live-deadly-fighting-erupts-over-nagorno-karabakh-tensions\">https:\/\/www.aljazeera.com\/news\/liveblog\/2022\/9\/13\/live-deadly-fighting-erupts-over-nagorno-karabakh-tensions<\/a><\/p>\n<p><a href=\"#_ftnref4\" name=\"_ftn4\">[4]<\/a> <a href=\"https:\/\/www.aljazeera.com\/news\/2022\/9\/13\/deadly-clashes-erupt-between-armenia-azerbaijan\">https:\/\/www.aljazeera.com\/news\/2022\/9\/13\/deadly-clashes-erupt-between-armenia-azerbaijan<\/a><\/p>\n<p><a href=\"#_ftnref5\" name=\"_ftn5\">[5]<\/a> <a href=\"https:\/\/www.cnbc.com\/2022\/09\/13\/armenias-pm-says-49-soldiers-died-in-clashes-with-azerbaijan.html\">https:\/\/www.cnbc.com\/2022\/09\/13\/armenias-pm-says-49-soldiers-died-in-clashes-with-azerbaijan.html<\/a><\/p>\n<p><a href=\"#_ftnref6\" name=\"_ftn6\">[6]<\/a> <a href=\"https:\/\/www.reuters.com\/world\/armenian-russian-defence-ministers-discuss-nagorno-karabakh-after-flare-up-2022-09-13\/\">https:\/\/www.reuters.com\/world\/armenian-russian-defence-ministers-discuss-nagorno-karabakh-after-flare-up-2022-09-13\/<\/a><\/p>\n<p><a href=\"#_ftnref7\" name=\"_ftn7\">[7]<\/a> <a href=\"https:\/\/www.aljazeera.com\/news\/liveblog\/2022\/9\/13\/live-deadly-fighting-erupts-over-nagorno-karabakh-tensions\">https:\/\/www.aljazeera.com\/news\/liveblog\/2022\/9\/13\/live-deadly-fighting-erupts-over-nagorno-karabakh-tensions<\/a><\/p>\n<p><a href=\"#_ftnref8\" name=\"_ftn8\">[8]<\/a> <a href=\"https:\/\/www.aljazeera.com\/news\/2022\/9\/13\/deadly-clashes-erupt-between-armenia-azerbaijan\">https:\/\/www.aljazeera.com\/news\/2022\/9\/13\/deadly-clashes-erupt-between-armenia-azerbaijan<\/a><\/p>\n<p><a href=\"#_ftnref9\" name=\"_ftn9\">[9]<\/a> <a href=\"https:\/\/www.aljazeera.com\/news\/liveblog\/2022\/9\/13\/live-deadly-fighting-erupts-over-nagorno-karabakh-tensions\">https:\/\/www.aljazeera.com\/news\/liveblog\/2022\/9\/13\/live-deadly-fighting-erupts-over-nagorno-karabakh-tensions<\/a><\/p>\n<p><a href=\"#_ftnref10\" name=\"_ftn10\">[10]<\/a> <a href=\"https:\/\/www.jstor.org\/stable\/41478346\">https:\/\/www.jstor.org\/stable\/41478346<\/a> <em>\u201cWhy autonomy? The making of the autonomous region of Nagorno-Karabakh 1918-1925\u201d \u2013 Arsene Saparov \u2013 2012 &#8211; Taylor &amp; Francis, Ltd<\/em><\/p>\n<p><a href=\"#_ftnref11\" name=\"_ftn11\">[11]<\/a> <a href=\"https:\/\/www.jstor.org\/stable\/41478346\">https:\/\/www.jstor.org\/stable\/41478346<\/a> <em>\u201cWhy autonomy? The making of the autonomous region of Nagorno-Karabakh 1918-1925\u201d \u2013 Arsene Saparov \u2013 2012 &#8211; Taylor &amp; Francis, Ltd <\/em><\/p>\n<p><a href=\"#_ftnref12\" name=\"_ftn12\">[12]<\/a> <a href=\"https:\/\/www.aa.com.tr\/en\/asia-pacific\/amid-armenian-provocations-azerbaijans-president-meets-with-armed-forces-commanders\/2684309\">https:\/\/www.aa.com.tr\/en\/asia-pacific\/amid-armenian-provocations-azerbaijans-president-meets-with-armed-forces-commanders\/2684309<\/a><\/p>\n<p><a href=\"#_ftnref13\" name=\"_ftn13\">[13]<\/a> <a href=\"https:\/\/www.globalr2p.org\/countries\/nagorno-karabakh-azerbaijan-armenia\/\">https:\/\/www.globalr2p.org\/countries\/nagorno-karabakh-azerbaijan-armenia\/<\/a><\/p>\n<p><a href=\"#_ftnref14\" name=\"_ftn14\">[14]<\/a> <a href=\"https:\/\/www.crisisgroup.org\/content\/nagorno-karabakh-conflict-visual-explainer\">https:\/\/www.crisisgroup.org\/content\/nagorno-karabakh-conflict-visual-explainer<\/a><\/p>\n<p><a href=\"#_ftnref15\" name=\"_ftn15\">[15]<\/a> <a href=\"https:\/\/www.trtworld.com\/asia\/dozens-of-azerbaijani-soldiers-killed-in-border-provocations-by-armenia-60749\">https:\/\/www.trtworld.com\/asia\/dozens-of-azerbaijani-soldiers-killed-in-border-provocations-by-armenia-60749<\/a><\/p>\n<p><a href=\"#_ftnref16\" name=\"_ftn16\">[16]<\/a> <a href=\"https:\/\/www.aljazeera.com\/news\/2020\/12\/22\/nagorno-karabakh-how-did-azerbaijan-triumph-over-armenia\">https:\/\/www.aljazeera.com\/news\/2020\/12\/22\/nagorno-karabakh-how-did-azerbaijan-triumph-over-armenia<\/a><\/p>\n<p><a href=\"#_ftnref17\" name=\"_ftn17\">[17]<\/a> <a href=\"https:\/\/www.aljazeera.com\/news\/2020\/12\/22\/nagorno-karabakh-how-did-azerbaijan-triumph-over-armenia\">https:\/\/www.aljazeera.com\/news\/2020\/12\/22\/nagorno-karabakh-how-did-azerbaijan-triumph-over-armenia<\/a><\/p>\n<p><a href=\"#_ftnref18\" name=\"_ftn18\">[18]<\/a> <a href=\"https:\/\/www.crisisgroup.org\/content\/nagorno-karabakh-conflict-visual-explainer\">https:\/\/www.crisisgroup.org\/content\/nagorno-karabakh-conflict-visual-explainer<\/a><\/p>\n","protected":false},"excerpt":{"rendered":"<p>C&rsquo;est ainsi que fonctionne la politique dans les pays europ\u00e9ens. En Turquie, un r\u00e9gime despotique de plus en plus incomp\u00e9tent, dont les performances \u00e9conomiques sont catastrophiques, recourt \u00e0 une violence aveugle pour rester au pouvoir &#8211; contre les opposants internes, contre les Kurdes, et contre quiconque peut<\/p>\n","protected":false},"author":4,"featured_media":3374,"comment_status":"open","ping_status":"open","sticky":false,"template":"","format":"standard","meta":[],"categories":[121,35,59],"tags":[175],"_links":{"self":[{"href":"https:\/\/ibiworld.eu\/fr\/wp-json\/wp\/v2\/posts\/3373"}],"collection":[{"href":"https:\/\/ibiworld.eu\/fr\/wp-json\/wp\/v2\/posts"}],"about":[{"href":"https:\/\/ibiworld.eu\/fr\/wp-json\/wp\/v2\/types\/post"}],"author":[{"embeddable":true,"href":"https:\/\/ibiworld.eu\/fr\/wp-json\/wp\/v2\/users\/4"}],"replies":[{"embeddable":true,"href":"https:\/\/ibiworld.eu\/fr\/wp-json\/wp\/v2\/comments?post=3373"}],"version-history":[{"count":1,"href":"https:\/\/ibiworld.eu\/fr\/wp-json\/wp\/v2\/posts\/3373\/revisions"}],"predecessor-version":[{"id":3378,"href":"https:\/\/ibiworld.eu\/fr\/wp-json\/wp\/v2\/posts\/3373\/revisions\/3378"}],"wp:featuredmedia":[{"embeddable":true,"href":"https:\/\/ibiworld.eu\/fr\/wp-json\/wp\/v2\/media\/3374"}],"wp:attachment":[{"href":"https:\/\/ibiworld.eu\/fr\/wp-json\/wp\/v2\/media?parent=3373"}],"wp:term":[{"taxonomy":"category","embeddable":true,"href":"https:\/\/ibiworld.eu\/fr\/wp-json\/wp\/v2\/categories?post=3373"},{"taxonomy":"post_tag","embeddable":true,"href":"https:\/\/ibiworld.eu\/fr\/wp-json\/wp\/v2\/tags?post=3373"}],"curies":[{"name":"wp","href":"https:\/\/api.w.org\/{rel}","templated":true}]}}