{"id":2039,"date":"2022-02-02T10:44:28","date_gmt":"2022-02-02T09:44:28","guid":{"rendered":"https:\/\/ibiworld.eu\/fr\/?p=2039"},"modified":"2022-02-02T10:44:28","modified_gmt":"2022-02-02T09:44:28","slug":"les-deshonorants-chevaliers-de-enemalte","status":"publish","type":"post","link":"https:\/\/ibiworld.eu\/fr\/2022\/02\/02\/les-deshonorants-chevaliers-de-enemalte\/","title":{"rendered":"LES DESHONORANTS CHEVALIERS DE (ENE)MALTE"},"content":{"rendered":"<p><img loading=\"lazy\" class=\"aligncenter size-full wp-image-2041\" src=\"https:\/\/ibiworld.eu\/fr\/wp-content\/uploads\/2022\/02\/1.jpg\" alt=\"\" width=\"2048\" height=\"1152\" srcset=\"https:\/\/ibiworld.eu\/fr\/wp-content\/uploads\/2022\/02\/1.jpg 2048w, https:\/\/ibiworld.eu\/fr\/wp-content\/uploads\/2022\/02\/1-300x169.jpg 300w, https:\/\/ibiworld.eu\/fr\/wp-content\/uploads\/2022\/02\/1-1024x576.jpg 1024w, https:\/\/ibiworld.eu\/fr\/wp-content\/uploads\/2022\/02\/1-768x432.jpg 768w, https:\/\/ibiworld.eu\/fr\/wp-content\/uploads\/2022\/02\/1-1536x864.jpg 1536w, https:\/\/ibiworld.eu\/fr\/wp-content\/uploads\/2022\/02\/1-600x338.jpg 600w\" sizes=\"(max-width: 2048px) 100vw, 2048px\" \/><\/p>\n<p>La journaliste Daphne Caruana Galizia poss\u00e8de une petite Renault dans laquelle elle se rend en ville pour le travail ou les courses familiales. Elle est une journaliste peu commode, qui couvre les histoires des chasseurs de crime internationaux qui, pour une raison ou une autre, font escale dans ses \u00eeles natales &#8211; l&rsquo;archipel maltais. Un matin, elle est mont\u00e9e dans sa voiture, a tourn\u00e9 la cl\u00e9 de contact et une tr\u00e8s violente explosion a mis fin \u00e0 sa vie. Ce fut le d\u00e9but de la premi\u00e8re analyse s\u00e9rieuse de ce que Malte est devenue au cours du dernier quart de si\u00e8cle : non plus seulement un port franc et un paradis fiscal, mais une terre de criminalit\u00e9 internationale.<\/p>\n<p>Malte est le plus petit pays de l&rsquo;Union europ\u00e9enne, qu&rsquo;elle a rejoint en 2004<a href=\"#_ftn1\" name=\"_ftnref1\"><sup>[1]<\/sup><\/a> : une terre ancienne<a href=\"#_ftn2\" name=\"_ftnref2\"><sup>[2]<\/sup><\/a>, une de ces terres de passage qui a \u00e9t\u00e9 un port militaire et commercial pour les Arabes, les Grecs, les Ph\u00e9niciens, les Romains et l&rsquo;organisation des Chevaliers de Malte<a href=\"#_ftn3\" name=\"_ftnref3\"><sup>[3]<\/sup><\/a>. Aussi petit soit-il, Malte est le pays le plus dens\u00e9ment peupl\u00e9 du continent, mais c&rsquo;est aussi celui qui est traditionnellement le plus riche en croisements autrement impossibles &#8211; entre peuples, religions, entreprises commerciales, mais aussi bandes criminelles et services secrets. Paul Caruana, fils de la courageuse journaliste Daphne Caruana Galizia (1964-2017), d\u00e9clare \u00e0 ce sujet : \u00ab\u00a0Le crime \u00e0 Malte n&rsquo;est pas tant organis\u00e9 par des familles ou des gangs que par des politiciens et, gr\u00e2ce au patronage de ces derniers, par tous les Maltais\u00a0\u00bb<a href=\"#_ftn4\" name=\"_ftnref4\"><sup>[4]<\/sup><\/a> .<\/p>\n<p>Mais Daphne Caruana, avec sa mort, est devenue le symbole d&rsquo;une autre Malte. Celui qui r\u00e9siste et veut \u00eatre diff\u00e9rent. C&rsquo;est pourquoi sa voiture &#8211; remplie de TNT &#8211; a explos\u00e9 le 17 octobre 2017. Ils l&rsquo;ont tu\u00e9e parce que, dans son blog \u00ab\u00a0The Running Commentary\u00a0\u00bb, elle d\u00e9non\u00e7ait en d\u00e9tail, souvent dans le silence embarrassant de la communaut\u00e9 internationale, la corruption r\u00e9gnant dans la R\u00e9publique de Malte. Avec professionnalisme et t\u00e9nacit\u00e9, pendant des ann\u00e9es, au quotidien, comme une goutte d&rsquo;eau qui gratte un rocher, elle a d\u00e9nonc\u00e9 les agissements louches de ses concitoyens et, surtout, de ses hommes politiques<a href=\"#_ftn5\" name=\"_ftnref5\"><sup>[5]<\/sup><\/a>. Au lendemain de son assassinat, des milliers de Maltais ont pour la premi\u00e8re fois trouv\u00e9 le courage de manifester dans les rues et leur chagrin a, pour la premi\u00e8re fois, fait le tour du monde<a href=\"#_ftn6\" name=\"_ftnref6\"><sup>[6]<\/sup><\/a>.<\/p>\n<p>Trois hommes, soup\u00e7onn\u00e9s d&rsquo;avoir fait exploser la bombe, ont \u00e9t\u00e9 arr\u00eat\u00e9s en d\u00e9cembre 2017. L&rsquo;un d&rsquo;entre eux a plaid\u00e9 coupable et purge une peine d\u00e9finitive de 15 ans. Les deux autres sont en attente de jugement<a href=\"#_ftn7\" name=\"_ftnref7\"><sup>[7]<\/sup><\/a>. Un interm\u00e9diaire, c&rsquo;est-\u00e0-dire celui qui, sur ordre des donneurs d&rsquo;ordre, avait confi\u00e9 la mission au trio de tueurs, raconte maintenant beaucoup plus de faits, a \u00e9t\u00e9 graci\u00e9 et est entr\u00e9 dans un programme international de protection des t\u00e9moins<a href=\"#_ftn8\" name=\"_ftnref8\"><sup>[8]<\/sup><\/a> . Gr\u00e2ce \u00e0 ses r\u00e9cits, le syst\u00e8me judiciaire a progress\u00e9, au milieu de nombreuses difficult\u00e9s.<\/p>\n<p>Transparency International, l&rsquo;ONG qui publie chaque ann\u00e9e l&rsquo;indice de perception de la corruption (IPC)<a href=\"#_ftn9\" name=\"_ftnref9\"><sup>[9]<\/sup><\/a>, classe Malte au 49e rang sur 180 pays analys\u00e9s<a href=\"#_ftn10\" name=\"_ftnref10\"><sup>[10]<\/sup><\/a> et a appel\u00e9 \u00e0 la cr\u00e9ation d&rsquo;une structure d&rsquo;enqu\u00eate europ\u00e9enne unique, plus puissante que les cliques de pouvoir locales, pour lutter contre le crime organis\u00e9 et le blanchiment d&rsquo;argent<a href=\"#_ftn11\" name=\"_ftnref11\"><sup>[11]<\/sup><\/a>. En 2021, la Commission europ\u00e9enne a ouvert une proc\u00e9dure contre Malte en raison des \u00ab\u00a0passeports dor\u00e9s\u00a0\u00bb, c&rsquo;est-\u00e0-dire l&rsquo;octroi facile de la citoyennet\u00e9 \u00e0 des personnes fortun\u00e9es, ind\u00e9pendamment de leur casier judiciaire<a href=\"#_ftn12\" name=\"_ftnref12\"><sup>[12]<\/sup><\/a>. C&rsquo;est pr\u00e9cis\u00e9ment ce sur quoi Caruana Galizia enqu\u00eatait peu avant sa fin tragique : un r\u00e9seau international de corruption, dont le centre aurait \u00e9t\u00e9 la soci\u00e9t\u00e9 offshore 17 Black Ltd, enregistr\u00e9e aux \u00c9mirats et op\u00e9rant \u00e0 Malte<a href=\"#_ftn13\" name=\"_ftnref13\"><sup>[13]<\/sup><\/a>.<\/p>\n<p>C&rsquo;est pourquoi, lorsqu&rsquo;en 2019 la police a identifi\u00e9 et arr\u00eat\u00e9 le probable instigateur du meurtre de Caruana Galizia, personne n&rsquo;a \u00e9t\u00e9 surpris que le nom soit celui de l&rsquo;un des hommes d&rsquo;affaires les plus riches de Malte, Yorgen Fenech, qui poss\u00e8de apparemment 17 Black<a href=\"#_ftn14\" name=\"_ftnref14\"><sup>[14]<\/sup><\/a> . Et maintenant, on attend non seulement un proc\u00e8s qui fasse la lumi\u00e8re sur cette trag\u00e9die, mais aussi une analyse cr\u00e9dible des mille ruisseaux de corruption et de criminalit\u00e9 qui y sont li\u00e9s, \u00e0 commencer par l&rsquo;affaire Enemalta.<\/p>\n<p><strong>La fable de la centrale \u00e9lectrique au Mont\u00e9n\u00e9gro<\/strong><\/p>\n<p><img loading=\"lazy\" class=\"aligncenter size-full wp-image-2042\" src=\"https:\/\/ibiworld.eu\/fr\/wp-content\/uploads\/2022\/02\/2.jpg\" alt=\"\" width=\"1200\" height=\"800\" srcset=\"https:\/\/ibiworld.eu\/fr\/wp-content\/uploads\/2022\/02\/2.jpg 1200w, https:\/\/ibiworld.eu\/fr\/wp-content\/uploads\/2022\/02\/2-300x200.jpg 300w, https:\/\/ibiworld.eu\/fr\/wp-content\/uploads\/2022\/02\/2-1024x683.jpg 1024w, https:\/\/ibiworld.eu\/fr\/wp-content\/uploads\/2022\/02\/2-768x512.jpg 768w, https:\/\/ibiworld.eu\/fr\/wp-content\/uploads\/2022\/02\/2-600x400.jpg 600w\" sizes=\"(max-width: 1200px) 100vw, 1200px\" \/><\/p>\n<p><strong>L&rsquo;une des centrales \u00e9lectriques d&rsquo;Enemalta, qui perd 30 millions d&rsquo;euros par an depuis le d\u00e9but des enqu\u00eates sur la corruption au sein de la direction de l&rsquo;entreprise<a href=\"#_ftn15\" name=\"_ftnref15\"><sup>[15]<\/sup><\/a><\/strong><\/p>\n<p>En d\u00e9cembre 2021, le Parlement du Mont\u00e9n\u00e9gro a cr\u00e9\u00e9 une commission d&rsquo;enqu\u00eate sur le projet de parc \u00e9olien de Mo\u017eura, \u00e0 la fronti\u00e8re avec l&rsquo;Albanie. Le parc \u00e9olien a \u00e9t\u00e9 confi\u00e9 \u00e0 Enemalta, qui est l&rsquo;entreprise publique fournissant l&rsquo;\u00e9lectricit\u00e9 et le chauffage dans l&rsquo;archipel maltais depuis 1977<a href=\"#_ftn16\" name=\"_ftnref16\"><sup>[16]<\/sup><\/a> . Branka Bo\u0161njak, vice-pr\u00e9sidente du Parlement du Mont\u00e9n\u00e9gro, expliquant la d\u00e9cision au public, a d\u00e9clar\u00e9 qu'\u00a0\u00bbil existe des preuves importantes de corruption de plusieurs millions de dollars li\u00e9es au projet, qui co\u00fbtera plus de 115 millions d&rsquo;euros pour un contrat de fourniture d&rsquo;\u00e9lectricit\u00e9 de 12 ans b\u00e9n\u00e9ficiant d&rsquo;avantages fiscaux\u00a0\u00bb<a href=\"#_ftn17\" name=\"_ftnref17\"><sup>[17]<\/sup><\/a>.<\/p>\n<p>Bo\u0161njak parle d&rsquo;une affaire qui a commenc\u00e9 en 2015, lorsque le Premier ministre maltais de l&rsquo;\u00e9poque, Joseph Muscat, et son ministre de l&rsquo;\u00c9nergie, Konrad Mizzi, ont sign\u00e9 n\u00e9goci\u00e9 un contrat pour l&rsquo;exploitation et la maintenance du parc \u00e9olien <a href=\"#_ftn18\" name=\"_ftnref18\"><sup>[18]<\/sup><\/a>. Les probl\u00e8mes ont commenc\u00e9 imm\u00e9diatement : le 10 d\u00e9cembre 2015, le parc \u00e9olien a \u00e9t\u00e9 vendu par une soci\u00e9t\u00e9 espagnole \u00e0 un courtier, Cifidex Ltd, bas\u00e9 aux Seychelles, pour 2,9 millions d&rsquo;euros, et Cifidex, deux semaines plus tard, l&rsquo;a vendu \u00e0 Enemalta pour 10,3 millions d&rsquo;euros &#8211; avec une prime de courtage, vers\u00e9e \u00e0 17 Black, de 4,6 millions d&rsquo;euros<a href=\"#_ftn19\" name=\"_ftnref19\"><sup>[19]<\/sup><\/a> . L&rsquo;augmentation de 300 % de la valeur de Mo\u017eura s&rsquo;explique par le fait que, dans le cadre du gigantesque projet d&rsquo;expansion industrielle chinois appel\u00e9 Belt and Road (connu sous le nom de Nouvelle route de la soie)<a href=\"#_ftn20\" name=\"_ftnref20\"><sup>[20]<\/sup><\/a>, le parc \u00e9olien b\u00e9n\u00e9ficiera d&rsquo;un contrat de partenariat princier avec Shanghai Electric Power &#8211; un contrat (appel\u00e9 IRED) n\u00e9goci\u00e9 par Konrad Mizzi <a href=\"#_ftn21\" name=\"_ftnref21\"><sup>[21]<\/sup><\/a>.<\/p>\n<p>Selon l&rsquo;agence de presse Reuters, Cidifex appartiendrait \u00e0 Turab Musayev, directeur ex\u00e9cutif de la filiale suisse de Socar, la compagnie p\u00e9troli\u00e8re publique azerba\u00efdjanaise : Musayev et Fenech sont d\u00e9j\u00e0 des partenaires commerciaux du consortium qui, en 2017, a construit une nouvelle centrale \u00e9lectrique au gaz de 450 millions d&rsquo;euros \u00e0 Malte, avec un accord de courtage monopolistique du prix du gaz qui fait perdre des millions d&rsquo;euros par an \u00e0 la R\u00e9publique de Malte<a href=\"#_ftn22\" name=\"_ftnref22\"><sup>[22]<\/sup><\/a> . Appel\u00e9e \u00e0 s&rsquo;expliquer, Socar a ni\u00e9 toute implication dans l&rsquo;affaire Mo\u017eura<a href=\"#_ftn23\" name=\"_ftnref23\"><sup>[23]<\/sup><\/a>. Malgr\u00e9 la controverse, en novembre 2019, le parc \u00e9olien a \u00e9t\u00e9 inaugur\u00e9 : 112 GWh par an, que le gouvernement de Podgorica s&rsquo;est engag\u00e9 \u00e0 acheter \u00e0 un prix fixe de 95,99 \u20ac\/MWh, en plus de fournir 115 millions d&rsquo;incitations fiscales pour une dur\u00e9e de 12 ans<a href=\"#_ftn24\" name=\"_ftnref24\"><sup>[24]<\/sup><\/a> . Le terrain sur lequel se trouve le parc \u00e9olien, lou\u00e9 jusqu&rsquo;en 2035 au cartel sino-maltais IRED International Renewable Energy Development Ltd, devrait finalement redevenir la propri\u00e9t\u00e9 du gouvernement mont\u00e9n\u00e9grin<a href=\"#_ftn25\" name=\"_ftnref25\"><sup>[25]<\/sup><\/a>.<\/p>\n<p>Il s&rsquo;agit d&rsquo;un partenariat surprenant \u00e0 bien des \u00e9gards. Enemalta n&rsquo;est pas un g\u00e9ant, loin de l\u00e0. Elle g\u00e8re les syst\u00e8mes de secours de la centrale de Delimara (444 MW, mise en service en 1992) et le raccordement de plusieurs centrales au r\u00e9seau. Son histoire a commenc\u00e9 le 5 d\u00e9cembre 1953 avec l&rsquo;inauguration de la centrale \u00e9lectrique install\u00e9e dans les tunnels creus\u00e9s au pied de la colline des J\u00e9suites \u00e0 Marsa &#8211; une centrale qui a \u00e9t\u00e9 ferm\u00e9e en septembre 1994<a href=\"#_ftn26\" name=\"_ftnref26\"><sup>[26]<\/sup><\/a>. Les centrales de Floriana (1896-1960) et de Corradino (1939-1992) ont \u00e9galement \u00e9t\u00e9 exploit\u00e9es par Enemalta<a href=\"#_ftn27\" name=\"_ftnref27\"><sup>[27]<\/sup><\/a>. L&rsquo;entreprise publique a construit trois nouvelles centrales (une au diesel et deux au charbon &#8211; Electrogas et BWSC Delimara) qui, en 2018, ont couvert les trois quarts de l&rsquo;\u00e9lectricit\u00e9 de Malte<a href=\"#_ftn28\" name=\"_ftnref28\"><sup>[28]<\/sup><\/a> , tandis qu&rsquo;un quart des besoins en \u00e9lectricit\u00e9 provenait de la ligne \u00e9lectrique de Marina di Ragusa, en Sicile<a href=\"#_ftn29\" name=\"_ftnref29\"><sup>[29]<\/sup><\/a> . Puis les panneaux solaires sont arriv\u00e9s, la production d&rsquo;\u00e9lectricit\u00e9 a augment\u00e9, et depuis septembre 2017, Malte peut exporter de l&rsquo;\u00e9lectricit\u00e9 vers l&rsquo;Europe<a href=\"#_ftn30\" name=\"_ftnref30\"><sup>[30]<\/sup><\/a> .<\/p>\n<p>Mais cette histoire de r\u00e9ussite apparente est \u00e9maill\u00e9e de scandales, comme celui de la centrale de Delimara : Mossack y Fonseca, le cabinet d&rsquo;avocats panam\u00e9en au centre du scandale connu sous le nom de \u00ab\u00a0Panama Papers\u00a0\u00bb, g\u00e9rait \u00e0 la fois la soci\u00e9t\u00e9 m\u00e8re du partenaire du consortium Electrogas Gasol plc (via un bureau aux Seychelles) et le compte de soci\u00e9t\u00e9s offshore fond\u00e9es par le ministre Konrad Mizzi et le chef du secr\u00e9tariat du Premier ministre, Keith Schembri, dans un r\u00e9seau de soci\u00e9t\u00e9s fictives dont l&rsquo;\u00e9picentre se trouvait \u00e0 Malte<a href=\"#_ftn31\" name=\"_ftnref31\"><sup>[31]<\/sup><\/a> . Lorsque le scandale a \u00e9t\u00e9 rendu public, les actions de les soci\u00e9t\u00e9s offshore ont \u00e9t\u00e9 transf\u00e9r\u00e9es (quelle co\u00efncidence) \u00e0 un consortium priv\u00e9 compos\u00e9 de GEM Holdings Malta, Siemens et Socar d&rsquo;Azerba\u00efdjan<a href=\"#_ftn32\" name=\"_ftnref32\"><sup>[32]<\/sup><\/a>. Le projet est r\u00e9alis\u00e9 gr\u00e2ce \u00e0 un financement bancaire (450 millions d&rsquo;euros), dont 80 % sont garantis par les autorit\u00e9s fiscales maltaises<a href=\"#_ftn33\" name=\"_ftnref33\"><sup>[33]<\/sup><\/a>.<\/p>\n<p><strong>La fable des amis az\u00e9ris<\/strong><\/p>\n<p><img loading=\"lazy\" class=\"aligncenter size-full wp-image-2043\" src=\"https:\/\/ibiworld.eu\/fr\/wp-content\/uploads\/2022\/02\/3.jpg\" alt=\"\" width=\"850\" height=\"530\" srcset=\"https:\/\/ibiworld.eu\/fr\/wp-content\/uploads\/2022\/02\/3.jpg 850w, https:\/\/ibiworld.eu\/fr\/wp-content\/uploads\/2022\/02\/3-300x187.jpg 300w, https:\/\/ibiworld.eu\/fr\/wp-content\/uploads\/2022\/02\/3-768x479.jpg 768w, https:\/\/ibiworld.eu\/fr\/wp-content\/uploads\/2022\/02\/3-600x374.jpg 600w\" sizes=\"(max-width: 850px) 100vw, 850px\" \/><\/p>\n<p><strong>Le gratte-ciel qui abrite le si\u00e8ge du groupe Socar \u00e0 Bakou<a href=\"#_ftn34\" name=\"_ftnref34\"><sup>[34]<\/sup><\/a><\/strong><\/p>\n<p>Cela ressemble \u00e0 un conte de f\u00e9es : c&rsquo;est l&rsquo;histoire d&rsquo;un contrat de plus d&rsquo;un milliard de dollars sign\u00e9 par Malte avec Socar, la compagnie p\u00e9troli\u00e8re et gazi\u00e8re nationale d&rsquo;Azerba\u00efdjan, pour la fourniture pendant dix ans de liquides de gaz naturel destin\u00e9s \u00e0 alimenter la centrale \u00e9lectrique de l&rsquo;\u00eele<a href=\"#_ftn35\" name=\"_ftnref35\"><sup>[35]<\/sup><\/a>. Un contrat que le gouvernement maltais a pr\u00e9sent\u00e9 au public et avec peu de transparence, \u00e9tant donn\u00e9 que ce contrat contient une longue s\u00e9rie de clauses qui, depuis 2015, obligent la population maltaise \u00e0 payer des factures d&rsquo;\u00e9lectricit\u00e9 deux fois sup\u00e9rieures au taux du march\u00e9 &#8211; un contrat n\u00e9goci\u00e9 par Konrad Mizzi et Keith Schembri<a href=\"#_ftn36\" name=\"_ftnref36\"><sup>[36]<\/sup><\/a> .<\/p>\n<p>Le contrat a \u00e9t\u00e9 contr\u00f4l\u00e9 par une soci\u00e9t\u00e9 maltaise, Nexia BT, dont la propri\u00e9t\u00e9 est indirectement li\u00e9e \u00e0 Mossack y Fonseca, qui a approuv\u00e9 les commissions r\u00e9guli\u00e8res (officiellement des primes de courtage) vers\u00e9es par Delimara au Rotorua Trust, d\u00e9tenu par la soci\u00e9t\u00e9 offshore panam\u00e9enne Hearnville Inc qui, \u00e0 son tour, appartient \u00e0 Konrad Mizzi<a href=\"#_ftn37\" name=\"_ftnref37\"><sup>[37]<\/sup><\/a> . L&rsquo;un des trois partenaires initiaux d&rsquo;Electrogas Gasol \u00e9tait l&rsquo;African Gas Development Corporation Ltd (Seychelles), \u00e9galement administr\u00e9e sur une base fiduciaire par Mossack y Fonseca<a href=\"#_ftn38\" name=\"_ftnref38\"><sup>[38]<\/sup><\/a>, ce qui, bien entendu, constitue un conflit d&rsquo;int\u00e9r\u00eats ouvert<a href=\"#_ftn39\" name=\"_ftnref39\"><sup>[39]<\/sup><\/a>. Mais ce n&rsquo;est pas tout : Mossack y Fonseca a dissimul\u00e9 (par le biais d&rsquo;un r\u00e9seau de soci\u00e9t\u00e9s offshore au Panama) le fait que la famille du pr\u00e9sident azerba\u00efdjanais Ilham Aliyev poss\u00e8de une participation importante dans Socar Trading, qui commercialise d\u00e9sormais l&rsquo;\u00e9lectricit\u00e9 produite par Delimara<a href=\"#_ftn40\" name=\"_ftnref40\"><sup>[40]<\/sup><\/a>.<\/p>\n<p>Entre septembre 2013 et mars 2016, Konrad Mizzi se rend 17 fois en Chine pour de nouvelles n\u00e9gociations<a href=\"#_ftn41\" name=\"_ftnref41\"><sup>[41]<\/sup><\/a>, apparemment \u00e0 la recherche d&rsquo;\u00e9ventuels partenaires chinois pour Enemalta<a href=\"#_ftn42\" name=\"_ftnref42\"><sup>[42]<\/sup><\/a>. Les investigations de la police mettent \u00e0 jour une trace : fin 2015, il y a un paiement d&rsquo;un million de dollars, transf\u00e9r\u00e9 sur un compte de la Pilatus Bank \u00e0 La Valette, au nom de Torbridge Services Inc (Iles Vierges), fond\u00e9 par Nexia BT, et dont le propri\u00e9taire est l&rsquo;entrepreneur chinois Cheng Chen qui, selon les investigations, est sur le point d&rsquo;acheter une participation dans Enemalta d&rsquo;une valeur de 320 millions d&rsquo;euros<a href=\"#_ftn43\" name=\"_ftnref43\"><sup>[43]<\/sup><\/a> . Selon l&rsquo;enqu\u00eate, Nexia BT a \u00e9t\u00e9 l&rsquo;interm\u00e9diaire de nombreux autres contrats et aussi des n\u00e9gociations avec l&rsquo;Union europ\u00e9enne pour obtenir des licences \u00e9cologiques pour les centrales \u00e9lectriques d&rsquo;Enemalta<a href=\"#_ftn44\" name=\"_ftnref44\"><sup>[44]<\/sup><\/a>. Depuis 2013, Nexia BT aurait empoch\u00e9 plus d&rsquo;un million d&rsquo;euros du gouvernement maltais pour ces travaux de conseil, tous autoris\u00e9s par le Premier ministre Joseph Muscat<a href=\"#_ftn45\" name=\"_ftnref45\"><sup>[45]<\/sup><\/a> .<\/p>\n<p><strong>L&rsquo;histoire myst\u00e9rieuse du professeur Mifsud<\/strong><\/p>\n<p><img loading=\"lazy\" class=\"aligncenter size-full wp-image-2044\" src=\"https:\/\/ibiworld.eu\/fr\/wp-content\/uploads\/2022\/02\/4.jpg\" alt=\"\" width=\"930\" height=\"558\" srcset=\"https:\/\/ibiworld.eu\/fr\/wp-content\/uploads\/2022\/02\/4.jpg 930w, https:\/\/ibiworld.eu\/fr\/wp-content\/uploads\/2022\/02\/4-300x180.jpg 300w, https:\/\/ibiworld.eu\/fr\/wp-content\/uploads\/2022\/02\/4-768x461.jpg 768w, https:\/\/ibiworld.eu\/fr\/wp-content\/uploads\/2022\/02\/4-600x360.jpg 600w\" sizes=\"(max-width: 930px) 100vw, 930px\" \/><\/p>\n<p><strong>Londres, novembre 2017. De gauche \u00e0 droite : le professeur Joseph Mifsud, le Premier ministre britannique Boris Johnson et le lobbyiste indien Prasenjit Kumar Singh<a href=\"#_ftn46\" name=\"_ftnref46\"><sup>[46]<\/sup><\/a> <\/strong><\/p>\n<p>Dans ce tourbillon de corruption, d&rsquo;affaires, de personnes et de soci\u00e9t\u00e9s dans les paradis fiscaux, une histoire entour\u00e9e de myst\u00e8re ne pouvait manquer : celle de Joseph Mifsud, citoyen maltais et collaborateur de l&rsquo;Universit\u00e9 Link de Rome. Le professeur a des amis dans le monde entier, de la Fondation Clinton au minist\u00e8re des affaires \u00e9trang\u00e8res en passant par les hauts responsables des services secrets russes<a href=\"#_ftn47\" name=\"_ftnref47\"><sup>[47]<\/sup><\/a>. Le professeur dispara\u00eet dans la nature en octobre 2017, au moment o\u00f9 des enqu\u00eateurs am\u00e9ricains le recherchent pour lui demander des explications sur son implication dans le Russiagate &#8211; le scandale qui suppose que Vladimir Poutine a aid\u00e9 ill\u00e9galement Donald Trump \u00e0 remporter l&rsquo;\u00e9lection pr\u00e9sidentielle<a href=\"#_ftn48\" name=\"_ftnref48\"><sup>[48]<\/sup><\/a> .<\/p>\n<p>Mifsud n&rsquo;est pas apparu depuis des semaines, ni dans son appartement \u00e0 Rome, ni dans sa chambre sur le campus de l&rsquo;universit\u00e9 Link \u00e0 Rome et \u00e0 Londres : les avocats d&rsquo;Hillary Clinton et le comit\u00e9 \u00e9lectoral d\u00e9mocrate l&rsquo;ont poursuivi en justice, son t\u00e9moignage en tant que \u00ab\u00a0facteur\u00a0\u00bb entre Trump et Poutine est cens\u00e9 \u00eatre d&rsquo;une importance fondamentale, on soup\u00e7onne donc qu&rsquo;il est mort et que son corps a \u00e9t\u00e9 cach\u00e9<a href=\"#_ftn49\" name=\"_ftnref49\"><sup>[49]<\/sup><\/a>. Certains disent qu&rsquo;il est en Russie, d&rsquo;autres qu&rsquo;il est cach\u00e9 en Italie &#8211; l&rsquo;ancien ministre am\u00e9ricain de la justice William Barr et l&rsquo;ancien procureur am\u00e9ricain John Durham, qui repr\u00e9sentent les int\u00e9r\u00eats de Trump dans le Russiagate, se sont rendus sans succ\u00e8s aupr\u00e8s des services de renseignement italiens pour leur demander des informations v\u00e9rifiables<a href=\"#_ftn50\" name=\"_ftnref50\"><sup>[50]<\/sup><\/a> .<\/p>\n<p>La seule chose qui est s\u00fbre, c&rsquo;est que Joseph Mifsud, avant de dispara\u00eetre (31 octobre 2017<a href=\"#_ftn51\" name=\"_ftnref51\"><sup>[51]<\/sup><\/a>), a rencontr\u00e9 \u00e0 plusieurs reprises George Papadopoulos, l&rsquo;un des directeurs de campagne de Donald Trump, et lui aurait parl\u00e9 de \u00ab\u00a0nombreux courriels compromettant le candidat d\u00e9mocrate \u00e0 la pr\u00e9sidence des \u00c9tats-Unis en possession des Russes\u00a0\u00bb<a href=\"#_ftn52\" name=\"_ftnref52\"><sup>[52]<\/sup><\/a>. Ces courriels ont ensuite \u00e9t\u00e9 divulgu\u00e9s par Wikileaks et Trump a affirm\u00e9 que Mifsud \u00e9tait un \u00ab\u00a0agent provocateur\u00a0\u00bb au service des services de renseignement europ\u00e9ens qui l&rsquo;auraient calomni\u00e9 au sujet de ses relations avec Moscou<a href=\"#_ftn53\" name=\"_ftnref53\"><sup>[53]<\/sup><\/a>.<\/p>\n<p>Les liens de Mifsud ne sont pas surprenants. L&rsquo;universit\u00e9 Link a \u00e9t\u00e9 fond\u00e9e par Vincenzo Scotti, ancien ministre d\u00e9mocrate-chr\u00e9tien et sous-secr\u00e9taire aux affaires \u00e9trang\u00e8res dans un gouvernement Berlusconi<a href=\"#_ftn54\" name=\"_ftnref54\"><sup>[54]<\/sup><\/a>, et est proche de la droite am\u00e9ricaine et de ses amis du Mouvement 5 \u00e9toiles<a href=\"#_ftn55\" name=\"_ftnref55\"><sup>[55]<\/sup><\/a> (un professeur de Link, expert en renseignement militaire, Elisabetta Trenta, a \u00e9t\u00e9 ministre de la d\u00e9fense dans le gouvernement Conte<a href=\"#_ftn56\" name=\"_ftnref56\"><sup>[56]<\/sup><\/a>). Vincenzo Scotti se justifie : \u00ab\u00a0Mifsud a \u00e9galement \u00e9t\u00e9 chef du bureau international de l&rsquo;Universit\u00e9 de Malte jusqu&rsquo;en 2006, puis chef de cabinet du ministre des Affaires \u00e9trang\u00e8res de Malte, puis recteur pendant quelques ann\u00e9es de l&rsquo;Universit\u00e9 europ\u00e9enne Emuni, et aussi recteur du Consortium universitaire d&rsquo;Agrigente, pour ensuite devenir professeur et directeur de l&rsquo;acad\u00e9mie diplomatique de Londres\u00a0\u00bb &#8211; un cursus de tout respect qui en a fait un insoup\u00e7onnable<a href=\"#_ftn57\" name=\"_ftnref57\"><sup>[57]<\/sup><\/a>.<\/p>\n<p>Le professeur n&rsquo;est jamais r\u00e9apparu, bien que plusieurs rumeurs aient circul\u00e9 sur ses pr\u00e9tendues apparitions dans diff\u00e9rents coins du monde<a href=\"#_ftn58\" name=\"_ftnref58\"><sup>[58]<\/sup><\/a>. Le Russiagate fait d\u00e9sormais partie du pass\u00e9. Mais ses traces demeurent, car le nombre d&rsquo;oligarques russes qui, poursuivis par le fisc et ne se sentant plus prot\u00e9g\u00e9s par leurs trustees panam\u00e9ens et chypriotes, d\u00e9barquent \u00e0 Malte \u00e0 la recherche d&rsquo;un havre de paix ne cesse de cro\u00eetre.<\/p>\n<p>Parmi les noms les plus connus figurent Arkady Volozh, propri\u00e9taire de Yandex, l&rsquo;\u00e9quivalent russe de Google, et Alexey De Monderik, cofondateur de la soci\u00e9t\u00e9 internationale de s\u00e9curit\u00e9 informatique Kaspersky Lab<a href=\"#_ftn59\" name=\"_ftnref59\"><sup>[59]<\/sup><\/a> ; le gyn\u00e9cologue Mark Kurtser (l&rsquo;un des amis personnels les plus influents de Poutine), partenaire de Robert Vardanyan dans S&rsquo;Agaro, le groupe immobilier tr\u00e8s proche du Kremlin qui se d\u00e9veloppe dans toute l&rsquo;Union europ\u00e9enne ; l&rsquo;homme d&rsquo;affaires az\u00e9ri Mushvig Ali Ogly Abdullaev, propri\u00e9taire de la cha\u00eene de supermarch\u00e9s SPAR dans la F\u00e9d\u00e9ration de Russie ; la famille du n\u00e9gociant en p\u00e9trole Andrey Mikhaylovich Turba, fondateur de Transneft et actuellement poursuivi par la justice moscovite ; le milliardaire Konstantin Vitalievich Khodosovosky, ennemi jur\u00e9 de Poutine ; l&rsquo;ancien officier de renseignement Murad Azerovich Efendiev, propri\u00e9taire de Netris, une soci\u00e9t\u00e9 de s\u00e9curit\u00e9 op\u00e9rant dans le monde entier<a href=\"#_ftn60\" name=\"_ftnref60\"><sup>[60]<\/sup><\/a> ; et l&rsquo;oligarque Dmitryi Mazepin, qui est au bord de la faillite en Russie et cherche refuge \u00e0 l&rsquo;\u00e9tranger<a href=\"#_ftn61\" name=\"_ftnref61\"><sup>[61]<\/sup><\/a>.<\/p>\n<p><strong>Malte apr\u00e8s le d\u00e9c\u00e8s de Daphne Caruana Galizia<\/strong><\/p>\n<p><img loading=\"lazy\" class=\"aligncenter size-full wp-image-2045\" src=\"https:\/\/ibiworld.eu\/fr\/wp-content\/uploads\/2022\/02\/5.jpg\" alt=\"\" width=\"684\" height=\"503\" srcset=\"https:\/\/ibiworld.eu\/fr\/wp-content\/uploads\/2022\/02\/5.jpg 684w, https:\/\/ibiworld.eu\/fr\/wp-content\/uploads\/2022\/02\/5-300x221.jpg 300w, https:\/\/ibiworld.eu\/fr\/wp-content\/uploads\/2022\/02\/5-600x441.jpg 600w\" sizes=\"(max-width: 684px) 100vw, 684px\" \/><\/p>\n<p><strong>11 d\u00e9cembre 2019 : l&rsquo;eurod\u00e9put\u00e9e Roberta Metsola refuse de serrer la main du Premier ministre Joseph Muscat<a href=\"#_ftn62\" name=\"_ftnref62\"><sup>[62]<\/sup><\/a><\/strong><\/p>\n<p>Le 18 janvier, Roberta Metsola, une eurod\u00e9put\u00e9e maltaise, a \u00e9t\u00e9 \u00e9lue pr\u00e9sidente du Parlement europ\u00e9en : la plus jeune pr\u00e9sidente, la troisi\u00e8me femme dans l&rsquo;histoire de l&rsquo;Union europ\u00e9enne<a href=\"#_ftn63\" name=\"_ftnref63\"><sup>[63]<\/sup><\/a>. Il ne s&rsquo;agit pas de n&rsquo;importe quelle nomination, car Metsola, le 3 d\u00e9cembre 2019, lors de sa rencontre avec le Premier ministre maltais de l&rsquo;\u00e9poque, Joseph Muscat, a refus\u00e9 de lui serrer la main<a href=\"#_ftn64\" name=\"_ftnref64\"><sup>[64]<\/sup><\/a> . Elle est aujourd&rsquo;hui le point de r\u00e9f\u00e9rence d&rsquo;une nouvelle g\u00e9n\u00e9ration de Maltais qui, profond\u00e9ment \u00e9branl\u00e9e par le meurtre de Daphne Caruana Galizia, souhaite un changement radical. Un changement qui est actuellement impossible, car l&rsquo;argent des activit\u00e9s ill\u00e9gales internationales domine la faible \u00e9conomie locale et, comme l&rsquo;a rappel\u00e9 le fils du journaliste assassin\u00e9, chaque Maltais profite d&rsquo;une mani\u00e8re ou d&rsquo;une autre de la situation actuelle.<\/p>\n<p>Joseph Muscat a \u00e9t\u00e9 contraint de d\u00e9missionner en 2019 lorsque la justice a r\u00e9v\u00e9l\u00e9 l&rsquo;ampleur du scandale que les assassins de Daphne Caruana Galizia voulaient cacher. Apr\u00e8s l&rsquo;arrestation de Muzzi, Schembri et Fenech, il \u00e9tait clair pour tout le monde que, si ces ministres avaient gagn\u00e9 des dizaines de millions gr\u00e2ce \u00e0 la corruption, leur patron ne pouvait pas l&rsquo;ignorer &#8211; et en effet, peu apr\u00e8s sa d\u00e9mission, Muscat a \u00e9galement fait l&rsquo;objet d&rsquo;une enqu\u00eate, notamment apr\u00e8s avoir ordonn\u00e9, en sa qualit\u00e9 de politicien, la gr\u00e2ce de l&rsquo;homme d&rsquo;affaires Melvin Theuma, qui s&rsquo;est av\u00e9r\u00e9 par la suite \u00eatre un personnage cl\u00e9 du complot qui a conduit \u00e0 l&rsquo;attaque contre le journaliste maltais<a href=\"#_ftn65\" name=\"_ftnref65\"><sup>[65]<\/sup><\/a> . En 2019, une ONG internationale l&rsquo;a d\u00e9sign\u00e9 comme l&rsquo;homme mondial de l&rsquo;ann\u00e9e pour le crime organis\u00e9<a href=\"#_ftn66\" name=\"_ftnref66\"><sup>[66]<\/sup><\/a> .<\/p>\n<p>Mais la r\u00e9alit\u00e9 est que rien ne change. Malgr\u00e9 le fait que le succ\u00e8s de d\u00e9cennies de politique fiscale ax\u00e9e sur le soutien aux investissements \u00e9trangers ait amen\u00e9 dans l&rsquo;archipel plusieurs multinationales pharmaceutiques et \u00e9lectroniques, qui produisent aujourd&rsquo;hui pr\u00e8s de la moiti\u00e9 du produit int\u00e9rieur brut et, ajout\u00e9es \u00e0 celles du commerce, emploient deux Maltais sur trois, les gens restent convaincus que le secteur fiduciaire est indispensable, m\u00eame si une grande partie des 14,5 % du PIB produits par le centre financier dispara\u00eet pour l&rsquo;essentiel dans les m\u00e2choires des fiduciaires, des politiciens et du crime organis\u00e9<a href=\"#_ftn67\" name=\"_ftnref67\"><sup>[67]<\/sup><\/a> . Pour cette raison \u00e9galement, il est inutile de s&rsquo;attendre \u00e0 ce qu&rsquo;une vague d&rsquo;ex\u00e9cration internationale aboutisse \u00e0 quelque chose &#8211; comme le montre l&rsquo;attitude de Malte \u00e0 l&rsquo;\u00e9gard des immigrants ill\u00e9gaux, une attitude de fermeture totale.<\/p>\n<p>Les h\u00e9ros de Malte, \u00e0 l&rsquo;exception d&rsquo;un journaliste qui est devenu une ic\u00f4ne mondiale, ne sont pas des chevaliers. Ils ne sont pas non plus honorables.<\/p>\n<p>&nbsp;<\/p>\n<p><a href=\"#_ftnref1\" name=\"_ftn1\">[1]<\/a> <a href=\"https:\/\/european-union.europa.eu\/principles-countries-history\/country-profiles\/malta_it\">https:\/\/european-union.europa.eu\/principles-countries-history\/country-profiles\/malta_it<\/a><\/p>\n<p><a href=\"#_ftnref2\" name=\"_ftn2\">[2]<\/a> <a href=\"https:\/\/www.ilpost.it\/2014\/09\/21\/storia-malta\/\">https:\/\/www.ilpost.it\/2014\/09\/21\/storia-malta\/<\/a><\/p>\n<p><a href=\"#_ftnref3\" name=\"_ftn3\">[3]<\/a> <a href=\"https:\/\/www.lastampa.it\/cronaca\/2017\/02\/03\/news\/i-cavalieri-di-malta-un-ordine-millenario-aristocratico-potente-e-misterioso-1.34675312\/\">https:\/\/www.lastampa.it\/cronaca\/2017\/02\/03\/news\/i-cavalieri-di-malta-un-ordine-millenario-aristocratico-potente-e-misterioso-1.34675312\/<\/a><\/p>\n<p><a href=\"#_ftnref4\" name=\"_ftn4\">[4]<\/a> <a href=\"https:\/\/www.michelesantoro.it\/2019\/12\/malta-il-fondo-di-uneuropa-opaca-e-criminale\/\">https:\/\/www.michelesantoro.it\/2019\/12\/malta-il-fondo-di-uneuropa-opaca-e-criminale\/<\/a><\/p>\n<p><a href=\"#_ftnref5\" name=\"_ftn5\">[5]<\/a> <a href=\"https:\/\/www.fnsi.it\/daphne-caruana-galizia-un-omicidio-di-stato\">https:\/\/www.fnsi.it\/daphne-caruana-galizia-un-omicidio-di-stato<\/a><\/p>\n<p><a href=\"#_ftnref6\" name=\"_ftn6\">[6]<\/a> <a href=\"https:\/\/www.fnsi.it\/daphne-caruana-galizia-un-omicidio-di-stato\">https:\/\/www.fnsi.it\/daphne-caruana-galizia-un-omicidio-di-stato<\/a><\/p>\n<p><a href=\"#_ftnref7\" name=\"_ftn7\">[7]<\/a> <a href=\"https:\/\/www.google.com\/url?sa=t&amp;rct=j&amp;q=&amp;esrc=s&amp;source=web&amp;cd=&amp;cad=rja&amp;uact=8&amp;ved=2ahUKEwiEuZaYx9T1AhUa_bsIHRvLCAkQFnoECAQQAQ&amp;url=https%253A%252F%252Fwww.theguardian.com%252Fworld%252F2021%252Fjul%252F29%252Fmalta-government-journalist-inquiry-daphne-caruana-galizia&amp;usg=AOvVaw04x358zHuzbVaxTDaf_-Oe\">https:\/\/www.google.com\/url?sa=t&amp;rct=j&amp;q=&amp;esrc=s&amp;source=web&amp;cd=&amp;cad=rja&amp;uact=8&amp;ved=2ahUKEwiEuZaYx9T1AhUa_bsIHRvLCAkQFnoECAQQAQ&amp;url=https%3A%2F%2Fwww.theguardian.com%2Fworld%2F2021%2Fjul%2F29%2Fmalta-government-journalist-inquiry-daphne-caruana-galizia&amp;usg=AOvVaw04x358zHuzbVaxTDaf_-Oe<\/a><\/p>\n<p><a href=\"#_ftnref8\" name=\"_ftn8\">[8]<\/a> <a href=\"https:\/\/www.google.com\/url?sa=t&amp;rct=j&amp;q=&amp;esrc=s&amp;source=web&amp;cd=&amp;cad=rja&amp;uact=8&amp;ved=2ahUKEwiEuZaYx9T1AhUa_bsIHRvLCAkQFnoECAQQAQ&amp;url=https%253A%252F%252Fwww.theguardian.com%252Fworld%252F2021%252Fjul%252F29%252Fmalta-government-journalist-inquiry-daphne-caruana-galizia&amp;usg=AOvVaw04x358zHuzbVaxTDaf_-Oe\">https:\/\/www.google.com\/url?sa=t&amp;rct=j&amp;q=&amp;esrc=s&amp;source=web&amp;cd=&amp;cad=rja&amp;uact=8&amp;ved=2ahUKEwiEuZaYx9T1AhUa_bsIHRvLCAkQFnoECAQQAQ&amp;url=https%3A%2F%2Fwww.theguardian.com%2Fworld%2F2021%2Fjul%2F29%2Fmalta-government-journalist-inquiry-daphne-caruana-galizia&amp;usg=AOvVaw04x358zHuzbVaxTDaf_-Oe<\/a><\/p>\n<p><a href=\"#_ftnref9\" name=\"_ftn9\">[9]<\/a> <a href=\"https:\/\/www.corrieredimalta.com\/economia\/statistiche\/indice-di-corruzione-internazionale-2021-malta-rimane-ferma-sotto-la-media-europea\/\">https:\/\/www.corrieredimalta.com\/economia\/statistiche\/indice-di-corruzione-internazionale-2021-malta-rimane-ferma-sotto-la-media-europea\/<\/a><\/p>\n<p><a href=\"#_ftnref10\" name=\"_ftn10\">[10]<\/a> <a href=\"https:\/\/www.corrieredimalta.com\/economia\/statistiche\/indice-di-corruzione-internazionale-2021-malta-rimane-ferma-sotto-la-media-europea\/\">https:\/\/www.corrieredimalta.com\/economia\/statistiche\/indice-di-corruzione-internazionale-2021-malta-rimane-ferma-sotto-la-media-europea\/<\/a><\/p>\n<p><a href=\"#_ftnref11\" name=\"_ftn11\">[11]<\/a> <a href=\"https:\/\/www.corrieredimalta.com\/economia\/statistiche\/indice-di-corruzione-internazionale-2021-malta-rimane-ferma-sotto-la-media-europea\/\">https:\/\/www.corrieredimalta.com\/economia\/statistiche\/indice-di-corruzione-internazionale-2021-malta-rimane-ferma-sotto-la-media-europea\/<\/a><\/p>\n<p><a href=\"#_ftnref12\" name=\"_ftn12\">[12]<\/a> <a href=\"http:\/\/www.deagostinigeografia.it\/wing\/schedapaese.jsp?idpaese=111\">http:\/\/www.deagostinigeografia.it\/wing\/schedapaese.jsp?idpaese=111#<\/a><\/p>\n<p><a href=\"#_ftnref13\" name=\"_ftn13\">[13]<\/a> https:\/\/www.eastjournal.net\/archives\/107354<\/p>\n<p><a href=\"#_ftnref14\" name=\"_ftn14\">[14]<\/a> <a href=\"https:\/\/www.eastjournal.net\/archives\/107354\">https:\/\/www.eastjournal.net\/archives\/107354<\/a><\/p>\n<p><a href=\"#_ftnref15\" name=\"_ftn15\"><strong><sup>[15]<\/sup><\/strong><\/a> <a href=\"https:\/\/timesofmalta.com\/articles\/view\/enemalta-made-loss-of-about-30-million-in-2020.874327\">https:\/\/timesofmalta.com\/articles\/view\/enemalta-made-loss-of-about-30-million-in-2020.874327<\/a><\/p>\n<p><a href=\"#_ftnref16\" name=\"_ftn16\">[16]<\/a> <a href=\"https:\/\/www.enemalta.com\">https:\/\/www.enemalta.com<\/a><\/p>\n<p><a href=\"#_ftnref17\" name=\"_ftn17\">[17]<\/a> <a href=\"https:\/\/www.corrieredimalta.com\/cronaca\/daphne-caruana-galizia\/il-parlamento-del-montenegro-vota-per-aprire-uninchiesta-sul-parco-eolico-di-enemalta-a-mozura\/\">https:\/\/www.corrieredimalta.com\/cronaca\/daphne-caruana-galizia\/il-parlamento-del-montenegro-vota-per-aprire-uninchiesta-sul-parco-eolico-di-enemalta-a-mozura\/<\/a><\/p>\n<p><a href=\"#_ftnref18\" name=\"_ftn18\">[18]<\/a> <a href=\"https:\/\/www.corrieredimalta.com\/cronaca\/daphne-caruana-galizia\/il-parlamento-del-montenegro-vota-per-aprire-uninchiesta-sul-parco-eolico-di-enemalta-a-mozura\/\">https:\/\/www.corrieredimalta.com\/cronaca\/daphne-caruana-galizia\/il-parlamento-del-montenegro-vota-per-aprire-uninchiesta-sul-parco-eolico-di-enemalta-a-mozura\/<\/a><\/p>\n<p><a href=\"#_ftnref19\" name=\"_ftn19\">[19]<\/a> <a href=\"https:\/\/www.eastjournal.net\/archives\/107354\">https:\/\/www.eastjournal.net\/archives\/107354<\/a><\/p>\n<p><a href=\"#_ftnref20\" name=\"_ftn20\">[20]<\/a> <a href=\"https:\/\/www.corrieredimalta.com\/cronaca\/daphne-caruana-galizia\/il-parlamento-del-montenegro-vota-per-aprire-uninchiesta-sul-parco-eolico-di-enemalta-a-mozura\/\">https:\/\/www.corrieredimalta.com\/cronaca\/daphne-caruana-galizia\/il-parlamento-del-montenegro-vota-per-aprire-uninchiesta-sul-parco-eolico-di-enemalta-a-mozura\/<\/a><\/p>\n<p><a href=\"#_ftnref21\" name=\"_ftn21\">[21]<\/a> <a href=\"https:\/\/www.eastjournal.net\/archives\/107354\">https:\/\/www.eastjournal.net\/archives\/107354<\/a><\/p>\n<p><a href=\"#_ftnref22\" name=\"_ftn22\">[22]<\/a> <em>\u201cDiciotto media internazionali hanno unito le forze per impedire alla morte di Daphne Caruana di spegnere le sue indagini\u201d,<\/em> <a href=\"https:\/\/www-lemonde-fr.translate.goog\/idees\/article\/2018\/04\/18\/projet-daphne-s-unir-pour-traquer-la-verite_5287035_3232.html?_x_tr_sl=en&amp;_x_tr_tl=it&amp;_x_tr_hl=it&amp;_x_tr_pto=sc\">https:\/\/www-lemonde-fr.translate.goog\/idees\/article\/2018\/04\/18\/projet-daphne-s-unir-pour-traquer-la-verite_5287035_3232.html?_x_tr_sl=en&amp;_x_tr_tl=it&amp;_x_tr_hl=it&amp;_x_tr_pto=sc<\/a><\/p>\n<p><a href=\"#_ftnref23\" name=\"_ftn23\">[23]<\/a> <a href=\"https:\/\/www.eastjournal.net\/archives\/107354\">https:\/\/www.eastjournal.net\/archives\/107354<\/a><\/p>\n<p><a href=\"#_ftnref24\" name=\"_ftn24\">[24]<\/a> https:\/\/www.eastjournal.net\/archives\/107354<\/p>\n<p><a href=\"#_ftnref25\" name=\"_ftn25\">[25]<\/a> <a href=\"https:\/\/www.eastjournal.net\/archives\/107354\">https:\/\/www.eastjournal.net\/archives\/107354<\/a><\/p>\n<p><a href=\"#_ftnref26\" name=\"_ftn26\">[26]<\/a> <a href=\"https:\/\/vassallohistory-wordpress-com.translate.goog\/electricity-in-malta\/?_x_tr_sl=en&amp;_x_tr_tl=it&amp;_x_tr_hl=it&amp;_x_tr_pto=sc\">https:\/\/vassallohistory-wordpress-com.translate.goog\/electricity-in-malta\/?_x_tr_sl=en&amp;_x_tr_tl=it&amp;_x_tr_hl=it&amp;_x_tr_pto=sc<\/a><\/p>\n<p><a href=\"#_ftnref27\" name=\"_ftn27\">[27]<\/a> <a href=\"https:\/\/en-m-wikipedia-org.translate.goog\/wiki\/Enemalta?_x_tr_sl=en&amp;_x_tr_tl=it&amp;_x_tr_hl=it&amp;_x_tr_pto=sc\">https:\/\/en-m-wikipedia-org.translate.goog\/wiki\/Enemalta?_x_tr_sl=en&amp;_x_tr_tl=it&amp;_x_tr_hl=it&amp;_x_tr_pto=sc<\/a><\/p>\n<p><a href=\"#_ftnref28\" name=\"_ftn28\">[28]<\/a> <a href=\"https:\/\/www.corrieredimalta.com\/attualita\/per-la-prima-volta-malta-esporta-energia-elettrica\/\">https:\/\/www.corrieredimalta.com\/attualita\/per-la-prima-volta-malta-esporta-energia-elettrica\/<\/a><\/p>\n<p><a href=\"#_ftnref29\" name=\"_ftn29\">[29]<\/a> <a href=\"https:\/\/www.corrieredimalta.com\/attualita\/per-la-prima-volta-malta-esporta-energia-elettrica\/\">https:\/\/www.corrieredimalta.com\/attualita\/per-la-prima-volta-malta-esporta-energia-elettrica\/<\/a><\/p>\n<p><a href=\"#_ftnref30\" name=\"_ftn30\">[30]<\/a> <a href=\"https:\/\/www.corrieredimalta.com\/attualita\/per-la-prima-volta-malta-esporta-energia-elettrica\/\">https:\/\/www.corrieredimalta.com\/attualita\/per-la-prima-volta-malta-esporta-energia-elettrica\/<\/a><\/p>\n<p><a href=\"#_ftnref31\" name=\"_ftn31\">[31]<\/a> <a href=\"https:\/\/www.independent.com.mt\/articles\/2016-04-17\/local-news\/Delimara-power-station-deal-riddled-with-conflicts-of-interest-6736156448\">https:\/\/www.independent.com.mt\/articles\/2016-04-17\/local-news\/Delimara-power-station-deal-riddled-with-conflicts-of-interest-6736156448<\/a><\/p>\n<p><a href=\"#_ftnref32\" name=\"_ftn32\">[32]<\/a> <a href=\"https:\/\/www.independent.com.mt\/articles\/2016-04-17\/local-news\/Delimara-power-station-deal-riddled-with-conflicts-of-interest-6736156448\">https:\/\/www.independent.com.mt\/articles\/2016-04-17\/local-news\/Delimara-power-station-deal-riddled-with-conflicts-of-interest-6736156448<\/a><\/p>\n<p><sup>[32]<\/sup> <a href=\"https:\/\/www.independent.com.mt\/articles\/2016-04-17\/local-news\/Delimara-power-station-deal-riddled-with-conflicts-of-interest-6736156448\">https:\/\/www.independent.com.mt\/articles\/2016-04-17\/local-news\/Delimara-power-station-deal-riddled-with-conflicts-of-interest-6736156448<\/a><\/p>\n<p><a href=\"#_ftnref33\" name=\"_ftn33\">[33]<\/a> <a href=\"https:\/\/www.independent.com.mt\/articles\/2016-04-17\/local-news\/Delimara-power-station-deal-riddled-with-conflicts-of-interest-6736156448\">https:\/\/www.independent.com.mt\/articles\/2016-04-17\/local-news\/Delimara-power-station-deal-riddled-with-conflicts-of-interest-6736156448<\/a><\/p>\n<p><a href=\"https:\/\/www.repubblica.it\/cronaca\/2018\/04\/25\/news\/gas_azerbaijan_malta_daphne_caruana_galizia_inchiesta-300959563\/\">https:\/\/www.repubblica.it\/cronaca\/2018\/04\/25\/news\/gas_azerbaijan_malta_daphne_caruana_galizia_inchiesta-300959563\/<\/a><\/p>\n<p><a href=\"#_ftnref34\" name=\"_ftn34\"><strong><sup>[34]<\/sup><\/strong><\/a> <a href=\"https:\/\/aze.media\/azerbaijans-socar-targets-net-zero-emissions-in-extraction-from-own-sites\/\">https:\/\/aze.media\/azerbaijans-socar-targets-net-zero-emissions-in-extraction-from-own-sites\/<\/a><\/p>\n<p><a href=\"#_ftnref35\" name=\"_ftn35\">[35]<\/a> <a href=\"https:\/\/www.repubblica.it\/cronaca\/2018\/04\/25\/news\/gas_azerbaijan_malta_daphne_caruana_galizia_inchiesta-300959563\/\">https:\/\/www.repubblica.it\/cronaca\/2018\/04\/25\/news\/gas_azerbaijan_malta_daphne_caruana_galizia_inchiesta-300959563\/<\/a><\/p>\n<p><a href=\"#_ftnref36\" name=\"_ftn36\">[36]<\/a> <a href=\"https:\/\/www.repubblica.it\/cronaca\/2018\/04\/25\/news\/gas_azerbaijan_malta_daphne_caruana_galizia_inchiesta-300959563\/\">https:\/\/www.repubblica.it\/cronaca\/2018\/04\/25\/news\/gas_azerbaijan_malta_daphne_caruana_galizia_inchiesta-300959563\/<\/a><\/p>\n<p><a href=\"#_ftnref37\" name=\"_ftn37\">[37]<\/a> <a href=\"https:\/\/www.independent.com.mt\/articles\/2016-04-17\/local-news\/Delimara-power-station-deal-riddled-with-conflicts-of-interest-6736156448\">https:\/\/www.independent.com.mt\/articles\/2016-04-17\/local-news\/Delimara-power-station-deal-riddled-with-conflicts-of-interest-6736156448<\/a><\/p>\n<p><a href=\"#_ftnref38\" name=\"_ftn38\">[38]<\/a> <a href=\"https:\/\/www.independent.com.mt\/articles\/2016-04-17\/local-news\/Delimara-power-station-deal-riddled-with-conflicts-of-interest-6736156448\">https:\/\/www.independent.com.mt\/articles\/2016-04-17\/local-news\/Delimara-power-station-deal-riddled-with-conflicts-of-interest-6736156448<\/a><\/p>\n<p><a href=\"#_ftnref39\" name=\"_ftn39\">[39]<\/a> <a href=\"https:\/\/www.independent.com.mt\/articles\/2016-04-17\/local-news\/Delimara-power-station-deal-riddled-with-conflicts-of-interest-6736156448\">https:\/\/www.independent.com.mt\/articles\/2016-04-17\/local-news\/Delimara-power-station-deal-riddled-with-conflicts-of-interest-6736156448<\/a><\/p>\n<p><a href=\"#_ftnref40\" name=\"_ftn40\">[40]<\/a> <a href=\"https:\/\/www.independent.com.mt\/articles\/2016-04-17\/local-news\/Delimara-power-station-deal-riddled-with-conflicts-of-interest-6736156448\">https:\/\/www.independent.com.mt\/articles\/2016-04-17\/local-news\/Delimara-power-station-deal-riddled-with-conflicts-of-interest-6736156448<\/a><\/p>\n<p><a href=\"https:\/\/www.repubblica.it\/cronaca\/2018\/04\/25\/news\/gas_azerbaijan_malta_daphne_caruana_galizia_inchiesta-300959563\/\">https:\/\/www.repubblica.it\/cronaca\/2018\/04\/25\/news\/gas_azerbaijan_malta_daphne_caruana_galizia_inchiesta-300959563\/<\/a><\/p>\n<p><a href=\"#_ftnref41\" name=\"_ftn41\">[41]<\/a> <a href=\"https:\/\/www.repubblica.it\/cronaca\/2018\/04\/25\/news\/gas_azerbaijan_malta_daphne_caruana_galizia_inchiesta-300959563\/\">https:\/\/www.repubblica.it\/cronaca\/2018\/04\/25\/news\/gas_azerbaijan_malta_daphne_caruana_galizia_inchiesta-300959563\/<\/a><\/p>\n<p><a href=\"#_ftnref42\" name=\"_ftn42\">[42]<\/a> <a href=\"https:\/\/www.repubblica.it\/cronaca\/2018\/04\/25\/news\/gas_azerbaijan_malta_daphne_caruana_galizia_inchiesta-300959563\/\">https:\/\/www.repubblica.it\/cronaca\/2018\/04\/25\/news\/gas_azerbaijan_malta_daphne_caruana_galizia_inchiesta-300959563\/<\/a><\/p>\n<p><a href=\"#_ftnref43\" name=\"_ftn43\">[43]<\/a> <a href=\"https:\/\/www.repubblica.it\/cronaca\/2018\/04\/25\/news\/gas_azerbaijan_malta_daphne_caruana_galizia_inchiesta-300959563\/\">https:\/\/www.repubblica.it\/cronaca\/2018\/04\/25\/news\/gas_azerbaijan_malta_daphne_caruana_galizia_inchiesta-300959563\/<\/a><\/p>\n<p><a href=\"#_ftnref44\" name=\"_ftn44\">[44]<\/a> <a href=\"https:\/\/www.repubblica.it\/cronaca\/2018\/04\/25\/news\/gas_azerbaijan_malta_daphne_caruana_galizia_inchiesta-300959563\/\">https:\/\/www.repubblica.it\/cronaca\/2018\/04\/25\/news\/gas_azerbaijan_malta_daphne_caruana_galizia_inchiesta-300959563\/<\/a><\/p>\n<p><a href=\"#_ftnref45\" name=\"_ftn45\">[45]<\/a> <a href=\"https:\/\/www.repubblica.it\/cronaca\/2018\/04\/25\/news\/gas_azerbaijan_malta_daphne_caruana_galizia_inchiesta-300959563\/\">https:\/\/www.repubblica.it\/cronaca\/2018\/04\/25\/news\/gas_azerbaijan_malta_daphne_caruana_galizia_inchiesta-300959563\/<\/a><\/p>\n<p><a href=\"#_ftnref46\" name=\"_ftn46\"><strong><sup>[46]<\/sup><\/strong><\/a> <a href=\"https:\/\/www.theguardian.com\/politics\/2017\/nov\/11\/boris-johnson-met-london-professor-linked-to-fbis-russia-investigation\">https:\/\/www.theguardian.com\/politics\/2017\/nov\/11\/boris-johnson-met-london-professor-linked-to-fbis-russia-investigation<\/a><\/p>\n<p><a href=\"#_ftnref47\" name=\"_ftn47\">[47]<\/a> <a href=\"https:\/\/www.ilpost.it\/2019\/04\/20\/russiagate-italia\/\">https:\/\/www.ilpost.it\/2019\/04\/20\/russiagate-italia\/<\/a><\/p>\n<p><a href=\"#_ftnref48\" name=\"_ftn48\">[48]<\/a> <a href=\"https:\/\/www.affaritaliani.it\/esteri\/russiagate-chiesto-il-processo-per-mifsud-ma-la-spia-dei-misteri-sparita-773978.html\">https:\/\/www.affaritaliani.it\/esteri\/russiagate-chiesto-il-processo-per-mifsud-ma-la-spia-dei-misteri-sparita-773978.html<\/a><\/p>\n<p><a href=\"#_ftnref49\" name=\"_ftn49\">[49]<\/a> <a href=\"https:\/\/www.affaritaliani.it\/esteri\/russiagate-chiesto-il-processo-per-mifsud-ma-la-spia-dei-misteri-sparita-773978.html\">https:\/\/www.affaritaliani.it\/esteri\/russiagate-chiesto-il-processo-per-mifsud-ma-la-spia-dei-misteri-sparita-773978.html<\/a><\/p>\n<p><a href=\"#_ftnref50\" name=\"_ftn50\">[50]<\/a> <a href=\"https:\/\/www.affaritaliani.it\/esteri\/russiagate-chiesto-il-processo-per-mifsud-ma-la-spia-dei-misteri-sparita-773978.html\">https:\/\/www.affaritaliani.it\/esteri\/russiagate-chiesto-il-processo-per-mifsud-ma-la-spia-dei-misteri-sparita-773978.html<\/a><\/p>\n<p><a href=\"#_ftnref51\" name=\"_ftn51\">[51]<\/a> <a href=\"https:\/\/www.corriere.it\/video-articoli\/2019\/11\/13\/mifsud-l-uomo-chiave-russiagate-scomparso-due-anni-riappare-audio\/0e920ede-0621-11ea-a1df-d75c93ec44da.shtml\">https:\/\/www.corriere.it\/video-articoli\/2019\/11\/13\/mifsud-l-uomo-chiave-russiagate-scomparso-due-anni-riappare-audio\/0e920ede-0621-11ea-a1df-d75c93ec44da.shtml<\/a><\/p>\n<p><a href=\"#_ftnref52\" name=\"_ftn52\">[52]<\/a> <a href=\"https:\/\/www.corriere.it\/video-articoli\/2019\/11\/13\/mifsud-l-uomo-chiave-russiagate-scomparso-due-anni-riappare-audio\/0e920ede-0621-11ea-a1df-d75c93ec44da.shtml\">https:\/\/www.corriere.it\/video-articoli\/2019\/11\/13\/mifsud-l-uomo-chiave-russiagate-scomparso-due-anni-riappare-audio\/0e920ede-0621-11ea-a1df-d75c93ec44da.shtml<\/a><\/p>\n<p><a href=\"#_ftnref53\" name=\"_ftn53\">[53]<\/a> <a href=\"https:\/\/www.corriere.it\/video-articoli\/2019\/11\/13\/mifsud-l-uomo-chiave-russiagate-scomparso-due-anni-riappare-audio\/0e920ede-0621-11ea-a1df-d75c93ec44da.shtml\">https:\/\/www.corriere.it\/video-articoli\/2019\/11\/13\/mifsud-l-uomo-chiave-russiagate-scomparso-due-anni-riappare-audio\/0e920ede-0621-11ea-a1df-d75c93ec44da.shtml<\/a><\/p>\n<p><a href=\"#_ftnref54\" name=\"_ftn54\">[54]<\/a> <a href=\"https:\/\/www.startmag.it\/mondo\/vi-dico-che-cosa-fa-davvero-la-link-university-parla-scotti\/\">https:\/\/www.startmag.it\/mondo\/vi-dico-che-cosa-fa-davvero-la-link-university-parla-scotti\/<\/a><\/p>\n<p><a href=\"#_ftnref55\" name=\"_ftn55\">[55]<\/a> <a href=\"https:\/\/ibiworld.eu\/2021\/01\/07\/movimento-5-stelle-e-lega-nord-prove-generali-per-uninternazionale-post-fascista\/\">https:\/\/ibiworld.eu\/2021\/01\/07\/movimento-5-stelle-e-lega-nord-prove-generali-per-uninternazionale-post-fascista\/<\/a> ; <a href=\"https:\/\/ibiworld.eu\/2021\/01\/07\/la-philip-morris-va-alla-guerra-alleata-a-suprematisti-populisti-e-sceicchi-arabi\/\">https:\/\/ibiworld.eu\/2021\/01\/07\/la-philip-morris-va-alla-guerra-alleata-a-suprematisti-populisti-e-sceicchi-arabi\/<\/a> ; <a href=\"https:\/\/ibiworld.eu\/2021\/05\/19\/dopo-larticolo-di-aldo-torchiaro-gennaro-vecchione-e-solo-la-punta-delliceberg\/\">https:\/\/ibiworld.eu\/2021\/05\/19\/dopo-larticolo-di-aldo-torchiaro-gennaro-vecchione-e-solo-la-punta-delliceberg\/<\/a><\/p>\n<p><a href=\"#_ftnref56\" name=\"_ftn56\">[56]<\/a> <a href=\"https:\/\/www.repubblica.it\/politica\/2018\/05\/31\/news\/elisabetta_trenta_difesa_governo_conte-197374627\/\">https:\/\/www.repubblica.it\/politica\/2018\/05\/31\/news\/elisabetta_trenta_difesa_governo_conte-197374627\/<\/a><\/p>\n<p><a href=\"#_ftnref57\" name=\"_ftn57\">[57]<\/a> <a href=\"https:\/\/www.startmag.it\/mondo\/vi-dico-che-cosa-fa-davvero-la-link-university-parla-scotti\/\">https:\/\/www.startmag.it\/mondo\/vi-dico-che-cosa-fa-davvero-la-link-university-parla-scotti\/<\/a><\/p>\n<p><a href=\"#_ftnref58\" name=\"_ftn58\">[58]<\/a> <a href=\"https:\/\/abcnews.go.com\/Politics\/russia-linked-figures-muellers-probe-cold-reports-release\/story?id=62518830\">https:\/\/abcnews.go.com\/Politics\/russia-linked-figures-muellers-probe-cold-reports-release\/story?id=62518830<\/a> ; <a href=\"https:\/\/www.buzzfeednews.com\/article\/albertonardelli\/joseph-mifsud-audio-recording\">https:\/\/www.buzzfeednews.com\/article\/albertonardelli\/joseph-mifsud-audio-recording<\/a><\/p>\n<p><a href=\"#_ftnref59\" name=\"_ftn59\">[59]<\/a> <a href=\"https:\/\/www.cbc.ca\/news\/world\/russians-malta-oligarchs-rich-citizenship-1.4483144\">https:\/\/www.cbc.ca\/news\/world\/russians-malta-oligarchs-rich-citizenship-1.4483144<\/a> ; <a href=\"https:\/\/www.bloomberg.com\/opinion\/articles\/2018-01-11\/why-russians-are-choosing-malta-over-putin\">https:\/\/www.bloomberg.com\/opinion\/articles\/2018-01-11\/why-russians-are-choosing-malta-over-putin<\/a><\/p>\n<p><a href=\"#_ftnref60\" name=\"_ftn60\">[60]<\/a> <a href=\"https:\/\/theshiftnews.com\/2022\/01\/06\/maltas-newest-batch-of-citizens-putin-insiders-game-hunter-and-oilman-facing-sanctions\/\">https:\/\/theshiftnews.com\/2022\/01\/06\/maltas-newest-batch-of-citizens-putin-insiders-game-hunter-and-oilman-facing-sanctions\/<\/a><\/p>\n<p><a href=\"#_ftnref61\" name=\"_ftn61\">[61]<\/a> https:\/\/ibiworld.eu\/2021\/11\/14\/dmitrij-mazepin-il-primo-oligarca-di-londongrad\/<\/p>\n<p><a href=\"#_ftnref62\" name=\"_ftn62\"><strong><sup>[62]<\/sup><\/strong><\/a> <a href=\"https:\/\/www.maltatoday.com.mt\/news\/skinny\/99149\/iconic_image_roberta_metsola_shake_hands_joseph_muscat%23.YfjtPfgxm3A\">https:\/\/www.maltatoday.com.mt\/news\/skinny\/99149\/iconic_image_roberta_metsola_shake_hands_joseph_muscat#.YfjtPfgxm3A<\/a><\/p>\n<p><a href=\"#_ftnref63\" name=\"_ftn63\">[63]<\/a> <a href=\"https:\/\/www.wallstreetitalia.com\/roberta-metsola-chi-e-il-successore-di-david-sassoli-al-parlamento-europeo\/\">https:\/\/www.wallstreetitalia.com\/roberta-metsola-chi-e-il-successore-di-david-sassoli-al-parlamento-europeo\/<\/a><\/p>\n<p><a href=\"#_ftnref64\" name=\"_ftn64\">[64]<\/a> <a href=\"https:\/\/video.corriere.it\/esteri\/quando-metsola-non-strinse-mano-muscat\/06e21902-7868-11ec-a8ac-96a31330ed9e\">https:\/\/video.corriere.it\/esteri\/quando-metsola-non-strinse-mano-muscat\/06e21902-7868-11ec-a8ac-96a31330ed9e<\/a><\/p>\n<p><a href=\"#_ftnref65\" name=\"_ftn65\">[65]<\/a> <a href=\"https:\/\/www.reuters.com\/article\/us-malta-daphne-idUSKBN1XZ1TV\">https:\/\/www.reuters.com\/article\/us-malta-daphne-idUSKBN1XZ1TV<\/a> ; <a href=\"https:\/\/www.theguardian.com\/politics\/2018\/apr\/23\/joseph-muscat-malta-political-career-lost-lustre\">https:\/\/www.theguardian.com\/politics\/2018\/apr\/23\/joseph-muscat-malta-political-career-lost-lustre<\/a><\/p>\n<p><a href=\"#_ftnref66\" name=\"_ftn66\">[66]<\/a> <a href=\"https:\/\/www.independent.com.mt\/articles\/2019-12-27\/local-news\/Joseph-Muscat-named-2019-man-of-the-year-in-organised-crime-and-corruption-6736217841\">https:\/\/www.independent.com.mt\/articles\/2019-12-27\/local-news\/Joseph-Muscat-named-2019-man-of-the-year-in-organised-crime-and-corruption-6736217841<\/a><\/p>\n<p><a href=\"#_ftnref67\" name=\"_ftn67\">[67]<\/a> <a href=\"https:\/\/nso.gov.mt\/en\/News_Releases\/Documents\/2021\/03\/News2021_040.pdf\">https:\/\/nso.gov.mt\/en\/News_Releases\/Documents\/2021\/03\/News2021_040.pdf<\/a> ; <a href=\"https:\/\/www.imf.org\/en\/Countries\/MLT\">https:\/\/www.imf.org\/en\/Countries\/MLT<\/a><\/p>\n","protected":false},"excerpt":{"rendered":"<p>La journaliste Daphne Caruana Galizia poss\u00e8de une petite Renault dans laquelle elle se rend en ville pour le travail ou les courses familiales. Elle est une journaliste peu commode, qui couvre les histoires des chasseurs de crime internationaux qui, pour une raison ou une autre, font escale<\/p>\n","protected":false},"author":5,"featured_media":2041,"comment_status":"open","ping_status":"open","sticky":false,"template":"","format":"standard","meta":[],"categories":[137,31,38],"tags":[139],"_links":{"self":[{"href":"https:\/\/ibiworld.eu\/fr\/wp-json\/wp\/v2\/posts\/2039"}],"collection":[{"href":"https:\/\/ibiworld.eu\/fr\/wp-json\/wp\/v2\/posts"}],"about":[{"href":"https:\/\/ibiworld.eu\/fr\/wp-json\/wp\/v2\/types\/post"}],"author":[{"embeddable":true,"href":"https:\/\/ibiworld.eu\/fr\/wp-json\/wp\/v2\/users\/5"}],"replies":[{"embeddable":true,"href":"https:\/\/ibiworld.eu\/fr\/wp-json\/wp\/v2\/comments?post=2039"}],"version-history":[{"count":1,"href":"https:\/\/ibiworld.eu\/fr\/wp-json\/wp\/v2\/posts\/2039\/revisions"}],"predecessor-version":[{"id":2046,"href":"https:\/\/ibiworld.eu\/fr\/wp-json\/wp\/v2\/posts\/2039\/revisions\/2046"}],"wp:featuredmedia":[{"embeddable":true,"href":"https:\/\/ibiworld.eu\/fr\/wp-json\/wp\/v2\/media\/2041"}],"wp:attachment":[{"href":"https:\/\/ibiworld.eu\/fr\/wp-json\/wp\/v2\/media?parent=2039"}],"wp:term":[{"taxonomy":"category","embeddable":true,"href":"https:\/\/ibiworld.eu\/fr\/wp-json\/wp\/v2\/categories?post=2039"},{"taxonomy":"post_tag","embeddable":true,"href":"https:\/\/ibiworld.eu\/fr\/wp-json\/wp\/v2\/tags?post=2039"}],"curies":[{"name":"wp","href":"https:\/\/api.w.org\/{rel}","templated":true}]}}