{"id":1164,"date":"2021-08-03T22:29:16","date_gmt":"2021-08-03T20:29:16","guid":{"rendered":"http:\/\/ibiworld.eu\/fr\/?p=1164"},"modified":"2021-08-26T21:33:29","modified_gmt":"2021-08-26T19:33:29","slug":"haiti-lenfer-des-caraibes","status":"publish","type":"post","link":"https:\/\/ibiworld.eu\/fr\/2021\/08\/03\/haiti-lenfer-des-caraibes\/","title":{"rendered":"HA\u00cfTI, L&rsquo;ENFER DES CARA\u00cfBES"},"content":{"rendered":"<p><img loading=\"lazy\" class=\"aligncenter size-full wp-image-1165\" src=\"https:\/\/ibiworld.eu\/fr\/wp-content\/uploads\/2021\/08\/ESP006-01.jpg\" alt=\"\" width=\"1440\" height=\"960\" srcset=\"https:\/\/ibiworld.eu\/fr\/wp-content\/uploads\/2021\/08\/ESP006-01.jpg 1440w, https:\/\/ibiworld.eu\/fr\/wp-content\/uploads\/2021\/08\/ESP006-01-300x200.jpg 300w, https:\/\/ibiworld.eu\/fr\/wp-content\/uploads\/2021\/08\/ESP006-01-1024x683.jpg 1024w, https:\/\/ibiworld.eu\/fr\/wp-content\/uploads\/2021\/08\/ESP006-01-768x512.jpg 768w, https:\/\/ibiworld.eu\/fr\/wp-content\/uploads\/2021\/08\/ESP006-01-600x400.jpg 600w\" sizes=\"(max-width: 1440px) 100vw, 1440px\" \/><\/p>\n<p>Dans la nuit du 6 au 7 juillet 2021, un commando arm\u00e9 s&rsquo;introduit au domicile du pr\u00e9sident Jovenel Mo\u00efse et le tue de 16 balles, blessant gri\u00e8vement son \u00e9pouse. Le Premier ministre Claude Joseph a d\u00e9clar\u00e9 que les hommes parlaient anglais et espagnol et \u00e9taient d\u00e9guis\u00e9s en agents de la Drug Enforcement Administration (DEA) ; ils \u00e9taient arm\u00e9s de fusils d&rsquo;assaut et \u00e9taient hautement entra\u00een\u00e9s<a href=\"#_ftn1\" name=\"_ftnref1\">[1]<\/a>.<\/p>\n<p>Le lendemain, 17 ressortissants \u00e9trangers &#8211; 15 Colombiens et deux Am\u00e9ricains &#8211; ont \u00e9t\u00e9 arr\u00eat\u00e9s, soup\u00e7onn\u00e9s d&rsquo;avoir particip\u00e9 \u00e0 l&rsquo;action. Huit autres Colombiens ont \u00e9t\u00e9 d\u00e9couverts en fuite<a href=\"#_ftn2\" name=\"_ftnref2\">[2]<\/a>, quatre ont \u00e9t\u00e9 tu\u00e9s<a href=\"#_ftn3\" name=\"_ftnref3\">[3]<\/a> et bient\u00f4t 28 ont \u00e9t\u00e9 arr\u00eat\u00e9s<a href=\"#_ftn4\" name=\"_ftnref4\">[4]<\/a>. L&rsquo;un des deux Am\u00e9ricains, James Solages, 35 ans, affirme ne pas \u00eatre impliqu\u00e9 dans l&rsquo;attaque, avoir accept\u00e9 un emploi d&rsquo;interpr\u00e8te gr\u00e2ce \u00e0 une annonce sur Internet, puis avoir rencontr\u00e9 des inconnus pour travailler dans un restaurant de l&rsquo;h\u00f4tel Royal Oasis, un \u00e9tablissement de luxe situ\u00e9 \u00e0 une dizaine de minutes du domicile du pr\u00e9sident Moise<a href=\"#_ftn5\" name=\"_ftnref5\">[5]<\/a>.<\/p>\n<p>Solages affirme qu&rsquo;ils proc\u00e9daient \u00e0 l&rsquo;arrestation du pr\u00e9sident sur ordre d&rsquo;un juge, et qu&rsquo;il n&rsquo;\u00e9tait absolument pas au courant de l&rsquo;attaque. Quand il s&rsquo;en rend compte, il se d\u00e9nonce<a href=\"#_ftn6\" name=\"_ftnref6\">[6]<\/a>. Participent \u00e0 l&rsquo;enqu\u00eate des agents des \u00c9tats-Unis<a href=\"#_ftn7\" name=\"_ftnref7\">[7]<\/a>, d&rsquo;Ha\u00efti, de Colombie, du Panama, de l&rsquo;\u00c9quateur et de la R\u00e9publique dominicaine<a href=\"#_ftn8\" name=\"_ftnref8\">[8]<\/a>. Un rapport de Noticias Caracol, un journal t\u00e9l\u00e9vis\u00e9 colombien, affirme qu&rsquo;une pr\u00e9c\u00e9dente tentative d&rsquo;enl\u00e8vement de Moise, en novembre de l&rsquo;ann\u00e9e derni\u00e8re, \u00e9tait l&rsquo;\u0153uvre des m\u00eames terroristes<a href=\"#_ftn9\" name=\"_ftnref9\">[9]<\/a>. Parmi les principaux suspects figurent le Premier ministre Claude Joseph<a href=\"#_ftn10\" name=\"_ftnref10\">[10]<\/a>, mais aussi Dimitri H\u00e9rard, le chef de l&rsquo;Unit\u00e9 de s\u00e9curit\u00e9 g\u00e9n\u00e9rale du Palais national, qui a \u00e9t\u00e9 arr\u00eat\u00e9<a href=\"#_ftn11\" name=\"_ftnref11\">[11]<\/a>. Le 16 juillet, la police ha\u00eftienne a annonc\u00e9 l&rsquo;implication de l&rsquo;ancien fonctionnaire du minist\u00e8re de la Justice, Joseph Felix Badio, qui pourrait avoir commandit\u00e9 l&rsquo;assassinat<a href=\"#_ftn12\" name=\"_ftnref12\">[12]<\/a>.<\/p>\n<p>Le 19 juillet, Claude Joseph d\u00e9missionne, laissant son poste \u00e0 Ariel Henry, qui est charg\u00e9 de former le nouveau gouvernement<a href=\"#_ftn13\" name=\"_ftnref13\">[13]<\/a>. Le 27 juillet, Jean Laguel Civil, coordinateur de la s\u00e9curit\u00e9 g\u00e9n\u00e9rale, a \u00e9t\u00e9 impliqu\u00e9 dans l&rsquo;enqu\u00eate &#8211; son arrestation intervenant quelques jours seulement apr\u00e8s celle de la juge de la Cour supr\u00eame d&rsquo;Ha\u00efti, Windelle Coq Thelot<a href=\"#_ftn14\" name=\"_ftnref14\">[14]<\/a>. \u00c7a ressemble \u00e0 l&rsquo;intrigue d&rsquo;un thriller. Pour \u00eatre compris, il faut expliquer Ha\u00efti et son peuple, son histoire mouvement\u00e9e, une cha\u00eene de malheurs dont l&rsquo;homme n&rsquo;est pas toujours responsable. Parfois, m\u00eame la nature fait des ravages dans ce pauvre pays.<\/p>\n<p><strong>Un peuple qui a toujours \u00e9t\u00e9 pi\u00e9tin\u00e9 <\/strong><\/p>\n<p><img loading=\"lazy\" class=\"aligncenter size-full wp-image-1166\" src=\"https:\/\/ibiworld.eu\/fr\/wp-content\/uploads\/2021\/08\/ESP006-02.jpg\" alt=\"\" width=\"853\" height=\"530\" srcset=\"https:\/\/ibiworld.eu\/fr\/wp-content\/uploads\/2021\/08\/ESP006-02.jpg 853w, https:\/\/ibiworld.eu\/fr\/wp-content\/uploads\/2021\/08\/ESP006-02-300x186.jpg 300w, https:\/\/ibiworld.eu\/fr\/wp-content\/uploads\/2021\/08\/ESP006-02-768x477.jpg 768w, https:\/\/ibiworld.eu\/fr\/wp-content\/uploads\/2021\/08\/ESP006-02-600x373.jpg 600w\" sizes=\"(max-width: 853px) 100vw, 853px\" \/><\/p>\n<p><strong>Ha\u00efti est le pays le plus pauvre d&rsquo;Am\u00e9rique centrale<\/strong><a href=\"#_ftn15\" name=\"_ftnref15\"><strong>[15]<\/strong><\/a><\/p>\n<p>En Ha\u00efti, il est difficile de mourir de vieillesse. Class\u00e9 comme le pays le plus pauvre d&rsquo;Am\u00e9rique latine et l&rsquo;un des plus pauvres du monde (170e sur 189 en 2020<a href=\"#_ftn16\" name=\"_ftnref16\">[16]<\/a>), c&rsquo;est aussi l&rsquo;un des plus malheureux, avec des ouragans, des inondations et des tremblements de terre. L&rsquo;historien Alex von Tunzelmann s&rsquo;est \u00e9tonn\u00e9 apr\u00e8s le terrible tremblement de terre de janvier 2010 qui a fait plus de 250 000 morts sous les d\u00e9combres : \u00ab\u00a0Ha\u00efti a connu l&rsquo;esclavage, la r\u00e9volution, la dette, la d\u00e9forestation, la corruption, l&rsquo;exploitation et la violence. Aujourd&rsquo;hui, elle est confront\u00e9e \u00e0 la pauvret\u00e9, \u00e0 l&rsquo;analphab\u00e9tisme, \u00e0 la surpopulation, \u00e0 l&rsquo;absence d&rsquo;infrastructures, \u00e0 des catastrophes environnementales et \u00e0 de vastes zones sans \u00c9tat de droit. Et ce, m\u00eame avant le tremblement de terre. Cela ressemble \u00e0 un terrible clich\u00e9, mais c&rsquo;est vraiment une temp\u00eate parfaite. C&rsquo;est une catastrophe qui d\u00e9passe notre pire imagination\u00a0\u00bb<a href=\"#_ftn17\" name=\"_ftnref17\">[17]<\/a>.<\/p>\n<p>Lorsque les trois caravelles atteignent l&rsquo;\u00eele que Colomb a baptis\u00e9e Hispaniola \u00e0 son arriv\u00e9e, elles trouvent les Ta\u00efnos, une soci\u00e9t\u00e9 prosp\u00e8re et bien organis\u00e9e. Les Espagnols les ont transform\u00e9s en esclaves pour travailler dans les champs et les mines<a href=\"#_ftn18\" name=\"_ftnref18\">[18]<\/a>. S&rsquo;ensuivent des r\u00e9voltes r\u00e9prim\u00e9es dans le sang, des maladies introduites par les Europ\u00e9ens contre lesquelles les Ta\u00efnos n&rsquo;ont aucune d\u00e9fense, des pers\u00e9cutions brutales qui conduisent \u00e0 l&rsquo;extinction des Ta\u00efnos, remplac\u00e9s par de nouveaux esclaves africains<a href=\"#_ftn19\" name=\"_ftnref19\">[19]<\/a>. En 1660, les Fran\u00e7ais envahissent la partie occidentale de l&rsquo;\u00eele pour y cultiver massivement la canne \u00e0 sucre et le caf\u00e9, exploitant des hectares et des hectares de terre qui sont aujourd&rsquo;hui r\u00e9duits \u00e0 des zones d\u00e9sertiques<a href=\"#_ftn20\" name=\"_ftnref20\">[20]<\/a>. L&rsquo;importation d&rsquo;esclaves d&rsquo;Afrique a amen\u00e9 au moins 40 000 personnes par an, chiffre qui est pass\u00e9 \u00e0 800 000 malgr\u00e9 le taux de mortalit\u00e9 tr\u00e8s \u00e9lev\u00e9 d\u00fb aux dures conditions de travail et aux \u00e9pid\u00e9mies constantes<a href=\"#_ftn21\" name=\"_ftnref21\">[21]<\/a>.<\/p>\n<p>Puis vient la R\u00e9volution fran\u00e7aise : l&rsquo;Assembl\u00e9e g\u00e9n\u00e9rale de Paris d\u00e9cr\u00e8te que les mul\u00e2tres des colonies, qui repr\u00e9sentent l&rsquo;\u00e9lite, ont les m\u00eames droits que les citoyens normaux, y compris le droit de vote, qui est refus\u00e9 par les administrateurs coloniaux. Ce refus d\u00e9clenche la premi\u00e8re r\u00e9bellion des mul\u00e2tres en 1790, puis, en 1791, une seconde r\u00e9bellion, r\u00e9prim\u00e9e dans le sang par les Blancs dans la ville de Cap Fran\u00e7ais, co\u00fbtant la vie \u00e0 10 000 Noirs et 2 000 Blancs<a href=\"#_ftn22\" name=\"_ftnref22\">[22]<\/a>. D\u00e8s lors, les r\u00e9bellions se multiplient.<\/p>\n<p>Le 21 ao\u00fbt 1791, men\u00e9s par Fran\u00e7ois-Dominique Toussaint Louverture<a href=\"#_ftn23\" name=\"_ftnref23\">[23]<\/a>, les esclaves se r\u00e9voltent contre les planteurs. Les troupes fran\u00e7aises et britanniques, arriv\u00e9es en renfort, sont repouss\u00e9es par les rebelles et Louverture parvient \u00e9galement \u00e0 conqu\u00e9rir la colonie espagnole voisine de Saint-Domingue, se d\u00e9clarant gouverneur g\u00e9n\u00e9ral \u00e0 vie de l&rsquo;\u00eele d&rsquo;Hispaniola et abolissant l&rsquo;esclavage<a href=\"#_ftn24\" name=\"_ftnref24\">[24]<\/a>. Plus de 100 000 Noirs et 20 000 Blancs sont morts dans cette lutte<a href=\"#_ftn25\" name=\"_ftnref25\">[25]<\/a>, qui a entra\u00een\u00e9 un exode biblique : les colons fran\u00e7ais ont fui avec les esclaves qu&rsquo;ils contr\u00f4laient encore, mais aussi de nombreux Noirs affranchis. Rien qu&rsquo;en 1809, pr\u00e8s de 10 000 r\u00e9fugi\u00e9s de Saint-Domingue se sont install\u00e9s \u00e0 la Nouvelle-Orl\u00e9ans<a href=\"#_ftn26\" name=\"_ftnref26\">[26]<\/a>.<\/p>\n<p>La paix n&rsquo;a pas dur\u00e9 : Napol\u00e9on Bonaparte, une fois devenu souverain, envoie 43 000 soldats sur l&rsquo;\u00eele pour capturer Louverture, prendre le pouvoir et r\u00e9tablir l&rsquo;esclavage. Louverture meurt prisonnier en 1803, mais l&rsquo;un de ses g\u00e9n\u00e9raux, Jean-Jacques Dessalines, m\u00e8ne les r\u00e9volutionnaires \u00e0 la bataille de Vertieres le 18 novembre 1803, battant les forces fran\u00e7aises. Le 1er janvier 1804, Dessalines d\u00e9clare la nation ind\u00e9pendante et la rebaptise Ha\u00efti<a href=\"#_ftn27\" name=\"_ftnref27\">[27]<\/a>. La France accepte, et Ha\u00efti devient la premi\u00e8re r\u00e9publique noire du monde et la deuxi\u00e8me nation de l&rsquo;h\u00e9misph\u00e8re occidental (apr\u00e8s les \u00c9tats-Unis) \u00e0 obtenir son ind\u00e9pendance d&rsquo;une puissance europ\u00e9enne<a href=\"#_ftn28\" name=\"_ftnref28\">[28]<\/a>.<\/p>\n<p><img loading=\"lazy\" class=\"aligncenter size-full wp-image-1167\" src=\"https:\/\/ibiworld.eu\/fr\/wp-content\/uploads\/2021\/08\/ESP006-03.jpg\" alt=\"\" width=\"708\" height=\"550\" srcset=\"https:\/\/ibiworld.eu\/fr\/wp-content\/uploads\/2021\/08\/ESP006-03.jpg 708w, https:\/\/ibiworld.eu\/fr\/wp-content\/uploads\/2021\/08\/ESP006-03-300x233.jpg 300w, https:\/\/ibiworld.eu\/fr\/wp-content\/uploads\/2021\/08\/ESP006-03-600x466.jpg 600w\" sizes=\"(max-width: 708px) 100vw, 708px\" \/><\/p>\n<p><strong>La lutte sanglante entre Ha\u00eftiens et Fran\u00e7ais dans une peinture de l&rsquo;\u00e9poque<\/strong><a href=\"#_ftn29\" name=\"_ftnref29\"><strong>[29]<\/strong><\/a><\/p>\n<p>Dessalines ordonne le massacre des Europ\u00e9ens, qui se poursuit jusqu&rsquo;\u00e0 ce qu&rsquo;il soit lui-m\u00eame assassin\u00e9 en 1806 et que le pays soit divis\u00e9 entre le Royaume d&rsquo;Ha\u00efti au nord, avec Henri Ier au pouvoir, et la R\u00e9publique au sud, avec Alexandre P\u00e9tion au pouvoir<a href=\"#_ftn30\" name=\"_ftnref30\">[30]<\/a>. Alexandre P\u00e9tion est remplac\u00e9 par Jean Pierre Boyer, qui sera l&rsquo;architecte de la r\u00e9unification des deux parties en 1821<a href=\"#_ftn31\" name=\"_ftnref31\">[31]<\/a>. En juillet 1825, le roi Charles X de France tente de reconqu\u00e9rir l&rsquo;\u00eele et le pr\u00e9sident Boyer, accul\u00e9<a href=\"#_ftn32\" name=\"_ftnref32\">[32]<\/a>, accepte un trait\u00e9 par lequel la France reconna\u00eet formellement l&rsquo;ind\u00e9pendance du pays en \u00e9change de l&rsquo;extorsion de 150 millions de francs (r\u00e9duits \u00e0 90 millions en 1838)<a href=\"#_ftn33\" name=\"_ftnref33\">[33]<\/a>.<\/p>\n<p>Forc\u00e9 d&#8217;emprunter 30 millions de francs aux banques fran\u00e7aises pour effectuer les premiers paiements, Ha\u00efti a \u00e9chou\u00e9<a href=\"#_ftn34\" name=\"_ftnref34\">[34]<\/a>. Le roi envoie une autre exp\u00e9dition en 1838 avec 12 navires de guerre pour forcer la main du pr\u00e9sident. La r\u00e9vision de 1838, appel\u00e9e sarcastiquement \u00ab\u00a0Trait\u00e9 d&rsquo;Amiti\u00e9\u00a0\u00bb, porte le montant d\u00fb \u00e0 60 millions de francs, mais le gouvernement ha\u00eftien est contraint d&#8217;emprunter massivement pour honorer la dette<a href=\"#_ftn35\" name=\"_ftnref35\">[35]<\/a>. Le chantage auquel Ha\u00efti est soumis conduit le pays \u00e0 l&rsquo;effondrement : Boyer est contraint de proc\u00e9der \u00e0 des pr\u00e9l\u00e8vements fiscaux draconiens, tous les projets d&rsquo;infrastructure sont suspendus, en premier lieu l&rsquo;\u00e9ducation et la sant\u00e9<a href=\"#_ftn36\" name=\"_ftnref36\">[36]<\/a>.<\/p>\n<p>Des \u00e9valuations r\u00e9centes r\u00e9v\u00e8lent que, si l&rsquo;on additionne les int\u00e9r\u00eats de tous les pr\u00eats, les Ha\u00eftiens ont pay\u00e9 plus du double de la valeur des demandes initiales<a href=\"#_ftn37\" name=\"_ftnref37\">[37]<\/a>. Selon l&rsquo;\u00e9conomiste fran\u00e7ais Thomas Piketty, la France devrait rembourser au moins 28 milliards de dollars \u00e0 Ha\u00efti pour \u00ab\u00a0\u00e9quilibrer les comptes\u00a0\u00bb<a href=\"#_ftn38\" name=\"_ftnref38\">[38]<\/a>. Les choses empirent : Boyer commande une arm\u00e9e corrompue et une administration publique pr\u00e9datrice ; le foss\u00e9 entre les paysans noirs des campagnes et les mul\u00e2tres des villes se creuse inexorablement, jusqu&rsquo;\u00e0 la r\u00e9bellion de 1843, o\u00f9 Boyer est contraint de fuir en Jama\u00efque, puis \u00e0 Paris<a href=\"#_ftn39\" name=\"_ftnref39\">[39]<\/a>.<\/p>\n<p><strong>Les Am\u00e9ricains arrivent<\/strong><\/p>\n<p><img loading=\"lazy\" class=\"aligncenter size-full wp-image-1168\" src=\"https:\/\/ibiworld.eu\/fr\/wp-content\/uploads\/2021\/08\/ESP006-04.jpg\" alt=\"\" width=\"1063\" height=\"786\" srcset=\"https:\/\/ibiworld.eu\/fr\/wp-content\/uploads\/2021\/08\/ESP006-04.jpg 1063w, https:\/\/ibiworld.eu\/fr\/wp-content\/uploads\/2021\/08\/ESP006-04-300x222.jpg 300w, https:\/\/ibiworld.eu\/fr\/wp-content\/uploads\/2021\/08\/ESP006-04-1024x757.jpg 1024w, https:\/\/ibiworld.eu\/fr\/wp-content\/uploads\/2021\/08\/ESP006-04-768x568.jpg 768w, https:\/\/ibiworld.eu\/fr\/wp-content\/uploads\/2021\/08\/ESP006-04-600x444.jpg 600w\" sizes=\"(max-width: 1063px) 100vw, 1063px\" \/><\/p>\n<p><strong>Les troupes am\u00e9ricaines en Ha\u00efti en 1929<\/strong><a href=\"#_ftn40\" name=\"_ftnref40\"><strong>[40]<\/strong><\/a><\/p>\n<p>Depuis lors, 22 pr\u00e9sidents se sont succ\u00e9d\u00e9 dans un incroyable man\u00e8ge de coups d&rsquo;\u00c9tat, d&rsquo;intrigues, de conspirations et de r\u00e9bellions. Cette situation instable ouvre la voie \u00e0 une intervention des \u00c9tats-Unis, qui avaient d\u00e9j\u00e0 envisag\u00e9 d&rsquo;annexer Hispaniola par le pass\u00e9<a href=\"#_ftn41\" name=\"_ftnref41\">[41]<\/a>. Au d\u00e9but du XXe si\u00e8cle, une petite communaut\u00e9 allemande s&rsquo;est d\u00e9velopp\u00e9e sur l&rsquo;\u00eele (200 personnes en 1910) avec un pouvoir \u00e9conomique disproportionn\u00e9 &#8211; elle d\u00e9tenait 80 % du commerce international et poss\u00e9dait et g\u00e9rait \u00e9galement les services publics du Cap-Ha\u00eftien et de Port-au-Prince : le port, un tramway et un chemin de fer. Il est \u00e9galement question de prendre le contr\u00f4le de la Banque d&rsquo;Ha\u00efti et d&rsquo;envisager une annexion militaire<a href=\"#_ftn42\" name=\"_ftnref42\">[42]<\/a>.<\/p>\n<p>Washington observe avec inqui\u00e9tude. L&rsquo;administration du pr\u00e9sident Woodrow Wilson trouve un pr\u00e9texte pour intervenir lorsque Guillaume Sam, le pr\u00e9sident de l&rsquo;\u00e9poque, ex\u00e9cute 167 prisonniers politiques, provoquant une grande agitation dans la foule \u00e0 Port-au-Prince. La foule le traque dans son palais, le met en pi\u00e8ces et d\u00e9file dans les rues de la ville en exhibant son cadavre d\u00e9membr\u00e9<a href=\"#_ftn43\" name=\"_ftnref43\">[43]<\/a>. Les premiers marines d\u00e9barquent le 28 juillet 1914 et, en six semaines, contr\u00f4lent le pays<a href=\"#_ftn44\" name=\"_ftnref44\">[44]<\/a>, y compris la Banque d&rsquo;Ha\u00efti, dont ils retirent 500 000 dollars, transf\u00e9r\u00e9s \u00ab\u00a0en lieu s\u00fbr\u00a0\u00bb \u00e0 New York<a href=\"#_ftn45\" name=\"_ftnref45\">[45]<\/a>. En 1915, les \u00c9tats-Unis et Ha\u00efti signent un trait\u00e9 qui pr\u00e9voit, entre autres, le contr\u00f4le am\u00e9ricain de la gendarmerie, le contr\u00f4le total du secteur financier et le droit d&rsquo;intervenir librement. En ao\u00fbt 1915, les \u00c9tats-Unis imposent un nouveau pr\u00e9sident, Philippe Sudr\u00e9 Dartiguenave, ce qui alimente de nouveaux troubles sociaux<a href=\"#_ftn46\" name=\"_ftnref46\">[46]<\/a>.<\/p>\n<p>En 1929, l&rsquo;escalade des troubles conduit les \u00c9tats-Unis \u00e0 se retirer : la goutte d&rsquo;eau qui fait d\u00e9border le vase est le \u00ab\u00a0massacre des Cayes\u00a0\u00bb, perp\u00e9tr\u00e9 par les marines qui tuent vingt manifestants lors d&rsquo;une manifestation paysanne<a href=\"#_ftn47\" name=\"_ftnref47\">[47]<\/a>. Apr\u00e8s de longues tractations et n\u00e9gociations, les Am\u00e9ricains ont finalement quitt\u00e9 Ha\u00efti en 1934, gr\u00e2ce \u00e0 un ordre de Franklin D. Roosevelt. Roosevelt<a href=\"#_ftn48\" name=\"_ftnref48\">[48]<\/a>. Les 19 ann\u00e9es d&rsquo;occupation ont permis de stabiliser le pays sur le plan \u00e9conomique, de nombreux travaux publics ont \u00e9t\u00e9 r\u00e9alis\u00e9s et il existe d\u00e9sormais un service de sant\u00e9 publique op\u00e9rationnel<a href=\"#_ftn49\" name=\"_ftnref49\">[49]<\/a>. Peu de choses ont \u00e9t\u00e9 faites dans le domaine de l&rsquo;\u00e9ducation, et sur le plan politique, l&rsquo;ing\u00e9rence des \u00c9tats-Unis ne peut \u00eatre cr\u00e9dit\u00e9e : les ann\u00e9es d&rsquo;occupation ont co\u00efncid\u00e9 avec celles de la s\u00e9gr\u00e9gation raciale<a href=\"#_ftn50\" name=\"_ftnref50\">[50]<\/a>.<\/p>\n<p>Les \u00c9tats-Unis ont laiss\u00e9 derri\u00e8re eux un pays politiquement instable, 11 500 Ha\u00eftiens tu\u00e9s, une militarisation sans pr\u00e9c\u00e9dent et une forte ing\u00e9rence dans le gouvernement local &#8211; des aspects qui ont laiss\u00e9 des cicatrices profondes qui ne sont pas encore gu\u00e9ries<a href=\"#_ftn51\" name=\"_ftnref51\">[51]<\/a>. Le pays est laiss\u00e9 entre les mains du pr\u00e9sident \u00e9lu du 18 novembre 1930, St\u00e9nio Vincent : un nationaliste convaincu, mais un partenaire commercial loyal pour les \u00c9tats-Unis<a href=\"#_ftn52\" name=\"_ftnref52\">[52]<\/a>. Il a introduit le vote populaire dans la constitution en 1941, date \u00e0 laquelle il a d\u00e9missionn\u00e9 au milieu des protestations populaires, laissant son successeur \u00c9lie Lescot aux commandes<a href=\"#_ftn53\" name=\"_ftnref53\">[53]<\/a>.<\/p>\n<p>Lescot a \u00e9galement \u00e9t\u00e9 approuv\u00e9 par les \u00c9tats-Unis, mais il a \u00e9t\u00e9 l&rsquo;architecte d&rsquo;une p\u00e9riode de r\u00e9cession \u00e9conomique et de r\u00e9pression politique s\u00e9v\u00e8re contre les dissidents. Il est contraint \u00e0 l&rsquo;exil par un coup d&rsquo;\u00c9tat men\u00e9 par le colonel Paul Eug\u00e8ne Magloire, le g\u00e9n\u00e9ral Frank Lavaud et le colonel Antoine Levelt, une junte qui prend le contr\u00f4le du pays le 11 janvier 1946<a href=\"#_ftn54\" name=\"_ftnref54\">[54]<\/a>.<\/p>\n<p><img loading=\"lazy\" class=\"aligncenter size-full wp-image-1169\" src=\"https:\/\/ibiworld.eu\/fr\/wp-content\/uploads\/2021\/08\/ESP006-05.jpg\" alt=\"\" width=\"1024\" height=\"737\" srcset=\"https:\/\/ibiworld.eu\/fr\/wp-content\/uploads\/2021\/08\/ESP006-05.jpg 1024w, https:\/\/ibiworld.eu\/fr\/wp-content\/uploads\/2021\/08\/ESP006-05-300x216.jpg 300w, https:\/\/ibiworld.eu\/fr\/wp-content\/uploads\/2021\/08\/ESP006-05-768x553.jpg 768w, https:\/\/ibiworld.eu\/fr\/wp-content\/uploads\/2021\/08\/ESP006-05-600x432.jpg 600w\" sizes=\"(max-width: 1024px) 100vw, 1024px\" \/><\/p>\n<p><strong>Avril 1988 : des miliciens de Tonton Macoute portant des masques vaudous recherchent des victimes<\/strong><a href=\"#_ftn55\" name=\"_ftnref55\"><strong>[55]<\/strong><\/a><\/p>\n<p>En ao\u00fbt 1946, Dumarsais Estim\u00e9 est \u00e9lu pr\u00e9sident. C&rsquo;est un noiriste, un Ha\u00eftien qui consid\u00e8re les Noirs comme les d\u00e9fenseurs historiques de la libert\u00e9.\u00a0 Soutenu par la population, Estim\u00e9 entreprend de lib\u00e9rer Ha\u00efti du joug am\u00e9ricain, d&rsquo;accorder plus de libert\u00e9s et de lancer des projets de modernisation<a href=\"#_ftn56\" name=\"_ftnref56\">[56]<\/a>. Parmi les premiers actes de son administration figure une nouvelle constitution qui impose des restrictions strictes aux entreprises \u00e9trang\u00e8res, une plus grande libert\u00e9 de la presse et l&rsquo;\u00e9galit\u00e9 de citoyennet\u00e9 pour tous les Noirs<a href=\"#_ftn57\" name=\"_ftnref57\">[57]<\/a>.<\/p>\n<p>En 1950, apr\u00e8s une proposition d&rsquo;amendement constitutionnel visant \u00e0 prolonger son mandat, il est contraint \u00e0 la d\u00e9mission par un coup d&rsquo;\u00c9tat organis\u00e9 par le colonel Paul Magloire<a href=\"#_ftn58\" name=\"_ftnref58\">[58]<\/a>. Il sera le premier pr\u00e9sident de l&rsquo;histoire ha\u00eftienne \u00e0 \u00eatre \u00e9lu au suffrage universel. Anticommuniste convaincu, il est bien accueilli par les \u00c9tats-Unis. Il se r\u00e9v\u00e8le \u00eatre un bon administrateur, mais les ravages caus\u00e9s par l&rsquo;ouragan Hazel en 1954 le mettent \u00e0 l&rsquo;\u00e9preuve : de fortes protestations s&rsquo;ensuivent, le for\u00e7ant \u00e0 fuir et \u00e0 laisser la pr\u00e9sidence \u00e0 Fran\u00e7ois Duvalier en d\u00e9cembre 1956<a href=\"#_ftn59\" name=\"_ftnref59\">[59]<\/a>.<\/p>\n<p><strong>Papa Doc et sa famille assoiff\u00e9e de sang<\/strong><\/p>\n<p><img loading=\"lazy\" class=\"aligncenter size-full wp-image-1170\" src=\"https:\/\/ibiworld.eu\/fr\/wp-content\/uploads\/2021\/08\/ESP006-06.jpg\" alt=\"\" width=\"2500\" height=\"1923\" srcset=\"https:\/\/ibiworld.eu\/fr\/wp-content\/uploads\/2021\/08\/ESP006-06.jpg 2500w, https:\/\/ibiworld.eu\/fr\/wp-content\/uploads\/2021\/08\/ESP006-06-300x231.jpg 300w, https:\/\/ibiworld.eu\/fr\/wp-content\/uploads\/2021\/08\/ESP006-06-1024x788.jpg 1024w, https:\/\/ibiworld.eu\/fr\/wp-content\/uploads\/2021\/08\/ESP006-06-768x591.jpg 768w, https:\/\/ibiworld.eu\/fr\/wp-content\/uploads\/2021\/08\/ESP006-06-1536x1181.jpg 1536w, https:\/\/ibiworld.eu\/fr\/wp-content\/uploads\/2021\/08\/ESP006-06-2048x1575.jpg 2048w, https:\/\/ibiworld.eu\/fr\/wp-content\/uploads\/2021\/08\/ESP006-06-600x462.jpg 600w\" sizes=\"(max-width: 2500px) 100vw, 2500px\" \/><\/p>\n<p><strong>Septembre 1957 : Papa Doc et sa femme Simone, entour\u00e9s de gardes du corps, se prom\u00e8nent dans Port-au-Prince<\/strong><a href=\"#_ftn60\" name=\"_ftnref60\"><strong>[60]<\/strong><\/a><\/p>\n<p>La pire p\u00e9riode s&rsquo;ouvre pour le peuple ha\u00eftien : trente ans d&rsquo;une dictature f\u00e9roce qui ne prend fin qu&rsquo;en 1986 : d&rsquo;abord l&rsquo;installation de Fran\u00e7ois Duvalier, surnomm\u00e9 Papa Doc, un fou au culte de la personnalit\u00e9 immod\u00e9r\u00e9 qui met en place un r\u00e9gime bas\u00e9 sur le culte vaudou, qui se prend pour un chaman<a href=\"#_ftn61\" name=\"_ftnref61\">[61]<\/a>, mais qui est d\u00e9fendu par sa milice personnelle, l&rsquo;une des plus brutales de l&rsquo;histoire de l&rsquo;humanit\u00e9 (le Tonton Macoute<a href=\"#_ftn62\" name=\"_ftnref62\">[62]<\/a>), compos\u00e9e de ragamuffins meurtriers et tortionnaires. Cette organisation est si puissante qu&rsquo;elle annule l&rsquo;arm\u00e9e r\u00e9guli\u00e8re<a href=\"#_ftn63\" name=\"_ftnref63\">[63]<\/a>.<\/p>\n<p>A la mort de Papa Doc en 1971, son fils Jean-Claude Duvalier, dit \u00ab\u00a0B\u00e9b\u00e9 Doc\u00a0\u00bb, lui succ\u00e8de : il h\u00e9rite d&rsquo;un pays r\u00e9duit \u00e0 une mis\u00e8re et un d\u00e9sespoir inimaginables. Baby Doc gouverne dans la continuit\u00e9 des m\u00e9thodes r\u00e9pressives de son p\u00e8re, utilisant le pouvoir pour s&rsquo;enrichir et satisfaire sa soif de sang : sous son r\u00e9gime brutal, 30 000 personnes sont kidnapp\u00e9es ou tu\u00e9es<a href=\"#_ftn64\" name=\"_ftnref64\">[64]<\/a>. En janvier 1986, l&rsquo;administration Reagan commence \u00e0 faire pression sur Duvalier pour qu&rsquo;il quitte Ha\u00efti<a href=\"#_ftn65\" name=\"_ftnref65\">[65]<\/a>. Il s&rsquo;est exil\u00e9 en France en 1986 : il a eu le culot de revenir en Ha\u00efti en 2011 o\u00f9 il a \u00e9t\u00e9 imm\u00e9diatement arr\u00eat\u00e9, mais a ensuite \u00e9t\u00e9 lib\u00e9r\u00e9 et a v\u00e9cu jusqu&rsquo;\u00e0 sa mort (2014) dans un h\u00f4tel de luxe dans les montagnes de Port-au-Prince<a href=\"#_ftn66\" name=\"_ftnref66\">[66]<\/a>.<\/p>\n<p><strong>Entre coups d&rsquo;\u00c9tat et fureur de la nature<\/strong><\/p>\n<p><img loading=\"lazy\" class=\"aligncenter size-full wp-image-1171\" src=\"https:\/\/ibiworld.eu\/fr\/wp-content\/uploads\/2021\/08\/ESP006-07.jpg\" alt=\"\" width=\"1084\" height=\"586\" srcset=\"https:\/\/ibiworld.eu\/fr\/wp-content\/uploads\/2021\/08\/ESP006-07.jpg 1084w, https:\/\/ibiworld.eu\/fr\/wp-content\/uploads\/2021\/08\/ESP006-07-300x162.jpg 300w, https:\/\/ibiworld.eu\/fr\/wp-content\/uploads\/2021\/08\/ESP006-07-1024x554.jpg 1024w, https:\/\/ibiworld.eu\/fr\/wp-content\/uploads\/2021\/08\/ESP006-07-768x415.jpg 768w, https:\/\/ibiworld.eu\/fr\/wp-content\/uploads\/2021\/08\/ESP006-07-600x324.jpg 600w\" sizes=\"(max-width: 1084px) 100vw, 1084px\" \/><\/p>\n<p><strong>Mars 2021, manifestations de rue et dure r\u00e9pression<\/strong><a href=\"#_ftn67\" name=\"_ftnref67\"><strong>[67]<\/strong><\/a><\/p>\n<p>En 1987, une assembl\u00e9e constituante a \u00e9t\u00e9 convoqu\u00e9e dans un climat de faible int\u00e9r\u00eat public, d\u00e9sormais insensible \u00e0 la participation d\u00e9mocratique ; en novembre, il y a eu une premi\u00e8re tentative d&rsquo;\u00e9lire un pr\u00e9sident, mais de violents affrontements, faisant de nombreux morts, ont conduit au report des \u00e9lections<a href=\"#_ftn68\" name=\"_ftnref68\">[68]<\/a>. Lors de la deuxi\u00e8me tentative, en janvier 1988, Leslie Manigat est \u00e9lu sur la base d&rsquo;accusations de fraude \u00e9lectorale<a href=\"#_ftn69\" name=\"_ftnref69\">[69]<\/a>. Le 20 juin suivant, le g\u00e9n\u00e9ral Henri Namphy, commandant de l&rsquo;arm\u00e9e, organise un coup d&rsquo;\u00c9tat et prend le pouvoir<a href=\"#_ftn70\" name=\"_ftnref70\">[70]<\/a>. Tr\u00e8s peu de temps apr\u00e8s, le 17 septembre 1988, un groupe d&rsquo;officiers dirig\u00e9 par le g\u00e9n\u00e9ral Prosper Avril le d\u00e9pose par un nouveau coup d&rsquo;\u00c9tat<a href=\"#_ftn71\" name=\"_ftnref71\">[71]<\/a>.<\/p>\n<p>Il a pris fin en mars 1990<a href=\"#_ftn72\" name=\"_ftnref72\">[72]<\/a> et, la m\u00eame ann\u00e9e, on a tent\u00e9 d&rsquo;organiser des \u00e9lections libres, qui ont \u00e9t\u00e9 remport\u00e9es par Jean-Bertrand Aristide, pr\u00eatre sal\u00e9sien et champion des pauvres et des d\u00e9sh\u00e9rit\u00e9s, qui, en raison de ses id\u00e9es politiques, a \u00e9t\u00e9 exclu de l&rsquo;ordre sal\u00e9sien, en d\u00e9pit de l&rsquo;opposition des hi\u00e9rarchies eccl\u00e9siastique et militaire<a href=\"#_ftn73\" name=\"_ftnref73\">[73]<\/a>. L&rsquo;action du pr\u00eatre va dans la direction oppos\u00e9e \u00e0 celle de ses pr\u00e9d\u00e9cesseurs : il lance un vaste programme d&rsquo;alphab\u00e9tisation, tente de d\u00e9manteler le syst\u00e8me r\u00e9pressif dans les zones rurales et lutte pour r\u00e9duire de mani\u00e8re drastique les violations g\u00e9n\u00e9ralis\u00e9es des droits de l&rsquo;homme<a href=\"#_ftn74\" name=\"_ftnref74\">[74]<\/a>.<\/p>\n<p>D\u00e9test\u00e9 par l&rsquo;\u00e9lite militaire, Aristide a \u00e9t\u00e9 d\u00e9pos\u00e9 par un coup d&rsquo;\u00c9tat le 30 septembre 1991<a href=\"#_ftn75\" name=\"_ftnref75\">[75]<\/a>. Il reste en exil jusqu&rsquo;au 15 octobre 1994, date \u00e0 laquelle l&rsquo;arm\u00e9e d&rsquo;occupation am\u00e9ricaine le remet en selle<a href=\"#_ftn76\" name=\"_ftnref76\">[76]<\/a>, mais \u00e0 la fin de son mandat (1996) Ren\u00e9 Pr\u00e9val est \u00e9lu \u00e0 sa place<a href=\"#_ftn77\" name=\"_ftnref77\">[77]<\/a>. En novembre 2000, Jean-Bertrand Aristide a remport\u00e9 les \u00e9lections avec 92 % des voix, mais son mandat a \u00e9t\u00e9 entrav\u00e9 par des crises politiques, sociales et \u00e9conomiques dramatiques et par une tentative de coup d&rsquo;\u00c9tat. Le 5 f\u00e9vrier 2004, le groupe rebelle du Front de r\u00e9sistance r\u00e9volutionnaire de l&rsquo;Artibonite a pris le contr\u00f4le de la quatri\u00e8me ville d&rsquo;Ha\u00efti, Gona\u00efves, puis a assi\u00e9g\u00e9 le Cap-Ha\u00eftien le 22 f\u00e9vrier<a href=\"#_ftn78\" name=\"_ftnref78\">[78]<\/a>, divisant le pays en deux.<\/p>\n<p>Les armes lourdes aux mains des rebelles auraient \u00e9t\u00e9 fournies par la R\u00e9publique dominicaine<a href=\"#_ftn79\" name=\"_ftnref79\">[79]<\/a>. Apr\u00e8s l&rsquo;avanc\u00e9e des rebelles jusqu&rsquo;\u00e0 Port-au-Prince, le 29 f\u00e9vrier au matin, Jean-Bertrand Aristide embarque \u00e0 bord d&rsquo;un avion am\u00e9ricain en direction de la R\u00e9publique centrafricaine puis de l&rsquo;Afrique du Sud : le pr\u00eatre accuse la France et les \u00c9tats-Unis de conspirer contre lui, d\u00e9clarant qu&rsquo;ils l&rsquo;ont menac\u00e9 de \u00ab\u00a0mort, de kidnapping et d&rsquo;enl\u00e8vement\u00a0\u00bb, tandis que l&rsquo;administration Bush fait \u00e9tat d&rsquo;une demande d&rsquo;aide spontan\u00e9e du pr\u00eatre, qui a embarqu\u00e9 volontairement apr\u00e8s avoir sign\u00e9 sa d\u00e9mission<a href=\"#_ftn80\" name=\"_ftnref80\">[80]<\/a>. Apr\u00e8s son d\u00e9part, plusieurs membres haut plac\u00e9s de son gouvernement ont \u00e9t\u00e9 accus\u00e9s et condamn\u00e9s pour trafic de drogue, notamment le chef de la s\u00e9curit\u00e9 de l&rsquo;\u00c9tat et le chef de la s\u00e9curit\u00e9 de l&rsquo;a\u00e9roport<a href=\"#_ftn81\" name=\"_ftnref81\">[81]<\/a>.<\/p>\n<p>Le pays est en proie au chaos : les affrontements entre ses partisans et ses opposants font des centaines de morts<a href=\"#_ftn82\" name=\"_ftnref82\">[82]<\/a>. Des forces arm\u00e9es, dirig\u00e9es par les \u00c9tats-Unis sous l&rsquo;autorit\u00e9 du Conseil de s\u00e9curit\u00e9 de l&rsquo;ONU, sont envoy\u00e9es \u00e0 Port-au-Prince pour superviser l&rsquo;installation d&rsquo;un gouvernement provisoire dirig\u00e9 par Boniface Alexandre. La mission MINUSTAH (Mission des Nations Unies pour la Stabilisation en Ha\u00efti)<a href=\"#_ftn83\" name=\"_ftnref83\">[83]<\/a> est \u00e9tablie en juin 2004 avec pour mandat de maintenir la s\u00e9curit\u00e9, d&rsquo;aider \u00e0 stabiliser le processus politique, de surveiller et de d\u00e9fendre les droits de l&rsquo;homme<a href=\"#_ftn84\" name=\"_ftnref84\">[84]<\/a>. Le vote a eu lieu le 7 f\u00e9vrier 2006 : 51% des voix sont all\u00e9es \u00e0 Ren\u00e9 Pr\u00e9val, soutenu par la partie la plus pauvre du pays<a href=\"#_ftn85\" name=\"_ftnref85\">[85]<\/a>.<\/p>\n<p><img loading=\"lazy\" class=\"aligncenter size-full wp-image-1172\" src=\"https:\/\/ibiworld.eu\/fr\/wp-content\/uploads\/2021\/08\/ESP006-08.jpg\" alt=\"\" width=\"1197\" height=\"725\" srcset=\"https:\/\/ibiworld.eu\/fr\/wp-content\/uploads\/2021\/08\/ESP006-08.jpg 1197w, https:\/\/ibiworld.eu\/fr\/wp-content\/uploads\/2021\/08\/ESP006-08-300x182.jpg 300w, https:\/\/ibiworld.eu\/fr\/wp-content\/uploads\/2021\/08\/ESP006-08-1024x620.jpg 1024w, https:\/\/ibiworld.eu\/fr\/wp-content\/uploads\/2021\/08\/ESP006-08-768x465.jpg 768w, https:\/\/ibiworld.eu\/fr\/wp-content\/uploads\/2021\/08\/ESP006-08-600x363.jpg 600w\" sizes=\"(max-width: 1197px) 100vw, 1197px\" \/><\/p>\n<p><strong>La capitale d&rsquo;Ha\u00efti, Port-au-Prince, d\u00e9vast\u00e9e par le tremblement de terre de janvier 2010<\/strong><a href=\"#_ftn86\" name=\"_ftnref86\"><strong>[86]<\/strong><\/a><\/p>\n<p>Ren\u00e9 Pr\u00e9val doit relever un d\u00e9fi apparemment impossible : gouverner un pays dans une situation \u00e9conomique d\u00e9sesp\u00e9r\u00e9e, dans un chaos politique total, avec une l\u00e9gislature bloqu\u00e9e, une \u00e9conomie en lambeaux et sous l&#8217;emprise de nombreux gangs arm\u00e9s. Mais il ne sait pas encore que le pire est \u00e0 venir : en 2008, il devra faire face \u00e0 la fureur de la nature &#8211; quatre ouragans qui causeront un millier de morts et 150 000 personnes d\u00e9plac\u00e9es<a href=\"#_ftn87\" name=\"_ftnref87\">[87]<\/a>. Et le 12 janvier 2010, un tremblement de terre de magnitude 7,3 a d\u00e9vast\u00e9 le pays<a href=\"#_ftn88\" name=\"_ftnref88\">[88]<\/a>: plus de 250 000 personnes ont perdu la vie<a href=\"#_ftn89\" name=\"_ftnref89\">[89]<\/a>. Ha\u00efti est en plein d\u00e9sarroi, la violence est omnipr\u00e9sente au milieu de montagnes de d\u00e9bris et de cadavres en d\u00e9composition, de pillards fouillant dans les d\u00e9combres, de personnes d\u00e9sesp\u00e9r\u00e9es \u00e0 la recherche de nourriture pr\u00eate \u00e0 toutes les cruaut\u00e9s, et de campements de fortune en bord de route grouillant de voleurs arm\u00e9s de machettes et de fusils<a href=\"#_ftn90\" name=\"_ftnref90\">[90]<\/a>.<\/p>\n<p>En cons\u00e9quence de cette situation, une \u00e9pid\u00e9mie de chol\u00e9ra a frapp\u00e9 Ha\u00efti, infectant 800 000 personnes et en tuant 10 000<a href=\"#_ftn91\" name=\"_ftnref91\">[91]<\/a>. L&rsquo;origine de l&rsquo;\u00e9pid\u00e9mie remonte \u00e0 une base de maintien de la paix des Nations unies, qui contamine un grand r\u00e9servoir d&rsquo;eau avec ses eaux us\u00e9es<a href=\"#_ftn92\" name=\"_ftnref92\">[92]<\/a>. Ren\u00e9 Pr\u00e9val a \u00e9t\u00e9 contraint de passer au moins un an \u00e0 conclure des accords de coop\u00e9ration avec des \u00c9tats \u00e9trangers et des ONG dans une qu\u00eate d\u00e9sesp\u00e9r\u00e9e d&rsquo;aide.<\/p>\n<p>Malgr\u00e9 des conditions dramatiquement hostiles, Pr\u00e9val reste dans les m\u00e9moires comme un bon pr\u00e9sident : il entre dans l&rsquo;histoire comme le seul homme \u00e0 avoir accompli deux mandats entiers sans aller en prison ou en exil<a href=\"#_ftn93\" name=\"_ftnref93\">[93]<\/a>. Il est parvenu \u00e0 apaiser les diff\u00e9rends politiques, \u00e0 accro\u00eetre l&#8217;emploi, \u00e0 am\u00e9liorer les infrastructures et \u00e0 op\u00e9rer un redressement g\u00e9n\u00e9ral de l&rsquo;\u00e9conomie dans son ensemble, m\u00eame s&rsquo;il n&rsquo;a jamais \u00e9t\u00e9 populaire aupr\u00e8s de la population ou des politiciens \u00e9trangers en raison de son caract\u00e8re timide et r\u00e9serv\u00e9<a href=\"#_ftn94\" name=\"_ftnref94\">[94]<\/a>.<\/p>\n<p>En novembre 2010, les \u00e9lections pr\u00e9sidentielles se sont sold\u00e9es par la victoire de l&rsquo;ancienne premi\u00e8re dame Mirlande Manigat, suivie de Jude C\u00e9lestin et de Michel Martelly, mais des fraudes massives ont \u00e9t\u00e9 constat\u00e9es et l&rsquo;Organisation des \u00c9tats am\u00e9ricains (OEA) a r\u00e9examin\u00e9 les bulletins de vote et d\u00e9clar\u00e9 Martelly vainqueur<a href=\"#_ftn95\" name=\"_ftnref95\">[95]<\/a>. La d\u00e9cision de l&rsquo;OEA est per\u00e7ue comme une ing\u00e9rence de Washington : beaucoup pensent que le r\u00e9sultat n&rsquo;est pas bas\u00e9 sur les bulletins de vote des \u00e9lecteurs, mais sur les pr\u00e9f\u00e9rences am\u00e9ricaines<a href=\"#_ftn96\" name=\"_ftnref96\">[96]<\/a>.<\/p>\n<p>Le nouveau pr\u00e9sident est un musicien \u00e0 succ\u00e8s appel\u00e9 \u00ab\u00a0Sweet Micky\u00a0\u00bb, connu pour ses excentricit\u00e9s<a href=\"#_ftn97\" name=\"_ftnref97\">[97]<\/a>. Il n&rsquo;a aucune exp\u00e9rience politique, mais son \u00e9lection est salu\u00e9e par la joie populaire<a href=\"#_ftn98\" name=\"_ftnref98\">[98]<\/a>. Bien qu&rsquo;il b\u00e9n\u00e9ficie du soutien total des \u00c9tats-Unis, son mandat se termine rapidement en temp\u00eate : Sweet Micky est incapable de g\u00e9rer les cons\u00e9quences du tremblement de terre, d&rsquo;endiguer la violence et la corruption croissantes, et il est lui-m\u00eame un redoutable rabatteur : la BOID (Brigade D\u00e9partementale d&rsquo;Op\u00e9rations et d&rsquo;Intervention) qu&rsquo;il a mise en place est responsable de nombreux meurtres, destructions et pillages<a href=\"#_ftn99\" name=\"_ftnref99\">[99]<\/a>.<\/p>\n<p>A la fin de son mandat, il est d\u00e9bord\u00e9 par l&rsquo;enqu\u00eate sur la gestion frauduleuse des fonds v\u00e9n\u00e9zu\u00e9liens du programme PetroCaribe<a href=\"#_ftn100\" name=\"_ftnref100\">[100]<\/a>. L&rsquo;enqu\u00eate accuse Jean-Max Bellerive (Premier ministre sous Pr\u00e9val), Laurent Lamothe (Premier ministre sous Martelly), les anciens ministres des finances, des travaux publics, de l&rsquo;urbanisme, de l&rsquo;agriculture et de la sant\u00e9, l&rsquo;Office de mon\u00e9tisation de l&rsquo;aide et des programmes de d\u00e9veloppement et des membres du minist\u00e8re de la planification<a href=\"#_ftn101\" name=\"_ftnref101\">[101]<\/a>. Au milieu de l&rsquo;agitation et des protestations, les \u00e9lections ont \u00e9t\u00e9 report\u00e9es de trois ans, mais ont \u00e9t\u00e9 annul\u00e9es pour cause de fraude, si bien que l&rsquo;Assembl\u00e9e nationale, en f\u00e9vrier 2016, a \u00e9lu le s\u00e9nateur Jocelerme Privert comme pr\u00e9sident par int\u00e9rim, promettant des \u00e9lections dans les 120 jours<a href=\"#_ftn102\" name=\"_ftnref102\">[102]<\/a>. Elles ont \u00e9t\u00e9 \u00e0 nouveau retard\u00e9es<a href=\"#_ftn103\" name=\"_ftnref103\">[103]<\/a> \u00e0 cause de l&rsquo;ouragan Matthew<a href=\"#_ftn104\" name=\"_ftnref104\">[104]<\/a>, et n&rsquo;ont eu lieu qu&rsquo;en novembre, remport\u00e9es par un homme choisi par Martelly lui-m\u00eame : Jovenel Moise<a href=\"#_ftn105\" name=\"_ftnref105\">[105]<\/a>.<\/p>\n<p><strong>Un pr\u00e9sident mal aim\u00e9<\/strong><\/p>\n<p><img loading=\"lazy\" class=\"aligncenter size-full wp-image-1173\" src=\"https:\/\/ibiworld.eu\/fr\/wp-content\/uploads\/2021\/08\/ESP006-09.jpg\" alt=\"\" width=\"780\" height=\"438\" srcset=\"https:\/\/ibiworld.eu\/fr\/wp-content\/uploads\/2021\/08\/ESP006-09.jpg 780w, https:\/\/ibiworld.eu\/fr\/wp-content\/uploads\/2021\/08\/ESP006-09-300x168.jpg 300w, https:\/\/ibiworld.eu\/fr\/wp-content\/uploads\/2021\/08\/ESP006-09-768x431.jpg 768w, https:\/\/ibiworld.eu\/fr\/wp-content\/uploads\/2021\/08\/ESP006-09-600x337.jpg 600w\" sizes=\"(max-width: 780px) 100vw, 780px\" \/><\/p>\n<p><strong>7 f\u00e9vrier 2017 : Jovenel Mo\u00efse et son \u00e9pouse Martine lors de la c\u00e9r\u00e9monie de prestation de serment \u00e0 Port-au-Prince<\/strong><a href=\"#_ftn106\" name=\"_ftnref106\"><strong>[106]<\/strong><\/a><\/p>\n<p>Jovenel Mo\u00efse est n\u00e9 le 26 juin 1968 dans une famille originaire de Trou-du-Nord, dans le d\u00e9partement du Nord-Est d&rsquo;Ha\u00efti. Son p\u00e8re, Etienne Mo\u00efse, est commer\u00e7ant, tandis que sa m\u00e8re, Lucia Bruno, est couturi\u00e8re. Dipl\u00f4m\u00e9 en sciences politiques de l&rsquo;Universit\u00e9 Quisqueya et mari\u00e9 \u00e0 Martine Marie Etienne Joseph en 1996, il s&rsquo;installe \u00e0 Port-de-Paix et investit un petit capital dans la cr\u00e9ation d&rsquo;une bananeraie de 10 hectares, ce qui lui vaut le surnom de \u00ab\u00a0l&rsquo;homme banane\u00a0\u00bb gr\u00e2ce \u00e0 son succ\u00e8s<a href=\"#_ftn107\" name=\"_ftnref107\">[107]<\/a>. Afin de contribuer au bien-\u00eatre social, il a lanc\u00e9 un projet visant \u00e0 fournir de l&rsquo;eau potable aux zones rurales : avec de l&rsquo;argent qu&rsquo;il a personnellement emprunt\u00e9, il a construit un syst\u00e8me pour amener l&rsquo;eau dans les d\u00e9partements du nord-ouest et du nord-est<a href=\"#_ftn108\" name=\"_ftnref108\">[108]<\/a>.<\/p>\n<p>En 2004, il est devenu pr\u00e9sident de la Chambre de commerce et d&rsquo;industrie du Nord-Ouest (CCINO), puis secr\u00e9taire g\u00e9n\u00e9ral de la Chambre de commerce et d&rsquo;industrie d&rsquo;Ha\u00efti (CCIH)<a href=\"#_ftn109\" name=\"_ftnref109\">[109]<\/a>. En 2008, il a particip\u00e9 \u00e0 la fondation d&rsquo;Haitian Energy Company SA, qui construit des centrales solaires et \u00e9oliennes dans 10 communes du d\u00e9partement du Nord-Ouest. En 2012, \u00e0 Trou-du-Nord, il fonde Agritrans SA et cr\u00e9e la premi\u00e8re zone franche agricole d&rsquo;Ha\u00efti : cela permet la mise en place de plus d&rsquo;une dizaine de projets agricoles avec 3000 emplois directs et 10000 indirects<a href=\"#_ftn110\" name=\"_ftnref110\">[110]<\/a>.<\/p>\n<p>En 2015, il entre en politique : le pr\u00e9sident Michel Martelly le veut comme candidat \u00e0 la pr\u00e9sidence dans son parti, le T\u00e8t Kale (PHTK) : dans la campagne \u00e9lectorale, Mo\u00efse promeut l&rsquo;agriculture bio-\u00e9cologique, un pays qui se concentre sur la production agricole \u00e0 petite \u00e9chelle<a href=\"#_ftn111\" name=\"_ftnref111\">[111]<\/a>. Il a ensuite insist\u00e9 sur les politiques de Martelly : \u00e9coles pour tous et soins de sant\u00e9, r\u00e9forme \u00e9nerg\u00e9tique, \u00c9tat de droit, emplois durables, protection de l&rsquo;environnement et d\u00e9veloppement de l&rsquo;\u00e9cotourisme et de l&rsquo;agritourisme<a href=\"#_ftn112\" name=\"_ftnref112\">[112]<\/a>.<\/p>\n<p>Mo\u00efse a obtenu 32,8% des voix au premier tour, se qualifiant pour le second tour contre Jude C\u00e9lestin. Mais l&rsquo;\u00e9lection est violemment contest\u00e9e par les partisans du parti Fanmi Lavalas de l&rsquo;ancien pr\u00e9sident Jean-Bertrand Aristide, qui affirment que Maryse Narcisse a gagn\u00e9<a href=\"#_ftn113\" name=\"_ftnref113\">[113]<\/a>. Le 27 novembre 2016, le vote est \u00e0 nouveau organis\u00e9, et cette fois-ci, Mo\u00efse l&#8217;emporte d\u00e8s le premier tour avec 55,67 % des voix<a href=\"#_ftn114\" name=\"_ftnref114\">[114]<\/a>. Le pr\u00e9sident a pr\u00eat\u00e9 serment en f\u00e9vrier de l&rsquo;ann\u00e9e suivante<a href=\"#_ftn115\" name=\"_ftnref115\">[115]<\/a>. Sa r\u00e9putation d&rsquo;entrepreneur le pr\u00e9c\u00e8de : Agritrans, sa soci\u00e9t\u00e9 de bananes, est consid\u00e9r\u00e9e comme opaque : selon les responsables des associations d&rsquo;agriculteurs de la r\u00e9gion de Trou-du-Nord, Mo\u00efse exproprie des milliers d&rsquo;agriculteurs et d\u00e9truit des maisons<a href=\"#_ftn116\" name=\"_ftnref116\">[116]<\/a>.<\/p>\n<p>Le responsable de la coordination de l&rsquo;organisation Action to Reforest and Defend the Environment, Milosten Castin, affirme que, sans avertissement, plusieurs bulldozers \u00ab\u00a0ont envahi les terres, d\u00e9truisant les cultures et le fourrage utilis\u00e9 pour le p\u00e2turage\u00a0\u00bb. Les bulldozers ont ensuite d\u00e9truit les maisons d&rsquo;au moins 17 familles, dont beaucoup sont d\u00e9sormais sans abri<a href=\"#_ftn117\" name=\"_ftnref117\">[117]<\/a>. Suite aux protestations organis\u00e9es par le Mouvement paysan pour le d\u00e9veloppement de Deveren (MPDD), Agritrans a accord\u00e9 aux propri\u00e9taires des maisons d\u00e9truites la ridicule compensation de 40 \u00e0 700 dollars chacun<a href=\"#_ftn118\" name=\"_ftnref118\">[118]<\/a>. Dans le m\u00eame temps, Moise, gr\u00e2ce \u00e0 son amiti\u00e9 avec Martelly, a obtenu des pr\u00eats de millions de dollars de l&rsquo;\u00c9tat pour produire des bananes et les exporter<a href=\"#_ftn119\" name=\"_ftnref119\">[119]<\/a>.<\/p>\n<p>Agritrans dirige le projet Noumbio, premi\u00e8re zone franche agricole d&rsquo;Ha\u00efti, approuv\u00e9 en 2015 en accord avec le minist\u00e8re du Commerce et de l&rsquo;Industrie (MCI) et la Direction des zones franches (DZF)<a href=\"#_ftn120\" name=\"_ftnref120\">[120]<\/a>. Cet accord permet \u00e0 l&rsquo;entreprise de b\u00e9n\u00e9ficier d&rsquo;avantages fiscaux, de tarifs r\u00e9duits et d&rsquo;un traitement douanier sp\u00e9cial. De plus, selon la loi ha\u00eftienne, les zones franches doivent exporter au moins 70 % de leurs produits, ce qui, dans un pays o\u00f9 l&rsquo;on ne produit pas assez de nourriture pour ses citoyens, semble am\u00e8rement ironique<a href=\"#_ftn121\" name=\"_ftnref121\">[121]<\/a>. Les Ha\u00eftiens eux-m\u00eames risquent de devoir racheter aux importateurs \u00e9trangers les denr\u00e9es alimentaires qu&rsquo;ils ont eux-m\u00eames export\u00e9es, \u00e0 des prix \u00e9videmment tr\u00e8s \u00e9lev\u00e9s.<\/p>\n<p><img loading=\"lazy\" class=\"aligncenter size-full wp-image-1174\" src=\"https:\/\/ibiworld.eu\/fr\/wp-content\/uploads\/2021\/08\/ESP006-10.jpg\" alt=\"\" width=\"903\" height=\"598\" srcset=\"https:\/\/ibiworld.eu\/fr\/wp-content\/uploads\/2021\/08\/ESP006-10.jpg 903w, https:\/\/ibiworld.eu\/fr\/wp-content\/uploads\/2021\/08\/ESP006-10-300x199.jpg 300w, https:\/\/ibiworld.eu\/fr\/wp-content\/uploads\/2021\/08\/ESP006-10-768x509.jpg 768w, https:\/\/ibiworld.eu\/fr\/wp-content\/uploads\/2021\/08\/ESP006-10-600x397.jpg 600w\" sizes=\"(max-width: 903px) 100vw, 903px\" \/><\/p>\n<p><strong>Un manifestant lors d&rsquo;une manifestation appelant \u00e0 la d\u00e9mission du pr\u00e9sident ha\u00eftien Jovenel Mo\u00efse, dans les rues de Port-au-Prince, en Ha\u00efti, le 11 octobre 2019<\/strong><a href=\"#_ftn122\" name=\"_ftnref122\"><strong>[122]<\/strong><\/a><\/p>\n<p>Le pr\u00e9sident Mo\u00efse se retrouve \u00e0 g\u00e9rer un pays en totale instabilit\u00e9. Il choisit l&rsquo;autoritarisme croissant en s&rsquo;entourant de fonctionnaires choisis personnellement<a href=\"#_ftn123\" name=\"_ftnref123\">[123]<\/a>. Lorsque la plupart des postes expirent en 2020, il ne convoque pas d&rsquo;\u00e9lections, mais maintient chacun dans son r\u00f4le. Il fait de m\u00eame avec 141 municipalit\u00e9s ha\u00eftiennes, nommant personnellement les maires, et pour ceux qui protestent il y a des interventions \u00ab\u00a0sp\u00e9ciales\u00a0\u00bb des forces de s\u00e9curit\u00e9<a href=\"#_ftn124\" name=\"_ftnref124\">[124]<\/a>.<\/p>\n<p>Le 31 mai 2019, le s\u00e9nat ha\u00eftien re\u00e7oit un rapport de 600 pages sur l&rsquo;enqu\u00eate concernant l&rsquo;accord avec le Venezuela appel\u00e9 PetroCaribe<a href=\"#_ftn125\" name=\"_ftnref125\">[125]<\/a>, par lequel Caracas accepte de fournir du p\u00e9trole en pr\u00eat \u00e0 Ha\u00efti en reportant les paiements de 25 ans. Le gouvernement ha\u00eftien \u00e9tait cens\u00e9, avec l&rsquo;argent \u00e9conomis\u00e9, d\u00e9velopper l&rsquo;\u00e9conomie et financer des programmes sociaux mais, selon le rapport, deux milliards de dollars ont disparu<a href=\"#_ftn126\" name=\"_ftnref126\">[126]<\/a>. L&rsquo;ancien gouverneur de la Banque centrale d&rsquo;Ha\u00efti, Fritz Jean, d\u00e9clare : \u00ab\u00a0C&rsquo;est une occasion manqu\u00e9e pour Ha\u00efti. Le volume des transactions PetroCaribe s&rsquo;est \u00e9lev\u00e9 \u00e0 4,5 milliards de dollars. La dette en faisait partie, environ 2,1 milliards de dollars. Un \u00e9norme g\u00e2chis. L&rsquo;argent est cach\u00e9 dans des paradis fiscaux. Nous aurions pu utiliser ce financement, environ 2 milliards de dollars, pour doubler ou tripler sa valeur par des investissements\u00a0\u00bb<a href=\"#_ftn127\" name=\"_ftnref127\">[127]<\/a>.<\/p>\n<p>La col\u00e8re populaire monte : aux yeux du peuple, Moise est un homme corrompu, un dictateur, responsable de l&rsquo;inflation croissante, des p\u00e9nuries de carburant et de la pauvret\u00e9, l&rsquo;unique auteur du malaise grandissant<a href=\"#_ftn128\" name=\"_ftnref128\">[128]<\/a>. Les protestations fusent, les gr\u00e8ves se succ\u00e8dent : \u00e0 l&rsquo;automne 2019, le Peyi Lock est lanc\u00e9, une protestation qui paralyse Ha\u00efti pendant trois mois, fermant les services essentiels, interrompant les transports, bloquant l&rsquo;aide alimentaire, aggravant le d\u00e9sespoir de nombreuses familles &#8211; car, selon les Nations unies, un Ha\u00eftien sur trois, soit 3,7 millions de personnes, a besoin d&rsquo;une aide alimentaire quotidienne<a href=\"#_ftn129\" name=\"_ftnref129\">[129]<\/a>&#8230; Le chaos menace \u00e9galement les soins de sant\u00e9, dans une situation aggrav\u00e9e par le Covid-19 : les premiers vaccins ne sont arriv\u00e9s qu&rsquo;\u00e0 la mi-juillet de cette ann\u00e9e<a href=\"#_ftn130\" name=\"_ftnref130\">[130]<\/a>.<\/p>\n<p>La capitale est d\u00e9sormais aux mains de gangs criminels &#8211; le Bureau de la coordination des affaires humanitaires des Nations unies (OCHA) a identifi\u00e9 au moins 95<a href=\"#_ftn131\" name=\"_ftnref131\">[131]<\/a> gangs qui assi\u00e8gent les quartiers les plus pauvres, semant la mort et la destruction et for\u00e7ant des dizaines de milliers de citoyens \u00e0 fuir leurs maisons. Certains gangs sont \u00e9galement dirig\u00e9s par d&rsquo;anciens policiers, comme le puissant Jimmy Cherizier, surnomm\u00e9 Barbecue parce qu&rsquo;il aime br\u00fbler les gens chez eux<a href=\"#_ftn132\" name=\"_ftnref132\">[132]<\/a>.<\/p>\n<p>Il est \u00e0 la t\u00eate de la f\u00e9d\u00e9ration de neuf gangs appel\u00e9e \u00ab\u00a0G9\u00a0\u00bb, soup\u00e7onn\u00e9e d&rsquo;avoir massacr\u00e9 des dizaines de femmes, d&rsquo;hommes et d&rsquo;enfants, mais dans son quartier, il est une idole<a href=\"#_ftn133\" name=\"_ftnref133\">[133]<\/a>. Il se finance, comme les autres chefs de gang, en faisant des affaires avec la police et les politiciens locaux corrompus, par des enl\u00e8vements, des trafics de drogue et d&rsquo;armes, des pillages, et, par une v\u00e9ritable activit\u00e9 administrative, il g\u00e8re son quartier en g\u00e9rant des services que le gouvernement a d\u00e9sormais abandonn\u00e9s, comme le nettoyage des rues, l&rsquo;assistance aux personnes dans le besoin, la d\u00e9fense du quartier contre les autres gangs<a href=\"#_ftn134\" name=\"_ftnref134\">[134]<\/a>. Et maintenant, se sentant fort, il se d\u00e9clare r\u00e9volutionnaire et d\u00e9clare la guerre \u00e0 l&rsquo;\u00c9tat<a href=\"#_ftn135\" name=\"_ftnref135\">[135]<\/a>.<\/p>\n<p><img loading=\"lazy\" class=\"aligncenter size-full wp-image-1175\" src=\"https:\/\/ibiworld.eu\/fr\/wp-content\/uploads\/2021\/08\/ESP006-11.jpg\" alt=\"\" width=\"957\" height=\"538\" srcset=\"https:\/\/ibiworld.eu\/fr\/wp-content\/uploads\/2021\/08\/ESP006-11.jpg 957w, https:\/\/ibiworld.eu\/fr\/wp-content\/uploads\/2021\/08\/ESP006-11-300x169.jpg 300w, https:\/\/ibiworld.eu\/fr\/wp-content\/uploads\/2021\/08\/ESP006-11-768x432.jpg 768w, https:\/\/ibiworld.eu\/fr\/wp-content\/uploads\/2021\/08\/ESP006-11-600x337.jpg 600w\" sizes=\"(max-width: 957px) 100vw, 957px\" \/><\/p>\n<p><strong>Premi\u00e8res personnes arr\u00eat\u00e9es pour le meurtre du pr\u00e9sident Mo\u00efse<\/strong><a href=\"#_ftn136\" name=\"_ftnref136\"><strong>[136]<\/strong><\/a><\/p>\n<p>Le meurtre de Jovenel Mo\u00efse fait partie de ce climat de folie : le responsable peut \u00eatre n&rsquo;importe qui, les motifs peuvent \u00eatre multiples, et dans un climat d&rsquo;ingouvernabilit\u00e9 totale, il suffit de choisir dans la liste. Gangs arm\u00e9s, opposants politiques, soldats d\u00e9sabus\u00e9s, mercenaires, simples voyous, hommes d&rsquo;affaires : tous d\u00e9testaient Mo\u00efse<a href=\"#_ftn137\" name=\"_ftnref137\">[137]<\/a>. On soup\u00e7onne un r\u00e8glement de comptes au sein du palais, mais une ing\u00e9rence \u00e9trang\u00e8re n&rsquo;est pas non plus exclue<a href=\"#_ftn138\" name=\"_ftnref138\">[138]<\/a>. Mais, \u00e0 ce stade, il importe peu de savoir qui sont les instigateurs.<\/p>\n<p>Le pr\u00e9sident a \u00e9t\u00e9 tu\u00e9 par l&rsquo;\u00e2me m\u00eame d&rsquo;Ha\u00efti, par son destin, par sa mis\u00e8re. L&rsquo;absence d&rsquo;un ex\u00e9cutif l\u00e9gitime, un pouvoir l\u00e9gislatif inepte, l&rsquo;affaiblissement extr\u00eame des institutions, tout cela expose le peuple vuln\u00e9rable d&rsquo;Ha\u00efti au d\u00e9sastre \u00e9conomique, \u00e0 la criminalit\u00e9 et \u00e0 la violence politique. Il y aura une nouvelle augmentation des personnes d\u00e9plac\u00e9es et de l&rsquo;\u00e9migration, notamment vers la R\u00e9publique dominicaine voisine, o\u00f9 les autorit\u00e9s ont d\u00e9j\u00e0 ferm\u00e9 la fronti\u00e8re<a href=\"#_ftn139\" name=\"_ftnref139\">[139]<\/a>.<\/p>\n<p>Parce que Ha\u00efti est un enfer, tortur\u00e9 par de violentes superstitions vaudoues, pi\u00e9tin\u00e9 par des si\u00e8cles de conqu\u00e9rants et de dictateurs locaux. L&rsquo;indignation de la communaut\u00e9 internationale exprim\u00e9e \u00e0 la suite de l&rsquo;assassinat du pr\u00e9sident<a href=\"#_ftn140\" name=\"_ftnref140\">[140]<\/a> appara\u00eet hypocrite, voire sarcastique, surtout lorsque ce sont pr\u00e9cis\u00e9ment les auteurs historiques des pires exactions perp\u00e9tr\u00e9es contre le peuple ha\u00eftien qui s&rsquo;expriment. Un peuple qui ne peut m\u00eame pas imaginer le moyen de se relever.<\/p>\n<p>&nbsp;<\/p>\n<p><a href=\"#_ftnref1\" name=\"_ftn1\">[1]<\/a> <a href=\"https:\/\/www.ilpost.it\/2021\/07\/09\/haiti-assassinio-presidente-jovenel-moise-sospettati\/\">https:\/\/www.ilpost.it\/2021\/07\/09\/haiti-assassinio-presidente-jovenel-moise-sospettati\/<\/a><\/p>\n<p><a href=\"#_ftnref2\" name=\"_ftn2\">[2]<\/a> <a href=\"https:\/\/www.ilpost.it\/2021\/07\/09\/haiti-assassinio-presidente-jovenel-moise-sospettati\/\">https:\/\/www.ilpost.it\/2021\/07\/09\/haiti-assassinio-presidente-jovenel-moise-sospettati\/<\/a><\/p>\n<p><a href=\"#_ftnref3\" name=\"_ftn3\">[3]<\/a> <a href=\"https:\/\/www.bbc.com\/news\/world-latin-america-57758864\">https:\/\/www.bbc.com\/news\/world-latin-america-57758864<\/a><\/p>\n<p><a href=\"#_ftnref4\" name=\"_ftn4\">[4]<\/a> <a href=\"https:\/\/news.sky.com\/story\/haiti-president-assassinated-american-among-six-people-held-over-killing-of-jovenel-moise-12351903\">https:\/\/news.sky.com\/story\/haiti-president-assassinated-american-among-six-people-held-over-killing-of-jovenel-moise-12351903<\/a><\/p>\n<p><a href=\"#_ftnref5\" name=\"_ftn5\">[5]<\/a> <a href=\"https:\/\/www.washingtonpost.com\/world\/2021\/07\/09\/probe-into-haitian-presidents-assassination-reaches-beyond-nations-borders\/\">https:\/\/www.washingtonpost.com\/world\/2021\/07\/09\/probe-into-haitian-presidents-assassination-reaches-beyond-nations-borders\/<\/a><\/p>\n<p><a href=\"#_ftnref6\" name=\"_ftn6\">[6]<\/a> <a href=\"https:\/\/www.washingtonpost.com\/world\/2021\/07\/09\/probe-into-haitian-presidents-assassination-reaches-beyond-nations-borders\/\">https:\/\/www.washingtonpost.com\/world\/2021\/07\/09\/probe-into-haitian-presidents-assassination-reaches-beyond-nations-borders\/<\/a><\/p>\n<p><a href=\"#_ftnref7\" name=\"_ftn7\">[7]<\/a> <a href=\"https:\/\/edition.cnn.com\/2021\/07\/07\/americas\/haiti-explainer-jovenel-moise-assassination-cmd-intl\/index.html\">https:\/\/edition.cnn.com\/2021\/07\/07\/americas\/haiti-explainer-jovenel-moise-assassination-cmd-intl\/index.html<\/a><\/p>\n<p><a href=\"#_ftnref8\" name=\"_ftn8\">[8]<\/a> <a href=\"https:\/\/aldianews.com\/articles\/politics\/haiti-prime-minister-suspect-presidents-murder\/65623\">https:\/\/aldianews.com\/articles\/politics\/haiti-prime-minister-suspect-presidents-murder\/65623<\/a><\/p>\n<p><a href=\"#_ftnref9\" name=\"_ftn9\">[9]<\/a> <a href=\"https:\/\/noticias.caracoltv.com\/mundo\/viuda-de-jovenel-moise-relato-detalles-del-magnicidio-de-su-esposo\">https:\/\/noticias.caracoltv.com\/mundo\/viuda-de-jovenel-moise-relato-detalles-del-magnicidio-de-su-esposo<\/a><\/p>\n<p><a href=\"#_ftnref10\" name=\"_ftn10\">[10]<\/a> <a href=\"https:\/\/aldianews.com\/articles\/politics\/haiti-prime-minister-suspect-presidents-murder\/65623\">https:\/\/aldianews.com\/articles\/politics\/haiti-prime-minister-suspect-presidents-murder\/65623<\/a><\/p>\n<p><a href=\"#_ftnref11\" name=\"_ftn11\">[11]<\/a> <a href=\"https:\/\/edition.cnn.com\/2021\/07\/14\/americas\/haiti-moise-security-head-intl-hnk\/index.html\">https:\/\/edition.cnn.com\/2021\/07\/14\/americas\/haiti-moise-security-head-intl-hnk\/index.html<\/a><\/p>\n<p><a href=\"#_ftnref12\" name=\"_ftn12\">[12]<\/a> <a href=\"https:\/\/www.reuters.com\/world\/americas\/haiti-justice-min-ex-official-could-have-ordered-moise-killing-colombia-police-2021-07-16\/\">https:\/\/www.reuters.com\/world\/americas\/haiti-justice-min-ex-official-could-have-ordered-moise-killing-colombia-police-2021-07-16\/<\/a><\/p>\n<p><a href=\"#_ftnref13\" name=\"_ftn13\">[13]<\/a> <a href=\"https:\/\/www.france24.com\/en\/americas\/20210719-haitian-pm-who-took-control-after-president-s-assassination-agrees-to-step-down\">https:\/\/www.france24.com\/en\/americas\/20210719-haitian-pm-who-took-control-after-president-s-assassination-agrees-to-step-down<\/a><\/p>\n<p><a href=\"#_ftnref14\" name=\"_ftn14\">[14]<\/a> <a href=\"https:\/\/www.france24.com\/en\/americas\/20210727-top-haitian-security-chief-arrested-over-presidential-assassination\">https:\/\/www.france24.com\/en\/americas\/20210727-top-haitian-security-chief-arrested-over-presidential-assassination<\/a><\/p>\n<p><a href=\"#_ftnref15\" name=\"_ftn15\">[15]<\/a> <a href=\"https:\/\/miltonfernandez.wordpress.com\/2016\/10\/13\/haiti\/\">https:\/\/miltonfernandez.wordpress.com\/2016\/10\/13\/haiti\/<\/a><\/p>\n<p><a href=\"#_ftnref16\" name=\"_ftn16\">[16]<\/a> <a href=\"https:\/\/www.worldbank.org\/en\/country\/haiti\/overview\">https:\/\/www.worldbank.org\/en\/country\/haiti\/overview<\/a> ; <a href=\"http:\/\/hdr.undp.org\/en\/countries\/profiles\/HTI\">http:\/\/hdr.undp.org\/en\/countries\/profiles\/HTI<\/a><\/p>\n<p><a href=\"#_ftnref17\" name=\"_ftn17\">[17]<\/a> <a href=\"https:\/\/www.theguardian.com\/world\/2010\/jan\/14\/haiti-history-earthquake-disaster\">https:\/\/www.theguardian.com\/world\/2010\/jan\/14\/haiti-history-earthquake-disaster<\/a><\/p>\n<p><a href=\"#_ftnref18\" name=\"_ftn18\">[18]<\/a> <a href=\"http:\/\/nationalhumanitiescenter.org\/pds\/amerbegin\/settlement\/text6\/text6read.htm\">http:\/\/nationalhumanitiescenter.org\/pds\/amerbegin\/settlement\/text6\/text6read.htm<\/a><\/p>\n<p><a href=\"#_ftnref19\" name=\"_ftn19\">[19]<\/a> <a href=\"https:\/\/liberalarts.utexas.edu\/hemispheres\/_files\/pdf\/slavery\/Slavery_in_Haiti.pdf\">https:\/\/liberalarts.utexas.edu\/hemispheres\/_files\/pdf\/slavery\/Slavery_in_Haiti.pdf<\/a> ; <a href=\"https:\/\/www.britannica.com\/topic\/asiento-de-negros\">https:\/\/www.britannica.com\/topic\/asiento-de-negros<\/a><\/p>\n<p><a href=\"#_ftnref20\" name=\"_ftn20\">[20]<\/a> <a href=\"https:\/\/www.theguardian.com\/world\/2010\/jan\/14\/haiti-history-earthquake-disaster\">https:\/\/www.theguardian.com\/world\/2010\/jan\/14\/haiti-history-earthquake-disaster<\/a><\/p>\n<p><a href=\"#_ftnref21\" name=\"_ftn21\">[21]<\/a> <a href=\"https:\/\/www.sjsu.edu\/faculty\/watkins\/haiti.htm\">https:\/\/www.sjsu.edu\/faculty\/watkins\/haiti.htm<\/a><\/p>\n<p><a href=\"#_ftnref22\" name=\"_ftn22\">[22]<\/a> <a href=\"https:\/\/www.sjsu.edu\/faculty\/watkins\/haiti.htm\">https:\/\/www.sjsu.edu\/faculty\/watkins\/haiti.htm<\/a><\/p>\n<p><a href=\"#_ftnref23\" name=\"_ftn23\">[23]<\/a> <a href=\"https:\/\/www.britannica.com\/biography\/Toussaint-Louverture\">https:\/\/www.britannica.com\/biography\/Toussaint-Louverture<\/a><\/p>\n<p><a href=\"#_ftnref24\" name=\"_ftn24\">[24]<\/a> <a href=\"https:\/\/www.blackpast.org\/global-african-history\/haitian-revolution-1791-1804\/\">https:\/\/www.blackpast.org\/global-african-history\/haitian-revolution-1791-1804\/<\/a><\/p>\n<p><a href=\"#_ftnref25\" name=\"_ftn25\">[25]<\/a> <a href=\"https:\/\/www.blackpast.org\/global-african-history\/haitian-revolution-1791-1804\/\">https:\/\/www.blackpast.org\/global-african-history\/haitian-revolution-1791-1804\/<\/a><\/p>\n<p><a href=\"#_ftnref26\" name=\"_ftn26\">[26]<\/a> <a href=\"https:\/\/janeausten.co.uk\/it\/blogs\/landscape-and-property\/a-history-of-haiti-and-slavery\">https:\/\/janeausten.co.uk\/it\/blogs\/landscape-and-property\/a-history-of-haiti-and-slavery<\/a><\/p>\n<p><a href=\"#_ftnref27\" name=\"_ftn27\">[27]<\/a> <a href=\"https:\/\/www.blackpast.org\/global-african-history\/haitian-revolution-1791-1804\/\">https:\/\/www.blackpast.org\/global-african-history\/haitian-revolution-1791-1804\/<\/a><\/p>\n<p><a href=\"#_ftnref28\" name=\"_ftn28\">[28]<\/a> <a href=\"https:\/\/www.blackpast.org\/global-african-history\/haitian-revolution-1791-1804\/\">https:\/\/www.blackpast.org\/global-african-history\/haitian-revolution-1791-1804\/<\/a><\/p>\n<p><a href=\"#_ftnref29\" name=\"_ftn29\">[29]<\/a> <a href=\"https:\/\/www.designing-history.world\/theorie\/die-haitianische-revolution-angewandte-aufklaerung\/\">https:\/\/www.designing-history.world\/theorie\/die-haitianische-revolution-angewandte-aufklaerung\/<\/a><\/p>\n<p><a href=\"#_ftnref30\" name=\"_ftn30\">[30]<\/a> <a href=\"https:\/\/janeausten.co.uk\/it\/blogs\/landscape-and-property\/a-history-of-haiti-and-slavery\">https:\/\/janeausten.co.uk\/it\/blogs\/landscape-and-property\/a-history-of-haiti-and-slavery<\/a><\/p>\n<p><a href=\"#_ftnref31\" name=\"_ftn31\">[31]<\/a> <a href=\"https:\/\/www.britannica.com\/biography\/Jean-Pierre-Boyer\">https:\/\/www.britannica.com\/biography\/Jean-Pierre-Boyer<\/a><\/p>\n<p><a href=\"#_ftnref32\" name=\"_ftn32\">[32]<\/a> <a href=\"https:\/\/theconversation.com\/when-france-extorted-haiti-the-greatest-heist-in-history-137949\">https:\/\/theconversation.com\/when-france-extorted-haiti-the-greatest-heist-in-history-137949<\/a><\/p>\n<p><a href=\"#_ftnref33\" name=\"_ftn33\">[33]<\/a> <a href=\"https:\/\/theconversation.com\/when-france-extorted-haiti-the-greatest-heist-in-history-137949\">https:\/\/theconversation.com\/when-france-extorted-haiti-the-greatest-heist-in-history-137949<\/a><\/p>\n<p><a href=\"#_ftnref34\" name=\"_ftn34\">[34]<\/a> <a href=\"https:\/\/theconversation.com\/when-france-extorted-haiti-the-greatest-heist-in-history-137949\">https:\/\/theconversation.com\/when-france-extorted-haiti-the-greatest-heist-in-history-137949<\/a><\/p>\n<p><a href=\"#_ftnref35\" name=\"_ftn35\">[35]<\/a> <a href=\"https:\/\/theconversation.com\/when-france-extorted-haiti-the-greatest-heist-in-history-137949\">https:\/\/theconversation.com\/when-france-extorted-haiti-the-greatest-heist-in-history-137949<\/a><\/p>\n<p><a href=\"#_ftnref36\" name=\"_ftn36\">[36]<\/a> <a href=\"https:\/\/theconversation.com\/when-france-extorted-haiti-the-greatest-heist-in-history-137949\">https:\/\/theconversation.com\/when-france-extorted-haiti-the-greatest-heist-in-history-137949<\/a><\/p>\n<p><a href=\"#_ftnref37\" name=\"_ftn37\">[37]<\/a> <a href=\"http:\/\/piketty.pse.ens.fr\/files\/Henochsberg2016.pdf\">http:\/\/piketty.pse.ens.fr\/files\/Henochsberg2016.pdf<\/a><\/p>\n<p><a href=\"#_ftnref38\" name=\"_ftn38\">[38]<\/a> <a href=\"http:\/\/piketty.pse.ens.fr\/files\/Henochsberg2016.pdf\">http:\/\/piketty.pse.ens.fr\/files\/Henochsberg2016.pdf<\/a><\/p>\n<p><a href=\"#_ftnref39\" name=\"_ftn39\">[39]<\/a> <a href=\"https:\/\/www.britannica.com\/biography\/Jean-Pierre-Boyer\">https:\/\/www.britannica.com\/biography\/Jean-Pierre-Boyer<\/a><\/p>\n<p><a href=\"#_ftnref40\" name=\"_ftn40\">[40]<\/a> <a href=\"https:\/\/www.newyorker.com\/news\/news-desk\/haiti-us-occupation-hundred-year-anniversary\">https:\/\/www.newyorker.com\/news\/news-desk\/haiti-us-occupation-hundred-year-anniversary<\/a><\/p>\n<p><a href=\"#_ftnref41\" name=\"_ftn41\">[41]<\/a> <a href=\"http:\/\/www.travelinghaiti.com\/decades-instability\/\">http:\/\/www.travelinghaiti.com\/decades-instability\/<\/a><\/p>\n<p><a href=\"#_ftnref42\" name=\"_ftn42\">[42]<\/a> <a href=\"http:\/\/www.travelinghaiti.com\/decades-instability\/\">http:\/\/www.travelinghaiti.com\/decades-instability\/<\/a><\/p>\n<p><a href=\"#_ftnref43\" name=\"_ftn43\">[43]<\/a> Jean Price-Mars, \u201c<em>Vilbrun Guillaume-Sam, ce m\u00e9connu<\/em>\u201d, Imprimerie de l\u2019\u00c9tat, Port-au-Prince 1961<\/p>\n<p><a href=\"#_ftnref44\" name=\"_ftn44\">[44]<\/a> <a href=\"http:\/\/www.travelinghaiti.com\/decades-instability\/\">http:\/\/www.travelinghaiti.com\/decades-instability\/<\/a><\/p>\n<p><a href=\"#_ftnref45\" name=\"_ftn45\">[45]<\/a> <a href=\"https:\/\/2001-2009.state.gov\/r\/pa\/ho\/time\/wwi\/88275.htm\">https:\/\/2001-2009.state.gov\/r\/pa\/ho\/time\/wwi\/88275.htm<\/a><\/p>\n<p><a href=\"#_ftnref46\" name=\"_ftn46\">[46]<\/a> <a href=\"https:\/\/www.mikemcguigan.com\/occupation-of-haiti.html\">https:\/\/www.mikemcguigan.com\/occupation-of-haiti.html<\/a><\/p>\n<p><a href=\"#_ftnref47\" name=\"_ftn47\">[47]<\/a> <a href=\"http:\/\/www.hartford-hwp.com\/archives\/43a\/386.html\">http:\/\/www.hartford-hwp.com\/archives\/43a\/386.html<\/a> ; <a href=\"https:\/\/www.sciencespo.fr\/mass-violence-war-massacre-resistance\/en\/document\/massacres-perpetrated-20th-century-haiti.html\">https:\/\/www.sciencespo.fr\/mass-violence-war-massacre-resistance\/en\/document\/massacres-perpetrated-20th-century-haiti.html<\/a><\/p>\n<p><a href=\"#_ftnref48\" name=\"_ftn48\">[48]<\/a> <a href=\"https:\/\/2001-2009.state.gov\/r\/pa\/ho\/time\/wwi\/88275.htm\">https:\/\/2001-2009.state.gov\/r\/pa\/ho\/time\/wwi\/88275.htm<\/a><\/p>\n<p><a href=\"#_ftnref49\" name=\"_ftn49\">[49]<\/a> <a href=\"https:\/\/iris.paho.org\/handle\/10665.2\/13407\">https:\/\/iris.paho.org\/handle\/10665.2\/13407<\/a><\/p>\n<p><a href=\"#_ftnref50\" name=\"_ftn50\">[50]<\/a> <a href=\"https:\/\/www.everycrsreport.com\/reports\/94-459.html\">https:\/\/www.everycrsreport.com\/reports\/94-459.html<\/a><\/p>\n<p><a href=\"#_ftnref51\" name=\"_ftn51\">[51]<\/a> <a href=\"https:\/\/www.aaihs.org\/reflecting-on-the-u-s-occupation-of-haiti-a-hundred-years-later\/\">https:\/\/www.aaihs.org\/reflecting-on-the-u-s-occupation-of-haiti-a-hundred-years-later\/<\/a><\/p>\n<p><a href=\"#_ftnref52\" name=\"_ftn52\">[52]<\/a> <a href=\"https:\/\/www.haiti-reference.com\/pages\/plan\/histoire-et-societe\/notables\/chefs-detat\/stenio-vincent\/\">https:\/\/www.haiti-reference.com\/pages\/plan\/histoire-et-societe\/notables\/chefs-detat\/stenio-vincent\/<\/a><\/p>\n<p><a href=\"#_ftnref53\" name=\"_ftn53\">[53]<\/a> <a href=\"http:\/\/www.caribbeanelections.com\/knowledge\/biography\/bios\/vincent_stenio.asp\">http:\/\/www.caribbeanelections.com\/knowledge\/biography\/bios\/vincent_stenio.asp<\/a><\/p>\n<p><a href=\"#_ftnref54\" name=\"_ftn54\">[54]<\/a> <a href=\"http:\/\/amhe.org\/journal\/?page_id=2268\">http:\/\/amhe.org\/journal\/?page_id=2268<\/a><\/p>\n<p><a href=\"#_ftnref55\" name=\"_ftn55\">[55]<\/a> <a href=\"https:\/\/www.reddit.com\/r\/HistoryPorn\/comments\/8le8kv\/tonton_macoutes_patrol_a_haitian_street_1988\/\">https:\/\/www.reddit.com\/r\/HistoryPorn\/comments\/8le8kv\/tonton_macoutes_patrol_a_haitian_street_1988\/<\/a><\/p>\n<p><a href=\"#_ftnref56\" name=\"_ftn56\">[56]<\/a> <a href=\"https:\/\/www.encyclopedia.com\/history\/encyclopedias-almanacs-transcripts-and-maps\/estime-dumarsais\">https:\/\/www.encyclopedia.com\/history\/encyclopedias-almanacs-transcripts-and-maps\/estime-dumarsais<\/a><\/p>\n<p><a href=\"#_ftnref57\" name=\"_ftn57\">[57]<\/a> <a href=\"https:\/\/www.encyclopedia.com\/history\/encyclopedias-almanacs-transcripts-and-maps\/estime-dumarsais\">https:\/\/www.encyclopedia.com\/history\/encyclopedias-almanacs-transcripts-and-maps\/estime-dumarsais<\/a><\/p>\n<p><a href=\"#_ftnref58\" name=\"_ftn58\">[58]<\/a> <a href=\"https:\/\/www.encyclopedia.com\/history\/encyclopedias-almanacs-transcripts-and-maps\/estime-dumarsais\">https:\/\/www.encyclopedia.com\/history\/encyclopedias-almanacs-transcripts-and-maps\/estime-dumarsais<\/a><\/p>\n<p><a href=\"#_ftnref59\" name=\"_ftn59\">[59]<\/a> <a href=\"http:\/\/caribbeanelections.com\/knowledge\/biography\/bios\/magloire_paul.asp\">http:\/\/caribbeanelections.com\/knowledge\/biography\/bios\/magloire_paul.asp<\/a><\/p>\n<p><a href=\"#_ftnref60\" name=\"_ftn60\">[60]<\/a> <a href=\"https:\/\/cvltnation.com\/voodoo-politics-and-the-man-who-killed-kennedy\/\">https:\/\/cvltnation.com\/voodoo-politics-and-the-man-who-killed-kennedy\/<\/a><\/p>\n<p><a href=\"#_ftnref61\" name=\"_ftn61\">[61]<\/a> <a href=\"https:\/\/cvltnation.com\/voodoo-politics-and-the-man-who-killed-kennedy\/\">https:\/\/cvltnation.com\/voodoo-politics-and-the-man-who-killed-kennedy\/<\/a><\/p>\n<p><a href=\"#_ftnref62\" name=\"_ftn62\">[62]<\/a> <a href=\"https:\/\/books.google.de\/books?id=LOhHGx4v23oC&amp;pg=PA33&amp;redir_esc=y#v=onepage&amp;q&amp;f=false\">https:\/\/books.google.de\/books?id=LOhHGx4v23oC&amp;pg=PA33&amp;redir_esc=y#v=onepage&amp;q&amp;f=false<\/a> ;\u00a0 <a href=\"https:\/\/archive.org\/details\/politicaleconomy0000fass\/page\/250\/mode\/2up\">https:\/\/archive.org\/details\/politicaleconomy0000fass\/page\/250\/mode\/2up<\/a> ; <a href=\"https:\/\/books.google.de\/books?id=CMg--t-YQWQC&amp;pg=PA78&amp;redir_esc=y#v=onepage&amp;q&amp;f=false\">https:\/\/books.google.de\/books?id=CMg&#8211;t-YQWQC&amp;pg=PA78&amp;redir_esc=y#v=onepage&amp;q&amp;f=false<\/a><\/p>\n<p><a href=\"#_ftnref63\" name=\"_ftn63\">[63]<\/a> <a href=\"http:\/\/www.caribbeanelections.com\/knowledge\/biography\/bios\/duvalier_francois.asp\">http:\/\/www.caribbeanelections.com\/knowledge\/biography\/bios\/duvalier_francois.asp<\/a><\/p>\n<p><a href=\"#_ftnref64\" name=\"_ftn64\">[64]<\/a> <a href=\"https:\/\/www.europarl.europa.eu\/doceo\/document\/E-7-2011-002418_EN.html\">https:\/\/www.europarl.europa.eu\/doceo\/document\/E-7-2011-002418_EN.html<\/a><\/p>\n<p><a href=\"#_ftnref65\" name=\"_ftn65\">[65]<\/a> <a href=\"http:\/\/www.caribbeanelections.com\/knowledge\/biography\/bios\/duvalier_jean-claude.asp\">http:\/\/www.caribbeanelections.com\/knowledge\/biography\/bios\/duvalier_jean-claude.asp<\/a><\/p>\n<p><a href=\"#_ftnref66\" name=\"_ftn66\">[66]<\/a> <a href=\"http:\/\/www.caribbeanelections.com\/knowledge\/biography\/bios\/duvalier_jean-claude.asp\">http:\/\/www.caribbeanelections.com\/knowledge\/biography\/bios\/duvalier_jean-claude.asp<\/a><\/p>\n<p><a href=\"#_ftnref67\" name=\"_ftn67\">[67]<\/a> <a href=\"https:\/\/www.cfr.org\/article\/haitis-protests-images-reflect-latest-power-struggle\">https:\/\/www.cfr.org\/article\/haitis-protests-images-reflect-latest-power-struggle<\/a><\/p>\n<p><a href=\"#_ftnref68\" name=\"_ftn68\">[68]<\/a> <a href=\"http:\/\/www.caribbeanelections.com\/knowledge\/biography\/bios\/manigat_leslie.asp\">http:\/\/www.caribbeanelections.com\/knowledge\/biography\/bios\/manigat_leslie.asp<\/a><\/p>\n<p><a href=\"#_ftnref69\" name=\"_ftn69\">[69]<\/a> <a href=\"https:\/\/pdba.georgetown.edu\/Elecdata\/Haiti\/88pres.html\">https:\/\/pdba.georgetown.edu\/Elecdata\/Haiti\/88pres.html<\/a><\/p>\n<p><a href=\"#_ftnref70\" name=\"_ftn70\">[70]<\/a> <a href=\"http:\/\/www.caribbeanelections.com\/knowledge\/biography\/bios\/namphy_henri.asp\">http:\/\/www.caribbeanelections.com\/knowledge\/biography\/bios\/namphy_henri.asp<\/a><\/p>\n<p><a href=\"#_ftnref71\" name=\"_ftn71\">[71]<\/a> <a href=\"https:\/\/www.thecrimson.com\/article\/1988\/9\/19\/avril-takes-over-as-president-in\/\">https:\/\/www.thecrimson.com\/article\/1988\/9\/19\/avril-takes-over-as-president-in\/<\/a><\/p>\n<p><a href=\"#_ftnref72\" name=\"_ftn72\">[72]<\/a> <a href=\"https:\/\/www.britannica.com\/place\/Haiti\/Military-regimes-and-the-Duvaliers\">https:\/\/www.britannica.com\/place\/Haiti\/Military-regimes-and-the-Duvaliers<\/a><\/p>\n<p><a href=\"#_ftnref73\" name=\"_ftn73\">[73]<\/a> <a href=\"https:\/\/www.britannica.com\/biography\/Jean-Bertrand-Aristide\">https:\/\/www.britannica.com\/biography\/Jean-Bertrand-Aristide<\/a><\/p>\n<p><a href=\"#_ftnref74\" name=\"_ftn74\">[74]<\/a> Roland I. Perusse, \u201d<em>Haitian democracy restored, 1991-1995<\/em>\u201c, University Press of America, Lanham (Maryland) 1995, page 170-181; Robert Pastor, \u201d<em>A popular democratic revolution in a predemocratic society: the case of Haiti<\/em>\u201c, in Robert I. Rotberg. \u201c<em>Haiti renewed: political and economic prospects<\/em>\u201c, Brookings Institution Press, Washington) 1997, pages\u00a0118-135<\/p>\n<p><a href=\"#_ftnref75\" name=\"_ftn75\">[75]<\/a> <a href=\"https:\/\/www.britannica.com\/biography\/Jean-Bertrand-Aristide\">https:\/\/www.britannica.com\/biography\/Jean-Bertrand-Aristide<\/a><\/p>\n<p><a href=\"#_ftnref76\" name=\"_ftn76\">[76]<\/a> <a href=\"https:\/\/library.brown.edu\/create\/modernlatinamerica\/chapters\/chapter-14-the-united-states-and-latin-america\/moments-in-u-s-latin-american-relations\/a-history-of-united-states-policy-towards-haiti\/\">https:\/\/library.brown.edu\/create\/modernlatinamerica\/chapters\/chapter-14-the-united-states-and-latin-america\/moments-in-u-s-latin-american-relations\/a-history-of-united-states-policy-towards-haiti\/<\/a><\/p>\n<p><a href=\"#_ftnref77\" name=\"_ftn77\">[77]<\/a> <a href=\"http:\/\/www.caribbeanelections.com\/knowledge\/biography\/bios\/preval_rene.asp\">http:\/\/www.caribbeanelections.com\/knowledge\/biography\/bios\/preval_rene.asp<\/a><\/p>\n<p><a href=\"#_ftnref78\" name=\"_ftn78\">[78]<\/a> <a href=\"https:\/\/haiti.fandom.com\/wiki\/Jean-Bertrand_Aristide\">https:\/\/haiti.fandom.com\/wiki\/Jean-Bertrand_Aristide<\/a><\/p>\n<p><a href=\"#_ftnref79\" name=\"_ftn79\">[79]<\/a> <a href=\"https:\/\/haiti.fandom.com\/wiki\/Jean-Bertrand_Aristide\">https:\/\/haiti.fandom.com\/wiki\/Jean-Bertrand_Aristide<\/a><\/p>\n<p><a href=\"#_ftnref80\" name=\"_ftn80\">[80]<\/a> <a href=\"https:\/\/haiti.fandom.com\/wiki\/Jean-Bertrand_Aristide\">https:\/\/haiti.fandom.com\/wiki\/Jean-Bertrand_Aristide<\/a><\/p>\n<p><a href=\"#_ftnref81\" name=\"_ftn81\">[81]<\/a> <a href=\"https:\/\/haiti.fandom.com\/wiki\/Jean-Bertrand_Aristide\">https:\/\/haiti.fandom.com\/wiki\/Jean-Bertrand_Aristide<\/a><\/p>\n<p><a href=\"#_ftnref82\" name=\"_ftn82\">[82]<\/a> <a href=\"https:\/\/peacekeeping.un.org\/en\/mission\/minustah\">https:\/\/peacekeeping.un.org\/en\/mission\/minustah<\/a><\/p>\n<p><a href=\"#_ftnref83\" name=\"_ftn83\">[83]<\/a> <a href=\"https:\/\/peacekeeping.un.org\/en\/mission\/minustah\">https:\/\/peacekeeping.un.org\/en\/mission\/minustah<\/a><\/p>\n<p><a href=\"#_ftnref84\" name=\"_ftn84\">[84]<\/a> <a href=\"https:\/\/www.britannica.com\/place\/Haiti\/Haiti-in-the-21st-century\">https:\/\/www.britannica.com\/place\/Haiti\/Haiti-in-the-21st-century<\/a><\/p>\n<p><a href=\"#_ftnref85\" name=\"_ftn85\">[85]<\/a> <a href=\"https:\/\/www.britannica.com\/place\/Haiti\/Haiti-in-the-21st-century\">https:\/\/www.britannica.com\/place\/Haiti\/Haiti-in-the-21st-century<\/a><\/p>\n<p><a href=\"#_ftnref86\" name=\"_ftn86\">[86]<\/a> <a href=\"https:\/\/www.britannica.com\/event\/2010-Haiti-earthquake\">https:\/\/www.britannica.com\/event\/2010-Haiti-earthquake<\/a><\/p>\n<p><a href=\"#_ftnref87\" name=\"_ftn87\">[87]<\/a> <a href=\"https:\/\/www.usip.org\/publications\/2008\/11\/haiti-after-storms-weather-and-conflict\">https:\/\/www.usip.org\/publications\/2008\/11\/haiti-after-storms-weather-and-conflict<\/a><\/p>\n<p><a href=\"#_ftnref88\" name=\"_ftn88\">[88]<\/a> <a href=\"https:\/\/www.independent.co.uk\/news\/world\/americas\/earthquake-haiti-gone-30-seconds-1870284.html\">https:\/\/www.independent.co.uk\/news\/world\/americas\/earthquake-haiti-gone-30-seconds-1870284.html<\/a><\/p>\n<p><a href=\"#_ftnref89\" name=\"_ftn89\">[89]<\/a> <a href=\"https:\/\/archives.cjr.org\/behind_the_news\/one_year_later_haitian_earthqu.php\">https:\/\/archives.cjr.org\/behind_the_news\/one_year_later_haitian_earthqu.php<\/a><\/p>\n<p><a href=\"#_ftnref90\" name=\"_ftn90\">[90]<\/a> <a href=\"https:\/\/www.dailymail.co.uk\/news\/article-1243910\/Haiti-earthquake-The-horrifying-moment-lynch-mob-beats-death-looter-drags-body-streets-quake-hit-island-descends-anarchy.html\">https:\/\/www.dailymail.co.uk\/news\/article-1243910\/Haiti-earthquake-The-horrifying-moment-lynch-mob-beats-death-looter-drags-body-streets-quake-hit-island-descends-anarchy.html<\/a><\/p>\n<p><a href=\"#_ftnref91\" name=\"_ftn91\">[91]<\/a> <a href=\"https:\/\/www.quotidianosanita.it\/scienza-e-farmaci\/articolo.php?articolo_id=52336\">https:\/\/www.quotidianosanita.it\/scienza-e-farmaci\/articolo.php?articolo_id=52336<\/a><\/p>\n<p><a href=\"#_ftnref92\" name=\"_ftn92\">[92]<\/a> <a href=\"https:\/\/www.pri.org\/stories\/2020-10-27\/10-years-un-officials-reflect-haiti-cholera-epidemic-caused-peacekeeping-mission\">https:\/\/www.pri.org\/stories\/2020-10-27\/10-years-un-officials-reflect-haiti-cholera-epidemic-caused-peacekeeping-mission<\/a><\/p>\n<p><a href=\"#_ftnref93\" name=\"_ftn93\">[93]<\/a> <a href=\"https:\/\/www.miamiherald.com\/news\/nation-world\/world\/americas\/haiti\/article136304438.html\">https:\/\/www.miamiherald.com\/news\/nation-world\/world\/americas\/haiti\/article136304438.html<\/a><\/p>\n<p><a href=\"#_ftnref94\" name=\"_ftn94\">[94]<\/a> <a href=\"https:\/\/www.miamiherald.com\/news\/nation-world\/world\/americas\/haiti\/article136304438.html\">https:\/\/www.miamiherald.com\/news\/nation-world\/world\/americas\/haiti\/article136304438.html<\/a>; <a href=\"https:\/\/www.politico.com\/magazine\/story\/2017\/12\/28\/rene-preval-obituary-216191\/\">https:\/\/www.politico.com\/magazine\/story\/2017\/12\/28\/rene-preval-obituary-216191\/<\/a><\/p>\n<p><a href=\"#_ftnref95\" name=\"_ftn95\">[95]<\/a> <a href=\"https:\/\/www.bbc.com\/news\/world-latin-america-12158139\">https:\/\/www.bbc.com\/news\/world-latin-america-12158139<\/a> ; <a href=\"http:\/\/edition.cnn.com\/2011\/WORLD\/americas\/03\/30\/haiti.election\/?hpt=T2\">http:\/\/edition.cnn.com\/2011\/WORLD\/americas\/03\/30\/haiti.election\/?hpt=T2<\/a><\/p>\n<p><a href=\"#_ftnref96\" name=\"_ftn96\">[96]<\/a> <a href=\"https:\/\/fas.org\/sgp\/crs\/row\/R42559.pdf\">https:\/\/fas.org\/sgp\/crs\/row\/R42559.pdf<\/a> <em>Congressional Research Services &#8211; \u201cHaiti Under President Martelly: Current<\/em><\/p>\n<p><em>Conditions and Congressional Concerns\u201d <\/em>&#8211; Maureen Taft-Morales \u2013 23\/12\/2015<em> ; <\/em><a href=\"https:\/\/cepr.net\/documents\/publications\/haiti-oas-2011-10.pdf\"><em>https:\/\/cepr.net\/documents\/publications\/haiti-oas-2011-10.pdf<\/em><\/a><em> \u201cThe Organization of American States in Haiti. Election Monitoring or Political Intervention? \u201d &#8211; <\/em>David Rosnick \u2013 August 2011<\/p>\n<p><a href=\"#_ftnref97\" name=\"_ftn97\">[97]<\/a> <a href=\"http:\/\/www.caribbeanelections.com\/knowledge\/biography\/bios\/martelly_michel.asp\">http:\/\/www.caribbeanelections.com\/knowledge\/biography\/bios\/martelly_michel.asp<\/a><\/p>\n<p><a href=\"#_ftnref98\" name=\"_ftn98\">[98]<\/a> <a href=\"https:\/\/www.bbc.com\/news\/world-latin-america-12971618\">https:\/\/www.bbc.com\/news\/world-latin-america-12971618<\/a><\/p>\n<p><a href=\"#_ftnref99\" name=\"_ftn99\">[99]<\/a> <a href=\"https:\/\/www.thenation.com\/article\/archive\/can-haitis-corrupt-president-hold-on-to-power\/\">https:\/\/www.thenation.com\/article\/archive\/can-haitis-corrupt-president-hold-on-to-power\/<\/a><\/p>\n<p><a href=\"#_ftnref100\" name=\"_ftn100\">[100]<\/a> <a href=\"https:\/\/www.caribbeannationalweekly.com\/caribbean-breaking-news-featured\/former-haitian-president-martelly-backs-petrocaribe\/\">https:\/\/www.caribbeannationalweekly.com\/caribbean-breaking-news-featured\/former-haitian-president-martelly-backs-petrocaribe\/<\/a><\/p>\n<p><a href=\"#_ftnref101\" name=\"_ftn101\">[101]<\/a> <a href=\"https:\/\/www.reuters.com\/article\/us-haiti-venezuela-idUSKCN10V014\">https:\/\/www.reuters.com\/article\/us-haiti-venezuela-idUSKCN10V014<\/a><\/p>\n<p><a href=\"#_ftnref102\" name=\"_ftn102\">[102]<\/a> <a href=\"https:\/\/www.refworld.org\/docid\/59831e95a.html\">https:\/\/www.refworld.org\/docid\/59831e95a.html<\/a><\/p>\n<p><a href=\"#_ftnref103\" name=\"_ftn103\">[103]<\/a> <a href=\"https:\/\/reliefweb.int\/report\/haiti\/elections-hold-haiti-after-hurricane-matthew\">https:\/\/reliefweb.int\/report\/haiti\/elections-hold-haiti-after-hurricane-matthew<\/a><\/p>\n<p><a href=\"#_ftnref104\" name=\"_ftn104\">[104]<\/a> <a href=\"https:\/\/www.habitatforhumanity.org.uk\/blog\/2016\/10\/hurricane-matthew-news-update-aftermath-haiti\/\">https:\/\/www.habitatforhumanity.org.uk\/blog\/2016\/10\/hurricane-matthew-news-update-aftermath-haiti\/<\/a><\/p>\n<p><a href=\"#_ftnref105\" name=\"_ftn105\">[105]<\/a> <a href=\"https:\/\/www.bbc.com\/news\/world-latin-america-38140316\">https:\/\/www.bbc.com\/news\/world-latin-america-38140316<\/a><\/p>\n<p><a href=\"#_ftnref106\" name=\"_ftn106\">[106]<\/a> <a href=\"https:\/\/edition.cnn.com\/2021\/07\/07\/americas\/haiti-president-jovenel-moise-attack-intl\/index.html\">https:\/\/edition.cnn.com\/2021\/07\/07\/americas\/haiti-president-jovenel-moise-attack-intl\/index.html<\/a><\/p>\n<p><a href=\"#_ftnref107\" name=\"_ftn107\">[107]<\/a> <a href=\"https:\/\/www.ibtimes.com\/who-jovenel-moise-meet-haitis-new-president-after-2016-election-2488002\">https:\/\/www.ibtimes.com\/who-jovenel-moise-meet-haitis-new-president-after-2016-election-2488002<\/a><\/p>\n<p><a href=\"#_ftnref108\" name=\"_ftn108\">[108]<\/a> <a href=\"https:\/\/www.haitilibre.com\/en\/news-15872-haiti-portrait-who-is-jovenel-moise.html\">https:\/\/www.haitilibre.com\/en\/news-15872-haiti-portrait-who-is-jovenel-moise.html<\/a><\/p>\n<p><a href=\"#_ftnref109\" name=\"_ftn109\">[109]<\/a> <a href=\"https:\/\/www.haitilibre.com\/en\/news-15872-haiti-portrait-who-is-jovenel-moise.html\">https:\/\/www.haitilibre.com\/en\/news-15872-haiti-portrait-who-is-jovenel-moise.html<\/a><\/p>\n<p><a href=\"#_ftnref110\" name=\"_ftn110\">[110]<\/a> <a href=\"https:\/\/www.haitilibre.com\/en\/news-15872-haiti-portrait-who-is-jovenel-moise.html\">https:\/\/www.haitilibre.com\/en\/news-15872-haiti-portrait-who-is-jovenel-moise.html<\/a><\/p>\n<p><a href=\"#_ftnref111\" name=\"_ftn111\">[111]<\/a> <a href=\"https:\/\/documents1.worldbank.org\/curated\/en\/319651467986293030\/pdf\/97341-SCD-P150705-IDA-SecM2015-0130-IFC-SecM2015-0071-MIGA-SecM2015-0046-Box391466B-OUO-9.pdf\">https:\/\/documents1.worldbank.org\/curated\/en\/319651467986293030\/pdf\/97341-SCD-P150705-IDA-SecM2015-0130-IFC-SecM2015-0071-MIGA-SecM2015-0046-Box391466B-OUO-9.pdf<\/a><\/p>\n<p><a href=\"#_ftnref112\" name=\"_ftn112\">[112]<\/a> <a href=\"https:\/\/documents1.worldbank.org\/curated\/en\/319651467986293030\/pdf\/97341-SCD-P150705-IDA-SecM2015-0130-IFC-SecM2015-0071-MIGA-SecM2015-0046-Box391466B-OUO-9.pdf\">https:\/\/documents1.worldbank.org\/curated\/en\/319651467986293030\/pdf\/97341-SCD-P150705-IDA-SecM2015-0130-IFC-SecM2015-0071-MIGA-SecM2015-0046-Box391466B-OUO-9.pdf<\/a><\/p>\n<p><a href=\"#_ftnref113\" name=\"_ftn113\">[113]<\/a> <a href=\"https:\/\/www.reuters.com\/article\/us-haiti-elecion-idUSKBN13O08P?il=0\">https:\/\/www.reuters.com\/article\/us-haiti-elecion-idUSKBN13O08P?il=0<\/a><\/p>\n<p><a href=\"#_ftnref114\" name=\"_ftn114\">[114]<\/a> <a href=\"https:\/\/www.reuters.com\/article\/us-haiti-elecion-idUSKBN13O08P?il=0\">https:\/\/www.reuters.com\/article\/us-haiti-elecion-idUSKBN13O08P?il=0<\/a><\/p>\n<p><a href=\"#_ftnref115\" name=\"_ftn115\">[115]<\/a> <a href=\"https:\/\/www.lemonde.fr\/international\/article\/2017\/02\/07\/jovenel-moise-investi-president-d-haiti_5076093_3210.html\">https:\/\/www.lemonde.fr\/international\/article\/2017\/02\/07\/jovenel-moise-investi-president-d-haiti_5076093_3210.html<\/a><\/p>\n<p><a href=\"#_ftnref116\" name=\"_ftn116\">[116]<\/a> <a href=\"https:\/\/nacla.org\/news\/2016\/01\/22\/haiti%E2%80%99s-fraudulent-presidential-frontrunner-seizes-land-his-own-banana-republic\">https:\/\/nacla.org\/news\/2016\/01\/22\/haiti%E2%80%99s-fraudulent-presidential-frontrunner-seizes-land-his-own-banana-republic<\/a><\/p>\n<p><a href=\"#_ftnref117\" name=\"_ftn117\">[117]<\/a> <a href=\"https:\/\/nacla.org\/news\/2016\/01\/22\/haiti%E2%80%99s-fraudulent-presidential-frontrunner-seizes-land-his-own-banana-republic\">https:\/\/nacla.org\/news\/2016\/01\/22\/haiti%E2%80%99s-fraudulent-presidential-frontrunner-seizes-land-his-own-banana-republic<\/a><\/p>\n<p><a href=\"#_ftnref118\" name=\"_ftn118\">[118]<\/a> <a href=\"https:\/\/nacla.org\/news\/2016\/01\/22\/haiti%E2%80%99s-fraudulent-presidential-frontrunner-seizes-land-his-own-banana-republic\">https:\/\/nacla.org\/news\/2016\/01\/22\/haiti%E2%80%99s-fraudulent-presidential-frontrunner-seizes-land-his-own-banana-republic<\/a><\/p>\n<p><a href=\"#_ftnref119\" name=\"_ftn119\">[119]<\/a> <a href=\"https:\/\/www.haitilibre.com\/en\/news-12257-haiti-agriculture-$27m-for-the-production-of-bananas-for-export.html\">https:\/\/www.haitilibre.com\/en\/news-12257-haiti-agriculture-$27m-for-the-production-of-bananas-for-export.html<\/a><\/p>\n<p><a href=\"#_ftnref120\" name=\"_ftn120\">[120]<\/a> <a href=\"http:\/\/www.mci.gouv.ht\/index.php?option=com_content&amp;view=article&amp;id=230%25252525253Acreation-de-la-1ere-zone-frcreation-de-la-1ere-zone-franche-agricole-haitienneanche-agricole-haitienne&amp;lang=fr\">http:\/\/www.mci.gouv.ht\/index.php?option=com_content&amp;view=article&amp;id=230%25252525253Acreation-de-la-1ere-zone-frcreation-de-la-1ere-zone-franche-agricole-haitienneanche-agricole-haitienne&amp;lang=fr<\/a><\/p>\n<p><a href=\"#_ftnref121\" name=\"_ftn121\">[121]<\/a> <a href=\"https:\/\/nacla.org\/news\/2016\/01\/22\/haiti%E2%80%99s-fraudulent-presidential-frontrunner-seizes-land-his-own-banana-republic\">https:\/\/nacla.org\/news\/2016\/01\/22\/haiti%E2%80%99s-fraudulent-presidential-frontrunner-seizes-land-his-own-banana-republic<\/a><\/p>\n<p><a href=\"#_ftnref122\" name=\"_ftn122\">[122]<\/a> <a href=\"https:\/\/www.reuters.com\/article\/us-haiti-protests-explainer-idUSKBN1WQ22P\">https:\/\/www.reuters.com\/article\/us-haiti-protests-explainer-idUSKBN1WQ22P<\/a><\/p>\n<p><a href=\"#_ftnref123\" name=\"_ftn123\">[123]<\/a> <a href=\"http:\/\/hrp.law.harvard.edu\/wp-content\/uploads\/2021\/04\/Killing_With_Impunity-1.pdf\">http:\/\/hrp.law.harvard.edu\/wp-content\/uploads\/2021\/04\/Killing_With_Impunity-1.pdf<\/a><\/p>\n<p><a href=\"#_ftnref124\" name=\"_ftn124\">[124]<\/a> <a href=\"http:\/\/hrp.law.harvard.edu\/wp-content\/uploads\/2021\/04\/Killing_With_Impunity-1.pdf\">http:\/\/hrp.law.harvard.edu\/wp-content\/uploads\/2021\/04\/Killing_With_Impunity-1.pdf<\/a><\/p>\n<p><a href=\"#_ftnref125\" name=\"_ftn125\">[125]<\/a> <a href=\"https:\/\/www.cijn.org\/petrocaribe-country-report-haiti\/\">https:\/\/www.cijn.org\/petrocaribe-country-report-haiti\/<\/a><\/p>\n<p><a href=\"#_ftnref126\" name=\"_ftn126\">[126]<\/a> <a href=\"https:\/\/time.com\/5609054\/haiti-protests-petrocaribe\/\">https:\/\/time.com\/5609054\/haiti-protests-petrocaribe\/<\/a><\/p>\n<p><a href=\"#_ftnref127\" name=\"_ftn127\">[127]<\/a> <a href=\"https:\/\/www.cijn.org\/petrocaribe-country-report-haiti\/\">https:\/\/www.cijn.org\/petrocaribe-country-report-haiti\/<\/a><\/p>\n<p><a href=\"#_ftnref128\" name=\"_ftn128\">[128]<\/a> <a href=\"https:\/\/www.reuters.com\/article\/us-haiti-hunger-feature-idUSKBN20D1UP\">https:\/\/www.reuters.com\/article\/us-haiti-hunger-feature-idUSKBN20D1UP<\/a><\/p>\n<p><a href=\"#_ftnref129\" name=\"_ftn129\">[129]<\/a> <a href=\"https:\/\/www.reuters.com\/article\/us-haiti-hunger-feature-idUSKBN20D1UP\">https:\/\/www.reuters.com\/article\/us-haiti-hunger-feature-idUSKBN20D1UP<\/a><\/p>\n<p><a href=\"#_ftnref130\" name=\"_ftn130\">[130]<\/a> <a href=\"https:\/\/www.paho.org\/en\/news\/17-7-2021-start-covid-19-vaccination-campaign-haiti-first-persons-vaccinated-less-48-hours\">https:\/\/www.paho.org\/en\/news\/17-7-2021-start-covid-19-vaccination-campaign-haiti-first-persons-vaccinated-less-48-hours<\/a><\/p>\n<p><a href=\"#_ftnref131\" name=\"_ftn131\">[131]<\/a> <a href=\"https:\/\/edition.cnn.com\/2021\/07\/01\/americas\/haiti-violence-death-june-intl-latam\/index.html\">https:\/\/edition.cnn.com\/2021\/07\/01\/americas\/haiti-violence-death-june-intl-latam\/index.html<\/a><\/p>\n<p><a href=\"#_ftnref132\" name=\"_ftn132\">[132]<\/a> <a href=\"https:\/\/historica.fandom.com\/wiki\/Jimmy_Cherizier\">https:\/\/historica.fandom.com\/wiki\/Jimmy_Cherizier<\/a><\/p>\n<p><a href=\"#_ftnref133\" name=\"_ftn133\">[133]<\/a> <a href=\"https:\/\/www.taiwannews.com.tw\/en\/news\/3719270\">https:\/\/www.taiwannews.com.tw\/en\/news\/3719270<\/a><\/p>\n<p><a href=\"#_ftnref134\" name=\"_ftn134\">[134]<\/a> <a href=\"https:\/\/www.taiwannews.com.tw\/en\/news\/3719270\">https:\/\/www.taiwannews.com.tw\/en\/news\/3719270<\/a><\/p>\n<p><a href=\"#_ftnref135\" name=\"_ftn135\">[135]<\/a> <a href=\"https:\/\/www.aljazeera.com\/news\/2021\/6\/24\/haiti-gang-leader-declares-revolution-as-violence-spreads\">https:\/\/www.aljazeera.com\/news\/2021\/6\/24\/haiti-gang-leader-declares-revolution-as-violence-spreads<\/a><\/p>\n<p><a href=\"#_ftnref136\" name=\"_ftn136\">[136]<\/a> <a href=\"https:\/\/news.cgtn.com\/news\/2021-07-12\/Haiti-police-arrest-suspected-mastermind-in-president-assassination-11PMlc8xMRO\/index.html\">https:\/\/news.cgtn.com\/news\/2021-07-12\/Haiti-police-arrest-suspected-mastermind-in-president-assassination-11PMlc8xMRO\/index.html<\/a><\/p>\n<p><a href=\"#_ftnref137\" name=\"_ftn137\">[137]<\/a> <a href=\"https:\/\/english.elpais.com\/usa\/2021-07-08\/jovenel-moise-a-president-surrounded-by-too-many-enemies.html\">https:\/\/english.elpais.com\/usa\/2021-07-08\/jovenel-moise-a-president-surrounded-by-too-many-enemies.html<\/a><\/p>\n<p><a href=\"#_ftnref138\" name=\"_ftn138\">[138]<\/a> <a href=\"https:\/\/globalnews.ca\/news\/8029355\/haiti-president-assassination-venezuela\/\">https:\/\/globalnews.ca\/news\/8029355\/haiti-president-assassination-venezuela\/<\/a> ; <a href=\"https:\/\/english.elpais.com\/usa\/2021-07-08\/jovenel-moise-a-president-surrounded-by-too-many-enemies.html\">https:\/\/english.elpais.com\/usa\/2021-07-08\/jovenel-moise-a-president-surrounded-by-too-many-enemies.html<\/a><\/p>\n<p><a href=\"#_ftnref139\" name=\"_ftn139\">[139]<\/a> <a href=\"https:\/\/dominicantoday.com\/dr\/uncategorized\/2021\/07\/07\/dominican-republic-shutters-its-border-with-haiti\/\">https:\/\/dominicantoday.com\/dr\/uncategorized\/2021\/07\/07\/dominican-republic-shutters-its-border-with-haiti\/<\/a><\/p>\n<p><a href=\"#_ftnref140\" name=\"_ftn140\">[140]<\/a> <a href=\"https:\/\/www.aljazeera.com\/news\/2021\/7\/7\/world-reacts-to-horrific-assassination-of-haitis-president\">https:\/\/www.aljazeera.com\/news\/2021\/7\/7\/world-reacts-to-horrific-assassination-of-haitis-president<\/a><\/p>\n","protected":false},"excerpt":{"rendered":"<p>Dans la nuit du 6 au 7 juillet 2021, un commando arm\u00e9 s&rsquo;introduit au domicile du pr\u00e9sident Jovenel Mo\u00efse et le tue de 16 balles, blessant gri\u00e8vement son \u00e9pouse. Le Premier ministre Claude Joseph a d\u00e9clar\u00e9 que les hommes parlaient anglais et espagnol et \u00e9taient d\u00e9guis\u00e9s en<\/p>\n","protected":false},"author":6,"featured_media":1165,"comment_status":"open","ping_status":"open","sticky":false,"template":"","format":"standard","meta":[],"categories":[17,74],"tags":[111],"_links":{"self":[{"href":"https:\/\/ibiworld.eu\/fr\/wp-json\/wp\/v2\/posts\/1164"}],"collection":[{"href":"https:\/\/ibiworld.eu\/fr\/wp-json\/wp\/v2\/posts"}],"about":[{"href":"https:\/\/ibiworld.eu\/fr\/wp-json\/wp\/v2\/types\/post"}],"author":[{"embeddable":true,"href":"https:\/\/ibiworld.eu\/fr\/wp-json\/wp\/v2\/users\/6"}],"replies":[{"embeddable":true,"href":"https:\/\/ibiworld.eu\/fr\/wp-json\/wp\/v2\/comments?post=1164"}],"version-history":[{"count":4,"href":"https:\/\/ibiworld.eu\/fr\/wp-json\/wp\/v2\/posts\/1164\/revisions"}],"predecessor-version":[{"id":1178,"href":"https:\/\/ibiworld.eu\/fr\/wp-json\/wp\/v2\/posts\/1164\/revisions\/1178"}],"wp:featuredmedia":[{"embeddable":true,"href":"https:\/\/ibiworld.eu\/fr\/wp-json\/wp\/v2\/media\/1165"}],"wp:attachment":[{"href":"https:\/\/ibiworld.eu\/fr\/wp-json\/wp\/v2\/media?parent=1164"}],"wp:term":[{"taxonomy":"category","embeddable":true,"href":"https:\/\/ibiworld.eu\/fr\/wp-json\/wp\/v2\/categories?post=1164"},{"taxonomy":"post_tag","embeddable":true,"href":"https:\/\/ibiworld.eu\/fr\/wp-json\/wp\/v2\/tags?post=1164"}],"curies":[{"name":"wp","href":"https:\/\/api.w.org\/{rel}","templated":true}]}}