{"id":4693,"date":"2023-05-15T15:47:43","date_gmt":"2023-05-15T13:47:43","guid":{"rendered":"https:\/\/ibiworld.eu\/de\/?p=4693"},"modified":"2023-05-15T15:47:43","modified_gmt":"2023-05-15T13:47:43","slug":"die-italienische-regierung-traeumt-von-der-zerstoerung-des-meeresbodens","status":"publish","type":"post","link":"https:\/\/ibiworld.eu\/de\/die-italienische-regierung-traeumt-von-der-zerstoerung-des-meeresbodens\/","title":{"rendered":"DIE ITALIENISCHE REGIERUNG TR\u00c4UMT VON DER ZERST\u00d6RUNG DES MEERESBODENS"},"content":{"rendered":"<p><img loading=\"lazy\" class=\"aligncenter size-full wp-image-4694\" src=\"https:\/\/ibiworld.eu\/de\/wp-content\/uploads\/2023\/05\/ITA035-01.jpg\" alt=\"\" width=\"1638\" height=\"816\" srcset=\"https:\/\/ibiworld.eu\/de\/wp-content\/uploads\/2023\/05\/ITA035-01.jpg 1638w, https:\/\/ibiworld.eu\/de\/wp-content\/uploads\/2023\/05\/ITA035-01-300x149.jpg 300w, https:\/\/ibiworld.eu\/de\/wp-content\/uploads\/2023\/05\/ITA035-01-1024x510.jpg 1024w, https:\/\/ibiworld.eu\/de\/wp-content\/uploads\/2023\/05\/ITA035-01-768x383.jpg 768w, https:\/\/ibiworld.eu\/de\/wp-content\/uploads\/2023\/05\/ITA035-01-1536x765.jpg 1536w, https:\/\/ibiworld.eu\/de\/wp-content\/uploads\/2023\/05\/ITA035-01-600x299.jpg 600w\" sizes=\"(max-width: 1638px) 100vw, 1638px\" \/><\/p>\n<p>Nach jahrelanger passiver und stiller Teilnahme beschloss Italien am 3. Mai, seine Beteiligung an der Internationalen Meeresbodenbeh\u00f6rde (ISA) zu aktivieren und ein hochrangiges Treffen zwischen dem Generalsekret\u00e4r der ISA, Michael Lodge, dem Minister f\u00fcr Katastrophenschutz, Nello Musumeci, dem Umweltminister, Gilberto Pichetto Fratin, und dem Unterstaatssekret\u00e4r im Au\u00dfenministerium, Giorgio Silli<a href=\"#_ftn1\" name=\"_ftnref1\">[1]<\/a> , zu organisieren. Zweck des Besuchs war es, die M\u00f6glichkeit zu pr\u00fcfen, das Gebiet, in dem die ISA die Verminung des Meeresbodens im Mittelmeer plant (Griechenland, Zypern, Israel und Libyen<a href=\"#_ftn2\" name=\"_ftnref2\">[2]<\/a> ), und den Einsatz von U-Boot-Sensoren f\u00fcr milit\u00e4rische Abwehrsysteme<a href=\"#_ftn3\" name=\"_ftnref3\">[3]<\/a> auch auf die italienischen Meere auszudehnen.<\/p>\n<p>Die Teams auf dem Gebiet sind sehr klar: auf der einen Seite gro\u00dfe multinationale Unternehmen und Regierungen von L\u00e4ndern mit diktatorischen Regierungen wie Russland und China, die ISA wollen, und auf der anderen Seite Umweltsch\u00fctzer aus der ganzen Welt, die Michael Lodge und seine Organisation als eine gef\u00e4hrliche Wunde im Gef\u00fcge der Vereinten Nationen betrachten, die ISA als ihre eigene Agentur betrachten, obwohl es sich um ein gewinnorientiertes Unternehmen handelt, dessen Aktivit\u00e4ten ziemlich umstritten sind<a href=\"#_ftn4\" name=\"_ftnref4\">[4]<\/a> . Wer sich f\u00fcr diese Organisation einsetzt, stellt sich also frontal gegen jahrelange Studien und politische Aktivit\u00e4ten von Umweltsch\u00fctzern in der ganzen Welt und von den Regierungen der L\u00e4nder in den Ozeangebieten, in denen die ersten Versuche durchgef\u00fchrt wurden, mit nicht besonders ermutigenden Ergebnissen<a href=\"#_ftn5\" name=\"_ftnref5\">[5]<\/a> .<\/p>\n<p>In der italienischen Presse ist diese Tatsache unbemerkt geblieben, was sehr bedenklich ist. Die Projekte der ISA stehen weltweit im Mittelpunkt eines verzweifelten Kampfes von Umweltorganisationen, die ein Verbot und die Aufl\u00f6sung der zumeist russischen und kanadischen Abbaukonsortien, die bereits \u00fcber eine Abbaugenehmigung verf\u00fcgen (\u00fcber deren Rechtm\u00e4\u00dfigkeit es verschiedene Meinungen gibt und Rechtsstreitigkeiten im Gange sind), fordern<a href=\"#_ftn6\" name=\"_ftnref6\">[6]<\/a> . Die Gr\u00fcnde daf\u00fcr sind leicht vorstellbar: Abgesehen von der Ver\u00e4rgerung, die man bei der Vorstellung empfindet, dass die Russen auf dem Meeresboden, nur wenige Kilometer von unseren K\u00fcsten entfernt, Sonden zur \u00dcberwachung des Schiffsverkehrs und, was noch schlimmer ist, der Bewegungen der Fische platzieren, ist hier die v\u00f6llige Zerst\u00f6rung des \u00d6kosystems des Meeresbodens geplant &#8211; ein Unsinn, der schon kurzfristig tragische Folgen haben k\u00f6nnte<a href=\"#_ftn7\" name=\"_ftnref7\">[7]<\/a> .<\/p>\n<p>Diese Tatsache ist umso beunruhigender, wenn man bedenkt, dass die drei Mitglieder der italienischen Regierung, die in die Verhandlungen mit Michael Lodge eingetreten sind, f\u00fcr die Umweltpolitik und den Katastrophenschutz zust\u00e4ndig sind &#8211; deren Mandat in einem normalen Land darin bestehen sollte, das ISA-Projekt zu bremsen und nicht, es zu beschleunigen oder Italien in eine solche energie- und industriepolitische Entscheidung einzubeziehen. Aber Tatsache ist, dass in der Rechtsregierung unter Giorgia Meloni das Ministerium f\u00fcr Zivilschutz den Auftrag hat, das hydrogeologische Gleichgewicht und das marine \u00d6kosystem zu verteidigen<a href=\"#_ftn8\" name=\"_ftnref8\">[8]<\/a> , und der Minister f\u00fcr \u00d6kologie ist auch f\u00fcr die Energieversorgung und die Kernkraftwerke zust\u00e4ndig<a href=\"#_ftn9\" name=\"_ftnref9\">[9]<\/a> .<\/p>\n<p><img loading=\"lazy\" class=\"aligncenter size-full wp-image-4695\" src=\"https:\/\/ibiworld.eu\/de\/wp-content\/uploads\/2023\/05\/ITA035-02.jpg\" alt=\"\" width=\"602\" height=\"338\" srcset=\"https:\/\/ibiworld.eu\/de\/wp-content\/uploads\/2023\/05\/ITA035-02.jpg 602w, https:\/\/ibiworld.eu\/de\/wp-content\/uploads\/2023\/05\/ITA035-02-300x168.jpg 300w, https:\/\/ibiworld.eu\/de\/wp-content\/uploads\/2023\/05\/ITA035-02-600x337.jpg 600w\" sizes=\"(max-width: 602px) 100vw, 602px\" \/><\/p>\n<p>Bei den Personen, die \u00fcber die Beteiligung Italiens an der Ausbeutung des Meeresbodens entscheiden, handelt es sich um wichtige Pers\u00f6nlichkeiten, die jeweils ihre eigene Geschichte haben. Nello Musumeci (Forza Italia) zum Beispiel, der ehemalige Pr\u00e4sident der Region Sizilien, ist ein Historiker des Faschismus, den er in zahlreichen Ver\u00f6ffentlichungen enthusiastisch verteidigt hat<a href=\"#_ftn10\" name=\"_ftnref10\">[10]<\/a> , aber er ist auch der Mann, der am energischsten daf\u00fcr gek\u00e4mpft hat, die Er\u00f6ffnung von Atomm\u00fclllagern in Sizilien zu verhindern<a href=\"#_ftn11\" name=\"_ftnref11\">[11]<\/a> . Als er Mitglied des Europ\u00e4ischen Parlaments war, sprach er sich f\u00fcr eines der Projekte der ISA aus, n\u00e4mlich die Satelliten\u00fcberwachung (aus der Luft und aus den Tiefen des Meeres) des Schiffsverkehrs<a href=\"#_ftn12\" name=\"_ftnref12\">[12]<\/a> , aber auch f\u00fcr den Schutz des Meeres\u00f6kosystems<a href=\"#_ftn13\" name=\"_ftnref13\">[13]<\/a> . Theoretisch m\u00fcsste er ein entschiedener Gegner der bergbaulichen Ausbeutung des Meeresbodens im Mittelmeer sein.<\/p>\n<p>Gilberto Pichetto Fratin (Forza Italia), der jahrelang in der Region Piemont oder im Senat mit der Verwaltung des Staatshaushalts befasst war und erst im Februar 2021, als er zum stellvertretenden Minister f\u00fcr wirtschaftliche Entwicklung ernannt wurde, begann, sich mit umweltverschmutzenden Unternehmen und Elektroautos zu befassen, und lehnte die Vorschl\u00e4ge der Umweltsch\u00fctzer zur Bodenbewirtschaftung und zum Autoverkehr ab<a href=\"#_ftn14\" name=\"_ftnref14\">[14]<\/a> . Seine Ernennung zum Umweltminister kommt dem sprichw\u00f6rtlichen Fuchs im H\u00fchnerstall gleich, spiegelt aber die allgemeinere Position eines Gro\u00dfteils der konservativen politischen Welt Italiens wider &#8211; so auch die der Regierung von Giorgia Meloni, die \u00d6lbohrungen vor Italiens touristischen K\u00fcsten erlaubt und f\u00f6rdert<a href=\"#_ftn15\" name=\"_ftnref15\">[15]<\/a> .<\/p>\n<p>Giorgio Silli (Forza Italia, sp\u00e4ter Nachfolger von Toti bei den Dissidenten) ist ein textilchemischer Unternehmer (seine Familie besitzt eine Fabrik, in der seit dem 18. Jahrhundert Textilien gef\u00e4rbt werden<a href=\"#_ftn16\" name=\"_ftnref16\">[16]<\/a> ), der auch der Kernenergie aufgeschlossen gegen\u00fcbersteht und die Energiepolitik Saudi-Arabiens und der Vereinigten Arabischen Emirate sch\u00e4tzt, die sich auf eine \u00f6lfreie Welt vorbereiten<a href=\"#_ftn17\" name=\"_ftnref17\">[17]<\/a> , ist aber gleichzeitig ein begeisterter Verfechter der positiven Nutzung des Meeresbodens, insbesondere f\u00fcr touristische Zwecke, und argumentiert lautstark, dass Ausgrabungen und Bauten auf dem Meeresboden \u00f6kologisch vertretbar sind<a href=\"#_ftn18\" name=\"_ftnref18\">[18]<\/a> .<\/p>\n<p><img loading=\"lazy\" class=\"aligncenter size-full wp-image-4696\" src=\"https:\/\/ibiworld.eu\/de\/wp-content\/uploads\/2023\/05\/ITA035-03.jpg\" alt=\"\" width=\"829\" height=\"497\" srcset=\"https:\/\/ibiworld.eu\/de\/wp-content\/uploads\/2023\/05\/ITA035-03.jpg 829w, https:\/\/ibiworld.eu\/de\/wp-content\/uploads\/2023\/05\/ITA035-03-300x180.jpg 300w, https:\/\/ibiworld.eu\/de\/wp-content\/uploads\/2023\/05\/ITA035-03-768x460.jpg 768w, https:\/\/ibiworld.eu\/de\/wp-content\/uploads\/2023\/05\/ITA035-03-600x360.jpg 600w\" sizes=\"(max-width: 829px) 100vw, 829px\" \/><\/p>\n<p><strong>Bestehende ISA-Projekte zur Nutzung des Meeresbodens im Mittelmeer<a href=\"#_ftn19\" name=\"_ftnref19\">[19]<\/a><\/strong><\/p>\n<p>Man erschaudert vor Sorge und noch mehr vor der Tatsache, dass eine solche Entscheidung ohne jede parlamentarische Debatte getroffen wurde und dass die ersten Schritte zu ihrer Umsetzung eingeleitet wurden. Es entspricht der bedauerlichen Tradition des letzten Vierteljahrhunderts, dass wichtige Entscheidungen in der internationalen Politik oft getroffen werden, ohne dass irgendjemand sie nicht nur in Frage stellen kann, sondern auch gar nicht mehr wei\u00df, dass sie getroffen wurden.<\/p>\n<p>&nbsp;<\/p>\n<p><a href=\"#_ftnref1\" name=\"_ftn1\">[1]<\/a><a href=\"https:\/\/www.isa.org.jm\/news\/isa-secretary-general-meets-with-italian-ministers-to-discuss-enhanced-cooperation-in-support-of-the-sustainable-management-of-the-area-and-the-progress-of-negotiations-in-the-isa-council\/\"> https:\/\/www.isa.org.jm\/news\/isa-secretary-general-meets-with-italian-ministers-to-discuss-enhanced-cooperation-in-support-of-the-sustainable-management-of-the-area-and-the-progress-of-negotiations-in-the-isa-council\/ <\/a><\/p>\n<p><a href=\"#_ftnref2\" name=\"_ftn2\">[2]<\/a><a href=\"https:\/\/ibiworld.eu\/2021\/04\/27\/basi-militari-e-miniere-il-volto-nuovo-del-fondo-delloceano\/\"> MILIT\u00c4RBASEN UND MINEN: DAS NEUE GESICHT DES MEERESGRUNDES | IBI World <\/a>Italy<\/p>\n<p><a href=\"#_ftnref3\" name=\"_ftn3\">[3]<\/a><a href=\"https:\/\/ibiworld.eu\/2021\/07\/15\/aliser-usmanov-gli-sguardi-indiscreti-di-un-oligarca-sul-mondo\/\"> ALI\u0160ER USMANOV: DIE UNERW\u00dcNSCHTEN BLICKE EINES OLIGARCA AUF DIE WELT | IBI World <\/a>Italy<\/p>\n<p><a href=\"#_ftnref4\" name=\"_ftn4\">[4]<\/a><a href=\"https:\/\/www.theguardian.com\/environment\/2023\/mar\/21\/row-erupts-over-deep-sea-mining-as-world-races-to-finalise-vital-regulations\"> https:\/\/www.theguardian.com\/environment\/2023\/mar\/21\/row-erupts-over-deep-sea-mining-as-world-races-to-finalise-vital-regulations<\/a> ; <a href=\"https:\/\/www.latimes.com\/politics\/story\/2022-04-19\/gold-rush-in-the-deep-sea-raises-questions-about-international-seabed-authority\">https:\/\/www.latimes.com\/politics\/story\/2022-04-19\/gold-rush-in-the-deep-sea-raises-questions-about-international-seabed-authority<\/a> ; <a href=\"https:\/\/www.passblue.com\/2021\/11\/08\/the-obscure-organization-powering-a-race-to-mine-the-bottom-of-the-seas\/\">https:\/\/www.passblue.com\/2021\/11\/08\/the-obscure-organization-powering-a-race-to-mine-the-bottom-of-the-seas\/<\/a> ; <a href=\"https:\/\/ocean.economist.com\/governance\/articles\/international-seabed-authority-under-pressure-over-deep-sea-mining-impacts\">https:\/\/ocean.economist.com\/governance\/articles\/international-seabed-authority-under-pressure-over-deep-sea-mining-impacts<\/a> ; <a href=\"https:\/\/savethehighseas.org\/isa-tracker\/2022\/07\/19\/the-problem-with-the-isa-protecting-the-deep\/\">https:\/\/savethehighseas.org\/isa-tracker\/2022\/07\/19\/the-problem-with-the-isa-protecting-the-deep\/ ; <\/a><a href=\"https:\/\/www.greenpeace.org\/international\/press-release\/58793\/greenpeace-activists-interrupt-investors-conference-stop-deep-sea-mining\/\">https:\/\/www.greenpeace.org\/international\/press-release\/58793\/greenpeace-activists-interrupt-investors-conference-stop-deep-sea-mining\/<\/a> ; https:\/\/www.nytimes.com\/2023\/03\/19\/us\/politics\/seabed-mining-metals-united-nations.html<\/p>\n<p><a href=\"#_ftnref5\" name=\"_ftn5\">[5]<\/a><a href=\"https:\/\/ibiworld.eu\/2021\/03\/18\/lo-sfruttamento-dei-fondali-oceanici-nuova-frontiera-dellautodistruzione-dellumanita\/\"> OCEAN FOUNDATION EXPLOITATION, eine neue Grenze der Selbstzerst\u00f6rung der Menschheit | IBI World <\/a>Italy<\/p>\n<p><a href=\"#_ftnref6\" name=\"_ftn6\">[6]<\/a><a href=\"https:\/\/ibiworld.eu\/2021\/03\/18\/lo-sfruttamento-dei-fondali-oceanici-nuova-frontiera-dellautodistruzione-dellumanita\/\"> OCEAN FOUNDATION EXPLOITATION, eine neue Grenze der Selbstzerst\u00f6rung der Menschheit | IBI World <\/a>Italy<\/p>\n<p><a href=\"#_ftnref7\" name=\"_ftn7\">[7]<\/a> Frank Sch\u00e4tzing, &#8222;<em>Der Schwarm<\/em>&#8222;, Kiepenheuer &amp; Witsch, K\u00f6ln 2004<\/p>\n<p><a href=\"#_ftnref8\" name=\"_ftn8\">[8]<\/a><a href=\"https:\/\/www.casaitalia.governo.it\/generali\/interventi-per-la-difesa-e-il-rilancio-del-territorio\/dissesto-idrogeologico\/\"> https:\/\/www.casaitalia.governo.it\/generali\/interventi-per-la-difesa-e-il-rilancio-del-territorio\/dissesto-idrogeologico\/ <\/a><\/p>\n<p><a href=\"#_ftnref9\" name=\"_ftn9\">[9]<\/a><a href=\"https:\/\/www.mase.gov.it\/pagina\/competenze\"> https:\/\/www.mase.gov.it\/pagina\/competenze <\/a><\/p>\n<p><a href=\"#_ftnref10\" name=\"_ftn10\">[10]<\/a><a href=\"https:\/\/palermo.repubblica.it\/politica\/2020\/06\/27\/news\/libro_sul_fascista_anfuso_l_anpi_chiede_le_dimissioni_di_musumeci-260318459\/\"> https:\/\/palermo.repubblica.it\/politica\/2020\/06\/27\/news\/libro_sul_fascista_anfuso_l_anpi_chiede_le_dimissioni_di_musumeci-260318459\/ <\/a><\/p>\n<p><a href=\"#_ftnref11\" name=\"_ftn11\">[11]<\/a><a href=\"https:\/\/www.regione.sicilia.it\/la-regione-informa\/nucleare-regione-ribadisce-no-siti-stoccaggio-nell-isola\"> https:\/\/www.regione.sicilia.it\/la-regione-informa\/nucleare-regione-ribadisce-no-siti-stoccaggio-nell-isola<\/a> ; https:\/\/gds.it\/articoli\/politica\/2021\/01\/06\/scorie-nucleari-musumeci-impensabili-quattro-siti-in-sicilia-ee02f326-0ba1-4841-ba8c-d1b0f4dbce40\/<\/p>\n<p><a href=\"#_ftnref12\" name=\"_ftn12\">[12]<\/a><a href=\"https:\/\/www.europarl.europa.eu\/doceo\/document\/CRE-6-2007-04-24-INT-2-269_IT.html\"> https:\/\/www.europarl.europa.eu\/doceo\/document\/CRE-6-2007-04-24-INT-2-269_IT.html <\/a><\/p>\n<p><a href=\"#_ftnref13\" name=\"_ftn13\">[13]<\/a><a href=\"https:\/\/www.europarl.europa.eu\/doceo\/document\/CRE-6-2008-09-02-INT-2-874_IT.html\"> https:\/\/www.europarl.europa.eu\/doceo\/document\/CRE-6-2008-09-02-INT-2-874_IT.html <\/a><\/p>\n<p><a href=\"#_ftnref14\" name=\"_ftn14\">[14]<\/a><a href=\"https:\/\/www.ilfattoquotidiano.it\/2022\/10\/22\/gilberto-pichetto-fratin-chi-e-il-commercialista-che-va-a-gestire-ambiente-ed-energia-dalla-beffa-della-candidatura-in-piemonte-alla-battaglia-contro-lo-stop-alle-auto-inquinanti\/6845416\/\"> https:\/\/www.ilfattoquotidiano.it\/2022\/10\/22\/gilberto-pichetto-fratin-chi-e-il-commercialista-che-va-a-gestire-ambiente-ed-energia-dalla-beffa-della-candidatura-in-piemonte-alla-battaglia-contro-lo-stop-alle-auto-inquinanti\/6845416\/ <\/a><\/p>\n<p><a href=\"#_ftnref15\" name=\"_ftn15\">[15]<\/a><a href=\"https:\/\/www.repubblica.it\/green-and-blue\/2022\/10\/25\/news\/discorso_insediamento_giorgia_meloni_ambiente_ecologia-371659392\/\"> https:\/\/www.repubblica.it\/green-and-blue\/2022\/10\/25\/news\/discorso_insediamento_giorgia_meloni_ambiente_ecologia-371659392\/ <\/a><\/p>\n<p><a href=\"#_ftnref16\" name=\"_ftn16\">[16]<\/a><a href=\"https:\/\/www.adhocnews.it\/giorgiosilli\/\"> https:\/\/www.adhocnews.it\/giorgiosilli\/ <\/a><\/p>\n<p><a href=\"#_ftnref17\" name=\"_ftn17\">[17]<\/a><a href=\"https:\/\/finanzanow.com\/italia-eau-uk-arabia-saudita-germania-iraq-e-iran-gli-affari-delloccidente-col-mondo-arabo\/\"> https:\/\/finanzanow.com\/italia-eau-uk-arabia-saudita-germania-iraq-e-iran-gli-affari-delloccidente-col-mondo-arabo\/ <\/a><\/p>\n<p><a href=\"#_ftnref18\" name=\"_ftn18\">[18]<\/a><a href=\"http:\/\/documenti.camera.it\/leg18\/pdl\/pdf\/leg.18.pdl.camera.2994.18PDL0141030.pdf\"> http:\/\/documenti.camera.it\/leg18\/pdl\/pdf\/leg.18.pdl.camera.2994.18PDL0141030.pdf <\/a><\/p>\n<p><a href=\"#_ftnref19\" name=\"_ftn19\">[19]<\/a><a href=\"https:\/\/ibiworld.eu\/2021\/04\/27\/basi-militari-e-miniere-il-volto-nuovo-del-fondo-delloceano\/\"> MILIT\u00c4RBASEN UND MINEN: DAS NEUE GESICHT DES MEERESGRUNDES | IBI World Italy<\/a><\/p>\n","protected":false},"excerpt":{"rendered":"<p>Nach jahrelanger passiver und stiller Teilnahme beschloss Italien am 3. Mai, seine Beteiligung an der Internationalen Meeresbodenbeh\u00f6rde (ISA) zu aktivieren und ein hochrangiges Treffen zwischen dem Generalsekret\u00e4r der ISA, Michael Lodge, dem Minister f\u00fcr Katastrophenschutz, Nello Musumeci, dem Umweltminister, Gilberto Pichetto Fratin, und dem Unterstaatssekret\u00e4r im Au\u00dfenministerium,<\/p>\n","protected":false},"author":3,"featured_media":4694,"comment_status":"open","ping_status":"open","sticky":false,"template":"","format":"standard","meta":[],"categories":[95,24,27],"tags":[213],"_links":{"self":[{"href":"https:\/\/ibiworld.eu\/de\/wp-json\/wp\/v2\/posts\/4693"}],"collection":[{"href":"https:\/\/ibiworld.eu\/de\/wp-json\/wp\/v2\/posts"}],"about":[{"href":"https:\/\/ibiworld.eu\/de\/wp-json\/wp\/v2\/types\/post"}],"author":[{"embeddable":true,"href":"https:\/\/ibiworld.eu\/de\/wp-json\/wp\/v2\/users\/3"}],"replies":[{"embeddable":true,"href":"https:\/\/ibiworld.eu\/de\/wp-json\/wp\/v2\/comments?post=4693"}],"version-history":[{"count":1,"href":"https:\/\/ibiworld.eu\/de\/wp-json\/wp\/v2\/posts\/4693\/revisions"}],"predecessor-version":[{"id":4697,"href":"https:\/\/ibiworld.eu\/de\/wp-json\/wp\/v2\/posts\/4693\/revisions\/4697"}],"wp:featuredmedia":[{"embeddable":true,"href":"https:\/\/ibiworld.eu\/de\/wp-json\/wp\/v2\/media\/4694"}],"wp:attachment":[{"href":"https:\/\/ibiworld.eu\/de\/wp-json\/wp\/v2\/media?parent=4693"}],"wp:term":[{"taxonomy":"category","embeddable":true,"href":"https:\/\/ibiworld.eu\/de\/wp-json\/wp\/v2\/categories?post=4693"},{"taxonomy":"post_tag","embeddable":true,"href":"https:\/\/ibiworld.eu\/de\/wp-json\/wp\/v2\/tags?post=4693"}],"curies":[{"name":"wp","href":"https:\/\/api.w.org\/{rel}","templated":true}]}}