{"id":3142,"date":"2022-07-25T01:39:05","date_gmt":"2022-07-24T23:39:05","guid":{"rendered":"https:\/\/ibiworld.eu\/de\/?p=3142"},"modified":"2022-07-25T23:51:23","modified_gmt":"2022-07-25T21:51:23","slug":"gotland-wo-der-neue-weltkrieg-beginnt","status":"publish","type":"post","link":"https:\/\/ibiworld.eu\/de\/gotland-wo-der-neue-weltkrieg-beginnt\/","title":{"rendered":"G\u00d8TLAND, WO DER NEUE WELTKRIEG BEGINNT"},"content":{"rendered":"<p><img loading=\"lazy\" class=\"aligncenter size-full wp-image-3143\" src=\"https:\/\/ibiworld.eu\/de\/wp-content\/uploads\/2022\/07\/SVE015-01.jpg\" alt=\"\" width=\"1500\" height=\"999\" srcset=\"https:\/\/ibiworld.eu\/de\/wp-content\/uploads\/2022\/07\/SVE015-01.jpg 1500w, https:\/\/ibiworld.eu\/de\/wp-content\/uploads\/2022\/07\/SVE015-01-300x200.jpg 300w, https:\/\/ibiworld.eu\/de\/wp-content\/uploads\/2022\/07\/SVE015-01-1024x682.jpg 1024w, https:\/\/ibiworld.eu\/de\/wp-content\/uploads\/2022\/07\/SVE015-01-768x511.jpg 768w, https:\/\/ibiworld.eu\/de\/wp-content\/uploads\/2022\/07\/SVE015-01-600x400.jpg 600w\" sizes=\"(max-width: 1500px) 100vw, 1500px\" \/><\/p>\n<p>Es gibt eine gro\u00dfe, vergessene Insel in der Ostsee, die so gro\u00df ist, dass sie S\u00fc\u00dfwasserfl\u00fcsse hat, die in ein Meer m\u00fcnden, das wegen seiner Mischung aus Salz- und S\u00fc\u00dfwasser einzigartig ist. Sie grenzt an neun verschiedene L\u00e4nder in der Ostsee<a href=\"#_ftn1\" name=\"_ftnref1\">[1]<\/a> mit insgesamt 90 Millionen Menschen<a href=\"#_ftn2\" name=\"_ftnref2\">[2]<\/a>: D\u00e4nemark und Schweden im Westen, Finnland, Russland, Estland, Lettland und Litauen im Osten, Polen und Deutschland im S\u00fcden<a href=\"#_ftn3\" name=\"_ftnref3\">[3]<\/a>. Es ist eine wundersch\u00f6ne Insel, die den meisten Europ\u00e4ern unbekannt ist, obwohl sie anderthalb Mal so gro\u00df ist wie Luxemburg. Da es sich um die sonnigste Region Schwedens handelt, ist sie auch die landwirtschaftlichste Region Schwedens und hat sich im letzten Vierteljahrhundert zu einem beliebten Reiseziel f\u00fcr junge Schweden entwickelt.<\/p>\n<p>Aber all dies ist irrelevant im Vergleich zu seiner milit\u00e4rischen Bedeutung, insbesondere jetzt, da Stockholm der NATO beigetreten ist: Sie ist der \u00e4u\u00dferste Vorposten des Westens an der Ostsee und (zusammen mit den baltischen Republiken) das wichtigste strategische Ziel eines Russlands, das einen neuen Weltkrieg anzettelt &#8211; weil sie den lebenswichtigen Luft- und Seeraum kontrolliert, weil auf ihrem Territorium stationierte Raketen St. Petersburg treffen k\u00f6nnen, weil die NATO von ihren Milit\u00e4rflugpl\u00e4tzen aus in nur 48 Stunden mehr als hunderttausend Soldaten auf russischem Boden absetzen kann und damit zum wichtigsten St\u00fctzpunkt f\u00fcr die Versorgung etwaiger Besatzungstruppen wird. G\u00f8tland ist in den letzten Monaten noch wichtiger geworden, seit der Westen angesichts der Interessenkonflikte vieler seiner von Gazprom bezahlten Politiker erkannt hat, dass Nord Stream 2 Europa \u00fcberhaupt nicht n\u00fctzt, sondern dazu dient, die Ukraine und die osteurop\u00e4ischen L\u00e4nder, die der EU beigetreten sind, zu bestrafen.<\/p>\n<p>So ist diese fast vergessene Insel pl\u00f6tzlich zu einem der hei\u00dfesten Punkte auf dem internationalen geopolitischen Schachbrett geworden. Wer G\u00f8tland kontrolliert, kontrolliert auch die Kohlenwasserstofflieferungen f\u00fcr die Europ\u00e4ische Union und die neuen Seewege des gesamten arktischen Kontinents. Aber um die Geschichte dieser Insel zu erz\u00e4hlen, und nicht nur die des gef\u00fcrchteten Krieges, der sie als erstes Opfer treffen k\u00f6nnte, lohnt es sich, die Geschichte dieses fast vergessenen Gebiets der Europ\u00e4ischen Union zu erz\u00e4hlen.<\/p>\n<p><strong>Das kommerzielle und milit\u00e4rische Zentrum des Ostseeraums<\/strong><\/p>\n<p><img loading=\"lazy\" class=\"aligncenter size-full wp-image-3144\" src=\"https:\/\/ibiworld.eu\/de\/wp-content\/uploads\/2022\/07\/SVE015-02.jpg\" alt=\"\" width=\"1430\" height=\"1073\" srcset=\"https:\/\/ibiworld.eu\/de\/wp-content\/uploads\/2022\/07\/SVE015-02.jpg 1430w, https:\/\/ibiworld.eu\/de\/wp-content\/uploads\/2022\/07\/SVE015-02-300x225.jpg 300w, https:\/\/ibiworld.eu\/de\/wp-content\/uploads\/2022\/07\/SVE015-02-1024x768.jpg 1024w, https:\/\/ibiworld.eu\/de\/wp-content\/uploads\/2022\/07\/SVE015-02-768x576.jpg 768w, https:\/\/ibiworld.eu\/de\/wp-content\/uploads\/2022\/07\/SVE015-02-600x450.jpg 600w\" sizes=\"(max-width: 1430px) 100vw, 1430px\" \/><\/p>\n<p><strong>Eine der vielen Fundstellen von Wikinger-Runen, unter denen Sch\u00e4tze aus europ\u00e4ischen Raubz\u00fcgen im Wert von Hunderten von Millionen Euro entdeckt wurden<a href=\"#_ftn4\" name=\"_ftnref4\">[4]<\/a> <\/strong><\/p>\n<p>Bereits in der Wikingerzeit (8.-10. Jahrhundert) war G\u00f8tland ein wichtiger Handelsplatz im Leben der V\u00f6lker rund um die Ostsee. Lokale Bauern, die sich in Vereinen zusammenschlossen, er\u00f6ffneten in Novgorod, Russland, ein Handelskontor namens Gotenhof<a href=\"#_ftn5\" name=\"_ftnref5\">[5]<\/a>. Das \u00e4nderte sich 1161, als in Artlenburg ein Vertrag zwischen den Bewohnern von G\u00f8tland und dem deutschen Herzog Heinrich dem L\u00f6wen von Sachsen unterzeichnet wurde<a href=\"#_ftn6\" name=\"_ftnref6\">[6]<\/a>, dank dessen die Deutschen begannen, sich auf der Insel niederzulassen und in Visby eine eigene Gemeinde zu gr\u00fcnden: Sie durften ihre eigene Kirche (St. Per) bauen und ihre eigenen Gesetze befolgen<a href=\"#_ftn7\" name=\"_ftnref7\">[7]<\/a>. Im Juli 1361 eroberte der d\u00e4nische K\u00f6nig G\u00f8tland in der Schlacht von Visby<a href=\"#_ftn8\" name=\"_ftnref8\">[8]<\/a>. Die kampferfahrenen d\u00e4nischen Soldaten gewinnen mit Leichtigkeit gegen die Bauern von G\u00f8tland<a href=\"#_ftn9\" name=\"_ftnref9\">[9]<\/a>.<\/p>\n<p>Die d\u00e4nische Krone regierte G\u00f8tland bis 1645, als der Friede von Br\u00f6msebro unterzeichnet wurde<a href=\"#_ftn10\" name=\"_ftnref10\">[10]<\/a>. Im Jahr 1808 besetzten die Russen die Insel mit 1800 Soldaten, woraufhin die Bewohner kapitulierten. Die Besetzung endete jedoch drei Wochen sp\u00e4ter, als Schweden Verst\u00e4rkung mit 2000 Soldaten auf die Insel schickte und gleichzeitig den russischen Nachschub abschnitt: Die Besatzer kapitulierten und verlie\u00dfen die Insel<a href=\"#_ftn11\" name=\"_ftnref11\">[11]<\/a>. Von da an ist die Geschichte der Insel untrennbar mit der Geschichte Schwedens verbunden &#8211; einem Juwel, das j\u00e4hrlich eine Million Touristen empf\u00e4ngt und auf dem nur 61.000 Menschen leben<a href=\"#_ftn12\" name=\"_ftnref12\">[12]<\/a>.<\/p>\n<p>Es ist eine Insel der Ruhe, weit weg von den t\u00e4glichen K\u00e4mpfen: Jedes Jahr Anfang Juli findet hier die Almedalen-Woche (auch bekannt als Politikerwoche) statt, die seit 50 Jahren alle Parteien im Reichstag zusammenbringt, um die gro\u00dfen Fragen der schwedischen Demokratie ohne Parteivorurteile zu diskutieren<a href=\"#_ftn13\" name=\"_ftnref13\">[13]<\/a>. Es ist ein Ort der Begegnung, der allen offen steht, nicht nur den Politikern, sondern auch den Organisationen der Zivilgesellschaft<a href=\"#_ftn14\" name=\"_ftnref14\">[14]<\/a>. Seit einigen Jahren dreht sich alles um das Schmelzen des Eises und seine Folgen: die Er\u00f6ffnung neuer Schifffahrtsrouten, der Zugang zu bisher unerschlossenen Bodensch\u00e4tzen &#8211; die Er\u00f6ffnung eines neuen Meeres, f\u00fcnfmal so gro\u00df wie das Mittelmeer, in dem sich die Gro\u00dfm\u00e4chte bek\u00e4mpfen werden<a href=\"#_ftn15\" name=\"_ftnref15\">[15]<\/a>. Mit St\u00fctzpunkten in G\u00f8tland wird die Ostsee auf dem See- und Luftweg kontrolliert<a href=\"#_ftn16\" name=\"_ftnref16\">[16]<\/a>.<\/p>\n<p>Russland hat eine sehr lange K\u00fcstenlinie am Arktischen Ozean, die eine nat\u00fcrliche Schutzbarriere f\u00fcr das Land darstellt, da 50 % der arktischen Landmasse auf russischem Territorium liegt: Wenn diese verschwindet, wird die Mauer, die Russland gesch\u00fctzt hat, nicht mehr da sein<a href=\"#_ftn17\" name=\"_ftnref17\">[17]<\/a>. Die russische Arktisflotte ist im weit entfernten Murmansk stationiert: eine Situation, die sich rasch \u00e4ndert, mit massiven Truppen- und Mittelverschiebungen, denn im Falle eines Konflikts mit der NATO will Russland in der Lage sein, sich zu verteidigen. Es ist unvermeidlich, dass Schweden beteiligt ist: die Insel G\u00f8tland als erste<a href=\"#_ftn18\" name=\"_ftnref18\">[18]<\/a>.<\/p>\n<p>Die Friedensgespr\u00e4che zwischen Russland und dem Westen finden im Rahmen des Arktischen Rates statt, einem Forum f\u00fcr die Zusammenarbeit von Staaten, die sich f\u00fcr die nachhaltige Entwicklung der Arktis einsetzen. Dem Rat geh\u00f6ren D\u00e4nemark (mit Gr\u00f6nland und den F\u00e4r\u00f6ern), Norwegen, Island, Finnland, Kanada, Russland, Schweden und die Vereinigten Staaten an<a href=\"#_ftn19\" name=\"_ftnref19\">[19]<\/a>. Im Jahr 2021 gab Island, das bis dahin den Vorsitz im Arktischen Rat innehatte, den Vorsitz an Russland ab, dessen Sitz im Rat aufgrund der Invasion in der Ukraine ausgesetzt war<a href=\"#_ftn20\" name=\"_ftnref20\">[20]<\/a>. Der Prozess der milit\u00e4rischen Anpassung begann sofort: Am 13. Januar 2022 trafen Soldaten aus ganz Schweden in G\u00f8tland ein und begannen, auf den Stra\u00dfen zu patrouillieren, w\u00e4hrend die G\u00f8tland-F\u00e4hre amerikanische Milit\u00e4rfahrzeuge entlud und zus\u00e4tzliche internationale Ressourcen auf dem Flughafen Visby landeten<a href=\"#_ftn21\" name=\"_ftnref21\">[21]<\/a>.<\/p>\n<p><img loading=\"lazy\" class=\"aligncenter size-full wp-image-3145\" src=\"https:\/\/ibiworld.eu\/de\/wp-content\/uploads\/2022\/07\/SVE015-03.jpg\" alt=\"\" width=\"1023\" height=\"575\" srcset=\"https:\/\/ibiworld.eu\/de\/wp-content\/uploads\/2022\/07\/SVE015-03.jpg 1023w, https:\/\/ibiworld.eu\/de\/wp-content\/uploads\/2022\/07\/SVE015-03-300x169.jpg 300w, https:\/\/ibiworld.eu\/de\/wp-content\/uploads\/2022\/07\/SVE015-03-768x432.jpg 768w, https:\/\/ibiworld.eu\/de\/wp-content\/uploads\/2022\/07\/SVE015-03-600x337.jpg 600w\" sizes=\"(max-width: 1023px) 100vw, 1023px\" \/><\/p>\n<p><strong>7.Juni 2022: NATO-Truppen auf Patrouille an der K\u00fcste von G\u00f8tland<a href=\"#_ftn22\" name=\"_ftnref22\">[22]<\/a><\/strong><\/p>\n<p>Am 29. April 2022 beschloss Stockholm, die Verteidigung der Insel zu verst\u00e4rken und 1,6 Milliarden SEK zu investieren, wie Finanzminister Max Elger erkl\u00e4rt: &#8222;Die russische Invasion in der Ukraine rechtfertigt die Verst\u00e4rkung unserer milit\u00e4rischen Pr\u00e4senz auf G\u00f8tland\u201c<a href=\"#_ftn23\" name=\"_ftnref23\">[23]<\/a>, insbesondere in Anbetracht der Tatsache, dass die Insel nur 300 km von der russischen Enklave Kaliningrad entfernt ist, wo die russische Flotte in der Ostsee stationiert ist, und der Notwendigkeit, Skandinavien und die baltischen Republiken zu sch\u00fctzen<a href=\"#_ftn24\" name=\"_ftnref24\">[24]<\/a>. W\u00e4hrend Estland, Lettland und Litauen bereits NATO-Mitglieder sind<a href=\"#_ftn25\" name=\"_ftnref25\">[25]<\/a>, stellt Schweden am 18. Mai 2022 einen formellen Antrag auf Mitgliedschaft<a href=\"#_ftn26\" name=\"_ftnref26\">[26]<\/a>.<\/p>\n<p>Bereits im Juni r\u00fcckte G\u00f8tland in den Mittelpunkt der NATO-Aktivit\u00e4ten, und zwar mit der Organisation von Baltops 22, einer gro\u00df angelegten Operation, an der Soldaten aus fast allen NATO-Staaten (auch aus Bulgarien) beteiligt sind und deren Ziel es ist, die Verteidigung der Freiheit der Schifffahrt in der Ostsee und eine m\u00f6gliche Gegenoffensive auf dem Kontinent und im Raum St. Petersburg vorzubereiten<a href=\"#_ftn27\" name=\"_ftnref27\">[27]<\/a>. Die von der Sechsten US-Flotte geleitete \u00dcbung hat als Epizentrum die Insel, von der aus die Milit\u00e4r- und Amphibienflugzeuge, die in Estland, Lettland und Litauen landen, starten<a href=\"#_ftn28\" name=\"_ftnref28\">[28]<\/a>. Oberst Magnus Frykvall, Befehlshaber der schwedischen Truppen, die an der \u00dcbung teilnehmen, dr\u00fcckt die Stimmung der schwedischen Bev\u00f6lkerung so aus: &#8222;Ich f\u00fchle mich jetzt wirklich vorbereitet. Ich m\u00f6chte sagen, dass wir mit diesem Einsatz G\u00f8tland verteidigen k\u00f6nnen; eine so uneinnehmbare Insel zu st\u00fcrmen, ist eine wirklich schwierige Aufgabe&#8220;<a href=\"#_ftn29\" name=\"_ftnref29\">[29]<\/a>. Laut Frykvall befinden sich derzeit 400 Milit\u00e4rangeh\u00f6rige auf der Insel, doch ihre Pr\u00e4senz soll rasch zunehmen: Die Milit\u00e4rf\u00fchrung rechnet mit einem Einsatz von 4.000 Menschen<a href=\"#_ftn30\" name=\"_ftnref30\">[30]<\/a>.<\/p>\n<p>Die Militarisierung G\u00f8tlands wurde bereits durch ein schwedisches Gesetz von 2015 vorbereitet, das umfangreiche Investitionen in die Modernisierung von Panzern und anderen Kampffahrzeugen, Infanteriebewaffnung, neue M\u00f6rser, Panzerabwehrwaffen, aber auch U-Boote vorsieht<a href=\"#_ftn31\" name=\"_ftnref31\">[31]<\/a>. Dieser letzte Punkt ist angesichts des Vorfalls im Oktober 2014, als ein russisches U-Boot in schwedischen Hoheitsgew\u00e4ssern gesichtet wurde, der wichtigste<a href=\"#_ftn32\" name=\"_ftnref32\">[32]<\/a>. Im Jahr 2016 kaufte die schwedische Regierung den Hafen von Kappelshamn, den sie zuvor verkauft hatte<a href=\"#_ftn33\" name=\"_ftnref33\">[33]<\/a>, privat auf und nutzt ihn seit 2017 f\u00fcr milit\u00e4rische \u00dcbungen<a href=\"#_ftn34\" name=\"_ftnref34\">[34]<\/a>.<\/p>\n<p>Im Februar 2017 kaufte Stockholm eine weitere Milit\u00e4reinrichtung zur\u00fcck, die zu Beginn des 21. Jahrhunderts im Zuge von K\u00fcrzungen im Verteidigungshaushalt an Privatpersonen verkauft worden war: den U-Boot-St\u00fctzpunkt in F\u00e5r\u00f6sund. Der Kauf wurde im Januar 2018 abgeschlossen, nachdem er eine Auktion gewonnen hatte, deren gr\u00f6\u00dfter Konkurrent ein anonymer russischer Oligarch war &#8211; eine Nachricht, die die Eile und die Angst in Stockholm erh\u00f6hte<a href=\"#_ftn35\" name=\"_ftnref35\">[35]<\/a>. Die Streitkr\u00e4fte haben den Hafen von Artmax AB (Stockholm)<a href=\"#_ftn36\" name=\"_ftnref36\">[36]<\/a> von einem Gesch\u00e4ftsmann aus Hongkong zur\u00fcckgekauft, der ihn pachten wollte<a href=\"#_ftn37\" name=\"_ftnref37\">[37]<\/a>. Kappelshamn und F\u00e5r\u00f6sund befinden sich auf der Insel G\u00f8tland.<\/p>\n<p>Die Einwohner von G\u00f8tland sind beunruhigt: Der Anblick von Soldaten auf den Stra\u00dfen l\u00e4sst auf eine ernste Situation schlie\u00dfen<a href=\"#_ftn38\" name=\"_ftnref38\">[38]<\/a>. Auch unter den auf der Insel lebenden Russen geht die Angst um: Die meisten von ihnen trauen sich nicht, ein Interview zu geben. Eine Frau sagt, sie habe gro\u00dfe Angst, dass jemand ihr Haus anz\u00fcndet oder dass sie etwas Falsches sagt und von der russischen Regierung verfolgt wird<a href=\"#_ftn39\" name=\"_ftnref39\">[39]<\/a>. Es besteht die Gefahr, vertrieben zu werden und in eine Heimat zur\u00fcckkehren zu m\u00fcssen, die sie nicht willkommen hei\u00dft, sondern nur mit eisigem Misstrauen empf\u00e4ngt<a href=\"#_ftn40\" name=\"_ftnref40\">[40]<\/a>.<\/p>\n<p><strong>Der Fall Nord Stream<\/strong><\/p>\n<p><img loading=\"lazy\" class=\"aligncenter size-full wp-image-3146\" src=\"https:\/\/ibiworld.eu\/de\/wp-content\/uploads\/2022\/07\/SVE015-04.jpg\" alt=\"\" width=\"736\" height=\"422\" srcset=\"https:\/\/ibiworld.eu\/de\/wp-content\/uploads\/2022\/07\/SVE015-04.jpg 736w, https:\/\/ibiworld.eu\/de\/wp-content\/uploads\/2022\/07\/SVE015-04-300x172.jpg 300w, https:\/\/ibiworld.eu\/de\/wp-content\/uploads\/2022\/07\/SVE015-04-600x344.jpg 600w\" sizes=\"(max-width: 736px) 100vw, 736px\" \/><\/p>\n<p><strong>Die Karte der Nord Stream 2-Unterwasserpipeline, die wenige Kilometer vor G\u00f8tland die Ostsee durchquert<a href=\"#_ftn41\" name=\"_ftnref41\">[41]<\/a><\/strong><\/p>\n<p>Nord Stream ist eine doppelte Gaspipeline, die Wyborg (Russland) durch die Ostsee mit Lubmin (Deutschland) verbindet und dabei die Hoheitsgew\u00e4sser von Russland, Finnland, Schweden, D\u00e4nemark und Deutschland durchquert<a href=\"#_ftn42\" name=\"_ftnref42\">[42]<\/a>. Das Gas stammt aus dem Bovanenkovo-Feld (Jamal-Halbinsel), das 4,9 Billionen Kubikmeter Gas enth\u00e4lt<a href=\"#_ftn43\" name=\"_ftnref43\">[43]<\/a>; von dort gelangen 55 Milliarden Kubikmeter pro Jahr nach Europa<a href=\"#_ftn44\" name=\"_ftnref44\">[44]<\/a>. Die urspr\u00fcnglich f\u00fcr den Bau berechneten 7,4 Mrd. EUR erh\u00f6hen sich in den ersten Realisierungsphasen auf 8,8 Mrd. EUR<a href=\"#_ftn45\" name=\"_ftnref45\">[45]<\/a>. Das Projekt wurde im Jahr 2000 von der Europ\u00e4ischen Kommission als dringlich eingestuft, der Bau des Onshore-Teils beginnt 2010 und wird 2011 (Rohr 1) und 2012 (Rohr 2) abgeschlossen<a href=\"#_ftn46\" name=\"_ftnref46\">[46]<\/a>.<\/p>\n<p>Der Bau von Nord Stream 2 beginnt 2018 und wird im September 2021 abgeschlossen<a href=\"#_ftn47\" name=\"_ftnref47\">[47]<\/a>; die Schwesterpipeline der Nord Stream soll weitere 55 Milliarden Kubikmeter Gas aus sibirischen Gasfeldern<a href=\"#_ftn48\" name=\"_ftnref48\">[48]<\/a> von Ust-Luga (nahe St. Petersburg) nach Lubmin transportieren<a href=\"#_ftn49\" name=\"_ftnref49\">[49]<\/a>. Nord Stream 2 wird von dem Schweizer Konsortium Nord Stream 2 AG Zug, einer hundertprozentigen Tochtergesellschaft des russischen Staatsriesen Gazprom, realisiert<a href=\"#_ftn50\" name=\"_ftnref50\">[50]<\/a>, mit dem die westlichen Unternehmen Uniper SE (D\u00fcsseldorf), Wintershall Dea AG (Kassel\/Hamburg), Engie SA (Paris), OMV AG (Wien) und Royal Dutch Shell Plc (London) (ab 21. Januar 2022 Shell Plc<a href=\"#_ftn51\" name=\"_ftnref51\">[51]<\/a>) 2017 eine Finanzierungsvereinbarung unterzeichnet haben, in der sie sich verpflichten, jeweils 950 Mio. EUR beizusteuern; die verbleibenden 4. Der erforderliche Betrag von 75 Mrd. EUR wird von Gazprom garantiert<a href=\"#_ftn52\" name=\"_ftnref52\">[52]<\/a>. Am 22. Februar 2022 stellte Deutschland das Projekt aufgrund der Ereignisse in der Ukraine ein<a href=\"#_ftn53\" name=\"_ftnref53\">[53]<\/a>.<\/p>\n<p>Mit diesen Unterwasser-Gaspipelines kann Russland einerseits die osteurop\u00e4ischen L\u00e4nder umgehen, indem es Moskau direkt mit Deutschland verbindet, und andererseits die Ukraine, die \u00fcber das GTS (Gas Transmission System) bis zu 69 Milliarden Kubikmeter Gas pro Jahr aus dem sibirischen Urengoi-Feld<a href=\"#_ftn54\" name=\"_ftnref54\">[54]<\/a> nach Europa transportiert<a href=\"#_ftn55\" name=\"_ftnref55\">[55]<\/a>, in eine schwierige Lage bringen. Die russische Boykottkampagne gegen die GTS dreht sich um drei Punkte: 1) das Gastransportsystem basiert auf veralteter Technologie, die den Hochdruckfluss des Materials nicht bew\u00e4ltigen kann; 2) die Ukraine ist ein unzuverl\u00e4ssiger Partner, der einen Teil des f\u00fcr Europa bestimmten Gases w\u00e4hrend der Durchleitung durch sein Territorium illegal stiehlt<a href=\"#_ftn56\" name=\"_ftnref56\">[56]<\/a>; 3) die Ukraine verwendet gef\u00e4hrliche US-Technologien, um Schiefergas aus den Tiefen der Erde zu f\u00f6rdern, was eine Umweltkatastrophe verursacht<a href=\"#_ftn57\" name=\"_ftnref57\">[57]<\/a>.<\/p>\n<p>Dies ist Teil der Propaganda, mit der die Invasion gerechtfertigt wurde, und muss in dem Wissen bewertet werden, was das eigentliche Problem mit Putins imperialer Politik als Reaktion auf sein eigenes Versagen im eigenen Land ist. Auf jeden Fall hat das ukrainische Energieministerium im Oktober 2021 seinen Plan f\u00fcr die Entwicklung und Modernisierung des GTS (ab 1. Januar 2020 im Besitz des staatlichen Unternehmens JSC Mahistralni Gazoprovody Ukrainy<a href=\"#_ftn58\" name=\"_ftnref58\">[58]<\/a>) bekannt gegeben, der bis 2031 Investitionen in H\u00f6he von 1,5 Mrd. EUR f\u00fcr technische Verbesserungen vorsieht<a href=\"#_ftn59\" name=\"_ftnref59\">[59]<\/a>. Kiew bestreitet, jemals f\u00fcr Europa bestimmtes Gas gestohlen zu haben<a href=\"#_ftn60\" name=\"_ftnref60\">[60]<\/a>, und beschuldigt Russland, Gas im Transit durch die besetzte Provinz Luhansk zu stehlen<a href=\"#_ftn61\" name=\"_ftnref61\">[61]<\/a>.<\/p>\n<p>Nach Sch\u00e4tzungen der U.S. Energy Information Administration (EIA) gibt es unter ukrainischem Boden riesige Schiefergasvorkommen von 3,5 Billionen Kubikmetern<a href=\"#_ftn62\" name=\"_ftnref62\">[62]<\/a>; die Ukraine ist eines der wenigen europ\u00e4ischen L\u00e4nder, in denen Fracking (das zur Gewinnung von Schiefergas erforderlich ist) nicht verboten ist<a href=\"#_ftn63\" name=\"_ftnref63\">[63]<\/a>. Dabei handelt es sich um ein Tiefbauverfahren, bei dem Hochdruckwasser verwendet wird, das aufgrund der m\u00f6glichen Verschmutzung von Grundwasserleitern und des immensen Wasserverbrauchs f\u00fcr den Betrieb als \u00e4u\u00dferst umweltsch\u00e4dlich gilt<a href=\"#_ftn64\" name=\"_ftnref64\">[64]<\/a>.<\/p>\n<p><img loading=\"lazy\" class=\"aligncenter size-full wp-image-3147\" src=\"https:\/\/ibiworld.eu\/de\/wp-content\/uploads\/2022\/07\/SVE015-05.jpg\" alt=\"\" width=\"1080\" height=\"648\" srcset=\"https:\/\/ibiworld.eu\/de\/wp-content\/uploads\/2022\/07\/SVE015-05.jpg 1080w, https:\/\/ibiworld.eu\/de\/wp-content\/uploads\/2022\/07\/SVE015-05-300x180.jpg 300w, https:\/\/ibiworld.eu\/de\/wp-content\/uploads\/2022\/07\/SVE015-05-1024x614.jpg 1024w, https:\/\/ibiworld.eu\/de\/wp-content\/uploads\/2022\/07\/SVE015-05-768x461.jpg 768w, https:\/\/ibiworld.eu\/de\/wp-content\/uploads\/2022\/07\/SVE015-05-600x360.jpg 600w\" sizes=\"(max-width: 1080px) 100vw, 1080px\" \/><\/p>\n<p><strong>Die ukrainische Schiefergasf\u00f6rderstation in Jusiwska<a href=\"#_ftn65\" name=\"_ftnref65\">[65]<\/a><\/strong><\/p>\n<p>Die gr\u00f6\u00dften Schiefergasvorkommen (2,15 Billionen Kubikmeter) befinden sich in Jusiwska, einem Gebiet zwischen Donezk und Charkiw: 2013 unterzeichnete die ukrainische Regierung mit der Shell-Gruppe und Nadra Jusowskij Llc eine Vereinbarung \u00fcber die gemeinsame Nutzung dieses Feldes (Laufzeit 50 Jahre)<a href=\"#_ftn66\" name=\"_ftnref66\">[66]<\/a>. Im selben Jahr unterzeichnen Chevron Ukraine BV und Nadra Oleska ein \u00e4hnliches Abkommen f\u00fcr das Oleska-Feld in der N\u00e4he von Lviv (Ende 2014 wird dieses Projekt aufgrund sinkender \u00d6lpreise, steuerlicher Probleme und politischer Instabilit\u00e4t im Land gestoppt<a href=\"#_ftn67\" name=\"_ftnref67\">[67]<\/a>)<a href=\"#_ftn68\" name=\"_ftnref68\">[68]<\/a>.<\/p>\n<p>Aufgrund des anhaltenden Konflikts zwischen den ukrainischen Streitkr\u00e4ften und den prorussischen Separatisten gab Shell im Juni 2015 seine Explorationsprojekte auf<a href=\"#_ftn69\" name=\"_ftnref69\">[69]<\/a> und beendete damit den Traum der Ukraine von der Energieunabh\u00e4ngigkeit, durch die sie zu einem ernstzunehmenden Konkurrenten von Gazprom werden w\u00fcrde<a href=\"#_ftn70\" name=\"_ftnref70\">[70]<\/a>. Der Beginn der Phase starker Instabilit\u00e4t im Donbass deutet darauf hin, dass Moskau beschlossen hat, eine ernsthafte Bedrohung f\u00fcr die Lebensf\u00e4higkeit seines Staatsunternehmens im Keim zu ersticken und gleichzeitig einen wirksamen Hebel f\u00fcr politischen Druck auf die Ukraine und Europa aufrechtzuerhalten. Mit diesem Man\u00f6ver und der Inbetriebnahme von Nord Stream 2 w\u00e4re das Problem endg\u00fcltig gel\u00f6st worden.<\/p>\n<p>Die Einstellung des Nord Stream 2-Projekts wird von den Vereinigten Staaten begr\u00fc\u00dft, die seit jeher ein entschiedener Gegner des Vorhabens sind<a href=\"#_ftn71\" name=\"_ftnref71\">[71]<\/a> und in den Jahren 2019<a href=\"#_ftn72\" name=\"_ftnref72\">[72]<\/a>, 2021<a href=\"#_ftn73\" name=\"_ftnref73\">[73]<\/a> und 2022<a href=\"#_ftn74\" name=\"_ftnref74\">[74]<\/a> Sanktionen gegen die am Bau beteiligten Unternehmen verh\u00e4ngen. Seit Beginn der Aff\u00e4re betrachtet Washington die Beziehungen zwischen Berlin und Moskau im Energiebereich mit gro\u00dfem Misstrauen und bef\u00fcrchtet eine \u00fcberm\u00e4\u00dfige Abh\u00e4ngigkeit der europ\u00e4ischen Verb\u00fcndeten von russischem Gas, dessen Export &#8211; wenn Nord Stream 2 in Betrieb genommen worden w\u00e4re &#8211; die Sanktionen gegen Moskau (die seit 2014 in Kraft sind) nach der Ukraine-Krise de facto aufgehoben h\u00e4tte<a href=\"#_ftn75\" name=\"_ftnref75\">[75]<\/a>. Wirtschaftliche Interessen sind nicht zweitrangig: Indem sie auf ein Scheitern von Nord Stream 2 dr\u00e4ngen, hoffen die Vereinigten Staaten auch, durch den Export ihres eigenen Fl\u00fcssiggases in den Wettlauf um europ\u00e4ische Lieferungen einzusteigen<a href=\"#_ftn76\" name=\"_ftnref76\">[76]<\/a>.<\/p>\n<p>Die L\u00e4nder des Visegr\u00e1d-Abkommens (Polen, Ungarn, die Tschechische Republik und die Slowakei) lehnen Nord Stream 2 ebenfalls ab und begr\u00fc\u00dfen die Nachricht von der Schlie\u00dfung: Warschau ist besorgt \u00fcber die Folgen eines Man\u00f6vers, das die Versorgungsvielfalt und die Energiesicherheit Europas untergraben w\u00fcrde<a href=\"#_ftn77\" name=\"_ftnref77\">[77]<\/a>; die Slowakei, die Tschechische Republik und Ungarn bef\u00fcrchten in verschiedener Hinsicht schwerwiegende wirtschaftliche Sch\u00e4den durch den Verlust kommerzieller Transitrechte, die mit der Schlie\u00dfung der ukrainischen Pipeline zugunsten von Nord Stream 2 eintreten w\u00fcrden<a href=\"#_ftn78\" name=\"_ftnref78\">[78]<\/a>.<\/p>\n<p>Seit der Annexion der Krim im Jahr 2014 hat Russland seine milit\u00e4rischen Aktivit\u00e4ten in der Ostsee verst\u00e4rkt und Schweden (2016) dazu veranlasst, eine st\u00e4ndige Garnison auf der Insel G\u00f8tland einzurichten, nachdem diese 2005 entmilitarisiert worden war<a href=\"#_ftn79\" name=\"_ftnref79\">[79]<\/a>. Im Zusammenhang mit diesen Bedenken steht auch das Interesse der Nord Stream 2 AG<a href=\"#_ftn80\" name=\"_ftnref80\">[80]<\/a>, deren Vorstand der ehemalige deutsche Bundeskanzler Gerhard Schr\u00f6der vorsitzt<a href=\"#_ftn81\" name=\"_ftnref81\">[81]<\/a>, an der Nutzung einiger schwedischer Infrastrukturen, darunter ein Hafen in Slite (G\u00f8tland)<a href=\"#_ftn82\" name=\"_ftnref82\">[82]<\/a> und einer in Karlshamn (Provinz Blekinge, 150 km nord\u00f6stlich von Malm\u00f6)<a href=\"#_ftn83\" name=\"_ftnref83\">[83]<\/a>, f\u00fcr den Bau der Pipeline. Der damalige Ministerpr\u00e4sident Stefan L\u00f6fven und vor allem der Oberbefehlshaber der schwedischen Streitkr\u00e4fte, Micael Byd\u00e9n, \u00e4u\u00dferten sich sehr besorgt \u00fcber die m\u00f6glichen Risiken, wenn Russland strategische schwedische Infrastrukturen nutzen darf<a href=\"#_ftn84\" name=\"_ftnref84\">[84]<\/a>.<\/p>\n<p><img loading=\"lazy\" class=\"aligncenter size-full wp-image-3148\" src=\"https:\/\/ibiworld.eu\/de\/wp-content\/uploads\/2022\/07\/SVE015-06.jpg\" alt=\"\" width=\"770\" height=\"477\" srcset=\"https:\/\/ibiworld.eu\/de\/wp-content\/uploads\/2022\/07\/SVE015-06.jpg 770w, https:\/\/ibiworld.eu\/de\/wp-content\/uploads\/2022\/07\/SVE015-06-300x186.jpg 300w, https:\/\/ibiworld.eu\/de\/wp-content\/uploads\/2022\/07\/SVE015-06-768x476.jpg 768w, https:\/\/ibiworld.eu\/de\/wp-content\/uploads\/2022\/07\/SVE015-06-600x372.jpg 600w\" sizes=\"(max-width: 770px) 100vw, 770px\" \/><\/p>\n<p><strong>Die Slite-Minen, nur wenige Kilometer Luftlinie vom gleichnamigen Handels- und Milit\u00e4rhafen entfernt, einer der wichtigsten Zementlieferanten Schwedens, sind aus Angst vor russischen Angriffen geschlossen<a href=\"#_ftn85\" name=\"_ftnref85\">[85]<\/a><\/strong><\/p>\n<p>Die Furcht vor Stockholm veranlasste die Inselregierung, ihre urspr\u00fcngliche Zustimmung zu der Operation<a href=\"#_ftn86\" name=\"_ftnref86\">[86]<\/a> trotz der Zusicherungen des russischen Botschafters Victor Tatarintsev zu \u00fcberdenken<a href=\"#_ftn87\" name=\"_ftnref87\">[87]<\/a>. Ende Januar 2017 erteilte die Gemeinde Karlshamn der Nord Stream 2 AG die Genehmigung, einen Teil ihres Hafens f\u00fcr den Bau der Pipeline zu nutzen<a href=\"#_ftn88\" name=\"_ftnref88\">[88]<\/a>. Die Arbeiten in Karlshamn begannen am 7. Oktober 2017 unter der Kontrolle der Wasco Coating Company GmbH und endeten am 4. August 2019 nach 23 Monaten Arbeit und 39.000 durchgeschobenen Rohren, die f\u00fcr die Verlegung des gr\u00f6\u00dften Teils der Pipeline im schwedischen Abschnitt der Route genutzt wurden<a href=\"#_ftn89\" name=\"_ftnref89\">[89]<\/a>. Der Hafen von Slite hingegen wird letztlich nicht f\u00fcr den Bau von Nord Stream 2 genutzt: Der Druck der schwedischen Zentralregierung auf die Insel hat, wenn auch mit Versp\u00e4tung, die gew\u00fcnschte Wirkung, erspart Stockholm aber nicht die heftige Kritik der lokalen Presse, dass es nicht in der Lage war, die nationale Sicherheit auch im Fall von Karlshamn durchzusetzen<a href=\"#_ftn90\" name=\"_ftnref90\">[90]<\/a>.<\/p>\n<p>Neben der ver\u00e4nderten politischen Situation, die G\u00f8tland zunehmend als Nervenzentrum eines sehr turbulenten Gebiets sieht<a href=\"#_ftn91\" name=\"_ftnref91\">[91]<\/a>, ist auch der Pr\u00e4zedenzfall des ersten Nord-Stream-Projekts, f\u00fcr das der Hafen von Slite genutzt wurde, der Grund f\u00fcr die Ablehnung der Nutzung des Hafens f\u00fcr den Bau der Pipeline: 2008 brachte die Genehmigung des Projekts Bedenken hinsichtlich der Undurchsichtigkeit der russischen Au\u00dfenpolitik und der schwerwiegenden Folgen f\u00fcr das bereits fragile und getestete \u00d6kosystem der Ostsee mit sich<a href=\"#_ftn92\" name=\"_ftnref92\">[92]<\/a>. Stockholm erteilte dennoch die Genehmigung zur Verwendung<a href=\"#_ftn93\" name=\"_ftnref93\">[93]<\/a>.<\/p>\n<p><strong>Verdacht auf Korruption<\/strong><\/p>\n<p><img loading=\"lazy\" class=\"aligncenter size-full wp-image-3149\" src=\"https:\/\/ibiworld.eu\/de\/wp-content\/uploads\/2022\/07\/SVE015-07.jpg\" alt=\"\" width=\"1024\" height=\"576\" srcset=\"https:\/\/ibiworld.eu\/de\/wp-content\/uploads\/2022\/07\/SVE015-07.jpg 1024w, https:\/\/ibiworld.eu\/de\/wp-content\/uploads\/2022\/07\/SVE015-07-300x169.jpg 300w, https:\/\/ibiworld.eu\/de\/wp-content\/uploads\/2022\/07\/SVE015-07-768x432.jpg 768w, https:\/\/ibiworld.eu\/de\/wp-content\/uploads\/2022\/07\/SVE015-07-600x338.jpg 600w\" sizes=\"(max-width: 1024px) 100vw, 1024px\" \/><\/p>\n<p><strong>Der ehemalige deutsche Bundeskanzler Gerhard Schr\u00f6der (links) und der ehemalige schwedische Ministerpr\u00e4sident G\u00f6ran Persson (rechts), Ex-Politiker und jetzt Lobbyisten im Dienste von Gazprom<a href=\"#_ftn94\" name=\"_ftnref94\">[94]<\/a><\/strong><\/p>\n<p>Es ist eine Entscheidung, die weit zur\u00fcckreicht. 1997 sagte Pr\u00e4sident Boris Jelzin in einer Rede vor der schwedischen Regierung: &#8222;Wir haben beschlossen, dass wir eine Gaspipeline von Russland nach Schweden haben werden&#8220;, worauf der damalige schwedische Ministerpr\u00e4sident G\u00f6ran Persson mit einem klaren Nein antwortete: &#8222;In Schweden entscheide ich&#8220;<a href=\"#_ftn95\" name=\"_ftnref95\">[95]<\/a>. Als Putin an die Macht kam<a href=\"#_ftn96\" name=\"_ftnref96\">[96]<\/a>, nahm er das Projekt sofort in Angriff: 2005 wurde die Planung von Nord Stream mit der Unterzeichnung des kommerziellen Abkommens zwischen BASF (dem deutschen Chemiekonzern), Eon (dem deutschen Energiekonzern) und Gazprom abgeschlossen<a href=\"#_ftn97\" name=\"_ftnref97\">[97]<\/a>. F\u00fcr den Beginn des Projekts ist die Genehmigung der schwedischen Regierung erforderlich, da die russischen Rohre in schwedische Hoheitsgew\u00e4sser eindringen werden<a href=\"#_ftn98\" name=\"_ftnref98\">[98]<\/a>. Ministerpr\u00e4sident G\u00f6ran Persson will nicht<a href=\"#_ftn99\" name=\"_ftnref99\">[99]<\/a>.<\/p>\n<p>2006 wird Fredrik Reinfeldt schwedischer Ministerpr\u00e4sident und ernennt Carl Bildt, einen skrupellosen Gesch\u00e4ftsmann, der u. a. Vorstandsmitglied von Vostok Naftas ist, zum Au\u00dfenminister<a href=\"#_ftn100\" name=\"_ftnref100\">[100]<\/a>. Als die Nachricht von seiner Ernennung bekannt wird, ist Carl Bildt gezwungen, zur\u00fcckzutreten<a href=\"#_ftn101\" name=\"_ftnref101\">[101]<\/a>. Er h\u00e4lt jedoch weiterhin Aktien des Unternehmens im Wert von rund 1 Mio. SEK<a href=\"#_ftn102\" name=\"_ftnref102\">[102]<\/a>, was bedeutet, dass er Anteile an Gazprom-Tochtergesellschaften besitzt<a href=\"#_ftn103\" name=\"_ftnref103\">[103]<\/a>. Bildt befindet sich in einem offensichtlichen Interessenkonflikt. Als die Presse den Druck auf seine indirekte Beteiligung an Gazprom erh\u00f6ht, verkauft Bildt seine Aktien<a href=\"#_ftn104\" name=\"_ftnref104\">[104]<\/a>. Er verkauft sie jedoch im Austausch gegen Optionen, die in Aktien umgewandelt werden k\u00f6nnen, f\u00fcr etwa 5 Mio. SEK<a href=\"#_ftn105\" name=\"_ftnref105\">[105]<\/a>.<\/p>\n<p>G\u00f6ran Persson, seit Jahren ein Gegner von Nord Stream, wird 2007 von der PR-Firma JKL eingestellt<a href=\"#_ftn106\" name=\"_ftnref106\">[106]<\/a>. Der Miteigent\u00fcmer von Nord Stream, Eon, ist einer der Hauptkunden des Unternehmens<a href=\"#_ftn107\" name=\"_ftnref107\">[107]<\/a>. Wenige Tage vor der Unterzeichnung des Arbeitsvertrags sitzt G\u00f6ran Persson mit Gerhard Schr\u00f6der beim Abendessen zusammen<a href=\"#_ftn108\" name=\"_ftnref108\">[108]<\/a>. 2009 genehmigt Schweden die russische Gaspipeline<a href=\"#_ftn109\" name=\"_ftnref109\">[109]<\/a>. Professor Kjell Larsson (Universit\u00e4t G\u00f8tland), der Anfang 2007 davor gewarnt hatte, dass die Pipelines zu nahe an sensiblen Naturgebieten gebaut werden<a href=\"#_ftn110\" name=\"_ftnref110\">[110]<\/a>, erh\u00e4lt 5 Millionen Kronen von Nord Stream, um Forschungen \u00fcber Seev\u00f6gel durchzuf\u00fchren und seinen Mund zu halten<a href=\"#_ftn111\" name=\"_ftnref111\">[111]<\/a>. Malin Palmgren, Staatsanw\u00e4ltin bei der Nationalen Antikorruptionseinheit, zeigte ihn an<a href=\"#_ftn112\" name=\"_ftnref112\">[112]<\/a>: Die Anklage wurde fallen gelassen, weil Kjell Larsson die Beratungsarbeit der Universit\u00e4t f\u00fcr die Pipeline verlassen hat<a href=\"#_ftn113\" name=\"_ftnref113\">[113]<\/a>.<\/p>\n<p>Die Politiker der Gemeinde G\u00f8tland erhalten 70 Millionen Kronen f\u00fcr die Renovierung des Hafens von Slite, die f\u00fcr den Bau der Pipeline verwendet werden sollen<a href=\"#_ftn114\" name=\"_ftnref114\">[114]<\/a>. Dan Svanell, ehemaliger Pressesprecher von sieben sozialdemokratischen Ministern und einer der erfahrensten Kommunikatoren Schwedens, wird Berater f\u00fcr die \u00d6ffentlichkeitsarbeit von Nord Stream und erh\u00e4lt ein monatliches Gehalt von mehr als 100.000 Kronen<a href=\"#_ftn115\" name=\"_ftnref115\">[115]<\/a>. Gleichzeitig unterzeichnet die Gemeinde Karlskrona einen Vertrag mit Nord Stream \u00fcber 30 Millionen Kronen f\u00fcr die Miete des Hafengel\u00e4ndes der Gemeinde<a href=\"#_ftn116\" name=\"_ftnref116\">[116]<\/a>. Es stellt sich die Frage: Warum haben schwedische Politiker pl\u00f6tzlich ihre Meinung \u00fcber Nord Stream 2 ge\u00e4ndert?<\/p>\n<p>Am 7. Juni 2018 erteilt das Ministerium f\u00fcr Unternehmen und Innovation der Nord Stream 2 AG die Genehmigung zur Verlegung des Pipelinepaares in den Hoheitsgew\u00e4ssern der Ostsee. Minister Mikael Damberg macht deutlich, dass Schweden, wie kurz zuvor Finnland, keine Einw\u00e4nde gegen eine v\u00f6lkerrechtliche Regel erheben kann, die allen Staaten die Verlegung von Unterwasserpipelines garantiert. Er weist darauf hin, dass sein Land und D\u00e4nemark innerhalb der Europ\u00e4ischen Union ernsthafte Fragen zu den energiepolitischen, rechtlichen und sicherheitstechnischen Aspekten des Nord Stream 2-Projekts gestellt haben<a href=\"#_ftn117\" name=\"_ftnref117\">[117]<\/a>.<\/p>\n<p>All dies wurde nach der Invasion in der Ukraine irrelevant. Am 20. Juni 2022 blockierte Litauen in \u00dcbereinstimmung mit den von der Europ\u00e4ischen Union verh\u00e4ngten Sanktionen gegen bestimmte russische Waren den Eisenbahntransport einer langen Liste von G\u00fctern nach Kaliningrad und provozierte damit eine drohende Reaktion des Kremls<a href=\"#_ftn118\" name=\"_ftnref118\">[118]<\/a>. In dieser Stadt r\u00e4umen die Einwohner in Panik die Regale der Superm\u00e4rkte leer<a href=\"#_ftn119\" name=\"_ftnref119\">[119]<\/a>, obwohl nur wenige Waren blockiert wurden: Verschiedene Arten von Gesch\u00e4ften werden regelm\u00e4\u00dfig aufgef\u00fcllt, ebenso wie Tankstellen. Die Baumaterialien hingegen werden bald zur Neige gehen<a href=\"#_ftn120\" name=\"_ftnref120\">[120]<\/a>. Von nun an ist es auf der Insel G\u00f8tland am besten, auf alles vorbereitet zu sein.<\/p>\n<p>&nbsp;<\/p>\n<p><a href=\"#_ftnref1\" name=\"_ftn1\">[1]<\/a> <a href=\"https:\/\/www.varldenshaftigaste.se\/topplistor\/sveriges-10-storsta-oar\/\">https:\/\/www.varldenshaftigaste.se\/topplistor\/sveriges-10-storsta-oar\/<\/a><\/p>\n<p><a href=\"#_ftnref2\" name=\"_ftn2\">[2]<\/a> <a href=\"https:\/\/www.havet.nu\/egentliga-ostersjon\">https:\/\/www.havet.nu\/egentliga-ostersjon<\/a><\/p>\n<p><a href=\"#_ftnref3\" name=\"_ftn3\">[3]<\/a> <a href=\"https:\/\/viss.lansstyrelsen.se\/MarineRegions.aspx?marineRegionEUID=BAL-SE-RG-Ostersjon\">https:\/\/viss.lansstyrelsen.se\/MarineRegions.aspx?marineRegionEUID=BAL-SE-RG-Ostersjon<\/a><\/p>\n<p><a href=\"#_ftnref4\" name=\"_ftn4\">[4]<\/a> <a href=\"https:\/\/www.britannica.com\/video\/179860\/Overview-archaeologists-efforts-treasure-Viking-Sweden-island\">https:\/\/www.britannica.com\/video\/179860\/Overview-archaeologists-efforts-treasure-Viking-Sweden-island<\/a> ; <a href=\"https:\/\/dna-explained.com\/2020\/09\/18\/442-ancient-viking-skeletons-hold-dna-surprises-does-your-y-or-mitochondrial-dna-match-daily-updates-here\/\">https:\/\/dna-explained.com\/2020\/09\/18\/442-ancient-viking-skeletons-hold-dna-surprises-does-your-y-or-mitochondrial-dna-match-daily-updates-here\/<\/a><\/p>\n<p><a href=\"#_ftnref5\" name=\"_ftn5\">[5]<\/a> <a href=\"https:\/\/popularhistoria.se\/civilisationer\/novgorod\">https:\/\/popularhistoria.se\/civilisationer\/novgorod<\/a><\/p>\n<p><a href=\"#_ftnref6\" name=\"_ftn6\">[6]<\/a> <a href=\"https:\/\/www.so-rummet.se\/kategorier\/G\u00f8tlands-historia\">https:\/\/www.so-rummet.se\/kategorier\/G\u00f8tlands-historia#<\/a><\/p>\n<p><a href=\"#_ftnref7\" name=\"_ftn7\">[7]<\/a> <a href=\"https:\/\/www.so-rummet.se\/kategorier\/G\u00f8tlands-historia\">https:\/\/www.so-rummet.se\/kategorier\/G\u00f8tlands-historia#<\/a><\/p>\n<p><a href=\"#_ftnref8\" name=\"_ftn8\">[8]<\/a> <a href=\"https:\/\/historia.nu\/historia-nu\/det-tragiska-slaget-om-visby-1361\/\">https:\/\/historia.nu\/historia-nu\/det-tragiska-slaget-om-visby-1361\/<\/a><\/p>\n<p><a href=\"#_ftnref9\" name=\"_ftn9\">[9]<\/a> <a href=\"https:\/\/historiska.se\/utstallningar\/massakern-vid-muren\/\">https:\/\/historiska.se\/utstallningar\/massakern-vid-muren\/<\/a><\/p>\n<p><a href=\"#_ftnref10\" name=\"_ftn10\">[10]<\/a> <a href=\"https:\/\/www.so-rummet.se\/kategorier\/G\u00f8tlands-historia\">https:\/\/www.so-rummet.se\/kategorier\/G\u00f8tlands-historia<\/a><\/p>\n<p><a href=\"#_ftnref11\" name=\"_ftn11\">[11]<\/a> <a href=\"https:\/\/www.svd.se\/a\/fd0b10c0-48fe-490f-abeb-425edc5ff70f\/hur-lange-var-G\u00f8tland-ockuperat-av-ryssland\">https:\/\/www.svd.se\/a\/fd0b10c0-48fe-490f-abeb-425edc5ff70f\/hur-lange-var-G\u00f8tland-ockuperat-av-ryssland<\/a><\/p>\n<p><a href=\"#_ftnref12\" name=\"_ftn12\">[12]<\/a> <a href=\"https:\/\/g\u00f8tlandsbesoksnaring.se\/wp-content\/uploads\/2021\/12\/Beso%CC%88ksna%CC%88ringens-betydelse-fo%CC%88r-G\u00f8tland-2021-12-09-1.pdf\">https:\/\/G\u00f8tlandsbesoksnaring.se\/wp-content\/uploads\/2021\/12\/Beso%CC%88ksna%CC%88ringens-betydelse-fo%CC%88r-G\u00f8tland-2021-12-09-1.pdf<\/a><\/p>\n<p><a href=\"#_ftnref13\" name=\"_ftn13\">[13]<\/a> <a href=\"https:\/\/almedalsveckan.info\/om-almedalsveckan\">https:\/\/almedalsveckan.info\/om-almedalsveckan<\/a><\/p>\n<p><a href=\"#_ftnref14\" name=\"_ftn14\">[14]<\/a> <a href=\"https:\/\/www.almedalsveckan.info\/om-almedalsveckan\">https:\/\/www.almedalsveckan.info\/om-almedalsveckan<\/a><\/p>\n<p><a href=\"#_ftnref15\" name=\"_ftn15\">[15]<\/a> <a href=\"https:\/\/www.forsvarsmakten.se\/sv\/var-verksamhet\/forsvarsmakten-i-sverige\/sakerhetslaget-i-naromradet\/\">https:\/\/www.forsvarsmakten.se\/sv\/var-verksamhet\/forsvarsmakten-i-sverige\/sakerhetslaget-i-naromradet\/<\/a><\/p>\n<p><a href=\"#_ftnref16\" name=\"_ftn16\">[16]<\/a> <a href=\"https:\/\/alltsvarade.se\/hur-kan-ryssland-hota-sverige\">https:\/\/alltsvarade.se\/hur-kan-ryssland-hota-sverige<\/a><\/p>\n<p><a href=\"#_ftnref17\" name=\"_ftn17\">[17]<\/a> <a href=\"https:\/\/www.forsvarsmakten.se\/sv\/var-verksamhet\/forsvarsmakten-i-sverige\/sakerhetslaget-i-naromradet\/\">https:\/\/www.forsvarsmakten.se\/sv\/var-verksamhet\/forsvarsmakten-i-sverige\/sakerhetslaget-i-naromradet\/<\/a><\/p>\n<p><a href=\"#_ftnref18\" name=\"_ftn18\">[18]<\/a> <a href=\"https:\/\/www.regeringen.se\/4a8365\/contentassets\/000d750cc7d941b98abedf844a07529f\/regeringens-skrivelse-2020-21-7.pdf\">https:\/\/www.regeringen.se\/4a8365\/contentassets\/000d750cc7d941b98abedf844a07529f\/regeringens-skrivelse-2020-21-7.pdf<\/a><\/p>\n<p><a href=\"#_ftnref19\" name=\"_ftn19\">[19]<\/a> <a href=\"https:\/\/ibiworld.eu\/en\/the-secret-war-for-the-arctic-ocean\/\">https:\/\/ibiworld.eu\/en\/the-secret-war-for-the-arctic-ocean\/<\/a><\/p>\n<p><a href=\"#_ftnref20\" name=\"_ftn20\">[20]<\/a> <a href=\"https:\/\/www.naturvardsverket.se\/om-miljoarbetet\/internationellt-miljoarbete\/multilateralt-miljosamarbete\/arktiska-radet\/\">https:\/\/www.naturvardsverket.se\/om-miljoarbetet\/internationellt-miljoarbete\/multilateralt-miljosamarbete\/arktiska-radet\/<\/a><\/p>\n<p><a href=\"#_ftnref21\" name=\"_ftn21\">[21]<\/a> <a href=\"https:\/\/www.gp.se\/nyheter\/sverige\/milit%C3%A4r-fr%C3%A5n-hela-sverige-anl%C3%A4nder-till-gotland-1.63836947\">https:\/\/www.gp.se\/nyheter\/sverige\/milit%C3%A4r-fr%C3%A5n-hela-sverige-anl%C3%A4nder-till-G\u00f8tland-1.63836947<\/a><\/p>\n<p><a href=\"#_ftnref22\" name=\"_ftn22\">[22]<\/a> <a href=\"https:\/\/www.voanews.com\/a\/swedish-us-troops-drill-on-remilitarized-baltic-sea-island\/6614591.html\">https:\/\/www.voanews.com\/a\/swedish-us-troops-drill-on-remilitarized-baltic-sea-island\/6614591.html<\/a><\/p>\n<p><a href=\"#_ftnref23\" name=\"_ftn23\">[23]<\/a> <a href=\"https:\/\/omni.se\/1,6-miljarder-for-att-starka-forsvaret-pa-gotland\/a\/7dvqOV\">https:\/\/omni.se\/1,6-miljarder-for-att-starka-forsvaret-pa-G\u00f8tland\/a\/7dvqOV<\/a><\/p>\n<p><a href=\"#_ftnref24\" name=\"_ftn24\">[24]<\/a> <a href=\"https:\/\/www.reuters.com\/world\/europe\/swedens-G\u00f8tland-crossroads-history-nato-decision-looms-2022-05-10\/\">https:\/\/www.reuters.com\/world\/europe\/swedens-G\u00f8tland-crossroads-history-nato-decision-looms-2022-05-10\/<\/a><\/p>\n<p><a href=\"#_ftnref25\" name=\"_ftn25\">[25]<\/a> <a href=\"https:\/\/www.nato.int\/cps\/en\/natohq\/topics_52044.htm\">https:\/\/www.nato.int\/cps\/en\/natohq\/topics_52044.htm<\/a><\/p>\n<p><a href=\"#_ftnref26\" name=\"_ftn26\">[26]<\/a> <a href=\"https:\/\/www.nato.int\/cps\/en\/natohq\/topics_52535.htm\">https:\/\/www.nato.int\/cps\/en\/natohq\/topics_52535.htm<\/a><\/p>\n<p><a href=\"#_ftnref27\" name=\"_ftn27\">[27]<\/a> <a href=\"https:\/\/shape.nato.int\/news-archive\/2022\/baltops-22-kicks-off-in-the-baltic-sea\">https:\/\/shape.nato.int\/news-archive\/2022\/baltops-22-kicks-off-in-the-baltic-sea<\/a><\/p>\n<p><a href=\"#_ftnref28\" name=\"_ftn28\">[28]<\/a> <a href=\"https:\/\/www.navy.mil\/Press-Office\/News-Stories\/Article\/3066830\/baltops-22-the-premier-baltic-sea-maritime-exercise-concludes-in-kiel\/\">https:\/\/www.navy.mil\/Press-Office\/News-Stories\/Article\/3066830\/baltops-22-the-premier-baltic-sea-maritime-exercise-concludes-in-kiel\/<\/a><\/p>\n<p><a href=\"#_ftnref29\" name=\"_ftn29\">[29]<\/a> <a href=\"https:\/\/www.voanews.com\/a\/swedish-us-troops-drill-on-remilitarized-baltic-sea-island\/6614591.html\">https:\/\/www.voanews.com\/a\/swedish-us-troops-drill-on-remilitarized-baltic-sea-island\/6614591.html<\/a><\/p>\n<p><a href=\"#_ftnref30\" name=\"_ftn30\">[30]<\/a> <a href=\"https:\/\/www.nytimes.com\/2022\/06\/12\/world\/europe\/us-sweden-military-drill.html\">https:\/\/www.nytimes.com\/2022\/06\/12\/world\/europe\/us-sweden-military-drill.html<\/a><\/p>\n<p><a href=\"#_ftnref31\" name=\"_ftn31\">[31]<\/a> <a href=\"https:\/\/www.lejournalinternational.fr\/L-isola-di-Gotland-riaccende-le-tensioni-tra-NATO-Svezia-e-Russia_a3095.html\">https:\/\/www.lejournalinternational.fr\/L-isola-di-G\u00f8tland-riaccende-le-tensioni-tra-NATO-Svezia-e-Russia_a3095.html<\/a><\/p>\n<p><a href=\"#_ftnref32\" name=\"_ftn32\">[32]<\/a> <a href=\"https:\/\/www.theguardian.com\/world\/2014\/oct\/19\/sweden-search-russian-submarine-stockholm\">https:\/\/www.theguardian.com\/world\/2014\/oct\/19\/sweden-search-russian-submarine-stockholm<\/a><\/p>\n<p><a href=\"#_ftnref33\" name=\"_ftn33\">[33]<\/a> <a href=\"https:\/\/www.bairdmaritime.com\/work-boat-world\/maritime-security-world\/naval\/submersibles-naval\/sweden-buys-back-second-gotland-submarine-base\/?format=feed&amp;limitstart\">https:\/\/www.bairdmaritime.com\/work-boat-world\/maritime-security-world\/naval\/submersibles-naval\/sweden-buys-back-second-G\u00f8tland-submarine-base\/?format=feed&amp;limitstart<\/a><\/p>\n<p><a href=\"#_ftnref34\" name=\"_ftn34\">[34]<\/a> <a href=\"https:\/\/www.bloomberg.com\/news\/photo-essays\/2017-10-18\/sweden-eyes-russia-while-holding-its-own-war-games\">https:\/\/www.bloomberg.com\/news\/photo-essays\/2017-10-18\/sweden-eyes-russia-while-holding-its-own-war-games<\/a><\/p>\n<p><a href=\"#_ftnref35\" name=\"_ftn35\">[35]<\/a> <a href=\"https:\/\/www.navaltoday.com\/2018\/01\/19\/sweden-buys-back-previously-sold-gotland-submarine-base\/\">https:\/\/www.navaltoday.com\/2018\/01\/19\/sweden-buys-back-previously-sold-G\u00f8tland-submarine-base\/<\/a><\/p>\n<p><a href=\"#_ftnref36\" name=\"_ftn36\">[36]<\/a> <a href=\"https:\/\/www.artmaxproperty.com\/\">https:\/\/www.artmaxproperty.com\/<\/a><\/p>\n<p><a href=\"#_ftnref37\" name=\"_ftn37\">[37]<\/a> <a href=\"https:\/\/www.expressen.se\/nyheter\/marinhamnen-i-farosund-sald\/\">https:\/\/www.expressen.se\/nyheter\/marinhamnen-i-farosund-sald\/<\/a> ; <a href=\"https:\/\/helagotland.se\/ekonomi\/nya-turer-kring-en-marklig-hamnaffar-14988179.aspx\">https:\/\/helaG\u00f8tland.se\/ekonomi\/nya-turer-kring-en-marklig-hamnaffar-14988179.aspx<\/a><\/p>\n<p><a href=\"#_ftnref38\" name=\"_ftn38\">[38]<\/a> <a href=\"https:\/\/en.wikipedia.org\/wiki\/Nord_Stream#\/media\/File:Nordstream.png\">https:\/\/en.wikipedia.org\/wiki\/Nord_Stream#\/media\/File:Nordstream.png<\/a><\/p>\n<p><a href=\"#_ftnref39\" name=\"_ftn39\">[39]<\/a> <a href=\"https:\/\/omni.se\/1%2C6-miljarder-for-att-starka-forsvaret-pa-gotland\/a\/7dvqOV\">https:\/\/omni.se\/1%2C6-miljarder-for-att-starka-forsvaret-pa-G\u00f8tland\/a\/7dvqOV<\/a> ; <a href=\"https:\/\/omni.se\/svenska-soldater-ovar-med-usa-pa-gotland-man-tjanar-verkligen-ett-syfte\/a\/XqVWPo\">https:\/\/omni.se\/svenska-soldater-ovar-med-usa-pa-G\u00f8tland-man-tjanar-verkligen-ett-syfte\/a\/XqVWPo<\/a> ; <a href=\"https:\/\/www.forsvarsmakten.se\/sv\/aktuellt\/2022\/06\/samarbete-i-luften-over-nationsgranserna\/\">https:\/\/www.forsvarsmakten.se\/sv\/aktuellt\/2022\/06\/samarbete-i-luften-over-nationsgranserna\/<\/a> ; <a href=\"https:\/\/www.dagensjuridik.se\/debatt\/debatt-ett-svenskt-gotland-eller-inte\/\">https:\/\/www.dagensjuridik.se\/debatt\/debatt-ett-svenskt-G\u00f8tland-eller-inte\/<\/a> ; <a href=\"https:\/\/www.dn.se\/sverige\/soldater-pa-gatorna-i-visby-man-paminns-om-allvaret\/\">https:\/\/www.dn.se\/sverige\/soldater-pa-gatorna-i-visby-man-paminns-om-allvaret\/<\/a> ; <a href=\"https:\/\/sverigesradio.se\/artikel\/oro-bland-ryssar-pa-gotland-det-vacks-ett-hat\">https:\/\/sverigesradio.se\/artikel\/oro-bland-ryssar-pa-G\u00f8tland-det-vacks-ett-hat<\/a><\/p>\n<p><a href=\"#_ftnref40\" name=\"_ftn40\">[40]<\/a> <a href=\"https:\/\/sverigesradio.se\/artikel\/oro-bland-ryssar-pa-gotland-det-vacks-ett-hat\">https:\/\/sverigesradio.se\/artikel\/oro-bland-ryssar-pa-G\u00f8tland-det-vacks-ett-hat<\/a><\/p>\n<p><a href=\"#_ftnref41\" name=\"_ftn41\">[41]<\/a> <a href=\"https:\/\/en.wikipedia.org\/wiki\/Nord_Stream#\/media\/File:Nordstream.png\">https:\/\/en.wikipedia.org\/wiki\/Nord_Stream#\/media\/File:Nordstream.png<\/a><\/p>\n<p><a href=\"#_ftnref42\" name=\"_ftn42\">[42]<\/a> <a href=\"https:\/\/www.nord-stream.com\/the-project\/pipeline\/\">https:\/\/www.nord-stream.com\/the-project\/pipeline\/<\/a><\/p>\n<p><a href=\"#_ftnref43\" name=\"_ftn43\">[43]<\/a> <a href=\"https:\/\/thebarentsobserver.com\/en\/industry-and-energy\/2017\/01\/more-arctic-gas-europe-russia-opens-new-pipeline\">https:\/\/thebarentsobserver.com\/en\/industry-and-energy\/2017\/01\/more-arctic-gas-europe-russia-opens-new-pipeline<\/a><\/p>\n<p><a href=\"#_ftnref44\" name=\"_ftn44\">[44]<\/a> <a href=\"https:\/\/wintershalldea.com\/en\/newsroom\/nord-stream-ten-years-secure-energy-supply\">https:\/\/wintershalldea.com\/en\/newsroom\/nord-stream-ten-years-secure-energy-supply<\/a><\/p>\n<p><a href=\"#_ftnref45\" name=\"_ftn45\">[45]<\/a> <a href=\"https:\/\/web.archive.org\/web\/20110707213810\/http:\/www.barentsobserver.com\/nord-stream-more-expensive.4760460-116321.html\">https:\/\/web.archive.org\/web\/20110707213810\/http:\/\/www.barentsobserver.com\/nord-stream-more-expensive.4760460-116321.html<\/a><\/p>\n<p><a href=\"#_ftnref46\" name=\"_ftn46\">[46]<\/a> <a href=\"https:\/\/www.unav.edu\/web\/global-affairs\/detalle\/-\/blogs\/the-nord-stream-2-divides-the-eu\">https:\/\/www.unav.edu\/web\/global-affairs\/detalle\/-\/blogs\/the-nord-stream-2-divides-the-eu<\/a><\/p>\n<p><a href=\"#_ftnref47\" name=\"_ftn47\">[47]<\/a> <a href=\"https:\/\/www.reuters.com\/article\/nordstream-gas-usa-idAFL1N2OY0JY\">https:\/\/www.reuters.com\/article\/nordstream-gas-usa-idAFL1N2OY0JY<\/a><\/p>\n<p><a href=\"#_ftnref48\" name=\"_ftn48\">[48]<\/a> <a href=\"https:\/\/www.cleanenergywire.org\/factsheets\/gas-pipeline-nord-stream-2-links-germany-russia-splits-europe\">https:\/\/www.cleanenergywire.org\/factsheets\/gas-pipeline-nord-stream-2-links-germany-russia-splits-europe<\/a><\/p>\n<p><a href=\"#_ftnref49\" name=\"_ftn49\">[49]<\/a> <a href=\"https:\/\/ukandeu.ac.uk\/the-facts\/what-is-nord-stream-2\/\">https:\/\/ukandeu.ac.uk\/the-facts\/what-is-nord-stream-2\/<\/a><\/p>\n<p><a href=\"#_ftnref50\" name=\"_ftn50\">[50]<\/a> <a href=\"https:\/\/www.reuters.com\/markets\/europe\/exclusive-nord-stream-2-owner-considers-insolvency-after-pipeline-halt-sanctions-2022-03-01\/\">https:\/\/www.reuters.com\/markets\/europe\/exclusive-nord-stream-2-owner-considers-insolvency-after-pipeline-halt-sanctions-2022-03-01\/<\/a><\/p>\n<p><a href=\"#_ftnref51\" name=\"_ftn51\">[51]<\/a> <a href=\"https:\/\/www.shell.com\/media\/news-and-media-releases\/2022\/royal-dutch-shell-plc-changes-its-name-to-shell-plc.html\">https:\/\/www.shell.com\/media\/news-and-media-releases\/2022\/royal-dutch-shell-plc-changes-its-name-to-shell-plc.html<\/a><\/p>\n<p><a href=\"#_ftnref52\" name=\"_ftn52\">[52]<\/a> <a href=\"https:\/\/www.osw.waw.pl\/en\/publikacje\/analyses\/2017-04-26\/nord-stream-2-financing-agreements\">https:\/\/www.osw.waw.pl\/en\/publikacje\/analyses\/2017-04-26\/nord-stream-2-financing-agreements<\/a><\/p>\n<p><a href=\"#_ftnref53\" name=\"_ftn53\">[53]<\/a> <a href=\"https:\/\/www.reuters.com\/business\/energy\/germanys-scholz-halts-nord-stream-2-certification-2022-02-22\/%20;%20https:\/www.politico.eu\/article\/vladimir-putin-russia-ukraine-donbass-separatist-recognition\/\">https:\/\/www.reuters.com\/business\/energy\/germanys-scholz-halts-nord-stream-2-certification-2022-02-22\/ ; https:\/\/www.politico.eu\/article\/vladimir-putin-russia-ukraine-donbass-separatist-recognition\/<\/a><\/p>\n<p><a href=\"#_ftnref54\" name=\"_ftn54\">[54]<\/a> <a href=\"https:\/\/www.hydrocarbons-technology.com\/projects\/urengoy-gas-and-condensate-field-development-russia\/\">https:\/\/www.hydrocarbons-technology.com\/projects\/urengoy-gas-and-condensate-field-development-russia\/<\/a> ; Simon Pirani, &#8222;Russian gas transit through Ukraine after 2019: the options&#8220;, The Oxfrod Insistute forEnergy Studies, 2018, p. 16<\/p>\n<p><a href=\"#_ftnref55\" name=\"_ftn55\">[55]<\/a> <a href=\"https:\/\/www.ukrinform.net\/rubric-economy\/3341204-ukrainian-gts-ready-to-ship-additional-gas-volumes-to-europe.html\">https:\/\/www.ukrinform.net\/rubric-economy\/3341204-ukrainian-gts-ready-to-ship-additional-gas-volumes-to-europe.html<\/a><\/p>\n<p><a href=\"#_ftnref56\" name=\"_ftn56\">[56]<\/a> <a href=\"https:\/\/www.theguardian.com\/world\/2009\/jan\/03\/russia-ukraine-gas-supplies-gazprom\">https:\/\/www.theguardian.com\/world\/2009\/jan\/03\/russia-ukraine-gas-supplies-gazprom<\/a><\/p>\n<p><a href=\"#_ftnref57\" name=\"_ftn57\">[57]<\/a> <a href=\"https:\/\/uacrisis.org\/en\/top-3-russian-myths-about-ukraine-s-gas-transmission-system\">https:\/\/uacrisis.org\/en\/top-3-russian-myths-about-ukraine-s-gas-transmission-system<\/a><\/p>\n<p><a href=\"#_ftnref58\" name=\"_ftn58\">[58]<\/a> <a href=\"https:\/\/tsoua.com\/en\/about-us\/history\/\">https:\/\/tsoua.com\/en\/about-us\/history\/<\/a> ; <a href=\"https:\/\/tsoua.com\/en\/news\/unbundling-is-completed-an-independent-gts-operator-began-to-work\/\">https:\/\/tsoua.com\/en\/news\/unbundling-is-completed-an-independent-gts-operator-began-to-work\/<\/a><\/p>\n<p><a href=\"#_ftnref59\" name=\"_ftn59\">[59]<\/a> <a href=\"https:\/\/www.ukrinform.net\/rubric-economy\/3332184-over-uah-46b-already-invested-in-ukraines-gts-in-2021-as-part-of-modernization.html\">https:\/\/www.ukrinform.net\/rubric-economy\/3332184-over-uah-46b-already-invested-in-ukraines-gts-in-2021-as-part-of-modernization.html<\/a><\/p>\n<p><a href=\"#_ftnref60\" name=\"_ftn60\">[60]<\/a> <a href=\"https:\/\/www.reuters.com\/business\/energy\/is-war-ukraine-impacting-russian-gas-supplies-europe-2022-03-07\/\">https:\/\/www.reuters.com\/business\/energy\/is-war-ukraine-impacting-russian-gas-supplies-europe-2022-03-07\/<\/a><\/p>\n<p><a href=\"#_ftnref61\" name=\"_ftn61\">[61]<\/a> <a href=\"https:\/\/www.ukrinform.net\/rubric-economy\/3480714-gtsou-says-russia-steals-gas-within-temporarily-occupied-territories.html\">https:\/\/www.ukrinform.net\/rubric-economy\/3480714-gtsou-says-russia-steals-gas-within-temporarily-occupied-territories.html<\/a> ; <a href=\"https:\/\/www.washingtonpost.com\/world\/2022\/05\/11\/ukraine-naftogaz-halt-russia-gas-gazprom-europe\/\">https:\/\/www.washingtonpost.com\/world\/2022\/05\/11\/ukraine-naftogaz-halt-russia-gas-gazprom-europe\/<\/a><\/p>\n<p><a href=\"#_ftnref62\" name=\"_ftn62\">[62]<\/a> <a href=\"https:\/\/www.eia.gov\/analysis\/studies\/worldshalegas\/\">https:\/\/www.eia.gov\/analysis\/studies\/worldshalegas\/<\/a><\/p>\n<p><a href=\"#_ftnref63\" name=\"_ftn63\">[63]<\/a> <a href=\"https:\/\/www.bloomberg.com\/quicktake\/fracking-europe#xj4y7vzkg\">https:\/\/www.bloomberg.com\/quicktake\/fracking-europe#xj4y7vzkg<\/a><\/p>\n<p><a href=\"#_ftnref64\" name=\"_ftn64\">[64]<\/a> Olena Miskun, Vladlena Martsynkevych, Antoine Simon, &#8222;The dash for gas in Ukraine &#8211; Current trends in the production of unconventional reserves&#8220;, National Ecological Centre of Ukraine and CEE Bankwatch Network, 2014, p.5<\/p>\n<p><a href=\"#_ftnref65\" name=\"_ftn65\">[65]<\/a> <a href=\"https:\/\/www.ukrinform.net\/rubric-society\/3372912-yuzivka-between-fakes-and-the-truth-of-ukraines-gas-independence.html\">https:\/\/www.ukrinform.net\/rubric-society\/3372912-yuzivka-between-fakes-and-the-truth-of-ukraines-gas-independence.html<\/a><\/p>\n<p><a href=\"#_ftnref66\" name=\"_ftn66\">[66]<\/a> <a href=\"http:\/\/shalegas.in.ua\/en\/shale-gas-resources-in-ukraine\/\">http:\/\/shalegas.in.ua\/en\/shale-gas-resources-in-ukraine\/<\/a><\/p>\n<p><a href=\"#_ftnref67\" name=\"_ftn67\">[67]<\/a> <a href=\"https:\/\/www.ft.com\/content\/76b41d9c-847e-11e4-ba4f-00144feabdc0\">https:\/\/www.ft.com\/content\/76b41d9c-847e-11e4-ba4f-00144feabdc0<\/a><\/p>\n<p><a href=\"#_ftnref68\" name=\"_ftn68\">[68]<\/a> <a href=\"http:\/\/shalegas.in.ua\/en\/ukrajina-pidpysala-urp-z-shevron\/\">http:\/\/shalegas.in.ua\/en\/ukrajina-pidpysala-urp-z-shevron\/<\/a><\/p>\n<p><a href=\"#_ftnref69\" name=\"_ftn69\">[69]<\/a> <a href=\"https:\/\/www.ft.com\/content\/0c66011e-104a-11e5-bd70-00144feabdc0\">https:\/\/www.ft.com\/content\/0c66011e-104a-11e5-bd70-00144feabdc0<\/a><\/p>\n<p><a href=\"#_ftnref70\" name=\"_ftn70\">[70]<\/a> <a href=\"https:\/\/www.euractiv.com\/section\/energy\/opinion\/russia-s-silent-shale-gas-victory-in-ukraine\/\">https:\/\/www.euractiv.com\/section\/energy\/opinion\/russia-s-silent-shale-gas-victory-in-ukraine\/<\/a><\/p>\n<p><a href=\"#_ftnref71\" name=\"_ftn71\">[71]<\/a> <a href=\"https:\/\/www.republicworld.com\/world-news\/russia-ukraine-crisis\/russia-ukraine-war-russian-nord-stream-2-gas-pipeline-is-dead-says-us-under-secy-nuland-articleshow.html\">https:\/\/www.republicworld.com\/world-news\/russia-ukraine-crisis\/russia-ukraine-war-russian-nord-stream-2-gas-pipeline-is-dead-says-us-under-secy-nuland-articleshow.html<\/a><\/p>\n<p><a href=\"#_ftnref72\" name=\"_ftn72\">[72]<\/a> <a href=\"https:\/\/www.cnbc.com\/2019\/12\/18\/us-sanctions-on-nord-stream-2-pipeline.html\">https:\/\/www.cnbc.com\/2019\/12\/18\/us-sanctions-on-nord-stream-2-pipeline.html<\/a><\/p>\n<p><a href=\"#_ftnref73\" name=\"_ftn73\">[73]<\/a> <a href=\"https:\/\/www.reuters.com\/business\/energy\/us-imposes-further-sanctions-connection-with-nord-stream-2-gas-pipeline-2021-11-22\/\">https:\/\/www.reuters.com\/business\/energy\/us-imposes-further-sanctions-connection-with-nord-stream-2-gas-pipeline-2021-11-22\/<\/a><\/p>\n<p><a href=\"#_ftnref74\" name=\"_ftn74\">[74]<\/a> <a href=\"https:\/\/www.reuters.com\/business\/energy\/us-plans-sanctions-company-building-russias-nord-stream-2-pipeline-cnn-2022-02-23\/\">https:\/\/www.reuters.com\/business\/energy\/us-plans-sanctions-company-building-russias-nord-stream-2-pipeline-cnn-2022-02-23\/<\/a><\/p>\n<p><a href=\"#_ftnref75\" name=\"_ftn75\">[75]<\/a> <a href=\"https:\/\/theconversation.com\/what-the-lifting-of-us-sanctions-means-for-the-nord-stream-2-pipeline-165275\">https:\/\/theconversation.com\/what-the-lifting-of-us-sanctions-means-for-the-nord-stream-2-pipeline-165275<\/a><\/p>\n<p><a href=\"#_ftnref76\" name=\"_ftn76\">[76]<\/a> <a href=\"https:\/\/www.swp-berlin.org\/10.18449\/2019C06\/\">https:\/\/www.swp-berlin.org\/10.18449\/2019C06\/<\/a><\/p>\n<p><a href=\"#_ftnref77\" name=\"_ftn77\">[77]<\/a> <a href=\"https:\/\/kafkadesk.org\/2019\/11\/14\/poland-slaps-a-e40-million-fine-on-frances-engie-over-nord-stream-2-project\/\">https:\/\/kafkadesk.org\/2019\/11\/14\/poland-slaps-a-e40-million-fine-on-frances-engie-over-nord-stream-2-project\/<\/a> ; <a href=\"https:\/\/kafkadesk.org\/2021\/05\/21\/poland-angered-by-us-president-bidens-nord-stream-ii-decision\/\">https:\/\/kafkadesk.org\/2021\/05\/21\/poland-angered-by-us-president-bidens-nord-stream-ii-decision\/<\/a><\/p>\n<p><a href=\"#_ftnref78\" name=\"_ftn78\">[78]<\/a> <a href=\"https:\/\/kafkadesk.org\/2021\/08\/18\/nord-stream-ii-whats-at-stake-for-central-and-eastern-europe\/\">https:\/\/kafkadesk.org\/2021\/08\/18\/nord-stream-ii-whats-at-stake-for-central-and-eastern-europe\/<\/a><\/p>\n<p><a href=\"#_ftnref79\" name=\"_ftn79\">[79]<\/a> <a href=\"https:\/\/www.reuters.com\/article\/sweden-nord-stream-idUSL5N1E93WW\">https:\/\/www.reuters.com\/article\/sweden-nord-stream-idUSL5N1E93WW<\/a><\/p>\n<p><a href=\"#_ftnref80\" name=\"_ftn80\">[80]<\/a> <a href=\"https:\/\/www.bloomberg.com\/profile\/company\/1691175D:SW\">https:\/\/www.bloomberg.com\/profile\/company\/1691175D:SW<\/a><\/p>\n<p><a href=\"#_ftnref81\" name=\"_ftn81\">[81]<\/a> <a href=\"https:\/\/www.reuters.com\/business\/energy\/russias-rosneft-says-german-ex-chancellor-schroeder-quits-board-2022-05-20\/\">https:\/\/www.reuters.com\/business\/energy\/russias-rosneft-says-german-ex-chancellor-schroeder-quits-board-2022-05-20\/<\/a> ; <a href=\"https:\/\/www.dw.com\/en\/germanys-former-chancellor-gerhard-schr%C3%B6der-to-join-gazprom-board\/a-60664273\">https:\/\/www.dw.com\/en\/germanys-former-chancellor-gerhard-schr%C3%B6der-to-join-gazprom-board\/a-60664273<\/a><\/p>\n<p><a href=\"#_ftnref82\" name=\"_ftn82\">[82]<\/a> <a href=\"https:\/\/www.thelocal.se\/20161210\/gotland-split-by-discussions-of-russian-pipeline\/\">https:\/\/www.thelocal.se\/20161210\/G\u00f8tland-split-by-discussions-of-russian-pipeline\/<\/a><\/p>\n<p><a href=\"#_ftnref83\" name=\"_ftn83\">[83]<\/a> <a href=\"https:\/\/www.karlshamnshamn.se\/en\/nord-stream-2-potential-large-business-and-new-work-places-port-karlshamn\">https:\/\/www.karlshamnshamn.se\/en\/nord-stream-2-potential-large-business-and-new-work-places-port-karlshamn<\/a><\/p>\n<p><a href=\"#_ftnref84\" name=\"_ftn84\">[84]<\/a> <a href=\"https:\/\/www.thelocal.se\/20161208\/russia-we-have-no-plans-to-invade-sweden\/\">https:\/\/www.thelocal.se\/20161208\/russia-we-have-no-plans-to-invade-sweden\/<\/a><\/p>\n<p><a href=\"#_ftnref85\" name=\"_ftn85\">[85]<\/a> <a href=\"https:\/\/www.lansstyrelsen.se\/gotland\/om-oss\/nyheter-och-press\/nyheter---gotland\/2018-11-22-avstyrker-tillstand-for-kalkbrytning.html\">https:\/\/www.lansstyrelsen.se\/gotland\/om-oss\/nyheter-och-press\/nyheter&#8212;gotland\/2018-11-22-avstyrker-tillstand-for-kalkbrytning.html<\/a><\/p>\n<p><a href=\"#_ftnref86\" name=\"_ftn86\">[86]<\/a> <a href=\"https:\/\/www.thelocal.se\/20161214\/gotland-says-no-to-leasing-port-to-russian-gas-project\/\">https:\/\/www.thelocal.se\/20161214\/G\u00f8tland-says-no-to-leasing-port-to-russian-gas-project\/<\/a><\/p>\n<p><a href=\"#_ftnref87\" name=\"_ftn87\">[87]<\/a> <a href=\"https:\/\/www.svt.se\/nyheter\/utrikes\/rysslands-sverigeambassador-vi-har-inte-ockuperat-krim\">https:\/\/www.svt.se\/nyheter\/utrikes\/rysslands-sverigeambassador-vi-har-inte-ockuperat-krim<\/a><\/p>\n<p><a href=\"#_ftnref88\" name=\"_ftn88\">[88]<\/a> <a href=\"https:\/\/www.eurotopics.net\/en\/173669\/karlshamn-goes-rogue-on-nord-stream-2\">https:\/\/www.eurotopics.net\/en\/173669\/karlshamn-goes-rogue-on-nord-stream-2<\/a><\/p>\n<p><a href=\"#_ftnref89\" name=\"_ftn89\">[89]<\/a> <a href=\"https:\/\/www.euro-petrole.com\/nord-stream-2-last-pipe-leaves-port-of-karlshamn-n-i-19179\">https:\/\/www.euro-petrole.com\/nord-stream-2-last-pipe-leaves-port-of-karlshamn-n-i-19179<\/a><\/p>\n<p><a href=\"#_ftnref90\" name=\"_ftn90\">[90]<\/a> aftonbladet.se\/ledare\/a\/pRR81\/gasledningen-ar-rysk-maktpolitik ; <a href=\"https:\/\/www.sydsvenskan.se\/2017-01-31\/utan-raka-ror-i-regeringen-blir-det-ryska-ror\">https:\/\/www.sydsvenskan.se\/2017-01-31\/utan-raka-ror-i-regeringen-blir-det-ryska-ror<\/a><\/p>\n<p><a href=\"#_ftnref91\" name=\"_ftn91\">[91]<\/a> <a href=\"https:\/\/www.reuters.com\/world\/europe\/sweden-boost-military-gotland-amid-russia-fears-2022-04-29\/\">https:\/\/www.reuters.com\/world\/europe\/sweden-boost-military-G\u00f8tland-amid-russia-fears-2022-04-29\/<\/a><\/p>\n<p><a href=\"#_ftnref92\" name=\"_ftn92\">[92]<\/a> Karin Edberg, Anna-Lisa Fransson, Ingemar Elander &#8222;Island and the Pipeline: G\u00f8tland Facing the Geopolitical Power of Nord Stream&#8220;, \u00d6rebro University, School of Humanities, Education and Social Sciences, 2017, pp. 33-35<\/p>\n<p><a href=\"#_ftnref93\" name=\"_ftn93\">[93]<\/a> <a href=\"https:\/\/www.svd.se\/a\/c90bec9e-9604-3c6f-86b6-c8bc1dc616ea\/klart-for-omstridd-gasledning\">https:\/\/www.svd.se\/a\/c90bec9e-9604-3c6f-86b6-c8bc1dc616ea\/klart-for-omstridd-gasledning<\/a><\/p>\n<p><a href=\"#_ftnref94\" name=\"_ftn94\">[94]<\/a> <a href=\"https:\/\/sverigesradio.se\/artikel\/734595\">https:\/\/sverigesradio.se\/artikel\/734595<\/a><\/p>\n<p><a href=\"#_ftnref95\" name=\"_ftn95\">[95]<\/a> <a href=\"https:\/\/www.youtube.com\/watch?v=t1xadpx0Z_g\">https:\/\/www.youtube.com\/watch?v=t1xadpx0Z_g<\/a> ; <a href=\"https:\/\/www.gp.se\/nyheter\/sverige\/f%C3%A5-men-minnesv%C3%A4rda-ryska-m%C3%B6ten-1.14433954\">https:\/\/www.gp.se\/nyheter\/sverige\/f%C3%A5-men-minnesv%C3%A4rda-ryska-m%C3%B6ten-1.14433954<\/a><\/p>\n<p><a href=\"#_ftnref96\" name=\"_ftn96\">[96]<\/a> <a href=\"http:\/\/en.kremlin.ru\/events\/president\/transcripts\/22280\">http:\/\/en.kremlin.ru\/events\/president\/transcripts\/22280<\/a><\/p>\n<p><a href=\"#_ftnref97\" name=\"_ftn97\">[97]<\/a> <a href=\"https:\/\/kvartal.se\/artiklar\/carl-bildt-pengarna-och-den-ryska-gasen-under-ytan\/\">https:\/\/kvartal.se\/artiklar\/carl-bildt-pengarna-och-den-ryska-gasen-under-ytan\/<\/a><\/p>\n<p><a href=\"#_ftnref98\" name=\"_ftn98\">[98]<\/a> <a href=\"https:\/\/www.europaportalen.se\/2009\/11\/svenskt-ja-till-omstridd-gasledning-0\">https:\/\/www.europaportalen.se\/2009\/11\/svenskt-ja-till-omstridd-gasledning-0<\/a><\/p>\n<p><a href=\"#_ftnref99\" name=\"_ftn99\">[99]<\/a> <a href=\"https:\/\/www.svd.se\/a\/77801742-8eed-3472-9ce6-7fdff424edfb\/svart-att-stoppa-gasledning\">https:\/\/www.svd.se\/a\/77801742-8eed-3472-9ce6-7fdff424edfb\/svart-att-stoppa-gasledning<\/a><\/p>\n<p><a href=\"#_ftnref100\" name=\"_ftn100\">[100]<\/a> <a href=\"https:\/\/sverigesradio.se\/artikel\/1316344\">https:\/\/sverigesradio.se\/artikel\/1316344<\/a><\/p>\n<p><a href=\"#_ftnref101\" name=\"_ftn101\">[101]<\/a> <a href=\"https:\/\/www.mynewsdesk.com\/se\/vostok_nafta\/pressreleases\/carl-bildt-laemnar-vostok-naftas-styrelse-108782\">https:\/\/www.mynewsdesk.com\/se\/vostok_nafta\/pressreleases\/carl-bildt-laemnar-vostok-naftas-styrelse-108782<\/a><\/p>\n<p><a href=\"#_ftnref102\" name=\"_ftn102\">[102]<\/a> <a href=\"https:\/\/www.varldenidag.se\/ledare\/politiska-beslut-till-salu\/cbbigA!b2cFe2o2cf6IL21PJ9VHvg\/\">https:\/\/www.varldenidag.se\/ledare\/politiska-beslut-till-salu\/cbbigA!b2cFe2o2cf6IL21PJ9VHvg\/<\/a><\/p>\n<p><a href=\"#_ftnref103\" name=\"_ftn103\">[103]<\/a> <a href=\"https:\/\/svenska.yle.fi\/a\/7-177642\">https:\/\/svenska.yle.fi\/a\/7-177642<\/a><\/p>\n<p><a href=\"#_ftnref104\" name=\"_ftn104\">[104]<\/a> <a href=\"https:\/\/www.svd.se\/a\/07e48c86-514d-317d-95f5-e2028fc59fc8\/bildt-viker-sig-drar-sig-ur-vostok-nafta\">https:\/\/www.svd.se\/a\/07e48c86-514d-317d-95f5-e2028fc59fc8\/bildt-viker-sig-drar-sig-ur-vostok-nafta<\/a><\/p>\n<p><a href=\"#_ftnref105\" name=\"_ftn105\">[105]<\/a> <a href=\"https:\/\/kvartal.se\/artiklar\/carl-bildt-pengarna-och-den-ryska-gasen-under-ytan\/\">https:\/\/kvartal.se\/artiklar\/carl-bildt-pengarna-och-den-ryska-gasen-under-ytan\/<\/a><\/p>\n<p><a href=\"#_ftnref106\" name=\"_ftn106\">[106]<\/a> <a href=\"https:\/\/www.resume.se\/alla-nyheter\/nyheter\/goran-perssons-lon-1-3-miljoner\/\">https:\/\/www.resume.se\/alla-nyheter\/nyheter\/goran-perssons-lon-1-3-miljoner\/<\/a><\/p>\n<p><a href=\"#_ftnref107\" name=\"_ftn107\">[107]<\/a> <a href=\"https:\/\/kvartal.se\/artiklar\/carl-bildt-pengarna-och-den-ryska-gasen-under-ytan\/\">https:\/\/kvartal.se\/artiklar\/carl-bildt-pengarna-och-den-ryska-gasen-under-ytan\/<\/a><\/p>\n<p><a href=\"#_ftnref108\" name=\"_ftn108\">[108]<\/a> <a href=\"https:\/\/www.svd.se\/a\/1810db7f-f1c5-3a3b-ad7e-24b534a40f06\/goran-persson-blir-pr-konsult\">https:\/\/www.svd.se\/a\/1810db7f-f1c5-3a3b-ad7e-24b534a40f06\/goran-persson-blir-pr-konsult<\/a><\/p>\n<p><a href=\"#_ftnref109\" name=\"_ftn109\">[109]<\/a> <a href=\"https:\/\/svenska.yle.fi\/a\/7-351566\">https:\/\/svenska.yle.fi\/a\/7-351566<\/a><\/p>\n<p><a href=\"#_ftnref110\" name=\"_ftn110\">[110]<\/a> <a href=\"https:\/\/www.varldenidag.se\/ledare\/politiska-beslut-till-salu\/cbbigA!b2cFe2o2cf6IL21PJ9VHvg\/\">https:\/\/www.varldenidag.se\/ledare\/politiska-beslut-till-salu\/cbbigA!b2cFe2o2cf6IL21PJ9VHvg\/<\/a><\/p>\n<p><a href=\"#_ftnref111\" name=\"_ftn111\">[111]<\/a> <a href=\"https:\/\/www.tv4.se\/artikel\/4fc3b89804bf72228b00c4ca\/vad-har-hant-hittills\">https:\/\/www.tv4.se\/artikel\/4fc3b89804bf72228b00c4ca\/vad-har-hant-hittills<\/a><\/p>\n<p><a href=\"#_ftnref112\" name=\"_ftn112\">[112]<\/a> <a href=\"https:\/\/www.varldenidag.se\/ledare\/politiska-beslut-till-salu\/cbbigA!b2cFe2o2cf6IL21PJ9VHvg\/\">https:\/\/www.varldenidag.se\/ledare\/politiska-beslut-till-salu\/cbbigA!b2cFe2o2cf6IL21PJ9VHvg\/<\/a><\/p>\n<p><a href=\"#_ftnref113\" name=\"_ftn113\">[113]<\/a> <a href=\"https:\/\/kvartal.se\/artiklar\/carl-bildt-pengarna-och-den-ryska-gasen-under-ytan\/\">https:\/\/kvartal.se\/artiklar\/carl-bildt-pengarna-och-den-ryska-gasen-under-ytan\/<\/a><\/p>\n<p><a href=\"#_ftnref114\" name=\"_ftn114\">[114]<\/a> <a href=\"https:\/\/www.aftonbladet.se\/nyheter\/a\/ngL65J\/vi-har-inte-blivit-kopta\">https:\/\/www.aftonbladet.se\/nyheter\/a\/ngL65J\/vi-har-inte-blivit-kopta<\/a><\/p>\n<p><a href=\"#_ftnref115\" name=\"_ftn115\">[115]<\/a> <a href=\"https:\/\/campaigndossier.wordpress.com\/tag\/dan-svanell\/\">https:\/\/campaigndossier.wordpress.com\/tag\/dan-svanell\/<\/a><\/p>\n<p><a href=\"#_ftnref116\" name=\"_ftn116\">[116]<\/a> <a href=\"https:\/\/www.varldenidag.se\/ledare\/politiska-beslut-till-salu\/cbbigA!b2cFe2o2cf6IL21PJ9VHvg\/\">https:\/\/www.varldenidag.se\/ledare\/politiska-beslut-till-salu\/cbbigA!b2cFe2o2cf6IL21PJ9VHvg\/<\/a><\/p>\n<p><a href=\"#_ftnref117\" name=\"_ftn117\">[117]<\/a> <a href=\"https:\/\/www.government.se\/press-releases\/2018\/06\/decision-on-application-from-nord-stream-2-ag\/\">https:\/\/www.government.se\/press-releases\/2018\/06\/decision-on-application-from-nord-stream-2-ag\/<\/a><\/p>\n<p><a href=\"#_ftnref118\" name=\"_ftn118\">[118]<\/a> <a href=\"https:\/\/www.washingtonpost.com\/world\/2022\/06\/21\/kaliningrad-lithuania-russia-reaction\/\">https:\/\/www.washingtonpost.com\/world\/2022\/06\/21\/kaliningrad-lithuania-russia-reaction\/<\/a> ; <a href=\"https:\/\/www.repubblica.it\/esteri\/2022\/06\/20\/news\/blocco_di_kaliningrad_si_riaccende_la_tensione_europarussia-354732012\/?ref=RHTP-BH-I347279517-P6-S2-T1\">https:\/\/www.repubblica.it\/esteri\/2022\/06\/20\/news\/blocco_di_kaliningrad_si_riaccende_la_tensione_europarussia-354732012\/?ref=RHTP-BH-I347279517-P6-S2-T1<\/a><\/p>\n<p><a href=\"#_ftnref119\" name=\"_ftn119\">[119]<\/a> <a href=\"https:\/\/www.theguardian.com\/world\/2022\/jun\/20\/russia-condemns-lithuania-transit-ban-some-goods-kaliningrad\">https:\/\/www.theguardian.com\/world\/2022\/jun\/20\/russia-condemns-lithuania-transit-ban-some-goods-kaliningrad<\/a><\/p>\n<p><a href=\"#_ftnref120\" name=\"_ftn120\">[120]<\/a> <a href=\"https:\/\/www.washingtonpost.com\/world\/2022\/06\/21\/kaliningrad-lithuania-russia-reaction\/\">https:\/\/www.washingtonpost.com\/world\/2022\/06\/21\/kaliningrad-lithuania-russia-reaction\/<\/a><\/p>\n","protected":false},"excerpt":{"rendered":"<p>Es gibt eine gro\u00dfe, vergessene Insel in der Ostsee, die so gro\u00df ist, dass sie S\u00fc\u00dfwasserfl\u00fcsse hat, die in ein Meer m\u00fcnden, das wegen seiner Mischung aus Salz- und S\u00fc\u00dfwasser einzigartig ist. Sie grenzt an neun verschiedene L\u00e4nder in der Ostsee[1] mit insgesamt 90 Millionen Menschen[2]: D\u00e4nemark<\/p>\n","protected":false},"author":7,"featured_media":3143,"comment_status":"open","ping_status":"open","sticky":false,"template":"","format":"standard","meta":[],"categories":[144,137,76,56],"tags":[57],"_links":{"self":[{"href":"https:\/\/ibiworld.eu\/de\/wp-json\/wp\/v2\/posts\/3142"}],"collection":[{"href":"https:\/\/ibiworld.eu\/de\/wp-json\/wp\/v2\/posts"}],"about":[{"href":"https:\/\/ibiworld.eu\/de\/wp-json\/wp\/v2\/types\/post"}],"author":[{"embeddable":true,"href":"https:\/\/ibiworld.eu\/de\/wp-json\/wp\/v2\/users\/7"}],"replies":[{"embeddable":true,"href":"https:\/\/ibiworld.eu\/de\/wp-json\/wp\/v2\/comments?post=3142"}],"version-history":[{"count":1,"href":"https:\/\/ibiworld.eu\/de\/wp-json\/wp\/v2\/posts\/3142\/revisions"}],"predecessor-version":[{"id":3150,"href":"https:\/\/ibiworld.eu\/de\/wp-json\/wp\/v2\/posts\/3142\/revisions\/3150"}],"wp:featuredmedia":[{"embeddable":true,"href":"https:\/\/ibiworld.eu\/de\/wp-json\/wp\/v2\/media\/3143"}],"wp:attachment":[{"href":"https:\/\/ibiworld.eu\/de\/wp-json\/wp\/v2\/media?parent=3142"}],"wp:term":[{"taxonomy":"category","embeddable":true,"href":"https:\/\/ibiworld.eu\/de\/wp-json\/wp\/v2\/categories?post=3142"},{"taxonomy":"post_tag","embeddable":true,"href":"https:\/\/ibiworld.eu\/de\/wp-json\/wp\/v2\/tags?post=3142"}],"curies":[{"name":"wp","href":"https:\/\/api.w.org\/{rel}","templated":true}]}}