{"id":3040,"date":"2022-07-10T23:34:50","date_gmt":"2022-07-10T21:34:50","guid":{"rendered":"https:\/\/ibiworld.eu\/de\/?p=3040"},"modified":"2022-07-30T11:03:46","modified_gmt":"2022-07-30T09:03:46","slug":"das-brexit-desaster-und-der-sturz-von-boris-johnson","status":"publish","type":"post","link":"https:\/\/ibiworld.eu\/de\/das-brexit-desaster-und-der-sturz-von-boris-johnson\/","title":{"rendered":"DAS BREXIT-DESASTER UND DER STURZ VON BORIS JOHNSON"},"content":{"rendered":"<p><img loading=\"lazy\" class=\"aligncenter size-full wp-image-3041\" src=\"https:\/\/ibiworld.eu\/de\/wp-content\/uploads\/2022\/07\/UK029-01.jpg\" alt=\"\" width=\"1469\" height=\"982\" srcset=\"https:\/\/ibiworld.eu\/de\/wp-content\/uploads\/2022\/07\/UK029-01.jpg 1469w, https:\/\/ibiworld.eu\/de\/wp-content\/uploads\/2022\/07\/UK029-01-300x201.jpg 300w, https:\/\/ibiworld.eu\/de\/wp-content\/uploads\/2022\/07\/UK029-01-1024x685.jpg 1024w, https:\/\/ibiworld.eu\/de\/wp-content\/uploads\/2022\/07\/UK029-01-768x513.jpg 768w, https:\/\/ibiworld.eu\/de\/wp-content\/uploads\/2022\/07\/UK029-01-600x401.jpg 600w\" sizes=\"(max-width: 1469px) 100vw, 1469px\" \/><\/p>\n<p>Der von Skandalen \u00fcberschattete britische Premierminister Boris Johnson wurde schlie\u00dflich von seinen Parteikollegen im Stich gelassen und versuchte mehrere Tage lang verzweifelt, seine politische Karriere zu retten, indem er sich weigerte, als Regierungschef zur\u00fcckzutreten. Sein Argument: Die Stimmen f\u00fcr seine Partei w\u00e4ren seine pers\u00f6nlichen Stimmen \u2013 ein pers\u00f6nlicher Auftrag des britischen Volkes, das K\u00f6nigreich nach dem Brexit zu f\u00fchren. Ein Zeichen daf\u00fcr, dass seine Wahrnehmung der Demokratie zutiefst verzerrt ist, aber auch f\u00fcr sein mangelndes Verst\u00e4ndnis der politischen Tatsache, die die Debatte im Vereinigten K\u00f6nigreich beherrscht: Der Brexit war ein totales Desaster \u2013 wirtschaftlich, geopolitisch und sozial.<\/p>\n<p>Wenn heute eine Abstimmung stattfinden w\u00fcrde, w\u00fcrde sich die Mehrheit der B\u00fcrgerinnen und B\u00fcrger sicherlich die EU-Mitgliedschaft zur\u00fcckw\u00fcnschen. Auch wenn das Vereinigte K\u00f6nigreich 1973 der Europ\u00e4ischen Wirtschaftsgemeinschaft beigetreten ist und damit den Grundsatz der schrittweisen Schaffung der Vereinigten Staaten von Europa klar abgelehnt hat, hatte die oft st\u00fcrmische Verbindung zwischen London und Br\u00fcssel immer eine gemeinsame Grundlage: das Geld. In der Zeit der tiefen Wirtschaftskrise Gro\u00dfbritanniens, die durch die harten Jahre der Premierministerin Margaret Thatcher gekennzeichnet war, unterst\u00fctzte Europa die Randregionen des Empire (Schottland, Wales und Nordirland), und die Commonwealth-L\u00e4nder auf der ganzen Welt genossen erhebliche Erleichterungen in ihren Handelsbeziehungen mit Europa.<\/p>\n<p>Boris Johnson und Neil Farage, die beiden Bef\u00fcrworter des Brexit-Referendums, haben dem britischen Volk versprochen, was nicht gehalten wurde. Farage, der es wahrscheinlich besser wusste, zog sich aus der Politik zur\u00fcck, und seine letzte Tat war die aktive Unterst\u00fctzung der Pr\u00e4sidentschaftskampagne von Donald Trump, w\u00e4hrend der sein Partner wegen Geldw\u00e4sche verhaftet wurde<a href=\"#_ftn1\" name=\"_ftnref1\">[1]<\/a>. Johnson war jedoch davon \u00fcberzeugt, dass er das Referendum aufgrund seines Charismas gewonnen hatte, und fuhr, von seinem Ego mitgerissen, fort.<\/p>\n<p>Heute befindet sich das Vereinigte K\u00f6nigreich in einer Situation gro\u00dfer finanzieller St\u00e4rke (die Reichen, fast alle im Banken- und Treuhandsystem, werden immer reicher), aber wirtschaftlich, sozial, gesundheitlich und bildungspolitisch befindet es sich in einer tiefen Krise, die insbesondere in Schottland erhebliche Teile der Bev\u00f6lkerung in den Hunger getrieben hat. Johnson hat all das ignoriert, und das ist der wahre Grund, noch vor den Sexskandalen, die ihn l\u00e4cherlich gemacht haben, warum die Bev\u00f6lkerung ihn aus dem Weg haben will und ihn lange verdammen wird. Die Liste der Gr\u00fcnde ist lang und schmerzhaft.<\/p>\n<p><strong>Die L\u00fcgen von Boris Johnson<\/strong><\/p>\n<p><img loading=\"lazy\" class=\"aligncenter size-full wp-image-3042\" src=\"https:\/\/ibiworld.eu\/de\/wp-content\/uploads\/2022\/07\/UK029-02.jpg\" alt=\"\" width=\"529\" height=\"683\" srcset=\"https:\/\/ibiworld.eu\/de\/wp-content\/uploads\/2022\/07\/UK029-02.jpg 529w, https:\/\/ibiworld.eu\/de\/wp-content\/uploads\/2022\/07\/UK029-02-232x300.jpg 232w\" sizes=\"(max-width: 529px) 100vw, 529px\" \/><\/p>\n<p><strong>Die Aufschl\u00fcsselung der Brexit-Abstimmung<a href=\"#_ftn2\" name=\"_ftnref2\"><sup>[2]<\/sup><\/a><\/strong><\/p>\n<p>Am 19. Juni 2017 reiste der damalige britische Staatssekret\u00e4r f\u00fcr den Austritt aus der Europ\u00e4ischen Union, David Davis, nach Br\u00fcssel, um Michel Barnier, den von der Europ\u00e4ischen Kommission ernannten Chefunterh\u00e4ndler, zu treffen<a href=\"#_ftn3\" name=\"_ftnref3\"><sup>[3]<\/sup><\/a>. Nach nur zwei Stunden gab die EU bekannt, dass die britische Forderung, so schnell wie m\u00f6glich ein neues Handelsabkommen zu unterzeichnen, rundweg abgelehnt wurde<a href=\"#_ftn4\" name=\"_ftnref4\"><sup>[4]<\/sup><\/a>: &#8222;<em>Es geht hier weder um Bestrafung noch um Rache. Wir setzen die Entscheidung des Vereinigten K\u00f6nigreichs um, aus der Europ\u00e4ischen Union auszutreten und 43 Jahre lang geduldig aufgebaute Beziehungen abzubrechen. (&#8230;) Das Vereinigte K\u00f6nigreich hat beschlossen, die Europ\u00e4ische Union zu verlassen, nicht umgekehrt. Das Vereinigte K\u00f6nigreich wird aus der EU, dem Binnenmarkt und der Zollunion austreten, nicht andersherum. Jeder von uns muss also die Verantwortung und die Konsequenzen f\u00fcr seine Entscheidungen \u00fcbernehmen. Und die Folgen sind betr\u00e4chtlich<\/em>&#8222;<a href=\"#_ftn5\" name=\"_ftnref5\"><sup>[5]<\/sup><\/a>.<\/p>\n<p>W\u00e4hrend die Schotten, Waliser und Nordiren den Unterschied sofort bemerken (alle wirtschaftlichen Entwicklungshilfeprogramme werden sofort gestrichen), geben sich die Engl\u00e4nder lange Zeit mit den von Farage und Johnson versprochenen Ergebnissen zu den Schwachstellen der EU-Mitgliedschaft zufrieden. Erster Punkt: Die Briten waren schon immer gegen die \u00dcbertragung nationaler Befugnisse an ein Parlament auf dem Kontinent<a href=\"#_ftn6\" name=\"_ftnref6\"><sup>[6]<\/sup><\/a>. Zweiter Punkt: Die Briten haben Angst vor der unsicheren und unwirksamen EU-Einwanderungspolitik: In den Jahren unmittelbar vor dem Brexit gab es einen sprunghaften Anstieg der Ank\u00fcnfte, was zu einer zunehmenden Verbitterung gegen\u00fcber europ\u00e4ischen Ausl\u00e4ndern f\u00fchrte, die seit Jahren unkontrolliert auf britischem Boden ankommen<a href=\"#_ftn7\" name=\"_ftnref7\"><sup>[7]<\/sup><\/a>. Au\u00dferdem behauptete Farage, dass die T\u00fcrkei bald der EU beitreten w\u00fcrde und Millionen von T\u00fcrken auf der Suche nach Arbeit in Dover landen w\u00fcrden \u2013 eine eklatante L\u00fcge<a href=\"#_ftn8\" name=\"_ftnref8\"><sup>[8]<\/sup><\/a>. Alle Ausl\u00e4nder, die bereit sind, f\u00fcr niedrigere L\u00f6hne zu arbeiten und das bereits kollabierende nationale Gesundheitssystem in eine unumkehrbare Krise zu st\u00fcrzen<a href=\"#_ftn9\" name=\"_ftnref9\"><sup>[9]<\/sup><\/a>.<\/p>\n<p>Die Argumente der Bef\u00fcrworter des Brexit (Rezession, Inflation, schw\u00e4chere W\u00e4hrung, h\u00f6here Arbeitslosigkeit) wurden von den W\u00e4hlern aus einfachen Verh\u00e4ltnissen nicht ber\u00fccksichtigt, bis sie merkten, dass sie einen tragischen Fehler begangen hatten, f\u00fcr den die W\u00fctendsten versuchten, Johnson vor Gericht zu bringen<a href=\"#_ftn10\" name=\"_ftnref10\"><sup>[10]<\/sup><\/a>. Er versprach, dass die 350 Millionen Pfund, die nach dem Brexit jede Woche an die EU gehen w\u00fcrden, in den NHS flie\u00dfen w\u00fcrden \u2013 eine weitere L\u00fcge<a href=\"#_ftn11\" name=\"_ftnref11\"><sup>[11]<\/sup><\/a>. Ein Jahrzehnt sp\u00e4ter dr\u00e4ngen diejenigen, die bereits mehrheitlich f\u00fcr den Verbleib in der Union gestimmt hatten (Schottland, Wales und Ulster), nun auf die Abspaltung vom Vereinigten K\u00f6nigreich, so dass in Nordirland bei den Wahlen im Fr\u00fchjahr 2022 sogar englische Protestanten f\u00fcr Sinn F\u00e9in stimmten<a href=\"#_ftn12\" name=\"_ftnref12\">[12]<\/a>.<\/p>\n<p>Johnson versprach, dass das Vereinigte K\u00f6nigreich die EU Ende Oktober 2019 verlassen w\u00fcrde, &#8222;ohne Wenn und Aber&#8220;, nur um sich dann gezwungen zu sehen, in Br\u00fcssel um mehr Zeit f\u00fcr die Verhandlungen zu bitten und den Brexit im Januar 2020 zu konkretisieren. W\u00e4hrend des Wahlkampfs 2019 erkl\u00e4rte er, dass er ein Handelsabkommen mit der EU &#8222;in den Startl\u00f6chern&#8220; habe, nur um dann zugeben zu m\u00fcssen, dass das hart erk\u00e4mpfte Abkommen noch lange nicht unter Dach und Fach ist<a href=\"#_ftn13\" name=\"_ftnref13\"><sup>[13]<\/sup><\/a>. Seine Worte: &#8222;<em>Es wird keine nichttarif\u00e4ren Handelshemmnisse geben<\/em>&#8220; und noch einmal: &#8222;<em>Das Abkommen wird es unseren Unternehmen und Exporteuren sogar erm\u00f6glichen, noch mehr Gesch\u00e4fte mit unseren europ\u00e4ischen Freunden zu machen<\/em>&#8222;<a href=\"#_ftn14\" name=\"_ftnref14\"><sup>[14]<\/sup><\/a>. Nichts k\u00f6nnte falscher sein: Der Austritt des Vereinigten K\u00f6nigreichs hat zu einer Reihe von Barrieren gef\u00fchrt, die seit \u00fcber einem Jahr zu kilometerlangen LKW-Schlangen an den Grenzen gef\u00fchrt haben<a href=\"#_ftn15\" name=\"_ftnref15\"><sup>[15]<\/sup><\/a>. Ganz zu schweigen von der Tatsache, dass britische Staatsb\u00fcrger eine Genehmigung ben\u00f6tigen, um in den L\u00e4ndern des europ\u00e4ischen Blocks zu arbeiten, und dass ihre beruflichen Qualifikationen in Europa nicht anerkannt werden<a href=\"#_ftn16\" name=\"_ftnref16\"><sup>[16]<\/sup><\/a>.<\/p>\n<p>Ein weiteres Versprechen des Staatssekret\u00e4rs f\u00fcr Ulster, Brandon Lewis: &#8222;<em>Es gibt keine Grenze in der Irischen See<\/em>&#8222;<a href=\"#_ftn17\" name=\"_ftnref17\"><sup>[17]<\/sup><\/a>. Ein paar Wochen sp\u00e4ter ver\u00f6ffentlicht die irische Presse entt\u00e4uscht die Nachricht, dass das Gegenteil der Fall ist<a href=\"#_ftn18\" name=\"_ftnref18\"><sup>[18]<\/sup><\/a>. London erh\u00e4lt eine Sonderregelung f\u00fcr Belfast, aber aufgrund dieser Regelung ist der Warentransfer zwischen Nordirland und dem Rest des Landes b\u00fcrokratisch die H\u00f6lle und mit hohen Zollgeb\u00fchren belastet<a href=\"#_ftn19\" name=\"_ftnref19\"><sup>[19]<\/sup><\/a>. Johnson antwortet mit einer weiteren L\u00fcge: &#8222;<em>In f\u00fcnfeinhalb Jahren wird es keine theoretische Grenze f\u00fcr die Menge an Fisch geben, die wir in unseren Gew\u00e4ssern fangen k\u00f6nnen, au\u00dfer der von der Wissenschaft festgelegten (&#8230;). Dank dieses Abkommens werden wir in der Lage sein, gro\u00dfe Mengen an Fisch zu fangen und zu essen<\/em>&#8222;<a href=\"#_ftn20\" name=\"_ftnref20\"><sup>[20]<\/sup><\/a>. Schade nur, dass die f\u00fcnfeinhalb Jahre, von denen er spricht, der vereinbarten \u00dcbergangszeit f\u00fcr die Fischerei entsprechen, in der der Zugang der EU zu britischen Gew\u00e4ssern um ein Viertel reduziert wurde. Dann wird es j\u00e4hrliche Verhandlungen geben, und Europa wird die st\u00e4rkere Position haben<a href=\"#_ftn21\" name=\"_ftnref21\"><sup>[21]<\/sup><\/a>.<\/p>\n<p><img loading=\"lazy\" class=\"aligncenter size-full wp-image-3043\" src=\"https:\/\/ibiworld.eu\/de\/wp-content\/uploads\/2022\/07\/UK029-03.jpg\" alt=\"\" width=\"800\" height=\"450\" srcset=\"https:\/\/ibiworld.eu\/de\/wp-content\/uploads\/2022\/07\/UK029-03.jpg 800w, https:\/\/ibiworld.eu\/de\/wp-content\/uploads\/2022\/07\/UK029-03-300x169.jpg 300w, https:\/\/ibiworld.eu\/de\/wp-content\/uploads\/2022\/07\/UK029-03-768x432.jpg 768w, https:\/\/ibiworld.eu\/de\/wp-content\/uploads\/2022\/07\/UK029-03-600x338.jpg 600w\" sizes=\"(max-width: 800px) 100vw, 800px\" \/><\/p>\n<p><strong>Tausende von Lastwagen warten tagelang auf eine Chance, die Grenze zwischen Gro\u00dfbritannien und der Europ\u00e4ischen Union zu passieren<a href=\"#_ftn22\" name=\"_ftnref22\">[22]<\/a><\/strong><\/p>\n<p>London verspricht, dass der Brexit ein Sieg f\u00fcr das lokale Finanzzentrum sein wird und dass es eine Gleichwertigkeit zwischen Unternehmen geben wird, die Finanzdienstleistungen im Vereinigten K\u00f6nigreich und in Europa anbieten<a href=\"#_ftn23\" name=\"_ftnref23\"><sup>[23]<\/sup><\/a>. Aber die Verhandlungen zu diesem Thema sind noch offen und nicht sehr beruhigend f\u00fcr die Briten<a href=\"#_ftn24\" name=\"_ftnref24\"><sup>[24]<\/sup><\/a>. Durch den Austritt Gro\u00dfbritanniens aus der EU wurden den britischen Finanzdienstleistern die &#8222;Passporting-Rechte&#8220; entzogen, die es ihnen erm\u00f6glichten, in der EU zu verkaufen, ohne eine weitere Genehmigung einholen zu m\u00fcssen<a href=\"#_ftn25\" name=\"_ftnref25\"><sup>[25]<\/sup><\/a>. Das Ergebnis: Am 19. April 2021 belief sich die Zahl der Unternehmen des Finanzsektors, die die City verlassen haben, um neue Niederlassungen in der EU zu er\u00f6ffnen, auf 440 Banken und Versicherungsgesellschaften, die damit mehr als eine Billion Pfund (rund 1,15 Billionen Euro) in die EU verlagert haben<a href=\"#_ftn26\" name=\"_ftnref26\"><sup>[26]<\/sup><\/a>. Aber was auch immer f\u00fcr Probleme auftauchen m\u00f6gen, Johnson verspricht: &#8222;<em>Wir sind dabei, ein neues Kapitel in unserer nationalen Geschichte aufzuschlagen, wir werden Freihandelsabkommen in der ganzen Welt unterzeichnen, zus\u00e4tzlich zu den Abkommen mit 63 L\u00e4ndern, die wir bereits abgeschlossen haben<\/em>&#8222;<a href=\"#_ftn27\" name=\"_ftnref27\"><sup>[27]<\/sup><\/a>.<\/p>\n<p>In Wirklichkeit handelt es sich lediglich um die bilaterale Best\u00e4tigung bereits bestehender Abkommen mit der EU<a href=\"#_ftn28\" name=\"_ftnref28\"><sup>[28]<\/sup><\/a>. Das einzige neue Abkommen ist das im Oktober 2020 mit Tokio unterzeichnete<a href=\"#_ftn29\" name=\"_ftnref29\"><sup>[29]<\/sup><\/a>. Ein Abkommen, das alles andere als ruhig war: Japan hatte Interesse daran, seine Produkte (Autos und Hochtechnologie) \u00fcber England zu beziehen, um Z\u00f6lle innerhalb der EU zu vermeiden<a href=\"#_ftn30\" name=\"_ftnref30\"><sup>[30]<\/sup><\/a>. Da dieser Vorteil weggefallen ist, ist das neue Abkommen nichts weiter als eine Makulatur, &#8222;<em>etwas, das die britische Regierung nicht ver\u00f6ffentlichen wird<\/em>&#8222;<a href=\"#_ftn31\" name=\"_ftnref31\"><sup>[31]<\/sup><\/a>. Doch die Folgen lassen sich nicht mehr verheimlichen: &#8222;<em>Die Scheidung von der EU steht nun in weniger als einem Monat bevor, und das Vereinigte K\u00f6nigreich muss sich von einem weiteren Unternehmen verabschieden, das beschlossen hat, anderswo sein Gl\u00fcck zu suchen. Honda hat die Schlie\u00dfung seines einzigen britischen Autowerks bis 2021 angek\u00fcndigt: ein Abschied, der den Verlust von rund 3500 Arbeitspl\u00e4tzen bedeutet. Doch der japanische Hersteller ist nur der letzte, der sich entschlossen hat, die Insel zu verlassen<\/em>&#8222;<a href=\"#_ftn32\" name=\"_ftnref32\"><em><sup><strong>[32]<\/strong><\/sup><\/em><\/a>. Nach Honda folgen Sony, Dyson, Panasonic, Lloyds, Unilever, Goldman Sachs, Barclays, Airbus, Flybmi, P&amp;O, HSBC, JP Morgan, UBS, Ford, Hitachi, Toshiba, AXA, Honda, Moneygram, Philips, Bank of America und Nissan: \u00fcber 100.000 Arbeitspl\u00e4tze<a href=\"#_ftn33\" name=\"_ftnref33\"><sup>[33]<\/sup><\/a>.<\/p>\n<p>Weitere Versprechungen: 2016 versprach Johnson, dass die Gasrechnungen gesenkt w\u00fcrden, wenn die W\u00e4hler den Brexit unterst\u00fctzten<a href=\"#_ftn34\" name=\"_ftnref34\"><sup>[34]<\/sup><\/a>, weil Westminster eine Steuer von 2 Milliarden Pfund pro Jahr auf die Strompreise abschaffen und die Ma\u00dfnahme mit den 11 Milliarden Pfund pro Jahr finanzieren w\u00fcrde, die aus den britischen Beitr\u00e4gen an die Europ\u00e4ische Kommission eingespart w\u00fcrden<a href=\"#_ftn35\" name=\"_ftnref35\"><sup>[35]<\/sup><\/a>. Der Mehrwertsteuersatz von 5 % auf Energierechnungen bleibt bis Ende 2021 bestehen, und &#8222;<em>es gibt keine Pl\u00e4ne<\/em>&#8222;, ihn zu senken<a href=\"#_ftn36\" name=\"_ftnref36\"><sup>[36]<\/sup><\/a>.<\/p>\n<p><strong>Die walisische Unabh\u00e4ngigkeit und das irische Damoklesschwert<\/strong><\/p>\n<p><img loading=\"lazy\" class=\"aligncenter size-full wp-image-3044\" src=\"https:\/\/ibiworld.eu\/de\/wp-content\/uploads\/2022\/07\/UK029-04.jpg\" alt=\"\" width=\"615\" height=\"409\" srcset=\"https:\/\/ibiworld.eu\/de\/wp-content\/uploads\/2022\/07\/UK029-04.jpg 615w, https:\/\/ibiworld.eu\/de\/wp-content\/uploads\/2022\/07\/UK029-04-300x200.jpg 300w, https:\/\/ibiworld.eu\/de\/wp-content\/uploads\/2022\/07\/UK029-04-600x399.jpg 600w\" sizes=\"(max-width: 615px) 100vw, 615px\" \/><\/p>\n<p><strong>Waliser protestieren gegen die von der britischen Regierung verordneten Sparma\u00dfnahmen<a href=\"#_ftn37\" name=\"_ftnref37\">[37]<\/a><\/strong><\/p>\n<p>Boris Johnsons gr\u00f6\u00dfte Leistung besteht darin, die Union, in der sich England, Schottland, Wales und Nordirland seit 500 Jahren gemeinsam weiterentwickeln, praktisch unwiderruflich zu untergraben: &#8222;<em>Die Zahl der Menschen im Vereinigten K\u00f6nigreich, die sich selbst als &#8218;britisch&#8216; bezeichnen, nimmt stetig ab, und diejenigen, die sich als &#8218;englisch&#8216;, &#8217;schottisch&#8216; und &#8218;walisisch&#8216; identifizieren, nehmen zu (&#8230;). Der Brexit hat dieses Ph\u00e4nomen noch verst\u00e4rkt<\/em>&#8222;, und zwar so sehr, dass sogar in Wales laut dem Politikwissenschaftler Richard Wyn Jones &#8222;<em>zum ersten Mal die Frage der Unabh\u00e4ngigkeit gestellt wurde<\/em>&#8222;<a href=\"#_ftn38\" name=\"_ftnref38\"><sup>[38]<\/sup><\/a>. Der fr\u00fchere Minister Philip Rycroft sagte schon vor Jahren: &#8222;<em>Was die britische Politik in den kommenden Jahren beherrschen wird, ist (&#8230;) die Frage, ob diese Nation als Zusammenschluss von vier verschiedenen Regionen noch Sinn macht<\/em>&#8222;, denn &#8222;<em>im Moment tun sich die verschiedenen Ministerien der britischen Regierung schwer, mit der Dezentralisierung und den Befugnissen, die die schottischen, walisischen und nordirischen Kommunalparlamente erhalten haben, zurechtzukommen<\/em>&#8222;<a href=\"#_ftn39\" name=\"_ftnref39\"><sup>[39]<\/sup><\/a>.<\/p>\n<p>In Wales, nach Jahrzehnten der Vorherrschaft der Labour Party (Peter Mandelson: &#8222;<em>Die Waliser werden immer Labour w\u00e4hlen, weil sie nirgendwo anders hingehen k\u00f6nnen<\/em>&#8222;)<a href=\"#_ftn40\" name=\"_ftnref40\"><sup>[40]<\/sup><\/a>, verlor die Linke 2021 ihre Mehrheit<a href=\"#_ftn41\" name=\"_ftnref41\"><sup>[41]<\/sup><\/a> und die Bewegung f\u00fcr die walisische Unabh\u00e4ngigkeit gewann an Unterst\u00fctzung<a href=\"#_ftn42\" name=\"_ftnref42\"><sup>[42]<\/sup><\/a>. Im Februar 2021 verzeichnen die Umfragen 39 % Unabh\u00e4ngigkeitsbef\u00fcrworter<a href=\"#_ftn43\" name=\"_ftnref43\"><sup>[43]<\/sup><\/a>. Richard Wyn Jones kommentierte: &#8222;<em>Wenn man mir vor zwei Jahren gesagt h\u00e4tte, dass 40 % der Waliser f\u00fcr die Unabh\u00e4ngigkeit sind, h\u00e4tte ich das f\u00fcr einen Scherz gehalten<\/em>&#8222;<a href=\"#_ftn44\" name=\"_ftnref44\"><sup>[44]<\/sup><\/a>. Bis dahin war der Kampf um die Abspaltung von Wales eine Identit\u00e4tsfrage der l\u00e4ndlichen Gemeinden im Norden, die die walisische Sprache und die walisischen Br\u00e4uche verteidigen wollten \u00ad\u2013 heute ist die antibritische Front unter jungen Menschen stark und hat wirtschaftliche Gr\u00fcnde<a href=\"#_ftn45\" name=\"_ftnref45\"><sup>[45]<\/sup><\/a>: Sch\u00e4tzungen zufolge hat die Europ\u00e4ische Union Wales j\u00e4hrlich \u00fcber 680 Millionen Pfund eingebracht<a href=\"#_ftn46\" name=\"_ftnref46\"><sup>[46]<\/sup><\/a>, zu denen noch 200 Millionen Pfund an Subventionen f\u00fcr die gemeinsame Agrarpolitik hinzukommen<a href=\"#_ftn47\" name=\"_ftnref47\"><sup>[47]<\/sup><\/a>.<\/p>\n<p>Ihre Hoffnung ist die schottische Abspaltung: &#8222;<em>Wenn Schottland das Vereinigte K\u00f6nigreich verl\u00e4sst, \u00e4ndert dies die walisische Debatte v\u00f6llig. Umgekehrt k\u00f6nnen wir, wenn Schottland bleibt, jede Hoffnung auf Autonomie aufgeben<\/em>&#8222;<a href=\"#_ftn48\" name=\"_ftnref48\"><sup>[48]<\/sup><\/a>. Und wieder einmal ist das zentrale Thema nicht patriotisch, sondern wirtschaftlich: Wales ist der wichtigste britische Exporteur von Waren nach Europa. Auf dem Spiel stehen 200.000 Arbeitspl\u00e4tze und das Ende der Entwicklungshilfe<a href=\"#_ftn49\" name=\"_ftnref49\"><sup>[49]<\/sup><\/a>. Von London ist nichts zu erwarten: Theresa May hat sich auf vier Priorit\u00e4ten konzentriert: W\u00e4hrung, Wettbewerbsf\u00e4higkeit des Marktes, Souver\u00e4nit\u00e4t und Einwanderung \u2013 alles Themen, die Wales<a href=\"#_ftn50\" name=\"_ftnref50\"><sup>[50]<\/sup><\/a> und auch Nordirland schw\u00e4chen<a href=\"#_ftn51\" name=\"_ftnref51\"><sup>[51]<\/sup><\/a>.<\/p>\n<p>In Theresa Mays Abkommen mit der EU wurde die irische Frage mit einem Protokoll gel\u00f6st, das in zwei aufeinanderfolgenden Schritten festgelegt wurde: Zun\u00e4chst wurde vereinbart, dass das Vereinigte K\u00f6nigreich in der Zollunion verbleibt<a href=\"#_ftn52\" name=\"_ftnref52\"><sup>[52]<\/sup><\/a> (f\u00fcr Z\u00f6lle, die auf Drittl\u00e4nder angewandt werden), die an die europ\u00e4ischen Normen f\u00fcr Produkte angepasst ist<a href=\"#_ftn53\" name=\"_ftnref53\"><sup>[53]<\/sup><\/a>. Nachdem dieser Vorschlag abgelehnt wurde, entschied sich Theresa May f\u00fcr eine Grenze im Meer zwischen Gro\u00dfbritannien und Nordirland, die dann von Boris Johnson \u00fcberarbeitet wurde<a href=\"#_ftn54\" name=\"_ftnref54\"><sup>[54]<\/sup><\/a>. Selbst wenn eine Einigung erzielt wurde, ist das Spiel aufgrund der unvermeidlichen Wendungen noch offen, wobei der irische Knoten als <em>punctum dolens<\/em> \u2013 ein Damoklesschwert \u2013 die walisischen Unabh\u00e4ngigkeitsbestrebungen zu vereiteln droht: Die Europ\u00e4ische Kommission ist bereit, ein Vertragsverletzungsverfahren gegen das Vereinigte K\u00f6nigreich einzuleiten, das auf das im M\u00e4rz 2021 eingeleitete Verfahren folgen w\u00fcrde, nachdem London am Montag, den 13. Juni 2022<a href=\"#_ftn55\" name=\"_ftnref55\"><sup>[55]<\/sup><\/a>, ein Gesetz zur einseitigen \u00c4nderung des Nordirland-Protokolls eingebracht hat \u2013 ein Schritt, der zum Scheitern des Handelsabkommens nach dem Brexit f\u00fchren k\u00f6nnte<a href=\"#_ftn56\" name=\"_ftnref56\"><sup>[56]<\/sup><\/a>.<\/p>\n<p><img loading=\"lazy\" class=\"aligncenter size-full wp-image-3045\" src=\"https:\/\/ibiworld.eu\/de\/wp-content\/uploads\/2022\/07\/UK029-05.jpg\" alt=\"\" width=\"1145\" height=\"695\" srcset=\"https:\/\/ibiworld.eu\/de\/wp-content\/uploads\/2022\/07\/UK029-05.jpg 1145w, https:\/\/ibiworld.eu\/de\/wp-content\/uploads\/2022\/07\/UK029-05-300x182.jpg 300w, https:\/\/ibiworld.eu\/de\/wp-content\/uploads\/2022\/07\/UK029-05-1024x622.jpg 1024w, https:\/\/ibiworld.eu\/de\/wp-content\/uploads\/2022\/07\/UK029-05-768x466.jpg 768w, https:\/\/ibiworld.eu\/de\/wp-content\/uploads\/2022\/07\/UK029-05-600x364.jpg 600w\" sizes=\"(max-width: 1145px) 100vw, 1145px\" \/><\/p>\n<p><strong>Die Unterschiede zwischen der Vereinbarung von Theresa May und dem Vorschlag von Boris Johnson<a href=\"#_ftn57\" name=\"_ftnref57\"><sup>[57]<\/sup><\/a><\/strong><\/p>\n<p>London beabsichtigt unter anderem, die Verwaltungsmodalit\u00e4ten zu \u00e4ndern, um den Gerichtsstand f\u00fcr Streitigkeiten vom Europ\u00e4ischen Gerichtshof auf ein unabh\u00e4ngiges Schiedsgericht zu verlegen<a href=\"#_ftn58\" name=\"_ftnref58\"><sup>[58]<\/sup><\/a>. Obwohl die Regierung Johnson darauf besteht, dass das vorgeschlagene Gesetz &#8222;legal&#8220; ist, haben die Labour Party und die nordirische republikanische Partei Sinn F\u00e9in London vorgeworfen, &#8222;<em>internationales Recht zu verletzen<\/em>&#8222;<a href=\"#_ftn59\" name=\"_ftnref59\"><sup>[59]<\/sup><\/a>. Das Thema ist wichtiger, als es den Anschein hat, denn es fasst die Bedingungen des Konflikts zwischen europ\u00e4ischen Souver\u00e4nisten und Globalisten zusammen, der, wie auch Noam Chomsky betont, die Gefahr birgt, dass Seiten des Schreckens wieder auftauchen, von denen wir dachten, sie seien durch die Bomben des Zweiten Weltkriegs begraben worden: &#8222;<em>Zu den vern\u00fcnftigsten Ans\u00e4tzen, die ich gesehen habe, geh\u00f6rt der von Yanis Varoufakis und der DIEM25-Bewegung vorgeschlagene, der darauf abzielt, das Positive und Fortschrittliche in der Europ\u00e4ischen Union zu bewahren, aber die inneren Widerspr\u00fcche zu \u00fcberwinden, die sie daran hindern, sich in einer vollendeten und erfolgreichen Form zu verwirklichen<\/em>&#8222;<a href=\"#_ftn60\" name=\"_ftnref60\"><sup>[60]<\/sup><\/a>.<\/p>\n<p><strong>Die m\u00f6gliche Zukunft<\/strong><\/p>\n<p><img loading=\"lazy\" class=\"aligncenter size-full wp-image-3046\" src=\"https:\/\/ibiworld.eu\/de\/wp-content\/uploads\/2022\/07\/UK029-06.jpg\" alt=\"\" width=\"500\" height=\"333\" srcset=\"https:\/\/ibiworld.eu\/de\/wp-content\/uploads\/2022\/07\/UK029-06.jpg 500w, https:\/\/ibiworld.eu\/de\/wp-content\/uploads\/2022\/07\/UK029-06-300x200.jpg 300w\" sizes=\"(max-width: 500px) 100vw, 500px\" \/><\/p>\n<p><strong>Nach Angaben von Oxfam sind 9 % der Briten nicht mehr in der Lage, ihre Kinder zu ern\u00e4hren<a href=\"#_ftn61\" name=\"_ftnref61\">[61]<\/a><\/strong><\/p>\n<p>Wie schon so oft in der Geschichte gelingt es einer delegitimierten und geschw\u00e4chten Regierung manchmal, sich im Sattel zu halten, weil keine Alternative gefunden werden kann \u2013 und darauf setzt Boris Johnson und dankt der Eventualit\u00e4t des Krieges in der Ukraine, der Inflationsspirale und der Pandemie. Das schottische Autonomiebestreben schafft neue Spannungen f\u00fcr jede Hypothese eines neuen Autonomiereferendums. Einer solchen schottischen Initiative k\u00f6nnte eine \u00e4hnliche walisische Initiative folgen, die von gef\u00e4hrlichen Auseinandersetzungen in Nordirland begleitet werden k\u00f6nnte. Solange Johnson in der Downing Street residiert, ist der Wiedereintritt Londons in die Europ\u00e4ische Union ein Weg, der nicht gangbar ist, aber erwogen wird. F\u00fcnf Jahre nach dem Referendum und fast zwei Jahre nach dem Brexit w\u00fcrde die Mehrheit der Briten in einem neuen Referendum f\u00fcr den Wiedereintritt in die EU stimmen: Einer Umfrage zufolge w\u00fcrden heute 53 % der Briten den Wiedereintritt in die EU bef\u00fcrworten, und 82 % derjenigen, die 2016 nicht zur Wahl gegangen sind, w\u00fcrden jetzt f\u00fcr den Wiedereintritt stimmen<a href=\"#_ftn62\" name=\"_ftnref62\"><sup>[62]<\/sup><\/a>.<\/p>\n<p>Die Regierung geht in Deckung, indem sie versucht, die Grenzen wieder zu \u00f6ffnen: Im Dezember 2021, genauer gesagt an Heiligabend, lie\u00df London ohne viel Aufhebens Tausende von europ\u00e4ischen Arbeitnehmern einreisen, um den Personalmangel in zwei wichtigen Sektoren zu verringern: Landwirtschaft und Gesundheit \u2013 nachdem sich britische Gewerkschaften und Unternehmen monatelang dar\u00fcber beschwert hatten, dass der Mangel an europ\u00e4ischen Arbeitskr\u00e4ften die Landwirte dazu gezwungen hatte, ihre Fr\u00fcchte auf den Feldern verrotten zu lassen, und die wenigen Mitarbeiter in Pflegeheimen und Krankenh\u00e4usern harte Schichten und st\u00e4ndige \u00dcberstunden auf sich nehmen mussten<a href=\"#_ftn63\" name=\"_ftnref63\"><sup>[63]<\/sup><\/a>. Das Versprechen der Regierung, dass britische Arbeitnehmer die europ\u00e4ischen ersetzen w\u00fcrden, hat sich offensichtlich nicht erf\u00fcllt<a href=\"#_ftn64\" name=\"_ftnref64\"><sup>[64]<\/sup><\/a>. Die Arbeitspl\u00e4tze sind da, aber die Briten wollen sie nicht, sie haben andere Erwartungen, was zu einer Art makro\u00f6konomischer Schizophrenie f\u00fchrt<a href=\"#_ftn65\" name=\"_ftnref65\"><sup>[65]<\/sup><\/a>: einerseits ein dringender Bedarf an Menschen, die manuelle und niedere Arbeiten verrichten, und andererseits eine abnorme Masse an Arbeitslosen, die im Juli 2021 4,8 % erreicht hatte \u2013 ein Missverh\u00e4ltnis f\u00fcr ein Land, das vor dem Brexit Vollbesch\u00e4ftigung hatte<a href=\"#_ftn66\" name=\"_ftnref66\"><sup>[66]<\/sup><\/a>.<\/p>\n<p>Um dieses Desaster zu beheben, hat Roberto Costa, der &#8222;K\u00f6nig&#8220; der unabh\u00e4ngigen Restaurants in London, um Kellner in seinen acht Lokalen zu haben, eine Akademie f\u00fcr Gastgewerbe gegr\u00fcndet \u2013 und arbeitslose Jugendliche in die Welt der Unterhaltung zur\u00fcckverwandelt: Die Briten m\u00fcssen lernen, die Jobs zu machen, die die Italiener, Spanier und Polen jahrzehntelang gemacht haben<a href=\"#_ftn67\" name=\"_ftnref67\"><sup>[67]<\/sup><\/a>. Das Risiko besteht darin, so zu enden wie Nando&#8217;s, eine andere Restaurantkette: Die mexikanische Marke ist gezwungen, viele ihrer Filialen zu schlie\u00dfen, weil keine Trucker gefunden werden k\u00f6nnen, die ihre K\u00fcchen mit H\u00fchnchen beliefern \u2013 und ohne H\u00fchnchen gibt es auch kein Piri Piri, das ber\u00fchmteste Gericht<a href=\"#_ftn68\" name=\"_ftnref68\"><sup>[68]<\/sup><\/a>. McDonald&#8217;s hat sich gezwungen gesehen, in ganz Gro\u00dfbritannien Milchshakes von den Speisekarten zu streichen, weil es keine Milch gibt<a href=\"#_ftn69\" name=\"_ftnref69\"><sup>[69]<\/sup><\/a>.<\/p>\n<p>Die Auswirkungen sind sichtbar: Die Menschen reduzieren die Portionen auf ihren Tellern, lassen Mahlzeiten ausfallen, um ihre Kinder zu ern\u00e4hren, und verzichten auf warme Speisen, um Gas und Strom zu sparen: Nach den im Mai 2022 ver\u00f6ffentlichten Daten sind 2 Millionen britische B\u00fcrger direkte Opfer der Krise, die durch die steigenden Energie- und Rechnungskosten verursacht wird (+54 %)<a href=\"#_ftn70\" name=\"_ftnref70\"><sup>[70]<\/sup><\/a>. Der Gouverneur der Bank of England, Andrew Bailey, warnte, das Vereinigte K\u00f6nigreich m\u00fcsse sich auf einen &#8222;apokalyptischen&#8220; Anstieg der Lebensmittelpreise vorbereiten, der durch den Krieg in der Ukraine und die Sanktionen ausgel\u00f6st worden sei, wies aber darauf hin, dass die Inflationsspirale bereits seit Januar, einen Monat vor der Invasion, auf die Bev\u00f6lkerung durchgeschlagen habe<a href=\"#_ftn71\" name=\"_ftnref71\"><sup>[71]<\/sup><\/a>. Das schleppende Wachstum in Verbindung mit der hohen Inflation h\u00e4lt das Vereinigte K\u00f6nigreich im Griff der Stagflation<a href=\"#_ftn72\" name=\"_ftnref72\"><sup>[72]<\/sup><\/a>. Die wirkliche Gefahr besteht darin, dass dies in eine Rezession von historischem Ausma\u00df ausartet. Die Inflation von 9 % im Mai \u00f6ffnet nach Sch\u00e4tzungen der Bank of England die T\u00fcr zu 10,2 % im Oktober (vor einem Jahr lag sie bei 1,5 %), worauf der Eintritt des Landes in die Rezession folgen d\u00fcrfte<a href=\"#_ftn73\" name=\"_ftnref73\"><sup>[73]<\/sup><\/a>.<\/p>\n<p>Beschwichtigungsma\u00dfnahmen wie der Grundsteuerrabatt von 150 Pfund, der &#8222;Warm Home Discount&#8220; (140 Pfund Erm\u00e4\u00dfigung auf Strom f\u00fcr weniger Wohlhabende) und die &#8222;Winter Fuel Payment&#8220; (zwischen 100 und 300 Pfund f\u00fcr die Heizung) zur Unterst\u00fctzung der B\u00fcrger, die mit den Gas- und Stromrechnungen zu k\u00e4mpfen haben, die im letzten Jahr um 53,5 % bzw. 95,5 % gestiegen sind, sind wenig hilfreich<a href=\"#_ftn74\" name=\"_ftnref74\"><sup>[74]<\/sup><\/a>. Die ganze Dynamik begann nicht mit dem Donbass-Krieg, sondern mit dem Austritt des Vereinigten K\u00f6nigreichs aus der Europ\u00e4ischen Union \u2013 wie die Zahlen der Regierung best\u00e4tigen<a href=\"#_ftn75\" name=\"_ftnref75\"><sup>[75]<\/sup><\/a>: Der Austritt aus dem Binnenmarkt und der Zollunion hat den britischen Au\u00dfenhandel um 14,9 % reduziert<a href=\"#_ftn76\" name=\"_ftnref76\"><sup>[76]<\/sup><\/a>. Ende Dezember 2021 lag die Wirtschaft der anderen fortgeschrittenen L\u00e4nder wieder 3 % \u00fcber dem Niveau vor der Pandemie, w\u00e4hrend die britischen Exporte weiterhin um 12 % zur\u00fcckgingen<a href=\"#_ftn77\" name=\"_ftnref77\"><sup>[77]<\/sup><\/a>.<\/p>\n<p><strong>Der Finanzplatz, die letzte souver\u00e4nistische Wette<\/strong><\/p>\n<p><img loading=\"lazy\" class=\"aligncenter size-full wp-image-3047\" src=\"https:\/\/ibiworld.eu\/de\/wp-content\/uploads\/2022\/07\/UK029-07-scaled.jpg\" alt=\"\" width=\"2560\" height=\"1440\" srcset=\"https:\/\/ibiworld.eu\/de\/wp-content\/uploads\/2022\/07\/UK029-07-scaled.jpg 2560w, https:\/\/ibiworld.eu\/de\/wp-content\/uploads\/2022\/07\/UK029-07-300x169.jpg 300w, https:\/\/ibiworld.eu\/de\/wp-content\/uploads\/2022\/07\/UK029-07-1024x576.jpg 1024w, https:\/\/ibiworld.eu\/de\/wp-content\/uploads\/2022\/07\/UK029-07-768x432.jpg 768w, https:\/\/ibiworld.eu\/de\/wp-content\/uploads\/2022\/07\/UK029-07-1536x864.jpg 1536w, https:\/\/ibiworld.eu\/de\/wp-content\/uploads\/2022\/07\/UK029-07-2048x1152.jpg 2048w, https:\/\/ibiworld.eu\/de\/wp-content\/uploads\/2022\/07\/UK029-07-600x338.jpg 600w\" sizes=\"(max-width: 2560px) 100vw, 2560px\" \/><\/p>\n<p><strong>London, 8. Juli 2022: Eine wachsende Menschenmenge wartet ungeduldig darauf, dass Boris Johnson aus der Downing Street kommt, um seinen R\u00fccktritt als Premierminister zu verk\u00fcnden<a href=\"#_ftn78\" name=\"_ftnref78\">[78]<\/a><\/strong><\/p>\n<p>In diesem Debakel, so glauben alle, ist zumindest der Finanzplatz auf dem Vormarsch: Das gesamte Vereinigte K\u00f6nigreich ist inzwischen eine Galaxie von Steuerparadiesen: Guernsey, Jersey, die Isle of Man, Gibraltar, die Britischen Jungferninseln, die Kaimaninseln \u2013 aber auch London und Belfast \u2013 verf\u00fcgen \u00fcber Gesetze, die das Geld eines jeden vor dem Steuersystem seines Landes und bis zu einem gewissen Grad auch vor den Eingriffen der Strafjustiz und dem Durst betrogener Gl\u00e4ubiger sch\u00fctzen.<\/p>\n<p>Nach Angaben des Beratungsunternehmens EY Ernst &amp; Young hat dies nicht ausgereicht: Seit dem Referendum haben 44 % (97 von 222) der gr\u00f6\u00dften Finanzdienstleistungsunternehmen des Vereinigten K\u00f6nigreichs B\u00fcros, Betriebe oder Mitarbeiter aus dem Vereinigten K\u00f6nigreich in die EU verlagert: eine Zahl, die sich seit M\u00e4rz 2017 fast verdoppelt hat (53 von 222, 24 %) und im vergangenen Jahr unver\u00e4ndert geblieben ist (95 von 222, 43 %, Stand: M\u00e4rz 2021) <a href=\"#_ftn79\" name=\"_ftnref79\"><sup>[79]<\/sup><\/a>. Aber das ist noch nicht alles. Nach Ansicht der EY-Analysten &#8222;<em>sind zwar viele Notfallpl\u00e4ne f\u00fcr den schlimmsten Fall noch nicht verabschiedet worden, doch rechnet EY mit der Verlagerung von Betrieben und Mitarbeitern von Finanzdienstleistungsunternehmen in ganz Europa, da der Brexit zunehmend Teil eines breiteren Diskurses \u00fcber strategische Gesch\u00e4ftsfaktoren und Betriebsmodelle wird<\/em>&#8222;<a href=\"#_ftn80\" name=\"_ftnref80\"><sup>[80]<\/sup><\/a>.<\/p>\n<p>Der Brexit hat eine Reihe von Fliehkr\u00e4ften ausgel\u00f6st, die das Vereinigte K\u00f6nigreich zu zersetzen drohen, und hat die B\u00fcchse der Pandora der Widerspr\u00fcche freigelegt, die nach Jahrhunderten, in denen erst die Macht des Empire und dann die Angst vor den Nazis und Kommunisten daf\u00fcr gesorgt hatten, dass ein einzigartiger kultureller Nationalstolz (der in K\u00f6nigin Elisabeth II. verankert war) in Frieden zusammenhielt, was in Blut vereint war, auszubrechen begann. Das Vereinigte K\u00f6nigreich steckt in einer wirtschaftlichen, finanziellen, politischen und sozialen Krise, die zu Armut und Angst gef\u00fchrt hat \u2013 eine Krise, die angesichts der internationalen Lage nicht so bald \u00fcberwunden sein wird.<\/p>\n<p>Laut Limes war das Brexit-Referendum von den Briten gewollt \u2013 nicht so sehr, um die Beziehungen zur Europ\u00e4ischen Union abzuk\u00fchlen, sondern vielmehr, um die hegemoniale Position Londons gegen\u00fcber den anderen Nationen, aus denen sich das Vereinigte K\u00f6nigreich zusammensetzt, zu bekr\u00e4ftigen \u2013 dieselbe Strategie, die traditionell von den Vereinigten Staaten angewandt wird, wenn sie blutige Putsche im Ausland finanzieren, oder von Wladimir Putin, der nationalistischen Patrioten verspricht, dass das heilige M\u00fctterchen Russland wieder ein Imperium wird<a href=\"#_ftn81\" name=\"_ftnref81\"><sup>[81]<\/sup><\/a>. Wie Putin und Kissinger setzte Johnson auf die Sicherheitskarte, und zwar nicht nur bei der Verteidigung gegen Einwanderer. Er schwor (und glaubte vielleicht auch), dass Gro\u00dfbritannien mit dem Brexit eine andere Rolle und ein anderes Gewicht auf internationaler Ebene erhalten w\u00fcrde, eine Rolle, die nicht von der Kontrolle Gro\u00dfbritanniens getrennt werden kann.<\/p>\n<p>Stellen Sie sich vor, was aus milit\u00e4rischer Sicht im Falle einer Abspaltung von Edinburgh geschehen w\u00fcrde, wodurch London die Standorte sehr wichtiger Milit\u00e4rbasen, einschlie\u00dflich derjenigen von U-Booten mit nuklearem Antrieb f\u00fcr ballistische Raketen, weggenommen w\u00fcrden<a href=\"#_ftn82\" name=\"_ftnref82\"><sup>[82]<\/sup><\/a>. Dar\u00fcber hinaus hat der schottische Sezessionswille nicht nur historische Gr\u00fcnde, sondern beruht auch auf der Entdeckung von Nordsee\u00f6l vor der Ostk\u00fcste<a href=\"#_ftn83\" name=\"_ftnref83\"><sup>[83]<\/sup><\/a>: etwas, das die Schotten davon tr\u00e4umen l\u00e4sst, sich selbst versorgen zu k\u00f6nnen<a href=\"#_ftn84\" name=\"_ftnref84\"><sup>[84]<\/sup><\/a>. Das Gleiche geschieht in Nordirland, wie der Sieg der Sinn F\u00e9in zeigt<a href=\"#_ftn85\" name=\"_ftnref85\"><sup>[85]<\/sup><\/a>. Derzeit sind Zentrifugalantriebe f\u00fcr Volksbegehren durch das geltende Recht blockiert: Wenn auf der anderen Seite des Hadrianswalls der Scotland Act von 1998 festlegt, dass das schottische Parlament in Angelegenheiten, die in die ausschlie\u00dfliche Zust\u00e4ndigkeit von Westminster fallen, keine Gesetze erlassen darf (es sei denn, letzteres legitimiert dies, wie 2014), so ist es auf der anderen Seite das Karfreitagsabkommen, das vorsieht, dass f\u00fcr eine hypothetische Vereinigung Irlands gleichzeitig in Ulster und in Irland positive Mehrheiten f\u00fcr ein Referendum erzielt werden m\u00fcssen, wobei die Entscheidung \u00fcber die Einberufung der Konsultation in jedem Fall der britischen Regierung \u00fcbertragen wird<a href=\"#_ftn86\" name=\"_ftnref86\"><sup>[86]<\/sup><\/a>.<\/p>\n<p>Beim gegenw\u00e4rtigen Stand der Dinge ist eine Abspaltung daher undenkbar \u2013 aber die von Boris Johnson hinterlassene Situation ist so ernst, dass die gesetzgeberischen Zw\u00e4nge fr\u00fcher oder sp\u00e4ter durch Stra\u00dfenkrawalle gesprengt werden \u2013 und die einzige M\u00f6glichkeit, alle bei Laune zu halten, besteht darin, das Geld zu finden, um aus dem schwarzen Loch der Krise herauszukommen: das Geld, von dem Johnson wie Thatcher \u00fcberzeugt waren, dass es vom Finanzzentrum produziert wurde<a href=\"#_ftn87\" name=\"_ftnref87\"><sup>[87]<\/sup><\/a>. Der R\u00fccktritt von Boris Johnson er\u00f6ffnet ein neues politisches Kapitel gro\u00dfer Ungewissheit: Man muss sich entscheiden, ob man den Traum vom Brexit um jeden Preis retten will oder ob man nach Br\u00fcssel zur\u00fcckkehrt und dieses h\u00e4ssliche Wort nur benutzt, um einen historischen Kontext zu nennen<a href=\"#_ftn88\" name=\"_ftnref88\"><sup>[88]<\/sup><\/a>. Der politische Tod des Premierministers hinterl\u00e4sst den blutleeren K\u00f6rper einer Nation, die achtzig Jahre nach ihrem letzten gro\u00dfen Pyrrhussieg akzeptieren muss, dass sie ihre Tr\u00e4ume von Gr\u00f6\u00dfe aufgeben und sich bem\u00fchen muss, ihren Untertanen Nahrung und eine Perspektive zu geben \u2013 sonst kann alles passieren.<\/p>\n<p>&nbsp;<\/p>\n<p><a href=\"#_ftnref1\" name=\"_ftn1\">[1]<\/a> <a href=\"https:\/\/www.telegraph.co.uk\/news\/2016\/08\/13\/nigel-farages-aide-arrested-as-fbi-probe-links-to-money-launderi\/\">https:\/\/www.telegraph.co.uk\/news\/2016\/08\/13\/nigel-farages-aide-arrested-as-fbi-probe-links-to-money-launderi\/<\/a><\/p>\n<p><a href=\"#_ftnref2\" name=\"_ftn2\">[2]<\/a><a href=\"https:\/\/twitter.com\/BBCr4today\/status\/746221017551409152?ref_src=twsrc%5Etfw%7Ctwcamp%5Etweetembed%7Ctwterm%5E746221017551409152%7Ctwgr%5E%7Ctwcon%5Es1_&amp;ref_url=https%3A%2F%2Fwww.repubblica.it%2Festeri%2F2016%2F06%2F24%2Fnews%2Fscozia_irlanda_referendum_brexit_secessione-142699585%2F\">https:\/\/twitter.com\/BBCr4today\/status\/746221017551409152?ref_src=twsrc%5Etfw%7Ctwcamp%5Etweetembed%7Ctwterm%5E746221017551409152%7Ctwgr%5E%7Ctwcon%5Es1_&amp;ref_url=https%3A%2F%2Fwww.repubblica.it%2Festeri%2F2016%2F06%2F24%2Fnews%2Fscozia_irlanda_referendum_brexit_secessione-142699585%2F<\/a><\/p>\n<p><a href=\"#_ftnref3\" name=\"_ftn3\">[3]<\/a> <a href=\"https:\/\/www.theguardian.com\/politics\/blog\/live\/2017\/jun\/19\/boris-johnson-and-gove-both-back-may-as-tory-leadership-speculation-continues-politics-live\">https:\/\/www.theguardian.com\/politics\/blog\/live\/2017\/jun\/19\/boris-johnson-and-gove-both-back-may-as-tory-leadership-speculation-continues-politics-live<\/a><\/p>\n<p><a href=\"#_ftnref4\" name=\"_ftn4\">[4]<\/a> <a href=\"https:\/\/www.theguardian.com\/politics\/blog\/live\/2017\/jun\/19\/boris-johnson-and-gove-both-back-may-as-tory-leadership-speculation-continues-politics-live\">https:\/\/www.theguardian.com\/politics\/blog\/live\/2017\/jun\/19\/boris-johnson-and-gove-both-back-may-as-tory-leadership-speculation-continues-politics-live<\/a><\/p>\n<p><a href=\"#_ftnref5\" name=\"_ftn5\">[5]<\/a> <a href=\"https:\/\/www.theguardian.com\/politics\/blog\/live\/2017\/jun\/19\/boris-johnson-and-gove-both-back-may-as-tory-leadership-speculation-continues-politics-live\">https:\/\/www.theguardian.com\/politics\/blog\/live\/2017\/jun\/19\/boris-johnson-and-gove-both-back-may-as-tory-leadership-speculation-continues-politics-live<\/a><\/p>\n<p><a href=\"#_ftnref6\" name=\"_ftn6\">[6]<\/a> <a href=\"https:\/\/www.ilfattoquotidiano.it\/2016\/07\/15\/brexit-perche-il-regno-unito-ha-deciso-di-uscire\/2905380\/\">https:\/\/www.ilfattoquotidiano.it\/2016\/07\/15\/brexit-perche-il-regno-unito-ha-deciso-di-uscire\/2905380\/<\/a><\/p>\n<p><a href=\"#_ftnref7\" name=\"_ftn7\">[7]<\/a> <a href=\"https:\/\/www.lavoce.info\/archives\/57806\/quali-sono-gli-stranieri-sgraditi-agli-inglesi-e-quali-no\/\">https:\/\/www.lavoce.info\/archives\/57806\/quali-sono-gli-stranieri-sgraditi-agli-inglesi-e-quali-no\/<\/a><\/p>\n<p><a href=\"#_ftnref8\" name=\"_ftn8\">[8]<\/a> <a href=\"https:\/\/www.conversion-uplift.co.uk\/reasons-why-mps-should-stop-brexit\/\">https:\/\/www.conversion-uplift.co.uk\/reasons-why-mps-should-stop-brexit\/<\/a><\/p>\n<p><a href=\"#_ftnref9\" name=\"_ftn9\">[9]<\/a> <a href=\"https:\/\/www.ilfattoquotidiano.it\/2016\/07\/15\/brexit-perche-il-regno-unito-ha-deciso-di-uscire\/2905380\/\">https:\/\/www.ilfattoquotidiano.it\/2016\/07\/15\/brexit-perche-il-regno-unito-ha-deciso-di-uscire\/2905380\/<\/a><\/p>\n<p><a href=\"#_ftnref10\" name=\"_ftn10\">[10]<\/a> <a href=\"https:\/\/www.independent.co.uk\/news\/uk\/politics\/boris-johnson-brexit-bus-supreme-court-vote-leave-appeal-latest-a9056871.html\">https:\/\/www.independent.co.uk\/news\/uk\/politics\/boris-johnson-brexit-bus-supreme-court-vote-leave-appeal-latest-a9056871.html<\/a><\/p>\n<p><a href=\"#_ftnref11\" name=\"_ftn11\">[11]<\/a> <a href=\"https:\/\/www.conversion-uplift.co.uk\/brexit\/the-boris-johnson-brexit-bus-lie-of-350m\/\">https:\/\/www.conversion-uplift.co.uk\/brexit\/the-boris-johnson-brexit-bus-lie-of-350m\/<\/a> ;<\/p>\n<p><a href=\"#_ftnref12\" name=\"_ftn12\">[12]<\/a> <a href=\"https:\/\/ibiworld.eu\/2022\/06\/25\/la-vittoria-di-sinn-fein-spinge-lulster-verso-leuropa\/\">LA VITTORIA DI SINN F\u00c9IN SPINGE L\u2019ULSTER VERSO L\u2019EUROPA | IBI World Italia<\/a><\/p>\n<p><a href=\"#_ftnref13\" name=\"_ftn13\">[13]<\/a> <a href=\"https:\/\/it.euronews.com\/my-europe\/2021\/01\/07\/brexit-tutte-le-bugie-di-boris-johnson-e-dei-suoi-ministri-sull-accordo-commerciale-con-l-\">https:\/\/it.euronews.com\/my-europe\/2021\/01\/07\/brexit-tutte-le-bugie-di-boris-johnson-e-dei-suoi-ministri-sull-accordo-commerciale-con-l-<\/a><\/p>\n<p><a href=\"#_ftnref14\" name=\"_ftn14\">[14]<\/a> <a href=\"https:\/\/www.gov.uk\/government\/speeches\/prime-ministers-statement-on-eu-negotiations-24-december-2020\">https:\/\/www.gov.uk\/government\/speeches\/prime-ministers-statement-on-eu-negotiations-24-december-2020<\/a><\/p>\n<p><a href=\"#_ftnref15\" name=\"_ftn15\">[15]<\/a><a href=\"https:\/\/assets.publishing.service.gov.uk\/government\/uploads\/system\/uploads\/attachment_data\/file\/1083393\/2022-06-15_Border_Operating_Model__1_.pdf\">https:\/\/assets.publishing.service.gov.uk\/government\/uploads\/system\/uploads\/attachment_data\/file\/1083393\/2022-06-15_Border_Operating_Model__1_.pdf<\/a><\/p>\n<p><a href=\"#_ftnref16\" name=\"_ftn16\">[16]<\/a> <a href=\"https:\/\/www.gov.uk\/working-abroad\">https:\/\/www.gov.uk\/working-abroad<\/a><\/p>\n<p><a href=\"#_ftnref17\" name=\"_ftn17\">[17]<\/a> <a href=\"https:\/\/mobile.twitter.com\/brandonlewis\/status\/1345057483887411200\">https:\/\/mobile.twitter.com\/brandonlewis\/status\/1345057483887411200<\/a><\/p>\n<p><a href=\"#_ftnref18\" name=\"_ftn18\">[18]<\/a> <a href=\"https:\/\/www.independent.co.uk\/news\/uk\/politics\/brandon-lewis-irish-sea-border-tweet-b1873511.html\">https:\/\/www.independent.co.uk\/news\/uk\/politics\/brandon-lewis-irish-sea-border-tweet-b1873511.html<\/a><\/p>\n<p><a href=\"#_ftnref19\" name=\"_ftn19\">[19]<\/a> <a href=\"https:\/\/it.euronews.com\/my-europe\/2021\/01\/07\/brexit-tutte-le-bugie-di-boris-johnson-e-dei-suoi-ministri-sull-accordo-commerciale-con-l-\">https:\/\/it.euronews.com\/my-europe\/2021\/01\/07\/brexit-tutte-le-bugie-di-boris-johnson-e-dei-suoi-ministri-sull-accordo-commerciale-con-l-<\/a><\/p>\n<p><a href=\"#_ftnref20\" name=\"_ftn20\">[20]<\/a> <a href=\"https:\/\/www.gov.uk\/government\/speeches\/prime-ministers-statement-on-eu-negotiations-24-december-2020\">https:\/\/www.gov.uk\/government\/speeches\/prime-ministers-statement-on-eu-negotiations-24-december-2020<\/a><\/p>\n<p><a href=\"#_ftnref21\" name=\"_ftn21\">[21]<\/a> <a href=\"https:\/\/it.euronews.com\/my-europe\/2021\/01\/07\/brexit-tutte-le-bugie-di-boris-johnson-e-dei-suoi-ministri-sull-accordo-commerciale-con-l-\">https:\/\/it.euronews.com\/my-europe\/2021\/01\/07\/brexit-tutte-le-bugie-di-boris-johnson-e-dei-suoi-ministri-sull-accordo-commerciale-con-l-<\/a><\/p>\n<p><a href=\"#_ftnref22\" name=\"_ftn22\">[22]<\/a> <a href=\"https:\/\/www.informazionimarittime.com\/post\/variante-coronavirus-migliaia-di-camion-bloccati-nel-regno-unito\">https:\/\/www.informazionimarittime.com\/post\/variante-coronavirus-migliaia-di-camion-bloccati-nel-regno-unito<\/a><\/p>\n<p><a href=\"#_ftnref23\" name=\"_ftn23\">[23]<\/a> <a href=\"https:\/\/www.gov.uk\/government\/speeches\/prime-ministers-statement-on-eu-negotiations-24-december-2020\">https:\/\/www.gov.uk\/government\/speeches\/prime-ministers-statement-on-eu-negotiations-24-december-2020<\/a><\/p>\n<p><a href=\"#_ftnref24\" name=\"_ftn24\">[24]<\/a> <a href=\"https:\/\/it.euronews.com\/my-europe\/2021\/01\/07\/brexit-tutte-le-bugie-di-boris-johnson-e-dei-suoi-ministri-sull-accordo-commerciale-con-l-\">https:\/\/it.euronews.com\/my-europe\/2021\/01\/07\/brexit-tutte-le-bugie-di-boris-johnson-e-dei-suoi-ministri-sull-accordo-commerciale-con-l-<\/a><\/p>\n<p><a href=\"#_ftnref25\" name=\"_ftn25\">[25]<\/a> <a href=\"https:\/\/www.instituteforgovernment.org.uk\/explainers\/future-relationship-financial-services\">https:\/\/www.instituteforgovernment.org.uk\/explainers\/future-relationship-financial-services<\/a> ; <a href=\"https:\/\/it.euronews.com\/my-europe\/2021\/01\/07\/brexit-tutte-le-bugie-di-boris-johnson-e-dei-suoi-ministri-sull-accordo-commerciale-con-l-\">https:\/\/it.euronews.com\/my-europe\/2021\/01\/07\/brexit-tutte-le-bugie-di-boris-johnson-e-dei-suoi-ministri-sull-accordo-commerciale-con-l-<\/a><\/p>\n<p><a href=\"#_ftnref26\" name=\"_ftn26\">[26]<\/a> <a href=\"https:\/\/euractiv.it\/section\/brexit\/news\/brexit-440-societa-finanziarie-hanno-abbandonato-la-city\/\">https:\/\/euractiv.it\/section\/brexit\/news\/brexit-440-societa-finanziarie-hanno-abbandonato-la-city\/<\/a><\/p>\n<p><a href=\"#_ftnref27\" name=\"_ftn27\">[27]<\/a> <a href=\"https:\/\/it.euronews.com\/my-europe\/2021\/01\/07\/brexit-tutte-le-bugie-di-boris-johnson-e-dei-suoi-ministri-sull-accordo-commerciale-con-l-\">https:\/\/it.euronews.com\/my-europe\/2021\/01\/07\/brexit-tutte-le-bugie-di-boris-johnson-e-dei-suoi-ministri-sull-accordo-commerciale-con-l-<\/a><\/p>\n<p><a href=\"#_ftnref28\" name=\"_ftn28\">[28]<\/a> <a href=\"https:\/\/it.euronews.com\/my-europe\/2021\/01\/07\/brexit-tutte-le-bugie-di-boris-johnson-e-dei-suoi-ministri-sull-accordo-commerciale-con-l-\">https:\/\/it.euronews.com\/my-europe\/2021\/01\/07\/brexit-tutte-le-bugie-di-boris-johnson-e-dei-suoi-ministri-sull-accordo-commerciale-con-l-<\/a><\/p>\n<p><a href=\"#_ftnref29\" name=\"_ftn29\">[29]<\/a> <a href=\"https:\/\/www.agi.it\/estero\/news\/2020-10-23\/gran-bretagna-giappone-accordo-post-brexit-10044363\/\">https:\/\/www.agi.it\/estero\/news\/2020-10-23\/gran-bretagna-giappone-accordo-post-brexit-10044363\/<\/a> ; <a href=\"https:\/\/www.emilythornberry.com\/blog\/2020\/11\/26\/uk-japan-deal\/\">https:\/\/www.emilythornberry.com\/blog\/2020\/11\/26\/uk-japan-deal\/<\/a><\/p>\n<p><a href=\"#_ftnref30\" name=\"_ftn30\">[30]<\/a> <a href=\"https:\/\/www.euronews.com\/2020\/09\/11\/is-uk-s-new-trade-deal-with-japan-better-than-the-eu-s-one-\">https:\/\/www.euronews.com\/2020\/09\/11\/is-uk-s-new-trade-deal-with-japan-better-than-the-eu-s-one-<\/a><\/p>\n<p><a href=\"#_ftnref31\" name=\"_ftn31\">[31]<\/a> <a href=\"https:\/\/www.euronews.com\/2020\/09\/11\/is-uk-s-new-trade-deal-with-japan-better-than-the-eu-s-one-\">https:\/\/www.euronews.com\/2020\/09\/11\/is-uk-s-new-trade-deal-with-japan-better-than-the-eu-s-one-<\/a><\/p>\n<p><a href=\"#_ftnref32\" name=\"_ftn32\">[32]<\/a> <a href=\"https:\/\/financecue.it\/effetto-brexit-societa-lasciano-regno-unito\/13518\/\">https:\/\/financecue.it\/effetto-brexit-societa-lasciano-regno-unito\/13518\/<\/a><\/p>\n<p><a href=\"#_ftnref33\" name=\"_ftn33\">[33]<\/a> <a href=\"https:\/\/financecue.it\/effetto-brexit-societa-lasciano-regno-unito\/13518\/\">https:\/\/financecue.it\/effetto-brexit-societa-lasciano-regno-unito\/13518\/<\/a><\/p>\n<p><a href=\"#_ftnref34\" name=\"_ftn34\">[34]<\/a> <a href=\"https:\/\/www.thenational.scot\/news\/19813158.five-times-brexiteers-promised-uk-cheaper-energy-bills\/\">https:\/\/www.thenational.scot\/news\/19813158.five-times-brexiteers-promised-uk-cheaper-energy-bills\/<\/a><\/p>\n<p><a href=\"#_ftnref35\" name=\"_ftn35\">[35]<\/a> <a href=\"https:\/\/www.thenational.scot\/news\/19813158.five-times-brexiteers-promised-uk-cheaper-energy-bills\/\">https:\/\/www.thenational.scot\/news\/19813158.five-times-brexiteers-promised-uk-cheaper-energy-bills\/<\/a><\/p>\n<p><a href=\"#_ftnref36\" name=\"_ftn36\">[36]<\/a> <a href=\"https:\/\/www.thenational.scot\/news\/19813158.five-times-brexiteers-promised-uk-cheaper-energy-bills\/\">https:\/\/www.thenational.scot\/news\/19813158.five-times-brexiteers-promised-uk-cheaper-energy-bills\/<\/a><\/p>\n<p><a href=\"#_ftnref37\" name=\"_ftn37\">[37]<\/a> <a href=\"https:\/\/www.walesonline.co.uk\/news\/wales-news\/protests-held-across-wales-opposition-22768686\">https:\/\/www.walesonline.co.uk\/news\/wales-news\/protests-held-across-wales-opposition-22768686<\/a><\/p>\n<p><a href=\"#_ftnref38\" name=\"_ftn38\">[38]<\/a> <a href=\"https:\/\/www.agensir.it\/quotidiano\/2021\/3\/25\/brexit-dai-sondaggi-e-a-rischio-lunione-tra-inghilterra-scozia-galles-e-irlanda-del-nord\/\">https:\/\/www.agensir.it\/quotidiano\/2021\/3\/25\/brexit-dai-sondaggi-e-a-rischio-lunione-tra-inghilterra-scozia-galles-e-irlanda-del-nord\/<\/a><\/p>\n<p><a href=\"#_ftnref39\" name=\"_ftn39\">[39]<\/a> <a href=\"https:\/\/www.agensir.it\/quotidiano\/2021\/3\/25\/brexit-dai-sondaggi-e-a-rischio-lunione-tra-inghilterra-scozia-galles-e-irlanda-del-nord\/\">https:\/\/www.agensir.it\/quotidiano\/2021\/3\/25\/brexit-dai-sondaggi-e-a-rischio-lunione-tra-inghilterra-scozia-galles-e-irlanda-del-nord\/<\/a><\/p>\n<p><a href=\"#_ftnref40\" name=\"_ftn40\">[40]<\/a> <a href=\"https:\/\/www.ilfoglio.it\/esteri\/2021\/05\/05\/news\/tanta-voglia-di-indipendenza-in-galles-2324496\/\">https:\/\/www.ilfoglio.it\/esteri\/2021\/05\/05\/news\/tanta-voglia-di-indipendenza-in-galles-2324496\/<\/a><\/p>\n<p><a href=\"#_ftnref41\" name=\"_ftn41\">[41]<\/a> <a href=\"https:\/\/www.affarinternazionali.it\/archivio-affarinternazionali\/2021\/05\/tutti-i-risultati-delle-elezioni-nel-regno-unito\/\">https:\/\/www.affarinternazionali.it\/archivio-affarinternazionali\/2021\/05\/tutti-i-risultati-delle-elezioni-nel-regno-unito\/<\/a><\/p>\n<p><a href=\"#_ftnref42\" name=\"_ftn42\">[42]<\/a> <a href=\"https:\/\/www.antudo.info\/galles-irlanda-scozia-indipentismo-che-viene\/\">https:\/\/www.antudo.info\/galles-irlanda-scozia-indipentismo-che-viene\/<\/a><\/p>\n<p><a href=\"#_ftnref43\" name=\"_ftn43\">[43]<\/a> <a href=\"https:\/\/www.ilfoglio.it\/esteri\/2021\/05\/05\/news\/tanta-voglia-di-indipendenza-in-galles-2324496\/\">https:\/\/www.ilfoglio.it\/esteri\/2021\/05\/05\/news\/tanta-voglia-di-indipendenza-in-galles-2324496\/<\/a><\/p>\n<p><a href=\"#_ftnref44\" name=\"_ftn44\">[44]<\/a> <a href=\"https:\/\/www.antudo.info\/galles-irlanda-scozia-indipentismo-che-viene\/\">https:\/\/www.antudo.info\/galles-irlanda-scozia-indipentismo-che-viene\/<\/a><\/p>\n<p><a href=\"#_ftnref45\" name=\"_ftn45\">[45]<\/a> <a href=\"https:\/\/www.ilfoglio.it\/esteri\/2021\/05\/05\/news\/tanta-voglia-di-indipendenza-in-galles-2324496\/\">https:\/\/www.ilfoglio.it\/esteri\/2021\/05\/05\/news\/tanta-voglia-di-indipendenza-in-galles-2324496\/<\/a><\/p>\n<p><a href=\"#_ftnref46\" name=\"_ftn46\">[46]<\/a> <a href=\"https:\/\/www.lesenfantsterribles.org\/this-is-england\/brexit-il-galles-perde-il-supporto-di-680-milioni-di-sterline-allanno-dalla-ue\/\">https:\/\/www.lesenfantsterribles.org\/this-is-england\/brexit-il-galles-perde-il-supporto-di-680-milioni-di-sterline-allanno-dalla-ue\/<\/a><\/p>\n<p><a href=\"#_ftnref47\" name=\"_ftn47\">[47]<\/a> <a href=\"https:\/\/lospiegone.com\/2017\/05\/29\/plaid-cymru-il-galles-indipendentista-ed-europeista\/\">https:\/\/lospiegone.com\/2017\/05\/29\/plaid-cymru-il-galles-indipendentista-ed-europeista\/<\/a><\/p>\n<p><a href=\"#_ftnref48\" name=\"_ftn48\">[48]<\/a> <a href=\"https:\/\/www.ilfoglio.it\/esteri\/2021\/05\/05\/news\/tanta-voglia-di-indipendenza-in-galles-2324496\/\">https:\/\/www.ilfoglio.it\/esteri\/2021\/05\/05\/news\/tanta-voglia-di-indipendenza-in-galles-2324496\/<\/a><\/p>\n<p><a href=\"#_ftnref49\" name=\"_ftn49\">[49]<\/a> <a href=\"http:\/\/www.lejournalinternational.info\/it\/brexit-paradoxe-pays-de-galles\/\">http:\/\/www.lejournalinternational.info\/it\/brexit-paradoxe-pays-de-galles\/<\/a> ; <a href=\"https:\/\/gov.wales\/sites\/default\/files\/2017-01\/30683%20Securing%20Wales%C2%B9%20Future_ENGLISH_WEB.pdf\">https:\/\/gov.wales\/sites\/default\/files\/2017-01\/30683%20Securing%20Wales%C2%B9%20Future_ENGLISH_WEB.pdf<\/a><\/p>\n<p><a href=\"#_ftnref50\" name=\"_ftn50\">[50]<\/a> <a href=\"https:\/\/www.radioradio.it\/2019\/05\/theresa-may-perche-si-e-dimessa-cose-la-brexit-nuovo-referendum-riassunto-chi-e-il-prossimo-premier-news\/\">https:\/\/www.radioradio.it\/2019\/05\/theresa-may-perche-si-e-dimessa-cose-la-brexit-nuovo-referendum-riassunto-chi-e-il-prossimo-premier-news\/<\/a><\/p>\n<p><a href=\"#_ftnref51\" name=\"_ftn51\">[51]<\/a><a href=\"https:\/\/assets.publishing.service.gov.uk\/government\/uploads\/system\/uploads\/attachment_data\/file\/1034123\/The_Belfast_Agreement_An_Agreement_Reached_at_the_Multi-Party_Talks_on_Northern_Ireland.pdf\">https:\/\/assets.publishing.service.gov.uk\/government\/uploads\/system\/uploads\/attachment_data\/file\/1034123\/The_Belfast_Agreement_An_Agreement_Reached_at_the_Multi-Party_Talks_on_Northern_Ireland.pdf<\/a><\/p>\n<p><a href=\"#_ftnref52\" name=\"_ftn52\">[52]<\/a><a href=\"https:\/\/assets.publishing.service.gov.uk\/government\/uploads\/system\/uploads\/attachment_data\/file\/840230\/Revised_Protocol_to_the_Withdrawal_Agreement.pdf\">https:\/\/assets.publishing.service.gov.uk\/government\/uploads\/system\/uploads\/attachment_data\/file\/840230\/Revised_Protocol_to_the_Withdrawal_Agreement.pdf<\/a><\/p>\n<p><a href=\"#_ftnref53\" name=\"_ftn53\">[53]<\/a> <a href=\"https:\/\/iris.unibocconi.it\/retrieve\/handle\/11565\/4044731\/170575\/Spaventa-Il-protocollo-sullIrlanda-del-Nord-fra-grazie-e-disgrazie.pdf\">https:\/\/iris.unibocconi.it\/retrieve\/handle\/11565\/4044731\/170575\/Spaventa-Il-protocollo-sullIrlanda-del-Nord-fra-grazie-e-disgrazie.pdf<\/a><\/p>\n<p><a href=\"#_ftnref54\" name=\"_ftn54\">[54]<\/a> <a href=\"https:\/\/iris.unibocconi.it\/retrieve\/handle\/11565\/4044731\/170575\/Spaventa-Il-protocollo-sullIrlanda-del-Nord-fra-grazie-e-disgrazie.pdf\">https:\/\/iris.unibocconi.it\/retrieve\/handle\/11565\/4044731\/170575\/Spaventa-Il-protocollo-sullIrlanda-del-Nord-fra-grazie-e-disgrazie.pdf<\/a><\/p>\n<p><a href=\"#_ftnref55\" name=\"_ftn55\">[55]<\/a> <a href=\"https:\/\/euractiv.it\/section\/brexit\/news\/cosa-cambia-con-la-legge-britannica-che-vuole-modificare-il-protocollo-dellirlanda-del-nord\/\">https:\/\/euractiv.it\/section\/brexit\/news\/cosa-cambia-con-la-legge-britannica-che-vuole-modificare-il-protocollo-dellirlanda-del-nord\/<\/a><\/p>\n<p><a href=\"#_ftnref56\" name=\"_ftn56\">[56]<\/a> <a href=\"https:\/\/euractiv.it\/section\/brexit\/news\/cosa-cambia-con-la-legge-britannica-che-vuole-modificare-il-protocollo-dellirlanda-del-nord\/\">https:\/\/euractiv.it\/section\/brexit\/news\/cosa-cambia-con-la-legge-britannica-che-vuole-modificare-il-protocollo-dellirlanda-del-nord\/<\/a> ; <a href=\"https:\/\/euractiv.it\/section\/brexit\/news\/protocollo-sullirlanda-del-nord-lue-apre-una-procedura-di-infrazione-contro-londra-dopo-la-nuova-legge-illegale\/\">https:\/\/euractiv.it\/section\/brexit\/news\/protocollo-sullirlanda-del-nord-lue-apre-una-procedura-di-infrazione-contro-londra-dopo-la-nuova-legge-illegale\/<\/a><\/p>\n<p><a href=\"#_ftnref57\" name=\"_ftn57\">[57]<\/a> <a href=\"https:\/\/ukandeu.ac.uk\/wp-content\/uploads\/2019\/10\/The-economic-impact-of-Boris-Johnsons-Brexit-proposals.pdf\">https:\/\/ukandeu.ac.uk\/wp-content\/uploads\/2019\/10\/The-economic-impact-of-Boris-Johnsons-Brexit-proposals.pdf<\/a><\/p>\n<p><a href=\"#_ftnref58\" name=\"_ftn58\">[58]<\/a> <a href=\"https:\/\/euractiv.it\/section\/brexit\/news\/cosa-cambia-con-la-legge-britannica-che-vuole-modificare-il-protocollo-dellirlanda-del-nord\/\">https:\/\/euractiv.it\/section\/brexit\/news\/cosa-cambia-con-la-legge-britannica-che-vuole-modificare-il-protocollo-dellirlanda-del-nord\/<\/a><\/p>\n<p><a href=\"#_ftnref59\" name=\"_ftn59\">[59]<\/a> <a href=\"https:\/\/euractiv.it\/section\/brexit\/news\/cosa-cambia-con-la-legge-britannica-che-vuole-modificare-il-protocollo-dellirlanda-del-nord\/\">https:\/\/euractiv.it\/section\/brexit\/news\/cosa-cambia-con-la-legge-britannica-che-vuole-modificare-il-protocollo-dellirlanda-del-nord\/<\/a><\/p>\n<p><a href=\"#_ftnref60\" name=\"_ftn60\">[60]<\/a> \u201cPerch\u00e9 l\u2019Ucraina\u201d di Noam Chomsky p.10<\/p>\n<p><a href=\"#_ftnref61\" name=\"_ftn61\">[61]<\/a> <a href=\"https:\/\/oxfamapps.org\/scotland\/2013\/03\/15\/2013-03-kids-challenge-chancellor-on-global-hunger\/\">https:\/\/oxfamapps.org\/scotland\/2013\/03\/15\/2013-03-kids-challenge-chancellor-on-global-hunger\/<\/a><\/p>\n<p><a href=\"#_ftnref62\" name=\"_ftn62\">[62]<\/a> <a href=\"https:\/\/www.euractiv.com\/section\/uk-europe\/news\/most-brits-would-rejoin-eu-if-new-vote-held-survey-shows\/\">https:\/\/www.euractiv.com\/section\/uk-europe\/news\/most-brits-would-rejoin-eu-if-new-vote-held-survey-shows\/<\/a><\/p>\n<p><a href=\"#_ftnref63\" name=\"_ftn63\">[63]<\/a> <a href=\"https:\/\/www.ilsole24ore.com\/art\/carenze-personale-londra-riapre-porte-stranieri-AEMKim4?refresh_ce=1\">https:\/\/www.ilsole24ore.com\/art\/carenze-personale-londra-riapre-porte-stranieri-AEMKim4?refresh_ce=1<\/a><\/p>\n<p><a href=\"#_ftnref64\" name=\"_ftn64\">[64]<\/a> <a href=\"https:\/\/www.ilsole24ore.com\/art\/carenze-personale-londra-riapre-porte-stranieri-AEMKim4?refresh_ce=1\">https:\/\/www.ilsole24ore.com\/art\/carenze-personale-londra-riapre-porte-stranieri-AEMKim4?refresh_ce=1<\/a><\/p>\n<p><a href=\"#_ftnref65\" name=\"_ftn65\">[65]<\/a> <a href=\"https:\/\/www.ilsole24ore.com\/art\/paradosso-londra-mancano-operai-e-autisti-ma-e-record-disoccupazione-AECWbVe\">https:\/\/www.ilsole24ore.com\/art\/paradosso-londra-mancano-operai-e-autisti-ma-e-record-disoccupazione-AECWbVe<\/a><\/p>\n<p><a href=\"#_ftnref66\" name=\"_ftn66\">[66]<\/a> <a href=\"https:\/\/www.ilsole24ore.com\/art\/paradosso-londra-mancano-operai-e-autisti-ma-e-record-disoccupazione-AECWbVe\">https:\/\/www.ilsole24ore.com\/art\/paradosso-londra-mancano-operai-e-autisti-ma-e-record-disoccupazione-AECWbVe<\/a><\/p>\n<p><a href=\"#_ftnref67\" name=\"_ftn67\">[67]<\/a> <a href=\"https:\/\/www.ilsole24ore.com\/art\/paradosso-londra-mancano-operai-e-autisti-ma-e-record-disoccupazione-AECWbVe\">https:\/\/www.ilsole24ore.com\/art\/paradosso-londra-mancano-operai-e-autisti-ma-e-record-disoccupazione-AECWbVe<\/a><\/p>\n<p><a href=\"#_ftnref68\" name=\"_ftn68\">[68]<\/a> <a href=\"https:\/\/www.ilsole24ore.com\/art\/paradosso-londra-mancano-operai-e-autisti-ma-e-record-disoccupazione-AECWbVe\">https:\/\/www.ilsole24ore.com\/art\/paradosso-londra-mancano-operai-e-autisti-ma-e-record-disoccupazione-AECWbVe<\/a><\/p>\n<p><a href=\"#_ftnref69\" name=\"_ftn69\">[69]<\/a> <a href=\"https:\/\/www.ilsole24ore.com\/art\/paradosso-londra-mancano-operai-e-autisti-ma-e-record-disoccupazione-AECWbVe\">https:\/\/www.ilsole24ore.com\/art\/paradosso-londra-mancano-operai-e-autisti-ma-e-record-disoccupazione-AECWbVe<\/a><\/p>\n<p><a href=\"#_ftnref70\" name=\"_ftn70\">[70]<\/a> <a href=\"https:\/\/www.ilfattoquotidiano.it\/2022\/05\/22\/inglesi-stretti-nella-morsa-di-inflazione-e-carenze-causate-dalla-brexit-e-ce-chi-inizia-a-risparmiare-anche-su-pranzo-e-cena\/6600155\/\">https:\/\/www.ilfattoquotidiano.it\/2022\/05\/22\/inglesi-stretti-nella-morsa-di-inflazione-e-carenze-causate-dalla-brexit-e-ce-chi-inizia-a-risparmiare-anche-su-pranzo-e-cena\/6600155\/<\/a><\/p>\n<p><a href=\"#_ftnref71\" name=\"_ftn71\">[71]<\/a> <a href=\"https:\/\/www.ilfattoquotidiano.it\/2022\/05\/22\/inglesi-stretti-nella-morsa-di-inflazione-e-carenze-causate-dalla-brexit-e-ce-chi-inizia-a-risparmiare-anche-su-pranzo-e-cena\/6600155\/\">https:\/\/www.ilfattoquotidiano.it\/2022\/05\/22\/inglesi-stretti-nella-morsa-di-inflazione-e-carenze-causate-dalla-brexit-e-ce-chi-inizia-a-risparmiare-anche-su-pranzo-e-cena\/6600155\/<\/a> ; <a href=\"https:\/\/www.ilsole24ore.com\/art\/gran-bretagna-post-brexit-e-inflazione-la-boe-scenario-e-apocalittico-AEUcmDaB?refresh_ce=1\">https:\/\/www.ilsole24ore.com\/art\/gran-bretagna-post-brexit-e-inflazione-la-boe-scenario-e-apocalittico-AEUcmDaB?refresh_ce=1<\/a><\/p>\n<p><a href=\"#_ftnref72\" name=\"_ftn72\">[72]<\/a> <a href=\"https:\/\/www.ilsole24ore.com\/art\/gran-bretagna-post-brexit-e-inflazione-la-boe-scenario-e-apocalittico-AEUcmDaB?refresh_ce=1\">https:\/\/www.ilsole24ore.com\/art\/gran-bretagna-post-brexit-e-inflazione-la-boe-scenario-e-apocalittico-AEUcmDaB?refresh_ce=1<\/a><\/p>\n<p><a href=\"#_ftnref73\" name=\"_ftn73\">[73]<\/a> <a href=\"https:\/\/www.ilfattoquotidiano.it\/2022\/05\/18\/gran-bretagna-linflazione-sale-al-9-in-aprile-e-il-valore-piu-alto-da-40-anni-picco-atteso-per-ottobre\/6596219\/\">https:\/\/www.ilfattoquotidiano.it\/2022\/05\/18\/gran-bretagna-linflazione-sale-al-9-in-aprile-e-il-valore-piu-alto-da-40-anni-picco-atteso-per-ottobre\/6596219\/<\/a><\/p>\n<p><a href=\"#_ftnref74\" name=\"_ftn74\">[74]<\/a> <a href=\"https:\/\/www.ilfattoquotidiano.it\/2022\/05\/22\/inglesi-stretti-nella-morsa-di-inflazione-e-carenze-causate-dalla-brexit-e-ce-chi-inizia-a-risparmiare-anche-su-pranzo-e-cena\/6600155\/\">https:\/\/www.ilfattoquotidiano.it\/2022\/05\/22\/inglesi-stretti-nella-morsa-di-inflazione-e-carenze-causate-dalla-brexit-e-ce-chi-inizia-a-risparmiare-anche-su-pranzo-e-cena\/6600155\/<\/a> ; <a href=\"https:\/\/www.independent.co.uk\/news\/uk\/politics\/gas-supply-boris-johnson-ofgem-b1924733.html\">https:\/\/www.independent.co.uk\/news\/uk\/politics\/gas-supply-boris-johnson-ofgem-b1924733.html<\/a><\/p>\n<p><a href=\"#_ftnref75\" name=\"_ftn75\">[75]<\/a> <a href=\"https:\/\/www.independent.co.uk\/news\/uk\/politics\/gas-supply-boris-johnson-ofgem-b1924733.html\">https:\/\/www.independent.co.uk\/news\/uk\/politics\/gas-supply-boris-johnson-ofgem-b1924733.html<\/a><\/p>\n<p><a href=\"#_ftnref76\" name=\"_ftn76\">[76]<\/a> <a href=\"https:\/\/www.ilfattoquotidiano.it\/2022\/05\/10\/cosa-resta-della-brexit-a-due-anni-dalladdio-di-londra-alla-ue-danno-da-15-miliardi-per-gli-scambi-commerciali-ma-anche-opportunita\/6575193\/\">https:\/\/www.ilfattoquotidiano.it\/2022\/05\/10\/cosa-resta-della-brexit-a-due-anni-dalladdio-di-londra-alla-ue-danno-da-15-miliardi-per-gli-scambi-commerciali-ma-anche-opportunita\/6575193\/<\/a><\/p>\n<p><a href=\"#_ftnref77\" name=\"_ftn77\">[77]<\/a> <a href=\"https:\/\/www.ilfattoquotidiano.it\/2022\/05\/10\/cosa-resta-della-brexit-a-due-anni-dalladdio-di-londra-alla-ue-danno-da-15-miliardi-per-gli-scambi-commerciali-ma-anche-opportunita\/6575193\/\">https:\/\/www.ilfattoquotidiano.it\/2022\/05\/10\/cosa-resta-della-brexit-a-due-anni-dalladdio-di-londra-alla-ue-danno-da-15-miliardi-per-gli-scambi-commerciali-ma-anche-opportunita\/6575193\/<\/a> ; <a href=\"https:\/\/www.ft.com\/content\/2f63ef97-8d49-47a4-accd-4fb2e7ee9a5a\">https:\/\/www.ft.com\/content\/2f63ef97-8d49-47a4-accd-4fb2e7ee9a5a<\/a><\/p>\n<p><a href=\"#_ftnref78\" name=\"_ftn78\">[78]<\/a> <a href=\"https:\/\/www.nytimes.com\/live\/2022\/07\/07\/world\/boris-johnson-resign-news\">https:\/\/www.nytimes.com\/live\/2022\/07\/07\/world\/boris-johnson-resign-news<\/a><\/p>\n<p><a href=\"#_ftnref79\" name=\"_ftn79\">[79]<\/a> <a href=\"https:\/\/www.ey.com\/en_uk\/news\/2022\/03\/ey-financial-services-brexit-tracker-movement-within-uk-financial-services-sector-stabilises-five-years-on-from-article-50-trigger\">https:\/\/www.ey.com\/en_uk\/news\/2022\/03\/ey-financial-services-brexit-tracker-movement-within-uk-financial-services-sector-stabilises-five-years-on-from-article-50-trigger<\/a><\/p>\n<p><a href=\"#_ftnref80\" name=\"_ftn80\">[80]<\/a> <a href=\"https:\/\/www.ey.com\/en_uk\/news\/2022\/03\/ey-financial-services-brexit-tracker-movement-within-uk-financial-services-sector-stabilises-five-years-on-from-article-50-trigger\">https:\/\/www.ey.com\/en_uk\/news\/2022\/03\/ey-financial-services-brexit-tracker-movement-within-uk-financial-services-sector-stabilises-five-years-on-from-article-50-trigger<\/a><\/p>\n<p><a href=\"#_ftnref81\" name=\"_ftn81\">[81]<\/a> <a href=\"https:\/\/www.orizzontipolitici.it\/le-proteste-post-brexit-possono-porre-fine-al-regno-unito\/\">https:\/\/www.orizzontipolitici.it\/le-proteste-post-brexit-possono-porre-fine-al-regno-unito\/<\/a><\/p>\n<p><a href=\"#_ftnref82\" name=\"_ftn82\">[82]<\/a> <a href=\"https:\/\/www.orizzontipolitici.it\/le-proteste-post-brexit-possono-porre-fine-al-regno-unito\/\">https:\/\/www.orizzontipolitici.it\/le-proteste-post-brexit-possono-porre-fine-al-regno-unito\/<\/a><\/p>\n<p><a href=\"#_ftnref83\" name=\"_ftn83\">[83]<\/a> <a href=\"https:\/\/www.orizzontipolitici.it\/le-proteste-post-brexit-possono-porre-fine-al-regno-unito\/\">https:\/\/www.orizzontipolitici.it\/le-proteste-post-brexit-possono-porre-fine-al-regno-unito\/<\/a><\/p>\n<p><a href=\"#_ftnref84\" name=\"_ftn84\">[84]<\/a> <a href=\"https:\/\/www.pressandjournal.co.uk\/fp\/education\/schools\/3652656\/similarity-between-scots-nordic\/\">https:\/\/www.pressandjournal.co.uk\/fp\/education\/schools\/3652656\/similarity-between-scots-nordic\/<\/a> ; <a href=\"https:\/\/www.osservatorioartico.it\/tra-brexit-e-artico-la-strategia-della-scozia-per-il-futuro\/amp\/\">https:\/\/www.osservatorioartico.it\/tra-brexit-e-artico-la-strategia-della-scozia-per-il-futuro\/amp\/<\/a> ; <a href=\"https:\/\/www.orizzontipolitici.it\/le-proteste-post-brexit-possono-porre-fine-al-regno-unito\/\">https:\/\/www.orizzontipolitici.it\/le-proteste-post-brexit-possono-porre-fine-al-regno-unito\/<\/a><\/p>\n<p><a href=\"#_ftnref85\" name=\"_ftn85\">[85]<\/a> <a href=\"https:\/\/ilbolive.unipd.it\/it\/news\/violenza-irlanda-nord-belfast-scontri\">https:\/\/ilbolive.unipd.it\/it\/news\/violenza-irlanda-nord-belfast-scontri<\/a><\/p>\n<p><a href=\"#_ftnref86\" name=\"_ftn86\">[86]<\/a> <a href=\"https:\/\/www.orizzontipolitici.it\/le-proteste-post-brexit-possono-porre-fine-al-regno-unito\/\">https:\/\/www.orizzontipolitici.it\/le-proteste-post-brexit-possono-porre-fine-al-regno-unito\/<\/a><\/p>\n<p><a href=\"#_ftnref87\" name=\"_ftn87\">[87]<\/a> <a href=\"https:\/\/www.orizzontipolitici.it\/le-proteste-post-brexit-possono-porre-fine-al-regno-unito\/\">https:\/\/www.orizzontipolitici.it\/le-proteste-post-brexit-possono-porre-fine-al-regno-unito\/<\/a><\/p>\n<p><a href=\"#_ftnref88\" name=\"_ftn88\">[88]<\/a> <a href=\"https:\/\/www.dailymail.co.uk\/news\/article-10355395\/Civil-servants-BANNED-saying-Brexit.html\">https:\/\/www.dailymail.co.uk\/news\/article-10355395\/Civil-servants-BANNED-saying-Brexit.html<\/a><\/p>\n","protected":false},"excerpt":{"rendered":"<p>Der von Skandalen \u00fcberschattete britische Premierminister Boris Johnson wurde schlie\u00dflich von seinen Parteikollegen im Stich gelassen und versuchte mehrere Tage lang verzweifelt, seine politische Karriere zu retten, indem er sich weigerte, als Regierungschef zur\u00fcckzutreten. Sein Argument: Die Stimmen f\u00fcr seine Partei w\u00e4ren seine pers\u00f6nlichen Stimmen \u2013 ein<\/p>\n","protected":false},"author":5,"featured_media":3041,"comment_status":"open","ping_status":"open","sticky":false,"template":"","format":"standard","meta":[],"categories":[122,24,37],"tags":[88],"_links":{"self":[{"href":"https:\/\/ibiworld.eu\/de\/wp-json\/wp\/v2\/posts\/3040"}],"collection":[{"href":"https:\/\/ibiworld.eu\/de\/wp-json\/wp\/v2\/posts"}],"about":[{"href":"https:\/\/ibiworld.eu\/de\/wp-json\/wp\/v2\/types\/post"}],"author":[{"embeddable":true,"href":"https:\/\/ibiworld.eu\/de\/wp-json\/wp\/v2\/users\/5"}],"replies":[{"embeddable":true,"href":"https:\/\/ibiworld.eu\/de\/wp-json\/wp\/v2\/comments?post=3040"}],"version-history":[{"count":3,"href":"https:\/\/ibiworld.eu\/de\/wp-json\/wp\/v2\/posts\/3040\/revisions"}],"predecessor-version":[{"id":3195,"href":"https:\/\/ibiworld.eu\/de\/wp-json\/wp\/v2\/posts\/3040\/revisions\/3195"}],"wp:featuredmedia":[{"embeddable":true,"href":"https:\/\/ibiworld.eu\/de\/wp-json\/wp\/v2\/media\/3041"}],"wp:attachment":[{"href":"https:\/\/ibiworld.eu\/de\/wp-json\/wp\/v2\/media?parent=3040"}],"wp:term":[{"taxonomy":"category","embeddable":true,"href":"https:\/\/ibiworld.eu\/de\/wp-json\/wp\/v2\/categories?post=3040"},{"taxonomy":"post_tag","embeddable":true,"href":"https:\/\/ibiworld.eu\/de\/wp-json\/wp\/v2\/tags?post=3040"}],"curies":[{"name":"wp","href":"https:\/\/api.w.org\/{rel}","templated":true}]}}