{"id":2986,"date":"2022-07-04T11:18:20","date_gmt":"2022-07-04T09:18:20","guid":{"rendered":"https:\/\/ibiworld.eu\/de\/?p=2986"},"modified":"2022-07-04T11:18:20","modified_gmt":"2022-07-04T09:18:20","slug":"trafigura-schlaegt-ibi-world-die-tuer-vor-der-nase-zu","status":"publish","type":"post","link":"https:\/\/ibiworld.eu\/de\/trafigura-schlaegt-ibi-world-die-tuer-vor-der-nase-zu\/","title":{"rendered":"TRAFIGURA SCHL\u00c4GT IBI WORLD DIE T\u00dcR VOR DER NASE ZU"},"content":{"rendered":"<p><img loading=\"lazy\" class=\"aligncenter size-full wp-image-2987\" src=\"https:\/\/ibiworld.eu\/de\/wp-content\/uploads\/2022\/07\/SVE014-01.jpg\" alt=\"\" width=\"1173\" height=\"660\" srcset=\"https:\/\/ibiworld.eu\/de\/wp-content\/uploads\/2022\/07\/SVE014-01.jpg 1173w, https:\/\/ibiworld.eu\/de\/wp-content\/uploads\/2022\/07\/SVE014-01-300x169.jpg 300w, https:\/\/ibiworld.eu\/de\/wp-content\/uploads\/2022\/07\/SVE014-01-1024x576.jpg 1024w, https:\/\/ibiworld.eu\/de\/wp-content\/uploads\/2022\/07\/SVE014-01-768x432.jpg 768w, https:\/\/ibiworld.eu\/de\/wp-content\/uploads\/2022\/07\/SVE014-01-600x338.jpg 600w\" sizes=\"(max-width: 1173px) 100vw, 1173px\" \/><\/p>\n<p>Die Artikelserie, die in Zusammenarbeit zwischen Gli Stati Generali und IBI World ver\u00f6ffentlicht wurde, beginnt wirklich zu schmerzen. Am 28. Juni findet in Br\u00fcssel die Hauptversammlung der Nyrstar NV (ein Bergbauunternehmen, \u00fcber das wir im Januar geschrieben haben &#8211; <a href=\"https:\/\/ibiworld.eu\/de\/nyrstar-die-qualen-des-riesen-in-den-klauen-von-trafigura\/\">NYRSTAR: DIE QUALEN DES RIESEN IN DEN KLAUEN VON TRAFIGURA | IBI World Deutschland<\/a>) statt: ein Unternehmen, das nach Ansicht der Minderheitsaktion\u00e4re in einem undurchsichtigen und f\u00fcr das Unternehmen selbst sicherlich sch\u00e4dlichen Verfahren gekauft wurde. Urheber der Ma\u00dfnahme: der multinationale Konzern Trafigura mit Sitz in der Schweiz und in Singapur.<\/p>\n<p>Wir sind auf Einladung mehrerer Aktion\u00e4re und Anw\u00e4lte, die ordnungsgem\u00e4\u00df akkreditiert sind, zu der Versammlung gegangen, um einige unbequeme Fragen zu stellen. Doch es kam anders als erwartet: Am Eingang hinderten uns die Leibw\u00e4chter von Trafigura am Einlass. Wir riefen die Anw\u00e4lte an, die uns eingeladen hatten, sie tauchten am Eingang auf, und wieder wurden wir am Einlass gehindert. Ich lasse Sie sich vorstellen, wie. Es wurde keine Erkl\u00e4rung abgegeben.<\/p>\n<p>Diese Ma\u00dfnahme steht im Einklang mit der g\u00e4ngigen Praxis in den Beziehungen von Trafigura zur \u00d6ffentlichkeit. Diese Veranstaltungen sind wichtig, weil sie die einzige Gelegenheit f\u00fcr die Aktion\u00e4re sind, den Vorstand durch detaillierte Fragen \u00fcber die Politik von Nyrstar zur Rechenschaft zu ziehen. Wir standen au\u00dferhalb des Gerichtssaals und konnten erfahren, dass keine der Fragen zum Verhalten des Vorstands zufriedenstellend beantwortet wurde: Sie wurden gegen eine Wand ausweichender Antworten in der Sprache eines Anwalts geschmettert.<\/p>\n<p>Dabei w\u00e4re unsere Hauptfrage ganz einfach gewesen: Trafigura hat ein Abkommen mit der russischen \u00d6lindustrie unterzeichnet, dass eine Umgehung der Sanktionen erm\u00f6glicht (<a href=\"https:\/\/ibiworld.eu\/de\/trafigura-putin-und-die-nutzlosen-sanktionen\/\">TRAFIGURA, PUTIN UND DIE NUTZLOSEN SANKTIONEN | IBI World Deutschland<\/a>). Ist diese Vereinbarung noch g\u00fcltig? Gilt dies auch f\u00fcr von Nyrstar verarbeitetes Zink? Keine Antwort. Eine weitere Frage, die von Minderheitsaktion\u00e4ren an den Verwaltungsrat gerichtet wurde, betrifft die Zinkmine Langlois in der kanadischen Region Quebec, die seit Oktober 2019 (unter dem Deckmantel der Wartung) geschlossen ist<a href=\"#_ftn1\" name=\"_ftnref1\">[1]<\/a>; einer der Aktion\u00e4re, Joachim Vansanten, berichtet, dass das Unternehmen 2018 das potenzielle Vorhandensein von 20 Millionen Tonnen Zinkerz in der Lagerst\u00e4tte entdeckt hat. Trotz der Tatsache, dass sich Nyrstar in einer industriellen Krise befindet, beschloss Trafigura, die Entdeckung nicht an den Markt weiterzugeben.<\/p>\n<p>Zur Best\u00e4tigung der Ausdehnung der Lagerst\u00e4tte sind nur zwei weitere Bohrungen erforderlich, die f\u00fcr 2019 geplant sind. Vor der Umstrukturierung des Unternehmens, dank derer Trafigura 98 % von Nyrstar kontrolliert, wurde jedoch nichts unternommen. Zu diesem Zeitpunkt ist den Verantwortlichen von Nyrstar nicht bekannt, ob weitere Bohrungen stattgefunden haben. Trafigura erwirbt daher 100 % der kanadischen Nyrstar-Aktivit\u00e4ten (und damit auch den Standort Langlois): Breakwater Resources Ltd, Nyrstar Canada (Holdings) Ltd und Myra Falls Ltd im Gesch\u00e4ftsjahr 2020 (1. Oktober 2019-30. September 2020)<a href=\"#_ftn2\" name=\"_ftnref2\">[2]<\/a>.<\/p>\n<p>Der Transaktionspreis bel\u00e4uft sich auf 22 Mio. $; der Wert des Breakwater Resources-Verm\u00f6genswertes allein liegt zwischen 100 und 500 Mio. $<a href=\"#_ftn3\" name=\"_ftnref3\">[3]<\/a>, w\u00e4hrend der Wert des Langlois-Zinks in die Milliarden gehen k\u00f6nnte (20 Mio. Tonnen zu 12 % bei einem Zinkpreis von 4000 $ pro Tonne w\u00fcrden 9,6 Mrd. $ einbringen). Wieder keine Antwort. In einer Sitzungspause gaben die Minderheitsaktion\u00e4re eine Pressemitteilung heraus, die von den belgischen Medien aufgegriffen wurde und in der sie sich \u00fcber die unertr\u00e4gliche Behandlung in der Presse beschwerten<a href=\"#_ftn4\" name=\"_ftnref4\">[4]<\/a>. Keine Antwort. Wir machen nat\u00fcrlich weiter.<\/p>\n<p>&nbsp;<\/p>\n<p><a href=\"#_ftnref1\" name=\"_ftn1\">[1]<\/a> <a href=\"https:\/\/www.canadianminingjournal.com\/news\/zinc-copper-nyrstar-puts-langlois-mine-on-care-and-maintenance\/\">https:\/\/www.canadianminingjournal.com\/news\/zinc-copper-nyrstar-puts-langlois-mine-on-care-and-maintenance\/<\/a><\/p>\n<p><a href=\"#_ftnref2\" name=\"_ftn2\">[2]<\/a> Trafigura Annual Report 2020, p. 103, header 40<\/p>\n<p><a href=\"#_ftnref3\" name=\"_ftn3\">[3]<\/a> <a href=\"https:\/\/sedar.com\/search\/search_form_pc_en.htm\">https:\/\/sedar.com\/search\/search_form_pc_en.htm<\/a><\/p>\n<p><a href=\"#_ftnref4\" name=\"_ftn4\">[4]<\/a> <a href=\"https:\/\/www.lalibre.be\/economie\/entreprises-startup\/2022\/06\/28\/consternation-lors-de-lassemblee-generale-de-de-nyrstar-2S7EOHDCPFGUHIBE44BPKEVM2Y\/\">https:\/\/www.lalibre.be\/economie\/entreprises-startup\/2022\/06\/28\/consternation-lors-de-lassemblee-generale-de-de-nyrstar-2S7EOHDCPFGUHIBE44BPKEVM2Y\/<\/a> ; <a href=\"https:\/\/www.debestuurder.be\/nieuws\/pers-niet-welkom-op-algemene-vergadering-nyrstar\">https:\/\/www.debestuurder.be\/nieuws\/pers-niet-welkom-op-algemene-vergadering-nyrstar<\/a><\/p>\n","protected":false},"excerpt":{"rendered":"<p>Die Artikelserie, die in Zusammenarbeit zwischen Gli Stati Generali und IBI World ver\u00f6ffentlicht wurde, beginnt wirklich zu schmerzen. Am 28. Juni findet in Br\u00fcssel die Hauptversammlung der Nyrstar NV (ein Bergbauunternehmen, \u00fcber das wir im Januar geschrieben haben &#8211; NYRSTAR: DIE QUALEN DES RIESEN IN DEN KLAUEN<\/p>\n","protected":false},"author":7,"featured_media":2987,"comment_status":"open","ping_status":"open","sticky":false,"template":"","format":"standard","meta":[],"categories":[136,76,38],"tags":[128],"_links":{"self":[{"href":"https:\/\/ibiworld.eu\/de\/wp-json\/wp\/v2\/posts\/2986"}],"collection":[{"href":"https:\/\/ibiworld.eu\/de\/wp-json\/wp\/v2\/posts"}],"about":[{"href":"https:\/\/ibiworld.eu\/de\/wp-json\/wp\/v2\/types\/post"}],"author":[{"embeddable":true,"href":"https:\/\/ibiworld.eu\/de\/wp-json\/wp\/v2\/users\/7"}],"replies":[{"embeddable":true,"href":"https:\/\/ibiworld.eu\/de\/wp-json\/wp\/v2\/comments?post=2986"}],"version-history":[{"count":1,"href":"https:\/\/ibiworld.eu\/de\/wp-json\/wp\/v2\/posts\/2986\/revisions"}],"predecessor-version":[{"id":2988,"href":"https:\/\/ibiworld.eu\/de\/wp-json\/wp\/v2\/posts\/2986\/revisions\/2988"}],"wp:featuredmedia":[{"embeddable":true,"href":"https:\/\/ibiworld.eu\/de\/wp-json\/wp\/v2\/media\/2987"}],"wp:attachment":[{"href":"https:\/\/ibiworld.eu\/de\/wp-json\/wp\/v2\/media?parent=2986"}],"wp:term":[{"taxonomy":"category","embeddable":true,"href":"https:\/\/ibiworld.eu\/de\/wp-json\/wp\/v2\/categories?post=2986"},{"taxonomy":"post_tag","embeddable":true,"href":"https:\/\/ibiworld.eu\/de\/wp-json\/wp\/v2\/tags?post=2986"}],"curies":[{"name":"wp","href":"https:\/\/api.w.org\/{rel}","templated":true}]}}